{"id":404581,"date":"2026-03-10T10:35:12","date_gmt":"2026-03-10T13:35:12","guid":{"rendered":"https:\/\/portaltela.pt\/noticias\/2026\/03\/10\/rodrygo-operado-com-sucesso-ao-joelho-direito\/"},"modified":"2026-03-10T10:35:12","modified_gmt":"2026-03-10T13:35:12","slug":"rodrygo-operado-com-sucesso-ao-joelho-direito","status":"publish","type":"post","link":"https:\/\/portaltela.pt\/desporto\/futebol\/2026\/03\/10\/rodrygo-operado-com-sucesso-ao-joelho-direito\/","title":{"rendered":"Rodrygo operado com sucesso ao joelho direito"},"content":{"rendered":"<p>Rodrygo foi operado com sucesso ao joelho direito, ap\u00f3s sofrer uma rotura do ligamento cruzado anterior e uma les\u00e3o no menisco lateral. O procedimento foi realizado esta ter\u00e7a-feira, segundo o Real Madrid, e j\u00e1 foi confirmado como bem-sucedido.<\/p>\n<p>A les\u00e3o ocorreu num jogo frente ao Getafe, a 2 de mar\u00e7o, quando o avan\u00e7ado retornava aos relvados ap\u00f3s superar uma tendinose na coxa direita e cumprir uma suspens\u00e3o de dois jogos na Liga dos Campe\u00f5es. O clube explicou que a interven\u00e7\u00e3o ocorreu sem complica\u00e7\u00f5es.<\/p>\n<p>Segundo o Real Madrid, Rodrygo ficar\u00e1 afastado do futebol durante o resto da temporada e cerca de tr\u00eas meses da pr\u00f3xima. A equipa indica ainda que o jogador iniciar\u00e1 a reabilita\u00e7\u00e3o nos pr\u00f3ximos dias, com o objetivo de recuperar a forma f\u00edsica e funcional do joelho.<\/p>\n<h3>Perspetivas de recupera\u00e7\u00e3o<\/h3>\n<p>A atual \u00e9poca ficar\u00e1 comprometida para o jogador e para a equipa, que precisa de ajustar-se \u00e0 aus\u00eancia de um dos seus atletas mais utilizados. O Real Madrid n\u00e3o avan\u00e7ou com prazos espec\u00edficos para o regresso \u00e0s competi\u00e7\u00f5es oficiais.<\/p>\n<p>Rodrygo mant\u00e9m-se sob acompanhamento m\u00e9dico do clube, com o plano de reabilita\u00e7\u00e3o estruturado para promover a recupera\u00e7\u00e3o do ligamento e do menisco lesados.<\/p>\n","protected":false},"excerpt":{"rendered":"<ul>\n<li>O avan\u00e7ado brasileiro Rodrygo, do Real Madrid, foi operado com \u00eaxito ao joelho direito, para reparar a ruptura do ligamento cruzado anterior e do menisco lateral.<\/li>\n<li>A interven\u00e7\u00e3o ocorreu ap\u00f3s a les\u00e3o frente ao Getafe, a 2 de mar\u00e7o, quando voltava aos relvados depois de uma tendinose na coxa direita e da suspens\u00e3o de dois jogos na Liga dos Campe\u00f5es.<\/li>\n<li>O Real Madrid anunciou que a opera\u00e7\u00e3o correu bem e que Rodrygo ficar\u00e1 afastado do resto da \u00e9poca e cerca de tr\u00eas meses da pr\u00f3xima.<\/li>\n<li>O clube adianta que o jogador iniciar\u00e1 a reabilita\u00e7\u00e3o nos pr\u00f3ximos dias.<\/li>\n<li>A not\u00edcia refor\u00e7a que o brasileiro n\u00e3o dever\u00e1 competir durante a temporada atual nem no Mundial do pr\u00f3ximo ciclo.<\/li>\n<\/ul>\n","protected":false},"author":2,"featured_media":404584,"comment_status":"closed","ping_status":"closed","sticky":false,"template":"","format":"standard","meta":{"footnotes":""},"categories":[21,24],"tags":[152,32,2799,1735,2538],"class_list":["post-404581","post","type-post","status-publish","format-standard","has-post-thumbnail","hentry","category-desporto","category-futebol","tag-desporto","tag-futebol","tag-joelhos","tag-lesionados","tag-lesoes"],"yoast_head":"<!-- This site is optimized with the Yoast SEO plugin v27.2 - https:\/\/yoast.com\/product\/yoast-seo-wordpress\/ -->\n<title>Rodrygo operado com sucesso ao joelho direito - Portal Tela Portugal<\/title>\n<meta name=\"robots\" content=\"index, follow, max-snippet:-1, max-image-preview:large, max-video-preview:-1\" \/>\n<meta property=\"og:locale\" content=\"pt_PT\" \/>\n<meta property=\"og:type\" content=\"article\" \/>\n<meta property=\"og:title\" content=\"Rodrygo operado com sucesso ao joelho direito - Portal Tela Portugal\" \/>\n<meta property=\"og:description\" content=\"O avan\u00e7ado brasileiro Rodrygo, do Real Madrid, foi operado com \u00eaxito ao joelho direito, para reparar a ruptura do ligamento cruzado anterior e do menisco lateral. A interven\u00e7\u00e3o ocorreu ap\u00f3s a les\u00e3o frente ao Getafe, a 2 de mar\u00e7o, quando voltava aos relvados depois de uma tendinose na coxa direita e da suspens\u00e3o de dois jogos na Liga dos Campe\u00f5es. O Real Madrid anunciou que a opera\u00e7\u00e3o correu bem e que Rodrygo ficar\u00e1 afastado do resto da \u00e9poca e cerca de tr\u00eas meses da pr\u00f3xima. O clube adianta que o jogador iniciar\u00e1 a reabilita\u00e7\u00e3o nos pr\u00f3ximos dias. A not\u00edcia refor\u00e7a que o brasileiro n\u00e3o dever\u00e1 competir durante a temporada atual nem no Mundial do pr\u00f3ximo ciclo.\" \/>\n<meta property=\"og:url\" content=\"https:\/\/portaltela.pt\/noticias\/2026\/03\/10\/rodrygo-operado-com-sucesso-ao-joelho-direito\/\" \/>\n<meta property=\"og:site_name\" content=\"Portal Tela Portugal\" \/>\n<meta property=\"article:published_time\" content=\"2026-03-10T13:35:12+00:00\" \/>\n<meta name=\"author\" content=\"Telinha\" \/>\n<meta name=\"twitter:card\" content=\"summary_large_image\" \/>\n<meta name=\"twitter:label1\" content=\"Escrito por\" \/>\n\t<meta name=\"twitter:data1\" content=\"Telinha\" \/>\n\t<meta name=\"twitter:label2\" content=\"Tempo estimado de leitura\" \/>\n\t<meta name=\"twitter:data2\" content=\"1 minuto\" \/>\n<script type=\"application\/ld+json\" class=\"yoast-schema-graph\">{\"@context\":\"https:\/\/schema.org\",\"@graph\":[{\"@type\":\"Article\",\"@id\":\"https:\/\/portaltela.pt\/noticias\/2026\/03\/10\/rodrygo-operado-com-sucesso-ao-joelho-direito\/#article\",\"isPartOf\":{\"@id\":\"https:\/\/portaltela.pt\/noticias\/2026\/03\/10\/rodrygo-operado-com-sucesso-ao-joelho-direito\/\"},\"author\":{\"name\":\"Telinha\",\"@id\":\"https:\/\/portaltela.pt\/#\/schema\/person\/c4278d4a6028830caff9ee44b42d32ed\"},\"headline\":\"Rodrygo operado com sucesso ao joelho direito\",\"datePublished\":\"2026-03-10T13:35:12+00:00\",\"mainEntityOfPage\":{\"@id\":\"https:\/\/portaltela.pt\/noticias\/2026\/03\/10\/rodrygo-operado-com-sucesso-ao-joelho-direito\/\"},\"wordCount\":225,\"image\":{\"@id\":\"https:\/\/portaltela.pt\/noticias\/2026\/03\/10\/rodrygo-operado-com-sucesso-ao-joelho-direito\/#primaryimage\"},\"thumbnailUrl\":\"https:\/\/portaltela.pt\/s.01k8rhncp4jt1\/2026\/03\/img_920x518uu2025-04-08-11-18-14-2354763-im-639087463987047985.jpg\",\"keywords\":[\"desporto\",\"futebol\",\"joelhos\",\"Lesionados\",\"les\u00f5es\"],\"articleSection\":[\"Desporto\",\"Futebol\"],\"inLanguage\":\"pt-PT\"},{\"@type\":\"WebPage\",\"@id\":\"https:\/\/portaltela.pt\/noticias\/2026\/03\/10\/rodrygo-operado-com-sucesso-ao-joelho-direito\/\",\"url\":\"https:\/\/portaltela.pt\/noticias\/2026\/03\/10\/rodrygo-operado-com-sucesso-ao-joelho-direito\/\",\"name\":\"Rodrygo operado com sucesso ao joelho direito - Portal Tela Portugal\",\"isPartOf\":{\"@id\":\"https:\/\/portaltela.pt\/#website\"},\"primaryImageOfPage\":{\"@id\":\"https:\/\/portaltela.pt\/noticias\/2026\/03\/10\/rodrygo-operado-com-sucesso-ao-joelho-direito\/#primaryimage\"},\"image\":{\"@id\":\"https:\/\/portaltela.pt\/noticias\/2026\/03\/10\/rodrygo-operado-com-sucesso-ao-joelho-direito\/#primaryimage\"},\"thumbnailUrl\":\"https:\/\/portaltela.pt\/s.01k8rhncp4jt1\/2026\/03\/img_920x518uu2025-04-08-11-18-14-2354763-im-639087463987047985.jpg\",\"datePublished\":\"2026-03-10T13:35:12+00:00\",\"author\":{\"@id\":\"https:\/\/portaltela.pt\/#\/schema\/person\/c4278d4a6028830caff9ee44b42d32ed\"},\"breadcrumb\":{\"@id\":\"https:\/\/portaltela.pt\/noticias\/2026\/03\/10\/rodrygo-operado-com-sucesso-ao-joelho-direito\/#breadcrumb\"},\"inLanguage\":\"pt-PT\",\"potentialAction\":[{\"@type\":\"ReadAction\",\"target\":[\"https:\/\/portaltela.pt\/noticias\/2026\/03\/10\/rodrygo-operado-com-sucesso-ao-joelho-direito\/\"]}]},{\"@type\":\"ImageObject\",\"inLanguage\":\"pt-PT\",\"@id\":\"https:\/\/portaltela.pt\/noticias\/2026\/03\/10\/rodrygo-operado-com-sucesso-ao-joelho-direito\/#primaryimage\",\"url\":\"https:\/\/portaltela.pt\/s.01k8rhncp4jt1\/2026\/03\/img_920x518uu2025-04-08-11-18-14-2354763-im-639087463987047985.jpg\",\"contentUrl\":\"https:\/\/portaltela.pt\/s.01k8rhncp4jt1\/2026\/03\/img_920x518uu2025-04-08-11-18-14-2354763-im-639087463987047985.jpg\",\"width\":796,\"height\":448,\"caption\":\"Rodrygo operado com exito ao joelho direito\"},{\"@type\":\"BreadcrumbList\",\"@id\":\"https:\/\/portaltela.pt\/noticias\/2026\/03\/10\/rodrygo-operado-com-sucesso-ao-joelho-direito\/#breadcrumb\",\"itemListElement\":[{\"@type\":\"ListItem\",\"position\":1,\"name\":\"In\u00edcio\",\"item\":\"https:\/\/portaltela.pt\/\"},{\"@type\":\"ListItem\",\"position\":2,\"name\":\"Rodrygo operado com sucesso ao joelho direito\"}]},{\"@type\":\"WebSite\",\"@id\":\"https:\/\/portaltela.pt\/#website\",\"url\":\"https:\/\/portaltela.pt\/\",\"name\":\"Portal Tela Portugal\",\"description\":\"\",\"potentialAction\":[{\"@type\":\"SearchAction\",\"target\":{\"@type\":\"EntryPoint\",\"urlTemplate\":\"https:\/\/portaltela.pt\/?s={search_term_string}\"},\"query-input\":{\"@type\":\"PropertyValueSpecification\",\"valueRequired\":true,\"valueName\":\"search_term_string\"}}],\"inLanguage\":\"pt-PT\"},{\"@type\":\"Person\",\"@id\":\"https:\/\/portaltela.pt\/#\/schema\/person\/c4278d4a6028830caff9ee44b42d32ed\",\"name\":\"Telinha\",\"image\":{\"@type\":\"ImageObject\",\"inLanguage\":\"pt-PT\",\"@id\":\"https:\/\/portaltela.pt\/s.01k8rhncp4jt1\/2025\/11\/talking-bot-125x125.png\",\"url\":\"https:\/\/portaltela.pt\/s.01k8rhncp4jt1\/2025\/11\/talking-bot-125x125.png\",\"contentUrl\":\"https:\/\/portaltela.pt\/s.01k8rhncp4jt1\/2025\/11\/talking-bot-125x125.png\",\"caption\":\"Telinha\"},\"sameAs\":[\"https:\/\/portaltela.pt\/\"],\"url\":\"https:\/\/portaltela.pt\/por\/367410592786\/\"}]}<\/script>\n<!-- \/ Yoast SEO plugin. -->","yoast_head_json":{"title":"Rodrygo operado com sucesso ao joelho direito - Portal Tela Portugal","robots":{"index":"index","follow":"follow","max-snippet":"max-snippet:-1","max-image-preview":"max-image-preview:large","max-video-preview":"max-video-preview:-1"},"og_locale":"pt_PT","og_type":"article","og_title":"Rodrygo operado com sucesso ao joelho direito - Portal Tela Portugal","og_description":"O avan\u00e7ado brasileiro Rodrygo, do Real Madrid, foi operado com \u00eaxito ao joelho direito, para reparar a ruptura do ligamento cruzado anterior e do menisco lateral. A interven\u00e7\u00e3o ocorreu ap\u00f3s a les\u00e3o frente ao Getafe, a 2 de mar\u00e7o, quando voltava aos relvados depois de uma tendinose na coxa direita e da suspens\u00e3o de dois jogos na Liga dos Campe\u00f5es. O Real Madrid anunciou que a opera\u00e7\u00e3o correu bem e que Rodrygo ficar\u00e1 afastado do resto da \u00e9poca e cerca de tr\u00eas meses da pr\u00f3xima. O clube adianta que o jogador iniciar\u00e1 a reabilita\u00e7\u00e3o nos pr\u00f3ximos dias. A not\u00edcia refor\u00e7a que o brasileiro n\u00e3o dever\u00e1 competir durante a temporada atual nem no Mundial do pr\u00f3ximo ciclo.","og_url":"https:\/\/portaltela.pt\/noticias\/2026\/03\/10\/rodrygo-operado-com-sucesso-ao-joelho-direito\/","og_site_name":"Portal Tela Portugal","article_published_time":"2026-03-10T13:35:12+00:00","author":"Telinha","twitter_card":"summary_large_image","twitter_misc":{"Escrito por":"Telinha","Tempo estimado de leitura":"1 minuto"},"schema":{"@context":"https:\/\/schema.org","@graph":[{"@type":"Article","@id":"https:\/\/portaltela.pt\/noticias\/2026\/03\/10\/rodrygo-operado-com-sucesso-ao-joelho-direito\/#article","isPartOf":{"@id":"https:\/\/portaltela.pt\/noticias\/2026\/03\/10\/rodrygo-operado-com-sucesso-ao-joelho-direito\/"},"author":{"name":"Telinha","@id":"https:\/\/portaltela.pt\/#\/schema\/person\/c4278d4a6028830caff9ee44b42d32ed"},"headline":"Rodrygo operado com sucesso ao joelho direito","datePublished":"2026-03-10T13:35:12+00:00","mainEntityOfPage":{"@id":"https:\/\/portaltela.pt\/noticias\/2026\/03\/10\/rodrygo-operado-com-sucesso-ao-joelho-direito\/"},"wordCount":225,"image":{"@id":"https:\/\/portaltela.pt\/noticias\/2026\/03\/10\/rodrygo-operado-com-sucesso-ao-joelho-direito\/#primaryimage"},"thumbnailUrl":"https:\/\/portaltela.pt\/s.01k8rhncp4jt1\/2026\/03\/img_920x518uu2025-04-08-11-18-14-2354763-im-639087463987047985.jpg","keywords":["desporto","futebol","joelhos","Lesionados","les\u00f5es"],"articleSection":["Desporto","Futebol"],"inLanguage":"pt-PT"},{"@type":"WebPage","@id":"https:\/\/portaltela.pt\/noticias\/2026\/03\/10\/rodrygo-operado-com-sucesso-ao-joelho-direito\/","url":"https:\/\/portaltela.pt\/noticias\/2026\/03\/10\/rodrygo-operado-com-sucesso-ao-joelho-direito\/","name":"Rodrygo operado com sucesso ao joelho direito - Portal Tela Portugal","isPartOf":{"@id":"https:\/\/portaltela.pt\/#website"},"primaryImageOfPage":{"@id":"https:\/\/portaltela.pt\/noticias\/2026\/03\/10\/rodrygo-operado-com-sucesso-ao-joelho-direito\/#primaryimage"},"image":{"@id":"https:\/\/portaltela.pt\/noticias\/2026\/03\/10\/rodrygo-operado-com-sucesso-ao-joelho-direito\/#primaryimage"},"thumbnailUrl":"https:\/\/portaltela.pt\/s.01k8rhncp4jt1\/2026\/03\/img_920x518uu2025-04-08-11-18-14-2354763-im-639087463987047985.jpg","datePublished":"2026-03-10T13:35:12+00:00","author":{"@id":"https:\/\/portaltela.pt\/#\/schema\/person\/c4278d4a6028830caff9ee44b42d32ed"},"breadcrumb":{"@id":"https:\/\/portaltela.pt\/noticias\/2026\/03\/10\/rodrygo-operado-com-sucesso-ao-joelho-direito\/#breadcrumb"},"inLanguage":"pt-PT","potentialAction":[{"@type":"ReadAction","target":["https:\/\/portaltela.pt\/noticias\/2026\/03\/10\/rodrygo-operado-com-sucesso-ao-joelho-direito\/"]}]},{"@type":"ImageObject","inLanguage":"pt-PT","@id":"https:\/\/portaltela.pt\/noticias\/2026\/03\/10\/rodrygo-operado-com-sucesso-ao-joelho-direito\/#primaryimage","url":"https:\/\/portaltela.pt\/s.01k8rhncp4jt1\/2026\/03\/img_920x518uu2025-04-08-11-18-14-2354763-im-639087463987047985.jpg","contentUrl":"https:\/\/portaltela.pt\/s.01k8rhncp4jt1\/2026\/03\/img_920x518uu2025-04-08-11-18-14-2354763-im-639087463987047985.jpg","width":796,"height":448,"caption":"Rodrygo operado com exito ao joelho direito"},{"@type":"BreadcrumbList","@id":"https:\/\/portaltela.pt\/noticias\/2026\/03\/10\/rodrygo-operado-com-sucesso-ao-joelho-direito\/#breadcrumb","itemListElement":[{"@type":"ListItem","position":1,"name":"In\u00edcio","item":"https:\/\/portaltela.pt\/"},{"@type":"ListItem","position":2,"name":"Rodrygo operado com sucesso ao joelho direito"}]},{"@type":"WebSite","@id":"https:\/\/portaltela.pt\/#website","url":"https:\/\/portaltela.pt\/","name":"Portal Tela Portugal","description":"","potentialAction":[{"@type":"SearchAction","target":{"@type":"EntryPoint","urlTemplate":"https:\/\/portaltela.pt\/?s={search_term_string}"},"query-input":{"@type":"PropertyValueSpecification","valueRequired":true,"valueName":"search_term_string"}}],"inLanguage":"pt-PT"},{"@type":"Person","@id":"https:\/\/portaltela.pt\/#\/schema\/person\/c4278d4a6028830caff9ee44b42d32ed","name":"Telinha","image":{"@type":"ImageObject","inLanguage":"pt-PT","@id":"https:\/\/portaltela.pt\/s.01k8rhncp4jt1\/2025\/11\/talking-bot-125x125.png","url":"https:\/\/portaltela.pt\/s.01k8rhncp4jt1\/2025\/11\/talking-bot-125x125.png","contentUrl":"https:\/\/portaltela.pt\/s.01k8rhncp4jt1\/2025\/11\/talking-bot-125x125.png","caption":"Telinha"},"sameAs":["https:\/\/portaltela.pt\/"],"url":"https:\/\/portaltela.pt\/por\/367410592786\/"}]}},"_links":{"self":[{"href":"https:\/\/portaltela.pt\/api\/wp\/v2\/posts\/404581","targetHints":{"allow":["GET"]}}],"collection":[{"href":"https:\/\/portaltela.pt\/api\/wp\/v2\/posts"}],"about":[{"href":"https:\/\/portaltela.pt\/api\/wp\/v2\/types\/post"}],"author":[{"embeddable":true,"href":"https:\/\/portaltela.pt\/api\/wp\/v2\/users\/2"}],"replies":[{"embeddable":true,"href":"https:\/\/portaltela.pt\/api\/wp\/v2\/comments?post=404581"}],"version-history":[{"count":0,"href":"https:\/\/portaltela.pt\/api\/wp\/v2\/posts\/404581\/revisions"}],"wp:featuredmedia":[{"embeddable":true,"href":"https:\/\/portaltela.pt\/api\/wp\/v2\/media\/404584"}],"wp:attachment":[{"href":"https:\/\/portaltela.pt\/api\/wp\/v2\/media?parent=404581"}],"wp:term":[{"taxonomy":"category","embeddable":true,"href":"https:\/\/portaltela.pt\/api\/wp\/v2\/categories?post=404581"},{"taxonomy":"post_tag","embeddable":true,"href":"https:\/\/portaltela.pt\/api\/wp\/v2\/tags?post=404581"}],"curies":[{"name":"wp","href":"https:\/\/api.w.org\/{rel}","templated":true}]}}