{"id":404541,"date":"2026-03-10T10:17:23","date_gmt":"2026-03-10T13:17:23","guid":{"rendered":"https:\/\/portaltela.pt\/noticias\/2026\/03\/10\/conflito-no-irao-abala-a-economia-global\/"},"modified":"2026-03-10T10:17:23","modified_gmt":"2026-03-10T13:17:23","slug":"conflito-no-irao-abala-a-economia-global","status":"publish","type":"post","link":"https:\/\/portaltela.pt\/noticias\/economia\/2026\/03\/10\/conflito-no-irao-abala-a-economia-global\/","title":{"rendered":"Conflito no Ir\u00e3o abala a economia global"},"content":{"rendered":"<p>O Ir\u00e3o enfrenta choques da guerra que elevam os pre\u00e7os da energia e dos fertilizantes, com potenciais impacto na infla\u00e7\u00e3o global. O estreito de Ormuz, uma rota chave para o petr\u00f3leo, est\u00e1 quase bloqueado desde ataques com m\u00edsseis dos EUA e de Israel h\u00e1 onze dias. A trajet\u00f3ria do conflito aguda a incerteza econ\u00f3mica.<\/p>\n<p>O pre\u00e7o do petr\u00f3leo subiu de menos de 70 d\u00f3lares por barril em fevereiro para perto de 120 d\u00f3lares no arranque da semana, fixando-se, nesta altura, em about 90 d\u00f3lares. A subida tem repercuss\u00e3o direta nos custos de energia e de transportes a n\u00edvel mundial.<\/p>\n<p>Em paralelo, o pre\u00e7o da gasolina nos EUA aumentou, com a m\u00e9dia a situar-se em 3,48 d\u00f3lares por gal\u00e3o, face a pouco menos de 3 d\u00f3lares h\u00e1 uma semana, segundo a AAA. Mercados em toda a regi\u00e3o observam volatilidade com o aumento da procura.<\/p>\n<h3>Impacto na oferta de petr\u00f3leo<\/h3>\n<p>A crise eleva a infla\u00e7\u00e3o global; cada eleva\u00e7\u00e3o de 10% no pre\u00e7o do crude, se sustentada, pode acrescentar 0,4 pontos percentuais \u00e0 infla\u00e7\u00e3o mundial e abrandar o produto em at\u00e9 0,2%. O estreito de Ormuz permanece crucial, com cerca de 20 milh\u00f5es de barris di\u00e1rios de quota a passar por ali.<\/p>\n<p>Analistas destacam a incerteza quanto \u00e0 dura\u00e7\u00e3o do conflito: sem uma solu\u00e7\u00e3o r\u00e1pida, o impacto prolonga-se nos custos de energia e nos insumos para a ind\u00fastria. Observadores recordam hist\u00f3ricos de resili\u00eancia da economia mundial a choques anteriores.<\/p>\n<p>Apesar da incerteza, alguns laborat\u00f3rios de ideias apontam para uma poss\u00edvel adapta\u00e7\u00e3o do com\u00e9rcio global, com ajustamentos de cadeias e margens de lucro corporativas. A avalia\u00e7\u00e3o depende da evolu\u00e7\u00e3o do conflito e da capacidade de resposta de mercados.<\/p>\n<h3>Impacto na energia e fertilizantes<\/h3>\n<p>Cerca de 30% das exporta\u00e7\u00f5es mundiais de fertilizantes passam pelo estreito de Ormuz, o que eleva os custos agr\u00edcolas em regi\u00f5es dependentes de importa\u00e7\u00f5es. Pa\u00edses com setores agr\u00edcolas relevantes podem sentir press\u00f5es adicionais sobre pre\u00e7os de alimentos.<\/p>\n<p>Especialistas destacam que os produtores de petr\u00f3leo fora da zona de guerra, como Noruega, R\u00fassia e Canad\u00e1, podem beneficiar com margens maiores. Pa\u00edses extremamente dependentes do GNL do M\u00e9dio Oriente enfrentam choques na oferta, agravando vulnerabilidades.<\/p>\n<p>A incerteza afeta tamb\u00e9m economias de rendimento mais baixo, onde a produtividade agr\u00edcola j\u00e1 \u00e9 d\u00e9bil. O aumento dos custos de produ\u00e7\u00e3o pode ampliar a escassez de alimentos em cen\u00e1rios prolongados.<\/p>\n<h3>Rea\u00e7\u00e3o dos bancos centrais<\/h3>\n<p>A escalada dos pre\u00e7os da energia coloca bancos centrais entre duas op\u00e7\u00f5es: conter a infla\u00e7\u00e3o ou apoiar a atividade econ\u00f3mica. Nos EUA, a Fed debate entre manter o apoio econ\u00f4mico sem comprometer a meta de infla\u00e7\u00e3o. O debate deve intensificar-se.<\/p>\n<p>No espa\u00e7o europeu, o BCE enfrenta dilema semelhante: uma subida de taxas pode ser considerada se o choque de oferta se propagar aos sal\u00e1rios e aos custos dos servi\u00e7os. Os mercados esperam sinais de clarifiedes sobre a coordena\u00e7\u00e3o de pol\u00edticas.<\/p>\n","protected":false},"excerpt":{"rendered":"<ul>\n<li>O estreito de Ormuz, por onde passa um quinto do petr\u00f3leo mundial, ficou praticamente bloqueado, e o petr\u00f3leo subiu de menos de 70 para quase 120 d\u00f3lares, negociando-se hoje perto de 90 d\u00f3lares.<\/li>\n<li>O aumento do crude levou a um agravamento do pre\u00e7o da gasolina nos EUA, que j\u00e1 atingiu 3,48 d\u00f3lares por gal\u00e3o, com impactos maiores esperados na Europa e na \u00c1sia.<\/li>\n<li>O FMI alerta que cada subida de 10% no pre\u00e7o do petr\u00f3leo pode acrescentar 0,4 pontos percentuais \u00e0 infla\u00e7\u00e3o global e reduzir o PIB mundial at\u00e9 0,2%.<\/li>\n<li>A perturba\u00e7\u00e3o em Ormuz eleva o custo de fertilizantes, o que pode pressionar os pre\u00e7os dos alimentos, sobretudo em pa\u00edses de baixos rendimentos.<\/li>\n<li>Bancos centrais enfrentam o dilema entre subir taxas para conter a infla\u00e7\u00e3o ou mant\u00ea-las para apoiar o crescimento, com o futuro da crise a depender da dura\u00e7\u00e3o do conflito.<\/li>\n<\/ul>\n","protected":false},"author":2,"featured_media":404548,"comment_status":"closed","ping_status":"closed","sticky":false,"template":"","format":"standard","meta":{"footnotes":""},"categories":[2,6735],"tags":[2026,28,3861,174,1676,5511],"class_list":["post-404541","post","type-post","status-publish","format-standard","has-post-thumbnail","hentry","category-economia","category-negocios","tag-cadeias-de-abastecimento","tag-economia","tag-economia-internacional","tag-energia","tag-inflacao","tag-politica-monetaria"],"yoast_head":"<!-- This site is optimized with the Yoast SEO plugin v27.2 - https:\/\/yoast.com\/product\/yoast-seo-wordpress\/ -->\n<title>Conflito no Ir\u00e3o abala a economia global - Portal Tela Portugal<\/title>\n<meta name=\"robots\" content=\"index, follow, max-snippet:-1, max-image-preview:large, max-video-preview:-1\" \/>\n<meta property=\"og:locale\" content=\"pt_PT\" \/>\n<meta property=\"og:type\" content=\"article\" \/>\n<meta property=\"og:title\" content=\"Conflito no Ir\u00e3o abala a economia global - Portal Tela Portugal\" \/>\n<meta property=\"og:description\" content=\"O estreito de Ormuz, por onde passa um quinto do petr\u00f3leo mundial, ficou praticamente bloqueado, e o petr\u00f3leo subiu de menos de 70 para quase 120 d\u00f3lares, negociando-se hoje perto de 90 d\u00f3lares. O aumento do crude levou a um agravamento do pre\u00e7o da gasolina nos EUA, que j\u00e1 atingiu 3,48 d\u00f3lares por gal\u00e3o, com impactos maiores esperados na Europa e na \u00c1sia. O FMI alerta que cada subida de 10% no pre\u00e7o do petr\u00f3leo pode acrescentar 0,4 pontos percentuais \u00e0 infla\u00e7\u00e3o global e reduzir o PIB mundial at\u00e9 0,2%. A perturba\u00e7\u00e3o em Ormuz eleva o custo de fertilizantes, o que pode pressionar os pre\u00e7os dos alimentos, sobretudo em pa\u00edses de baixos rendimentos. Bancos centrais enfrentam o dilema entre subir taxas para conter a infla\u00e7\u00e3o ou mant\u00ea-las para apoiar o crescimento, com o futuro da crise a depender da dura\u00e7\u00e3o do conflito.\" \/>\n<meta property=\"og:url\" content=\"https:\/\/portaltela.pt\/noticias\/2026\/03\/10\/conflito-no-irao-abala-a-economia-global\/\" \/>\n<meta property=\"og:site_name\" content=\"Portal Tela Portugal\" \/>\n<meta property=\"article:published_time\" content=\"2026-03-10T13:17:23+00:00\" \/>\n<meta name=\"author\" content=\"Telinha\" \/>\n<meta name=\"twitter:card\" content=\"summary_large_image\" \/>\n<meta name=\"twitter:label1\" content=\"Escrito por\" \/>\n\t<meta name=\"twitter:data1\" content=\"Telinha\" \/>\n\t<meta name=\"twitter:label2\" content=\"Tempo estimado de leitura\" \/>\n\t<meta name=\"twitter:data2\" content=\"3 minutos\" \/>\n<script type=\"application\/ld+json\" class=\"yoast-schema-graph\">{\"@context\":\"https:\/\/schema.org\",\"@graph\":[{\"@type\":\"Article\",\"@id\":\"https:\/\/portaltela.pt\/noticias\/2026\/03\/10\/conflito-no-irao-abala-a-economia-global\/#article\",\"isPartOf\":{\"@id\":\"https:\/\/portaltela.pt\/noticias\/2026\/03\/10\/conflito-no-irao-abala-a-economia-global\/\"},\"author\":{\"name\":\"Telinha\",\"@id\":\"https:\/\/portaltela.pt\/#\/schema\/person\/c4278d4a6028830caff9ee44b42d32ed\"},\"headline\":\"Conflito no Ir\u00e3o abala a economia global\",\"datePublished\":\"2026-03-10T13:17:23+00:00\",\"mainEntityOfPage\":{\"@id\":\"https:\/\/portaltela.pt\/noticias\/2026\/03\/10\/conflito-no-irao-abala-a-economia-global\/\"},\"wordCount\":530,\"image\":{\"@id\":\"https:\/\/portaltela.pt\/noticias\/2026\/03\/10\/conflito-no-irao-abala-a-economia-global\/#primaryimage\"},\"thumbnailUrl\":\"https:\/\/portaltela.pt\/s.01k8rhncp4jt1\/2026\/03\/1536x864_cmsv2_a6fb91cb-e859-5a46-b1de-956019fdbf6f-9680297.jpg\",\"keywords\":[\"cadeias de abastecimento\",\"economia\",\"economia internacional\",\"energia\",\"infla\u00e7\u00e3o\",\"pol\u00edtica monet\u00e1ria\"],\"articleSection\":[\"Economia\",\"Neg\u00f3cios\"],\"inLanguage\":\"pt-PT\"},{\"@type\":\"WebPage\",\"@id\":\"https:\/\/portaltela.pt\/noticias\/2026\/03\/10\/conflito-no-irao-abala-a-economia-global\/\",\"url\":\"https:\/\/portaltela.pt\/noticias\/2026\/03\/10\/conflito-no-irao-abala-a-economia-global\/\",\"name\":\"Conflito no Ir\u00e3o abala a economia global - Portal Tela Portugal\",\"isPartOf\":{\"@id\":\"https:\/\/portaltela.pt\/#website\"},\"primaryImageOfPage\":{\"@id\":\"https:\/\/portaltela.pt\/noticias\/2026\/03\/10\/conflito-no-irao-abala-a-economia-global\/#primaryimage\"},\"image\":{\"@id\":\"https:\/\/portaltela.pt\/noticias\/2026\/03\/10\/conflito-no-irao-abala-a-economia-global\/#primaryimage\"},\"thumbnailUrl\":\"https:\/\/portaltela.pt\/s.01k8rhncp4jt1\/2026\/03\/1536x864_cmsv2_a6fb91cb-e859-5a46-b1de-956019fdbf6f-9680297.jpg\",\"datePublished\":\"2026-03-10T13:17:23+00:00\",\"author\":{\"@id\":\"https:\/\/portaltela.pt\/#\/schema\/person\/c4278d4a6028830caff9ee44b42d32ed\"},\"breadcrumb\":{\"@id\":\"https:\/\/portaltela.pt\/noticias\/2026\/03\/10\/conflito-no-irao-abala-a-economia-global\/#breadcrumb\"},\"inLanguage\":\"pt-PT\",\"potentialAction\":[{\"@type\":\"ReadAction\",\"target\":[\"https:\/\/portaltela.pt\/noticias\/2026\/03\/10\/conflito-no-irao-abala-a-economia-global\/\"]}]},{\"@type\":\"ImageObject\",\"inLanguage\":\"pt-PT\",\"@id\":\"https:\/\/portaltela.pt\/noticias\/2026\/03\/10\/conflito-no-irao-abala-a-economia-global\/#primaryimage\",\"url\":\"https:\/\/portaltela.pt\/s.01k8rhncp4jt1\/2026\/03\/1536x864_cmsv2_a6fb91cb-e859-5a46-b1de-956019fdbf6f-9680297.jpg\",\"contentUrl\":\"https:\/\/portaltela.pt\/s.01k8rhncp4jt1\/2026\/03\/1536x864_cmsv2_a6fb91cb-e859-5a46-b1de-956019fdbf6f-9680297.jpg\",\"width\":796,\"height\":448,\"caption\":\"Edif\u00edcio destru\u00eddo de uma sucursal da Al-Qard Al-Hassan, institui\u00e7\u00e3o n\u00e3o banc\u00e1ria do Hezbollah, atingida por ataque a\u00e9reo israelita em Beirute, L\u00edbano, 10 mar\u00e7o 2026\"},{\"@type\":\"BreadcrumbList\",\"@id\":\"https:\/\/portaltela.pt\/noticias\/2026\/03\/10\/conflito-no-irao-abala-a-economia-global\/#breadcrumb\",\"itemListElement\":[{\"@type\":\"ListItem\",\"position\":1,\"name\":\"In\u00edcio\",\"item\":\"https:\/\/portaltela.pt\/\"},{\"@type\":\"ListItem\",\"position\":2,\"name\":\"Conflito no Ir\u00e3o abala a economia global\"}]},{\"@type\":\"WebSite\",\"@id\":\"https:\/\/portaltela.pt\/#website\",\"url\":\"https:\/\/portaltela.pt\/\",\"name\":\"Portal Tela Portugal\",\"description\":\"\",\"potentialAction\":[{\"@type\":\"SearchAction\",\"target\":{\"@type\":\"EntryPoint\",\"urlTemplate\":\"https:\/\/portaltela.pt\/?s={search_term_string}\"},\"query-input\":{\"@type\":\"PropertyValueSpecification\",\"valueRequired\":true,\"valueName\":\"search_term_string\"}}],\"inLanguage\":\"pt-PT\"},{\"@type\":\"Person\",\"@id\":\"https:\/\/portaltela.pt\/#\/schema\/person\/c4278d4a6028830caff9ee44b42d32ed\",\"name\":\"Telinha\",\"image\":{\"@type\":\"ImageObject\",\"inLanguage\":\"pt-PT\",\"@id\":\"https:\/\/portaltela.pt\/s.01k8rhncp4jt1\/2025\/11\/talking-bot-125x125.png\",\"url\":\"https:\/\/portaltela.pt\/s.01k8rhncp4jt1\/2025\/11\/talking-bot-125x125.png\",\"contentUrl\":\"https:\/\/portaltela.pt\/s.01k8rhncp4jt1\/2025\/11\/talking-bot-125x125.png\",\"caption\":\"Telinha\"},\"sameAs\":[\"https:\/\/portaltela.pt\/\"],\"url\":\"https:\/\/portaltela.pt\/por\/367410592786\/\"}]}<\/script>\n<!-- \/ Yoast SEO plugin. -->","yoast_head_json":{"title":"Conflito no Ir\u00e3o abala a economia global - Portal Tela Portugal","robots":{"index":"index","follow":"follow","max-snippet":"max-snippet:-1","max-image-preview":"max-image-preview:large","max-video-preview":"max-video-preview:-1"},"og_locale":"pt_PT","og_type":"article","og_title":"Conflito no Ir\u00e3o abala a economia global - Portal Tela Portugal","og_description":"O estreito de Ormuz, por onde passa um quinto do petr\u00f3leo mundial, ficou praticamente bloqueado, e o petr\u00f3leo subiu de menos de 70 para quase 120 d\u00f3lares, negociando-se hoje perto de 90 d\u00f3lares. O aumento do crude levou a um agravamento do pre\u00e7o da gasolina nos EUA, que j\u00e1 atingiu 3,48 d\u00f3lares por gal\u00e3o, com impactos maiores esperados na Europa e na \u00c1sia. O FMI alerta que cada subida de 10% no pre\u00e7o do petr\u00f3leo pode acrescentar 0,4 pontos percentuais \u00e0 infla\u00e7\u00e3o global e reduzir o PIB mundial at\u00e9 0,2%. A perturba\u00e7\u00e3o em Ormuz eleva o custo de fertilizantes, o que pode pressionar os pre\u00e7os dos alimentos, sobretudo em pa\u00edses de baixos rendimentos. Bancos centrais enfrentam o dilema entre subir taxas para conter a infla\u00e7\u00e3o ou mant\u00ea-las para apoiar o crescimento, com o futuro da crise a depender da dura\u00e7\u00e3o do conflito.","og_url":"https:\/\/portaltela.pt\/noticias\/2026\/03\/10\/conflito-no-irao-abala-a-economia-global\/","og_site_name":"Portal Tela Portugal","article_published_time":"2026-03-10T13:17:23+00:00","author":"Telinha","twitter_card":"summary_large_image","twitter_misc":{"Escrito por":"Telinha","Tempo estimado de leitura":"3 minutos"},"schema":{"@context":"https:\/\/schema.org","@graph":[{"@type":"Article","@id":"https:\/\/portaltela.pt\/noticias\/2026\/03\/10\/conflito-no-irao-abala-a-economia-global\/#article","isPartOf":{"@id":"https:\/\/portaltela.pt\/noticias\/2026\/03\/10\/conflito-no-irao-abala-a-economia-global\/"},"author":{"name":"Telinha","@id":"https:\/\/portaltela.pt\/#\/schema\/person\/c4278d4a6028830caff9ee44b42d32ed"},"headline":"Conflito no Ir\u00e3o abala a economia global","datePublished":"2026-03-10T13:17:23+00:00","mainEntityOfPage":{"@id":"https:\/\/portaltela.pt\/noticias\/2026\/03\/10\/conflito-no-irao-abala-a-economia-global\/"},"wordCount":530,"image":{"@id":"https:\/\/portaltela.pt\/noticias\/2026\/03\/10\/conflito-no-irao-abala-a-economia-global\/#primaryimage"},"thumbnailUrl":"https:\/\/portaltela.pt\/s.01k8rhncp4jt1\/2026\/03\/1536x864_cmsv2_a6fb91cb-e859-5a46-b1de-956019fdbf6f-9680297.jpg","keywords":["cadeias de abastecimento","economia","economia internacional","energia","infla\u00e7\u00e3o","pol\u00edtica monet\u00e1ria"],"articleSection":["Economia","Neg\u00f3cios"],"inLanguage":"pt-PT"},{"@type":"WebPage","@id":"https:\/\/portaltela.pt\/noticias\/2026\/03\/10\/conflito-no-irao-abala-a-economia-global\/","url":"https:\/\/portaltela.pt\/noticias\/2026\/03\/10\/conflito-no-irao-abala-a-economia-global\/","name":"Conflito no Ir\u00e3o abala a economia global - Portal Tela Portugal","isPartOf":{"@id":"https:\/\/portaltela.pt\/#website"},"primaryImageOfPage":{"@id":"https:\/\/portaltela.pt\/noticias\/2026\/03\/10\/conflito-no-irao-abala-a-economia-global\/#primaryimage"},"image":{"@id":"https:\/\/portaltela.pt\/noticias\/2026\/03\/10\/conflito-no-irao-abala-a-economia-global\/#primaryimage"},"thumbnailUrl":"https:\/\/portaltela.pt\/s.01k8rhncp4jt1\/2026\/03\/1536x864_cmsv2_a6fb91cb-e859-5a46-b1de-956019fdbf6f-9680297.jpg","datePublished":"2026-03-10T13:17:23+00:00","author":{"@id":"https:\/\/portaltela.pt\/#\/schema\/person\/c4278d4a6028830caff9ee44b42d32ed"},"breadcrumb":{"@id":"https:\/\/portaltela.pt\/noticias\/2026\/03\/10\/conflito-no-irao-abala-a-economia-global\/#breadcrumb"},"inLanguage":"pt-PT","potentialAction":[{"@type":"ReadAction","target":["https:\/\/portaltela.pt\/noticias\/2026\/03\/10\/conflito-no-irao-abala-a-economia-global\/"]}]},{"@type":"ImageObject","inLanguage":"pt-PT","@id":"https:\/\/portaltela.pt\/noticias\/2026\/03\/10\/conflito-no-irao-abala-a-economia-global\/#primaryimage","url":"https:\/\/portaltela.pt\/s.01k8rhncp4jt1\/2026\/03\/1536x864_cmsv2_a6fb91cb-e859-5a46-b1de-956019fdbf6f-9680297.jpg","contentUrl":"https:\/\/portaltela.pt\/s.01k8rhncp4jt1\/2026\/03\/1536x864_cmsv2_a6fb91cb-e859-5a46-b1de-956019fdbf6f-9680297.jpg","width":796,"height":448,"caption":"Edif\u00edcio destru\u00eddo de uma sucursal da Al-Qard Al-Hassan, institui\u00e7\u00e3o n\u00e3o banc\u00e1ria do Hezbollah, atingida por ataque a\u00e9reo israelita em Beirute, L\u00edbano, 10 mar\u00e7o 2026"},{"@type":"BreadcrumbList","@id":"https:\/\/portaltela.pt\/noticias\/2026\/03\/10\/conflito-no-irao-abala-a-economia-global\/#breadcrumb","itemListElement":[{"@type":"ListItem","position":1,"name":"In\u00edcio","item":"https:\/\/portaltela.pt\/"},{"@type":"ListItem","position":2,"name":"Conflito no Ir\u00e3o abala a economia global"}]},{"@type":"WebSite","@id":"https:\/\/portaltela.pt\/#website","url":"https:\/\/portaltela.pt\/","name":"Portal Tela Portugal","description":"","potentialAction":[{"@type":"SearchAction","target":{"@type":"EntryPoint","urlTemplate":"https:\/\/portaltela.pt\/?s={search_term_string}"},"query-input":{"@type":"PropertyValueSpecification","valueRequired":true,"valueName":"search_term_string"}}],"inLanguage":"pt-PT"},{"@type":"Person","@id":"https:\/\/portaltela.pt\/#\/schema\/person\/c4278d4a6028830caff9ee44b42d32ed","name":"Telinha","image":{"@type":"ImageObject","inLanguage":"pt-PT","@id":"https:\/\/portaltela.pt\/s.01k8rhncp4jt1\/2025\/11\/talking-bot-125x125.png","url":"https:\/\/portaltela.pt\/s.01k8rhncp4jt1\/2025\/11\/talking-bot-125x125.png","contentUrl":"https:\/\/portaltela.pt\/s.01k8rhncp4jt1\/2025\/11\/talking-bot-125x125.png","caption":"Telinha"},"sameAs":["https:\/\/portaltela.pt\/"],"url":"https:\/\/portaltela.pt\/por\/367410592786\/"}]}},"_links":{"self":[{"href":"https:\/\/portaltela.pt\/api\/wp\/v2\/posts\/404541","targetHints":{"allow":["GET"]}}],"collection":[{"href":"https:\/\/portaltela.pt\/api\/wp\/v2\/posts"}],"about":[{"href":"https:\/\/portaltela.pt\/api\/wp\/v2\/types\/post"}],"author":[{"embeddable":true,"href":"https:\/\/portaltela.pt\/api\/wp\/v2\/users\/2"}],"replies":[{"embeddable":true,"href":"https:\/\/portaltela.pt\/api\/wp\/v2\/comments?post=404541"}],"version-history":[{"count":0,"href":"https:\/\/portaltela.pt\/api\/wp\/v2\/posts\/404541\/revisions"}],"wp:featuredmedia":[{"embeddable":true,"href":"https:\/\/portaltela.pt\/api\/wp\/v2\/media\/404548"}],"wp:attachment":[{"href":"https:\/\/portaltela.pt\/api\/wp\/v2\/media?parent=404541"}],"wp:term":[{"taxonomy":"category","embeddable":true,"href":"https:\/\/portaltela.pt\/api\/wp\/v2\/categories?post=404541"},{"taxonomy":"post_tag","embeddable":true,"href":"https:\/\/portaltela.pt\/api\/wp\/v2\/tags?post=404541"}],"curies":[{"name":"wp","href":"https:\/\/api.w.org\/{rel}","templated":true}]}}