{"id":404538,"date":"2026-03-10T10:06:15","date_gmt":"2026-03-10T13:06:15","guid":{"rendered":"https:\/\/portaltela.pt\/noticias\/2026\/03\/10\/paciente-atira-no-medico-psiquiatra-apos-consulta-no-hospital-de-leiria\/"},"modified":"2026-03-10T10:06:15","modified_gmt":"2026-03-10T13:06:15","slug":"paciente-atira-no-medico-psiquiatra-apos-consulta-no-hospital-de-leiria","status":"publish","type":"post","link":"https:\/\/portaltela.pt\/justica\/2026\/03\/10\/paciente-atira-no-medico-psiquiatra-apos-consulta-no-hospital-de-leiria\/","title":{"rendered":"Paciente atira no m\u00e9dico psiquiatra ap\u00f3s consulta no hospital de Leiria"},"content":{"rendered":"<p>Um m\u00e9dico psiquiatra foi alvo de um ataque com arma de fogo ap\u00f3s uma consulta, no hospital de Leiria. O incidente ocorreu no dia 10 de mar\u00e7o de 2026 e, segundo informa\u00e7\u00f5es dispon\u00edveis, houve disparos dentro das instala\u00e7\u00f5es hospitalares. N\u00e3o foram divulgados detalhes sobre o estado de sa\u00fade do m\u00e9dico.<\/p>\n<p>O Minist\u00e9rio P\u00fablico j\u00e1 apresentou acusa\u00e7\u00e3o formal contra o suspeito, por ofensas \u00e0 integridade f\u00edsica e posse de arma proibida. As autoridades n\u00e3o detalharam neste momento a motiva\u00e7\u00e3o do ataque nem o andamento da investiga\u00e7\u00e3o.<\/p>\n<p>Desdobramentos<\/p>\n<p>O caso permanece a ser acompanhado pelas autoridades competentes. O Minist\u00e9rio P\u00fablico confirmou as acusa\u00e7\u00f5es e aguarda o progresso do inqu\u00e9rito, sem indicar prazos para desfechos.<\/p>\n","protected":false},"excerpt":{"rendered":"<ul>\n<li>Um m\u00e9dico psiquiatra foi alvo de ataque a tiro ap\u00f3s uma consulta no hospital de Leiria.<\/li>\n<li>O suspeito foi acusado pelo Minist\u00e9rio P\u00fablico por ofensas \u00e0 integridade f\u00edsica e posse de arma proibida.<\/li>\n<li>O incidente ocorreu no dia 10 de mar\u00e7o de 2026, \u00e0s 13:06.<\/li>\n<li>O Minist\u00e9rio P\u00fablico avan\u00e7ou com a acusa\u00e7\u00e3o contra o suspeito.<\/li>\n<\/ul>\n","protected":false},"author":2,"featured_media":404544,"comment_status":"closed","ping_status":"closed","sticky":false,"template":"","format":"standard","meta":{"footnotes":""},"categories":[6907,6815],"tags":[4197,124,147,1385,6854,766],"class_list":["post-404538","post","type-post","status-publish","format-standard","has-post-thumbnail","hentry","category-crime","category-justica","tag-acusacao-crime","tag-arma-de-fogo","tag-crime","tag-leiria","tag-medicos","tag-posse-de-arma-proibida"],"yoast_head":"<!-- This site is optimized with the Yoast SEO plugin v27.2 - https:\/\/yoast.com\/product\/yoast-seo-wordpress\/ -->\n<title>Paciente atira no m\u00e9dico psiquiatra ap\u00f3s consulta no hospital de Leiria - Portal Tela Portugal<\/title>\n<meta name=\"robots\" content=\"index, follow, max-snippet:-1, max-image-preview:large, max-video-preview:-1\" \/>\n<meta property=\"og:locale\" content=\"pt_PT\" \/>\n<meta property=\"og:type\" content=\"article\" \/>\n<meta property=\"og:title\" content=\"Paciente atira no m\u00e9dico psiquiatra ap\u00f3s consulta no hospital de Leiria - Portal Tela Portugal\" \/>\n<meta property=\"og:description\" content=\"Um m\u00e9dico psiquiatra foi alvo de ataque a tiro ap\u00f3s uma consulta no hospital de Leiria. O suspeito foi acusado pelo Minist\u00e9rio P\u00fablico por ofensas \u00e0 integridade f\u00edsica e posse de arma proibida. O incidente ocorreu no dia 10 de mar\u00e7o de 2026, \u00e0s 13:06. O Minist\u00e9rio P\u00fablico avan\u00e7ou com a acusa\u00e7\u00e3o contra o suspeito.\" \/>\n<meta property=\"og:url\" content=\"https:\/\/portaltela.pt\/noticias\/2026\/03\/10\/paciente-atira-no-medico-psiquiatra-apos-consulta-no-hospital-de-leiria\/\" \/>\n<meta property=\"og:site_name\" content=\"Portal Tela Portugal\" \/>\n<meta property=\"article:published_time\" content=\"2026-03-10T13:06:15+00:00\" \/>\n<meta name=\"author\" content=\"Telinha\" \/>\n<meta name=\"twitter:card\" content=\"summary_large_image\" \/>\n<meta name=\"twitter:label1\" content=\"Escrito por\" \/>\n\t<meta name=\"twitter:data1\" content=\"Telinha\" \/>\n\t<meta name=\"twitter:label2\" content=\"Tempo estimado de leitura\" \/>\n\t<meta name=\"twitter:data2\" content=\"1 minuto\" \/>\n<script type=\"application\/ld+json\" class=\"yoast-schema-graph\">{\"@context\":\"https:\/\/schema.org\",\"@graph\":[{\"@type\":\"Article\",\"@id\":\"https:\/\/portaltela.pt\/noticias\/2026\/03\/10\/paciente-atira-no-medico-psiquiatra-apos-consulta-no-hospital-de-leiria\/#article\",\"isPartOf\":{\"@id\":\"https:\/\/portaltela.pt\/noticias\/2026\/03\/10\/paciente-atira-no-medico-psiquiatra-apos-consulta-no-hospital-de-leiria\/\"},\"author\":{\"name\":\"Telinha\",\"@id\":\"https:\/\/portaltela.pt\/#\/schema\/person\/c4278d4a6028830caff9ee44b42d32ed\"},\"headline\":\"Paciente atira no m\u00e9dico psiquiatra ap\u00f3s consulta no hospital de Leiria\",\"datePublished\":\"2026-03-10T13:06:15+00:00\",\"mainEntityOfPage\":{\"@id\":\"https:\/\/portaltela.pt\/noticias\/2026\/03\/10\/paciente-atira-no-medico-psiquiatra-apos-consulta-no-hospital-de-leiria\/\"},\"wordCount\":142,\"image\":{\"@id\":\"https:\/\/portaltela.pt\/noticias\/2026\/03\/10\/paciente-atira-no-medico-psiquiatra-apos-consulta-no-hospital-de-leiria\/#primaryimage\"},\"thumbnailUrl\":\"https:\/\/portaltela.pt\/s.01k8rhncp4jt1\/2026\/03\/img_1280x722uu2025-10-19-17-44-03-2242615.jpg\",\"keywords\":[\"acusa\u00e7\u00e3o-crime\",\"arma de fogo\",\"crime\",\"Leiria\",\"M\u00e9dicos\",\"posse de arma proibida\"],\"articleSection\":[\"Crime\",\"Justi\u00e7a\"],\"inLanguage\":\"pt-PT\"},{\"@type\":\"WebPage\",\"@id\":\"https:\/\/portaltela.pt\/noticias\/2026\/03\/10\/paciente-atira-no-medico-psiquiatra-apos-consulta-no-hospital-de-leiria\/\",\"url\":\"https:\/\/portaltela.pt\/noticias\/2026\/03\/10\/paciente-atira-no-medico-psiquiatra-apos-consulta-no-hospital-de-leiria\/\",\"name\":\"Paciente atira no m\u00e9dico psiquiatra ap\u00f3s consulta no hospital de Leiria - Portal Tela Portugal\",\"isPartOf\":{\"@id\":\"https:\/\/portaltela.pt\/#website\"},\"primaryImageOfPage\":{\"@id\":\"https:\/\/portaltela.pt\/noticias\/2026\/03\/10\/paciente-atira-no-medico-psiquiatra-apos-consulta-no-hospital-de-leiria\/#primaryimage\"},\"image\":{\"@id\":\"https:\/\/portaltela.pt\/noticias\/2026\/03\/10\/paciente-atira-no-medico-psiquiatra-apos-consulta-no-hospital-de-leiria\/#primaryimage\"},\"thumbnailUrl\":\"https:\/\/portaltela.pt\/s.01k8rhncp4jt1\/2026\/03\/img_1280x722uu2025-10-19-17-44-03-2242615.jpg\",\"datePublished\":\"2026-03-10T13:06:15+00:00\",\"author\":{\"@id\":\"https:\/\/portaltela.pt\/#\/schema\/person\/c4278d4a6028830caff9ee44b42d32ed\"},\"breadcrumb\":{\"@id\":\"https:\/\/portaltela.pt\/noticias\/2026\/03\/10\/paciente-atira-no-medico-psiquiatra-apos-consulta-no-hospital-de-leiria\/#breadcrumb\"},\"inLanguage\":\"pt-PT\",\"potentialAction\":[{\"@type\":\"ReadAction\",\"target\":[\"https:\/\/portaltela.pt\/noticias\/2026\/03\/10\/paciente-atira-no-medico-psiquiatra-apos-consulta-no-hospital-de-leiria\/\"]}]},{\"@type\":\"ImageObject\",\"inLanguage\":\"pt-PT\",\"@id\":\"https:\/\/portaltela.pt\/noticias\/2026\/03\/10\/paciente-atira-no-medico-psiquiatra-apos-consulta-no-hospital-de-leiria\/#primaryimage\",\"url\":\"https:\/\/portaltela.pt\/s.01k8rhncp4jt1\/2026\/03\/img_1280x722uu2025-10-19-17-44-03-2242615.jpg\",\"contentUrl\":\"https:\/\/portaltela.pt\/s.01k8rhncp4jt1\/2026\/03\/img_1280x722uu2025-10-19-17-44-03-2242615.jpg\",\"width\":1280,\"height\":722,\"caption\":\"Photo\"},{\"@type\":\"BreadcrumbList\",\"@id\":\"https:\/\/portaltela.pt\/noticias\/2026\/03\/10\/paciente-atira-no-medico-psiquiatra-apos-consulta-no-hospital-de-leiria\/#breadcrumb\",\"itemListElement\":[{\"@type\":\"ListItem\",\"position\":1,\"name\":\"In\u00edcio\",\"item\":\"https:\/\/portaltela.pt\/\"},{\"@type\":\"ListItem\",\"position\":2,\"name\":\"Paciente atira no m\u00e9dico psiquiatra ap\u00f3s consulta no hospital de Leiria\"}]},{\"@type\":\"WebSite\",\"@id\":\"https:\/\/portaltela.pt\/#website\",\"url\":\"https:\/\/portaltela.pt\/\",\"name\":\"Portal Tela Portugal\",\"description\":\"\",\"potentialAction\":[{\"@type\":\"SearchAction\",\"target\":{\"@type\":\"EntryPoint\",\"urlTemplate\":\"https:\/\/portaltela.pt\/?s={search_term_string}\"},\"query-input\":{\"@type\":\"PropertyValueSpecification\",\"valueRequired\":true,\"valueName\":\"search_term_string\"}}],\"inLanguage\":\"pt-PT\"},{\"@type\":\"Person\",\"@id\":\"https:\/\/portaltela.pt\/#\/schema\/person\/c4278d4a6028830caff9ee44b42d32ed\",\"name\":\"Telinha\",\"image\":{\"@type\":\"ImageObject\",\"inLanguage\":\"pt-PT\",\"@id\":\"https:\/\/portaltela.pt\/s.01k8rhncp4jt1\/2025\/11\/talking-bot-125x125.png\",\"url\":\"https:\/\/portaltela.pt\/s.01k8rhncp4jt1\/2025\/11\/talking-bot-125x125.png\",\"contentUrl\":\"https:\/\/portaltela.pt\/s.01k8rhncp4jt1\/2025\/11\/talking-bot-125x125.png\",\"caption\":\"Telinha\"},\"sameAs\":[\"https:\/\/portaltela.pt\/\"],\"url\":\"https:\/\/portaltela.pt\/por\/367410592786\/\"}]}<\/script>\n<!-- \/ Yoast SEO plugin. -->","yoast_head_json":{"title":"Paciente atira no m\u00e9dico psiquiatra ap\u00f3s consulta no hospital de Leiria - Portal Tela Portugal","robots":{"index":"index","follow":"follow","max-snippet":"max-snippet:-1","max-image-preview":"max-image-preview:large","max-video-preview":"max-video-preview:-1"},"og_locale":"pt_PT","og_type":"article","og_title":"Paciente atira no m\u00e9dico psiquiatra ap\u00f3s consulta no hospital de Leiria - Portal Tela Portugal","og_description":"Um m\u00e9dico psiquiatra foi alvo de ataque a tiro ap\u00f3s uma consulta no hospital de Leiria. O suspeito foi acusado pelo Minist\u00e9rio P\u00fablico por ofensas \u00e0 integridade f\u00edsica e posse de arma proibida. O incidente ocorreu no dia 10 de mar\u00e7o de 2026, \u00e0s 13:06. O Minist\u00e9rio P\u00fablico avan\u00e7ou com a acusa\u00e7\u00e3o contra o suspeito.","og_url":"https:\/\/portaltela.pt\/noticias\/2026\/03\/10\/paciente-atira-no-medico-psiquiatra-apos-consulta-no-hospital-de-leiria\/","og_site_name":"Portal Tela Portugal","article_published_time":"2026-03-10T13:06:15+00:00","author":"Telinha","twitter_card":"summary_large_image","twitter_misc":{"Escrito por":"Telinha","Tempo estimado de leitura":"1 minuto"},"schema":{"@context":"https:\/\/schema.org","@graph":[{"@type":"Article","@id":"https:\/\/portaltela.pt\/noticias\/2026\/03\/10\/paciente-atira-no-medico-psiquiatra-apos-consulta-no-hospital-de-leiria\/#article","isPartOf":{"@id":"https:\/\/portaltela.pt\/noticias\/2026\/03\/10\/paciente-atira-no-medico-psiquiatra-apos-consulta-no-hospital-de-leiria\/"},"author":{"name":"Telinha","@id":"https:\/\/portaltela.pt\/#\/schema\/person\/c4278d4a6028830caff9ee44b42d32ed"},"headline":"Paciente atira no m\u00e9dico psiquiatra ap\u00f3s consulta no hospital de Leiria","datePublished":"2026-03-10T13:06:15+00:00","mainEntityOfPage":{"@id":"https:\/\/portaltela.pt\/noticias\/2026\/03\/10\/paciente-atira-no-medico-psiquiatra-apos-consulta-no-hospital-de-leiria\/"},"wordCount":142,"image":{"@id":"https:\/\/portaltela.pt\/noticias\/2026\/03\/10\/paciente-atira-no-medico-psiquiatra-apos-consulta-no-hospital-de-leiria\/#primaryimage"},"thumbnailUrl":"https:\/\/portaltela.pt\/s.01k8rhncp4jt1\/2026\/03\/img_1280x722uu2025-10-19-17-44-03-2242615.jpg","keywords":["acusa\u00e7\u00e3o-crime","arma de fogo","crime","Leiria","M\u00e9dicos","posse de arma proibida"],"articleSection":["Crime","Justi\u00e7a"],"inLanguage":"pt-PT"},{"@type":"WebPage","@id":"https:\/\/portaltela.pt\/noticias\/2026\/03\/10\/paciente-atira-no-medico-psiquiatra-apos-consulta-no-hospital-de-leiria\/","url":"https:\/\/portaltela.pt\/noticias\/2026\/03\/10\/paciente-atira-no-medico-psiquiatra-apos-consulta-no-hospital-de-leiria\/","name":"Paciente atira no m\u00e9dico psiquiatra ap\u00f3s consulta no hospital de Leiria - Portal Tela Portugal","isPartOf":{"@id":"https:\/\/portaltela.pt\/#website"},"primaryImageOfPage":{"@id":"https:\/\/portaltela.pt\/noticias\/2026\/03\/10\/paciente-atira-no-medico-psiquiatra-apos-consulta-no-hospital-de-leiria\/#primaryimage"},"image":{"@id":"https:\/\/portaltela.pt\/noticias\/2026\/03\/10\/paciente-atira-no-medico-psiquiatra-apos-consulta-no-hospital-de-leiria\/#primaryimage"},"thumbnailUrl":"https:\/\/portaltela.pt\/s.01k8rhncp4jt1\/2026\/03\/img_1280x722uu2025-10-19-17-44-03-2242615.jpg","datePublished":"2026-03-10T13:06:15+00:00","author":{"@id":"https:\/\/portaltela.pt\/#\/schema\/person\/c4278d4a6028830caff9ee44b42d32ed"},"breadcrumb":{"@id":"https:\/\/portaltela.pt\/noticias\/2026\/03\/10\/paciente-atira-no-medico-psiquiatra-apos-consulta-no-hospital-de-leiria\/#breadcrumb"},"inLanguage":"pt-PT","potentialAction":[{"@type":"ReadAction","target":["https:\/\/portaltela.pt\/noticias\/2026\/03\/10\/paciente-atira-no-medico-psiquiatra-apos-consulta-no-hospital-de-leiria\/"]}]},{"@type":"ImageObject","inLanguage":"pt-PT","@id":"https:\/\/portaltela.pt\/noticias\/2026\/03\/10\/paciente-atira-no-medico-psiquiatra-apos-consulta-no-hospital-de-leiria\/#primaryimage","url":"https:\/\/portaltela.pt\/s.01k8rhncp4jt1\/2026\/03\/img_1280x722uu2025-10-19-17-44-03-2242615.jpg","contentUrl":"https:\/\/portaltela.pt\/s.01k8rhncp4jt1\/2026\/03\/img_1280x722uu2025-10-19-17-44-03-2242615.jpg","width":1280,"height":722,"caption":"Photo"},{"@type":"BreadcrumbList","@id":"https:\/\/portaltela.pt\/noticias\/2026\/03\/10\/paciente-atira-no-medico-psiquiatra-apos-consulta-no-hospital-de-leiria\/#breadcrumb","itemListElement":[{"@type":"ListItem","position":1,"name":"In\u00edcio","item":"https:\/\/portaltela.pt\/"},{"@type":"ListItem","position":2,"name":"Paciente atira no m\u00e9dico psiquiatra ap\u00f3s consulta no hospital de Leiria"}]},{"@type":"WebSite","@id":"https:\/\/portaltela.pt\/#website","url":"https:\/\/portaltela.pt\/","name":"Portal Tela Portugal","description":"","potentialAction":[{"@type":"SearchAction","target":{"@type":"EntryPoint","urlTemplate":"https:\/\/portaltela.pt\/?s={search_term_string}"},"query-input":{"@type":"PropertyValueSpecification","valueRequired":true,"valueName":"search_term_string"}}],"inLanguage":"pt-PT"},{"@type":"Person","@id":"https:\/\/portaltela.pt\/#\/schema\/person\/c4278d4a6028830caff9ee44b42d32ed","name":"Telinha","image":{"@type":"ImageObject","inLanguage":"pt-PT","@id":"https:\/\/portaltela.pt\/s.01k8rhncp4jt1\/2025\/11\/talking-bot-125x125.png","url":"https:\/\/portaltela.pt\/s.01k8rhncp4jt1\/2025\/11\/talking-bot-125x125.png","contentUrl":"https:\/\/portaltela.pt\/s.01k8rhncp4jt1\/2025\/11\/talking-bot-125x125.png","caption":"Telinha"},"sameAs":["https:\/\/portaltela.pt\/"],"url":"https:\/\/portaltela.pt\/por\/367410592786\/"}]}},"_links":{"self":[{"href":"https:\/\/portaltela.pt\/api\/wp\/v2\/posts\/404538","targetHints":{"allow":["GET"]}}],"collection":[{"href":"https:\/\/portaltela.pt\/api\/wp\/v2\/posts"}],"about":[{"href":"https:\/\/portaltela.pt\/api\/wp\/v2\/types\/post"}],"author":[{"embeddable":true,"href":"https:\/\/portaltela.pt\/api\/wp\/v2\/users\/2"}],"replies":[{"embeddable":true,"href":"https:\/\/portaltela.pt\/api\/wp\/v2\/comments?post=404538"}],"version-history":[{"count":0,"href":"https:\/\/portaltela.pt\/api\/wp\/v2\/posts\/404538\/revisions"}],"wp:featuredmedia":[{"embeddable":true,"href":"https:\/\/portaltela.pt\/api\/wp\/v2\/media\/404544"}],"wp:attachment":[{"href":"https:\/\/portaltela.pt\/api\/wp\/v2\/media?parent=404538"}],"wp:term":[{"taxonomy":"category","embeddable":true,"href":"https:\/\/portaltela.pt\/api\/wp\/v2\/categories?post=404538"},{"taxonomy":"post_tag","embeddable":true,"href":"https:\/\/portaltela.pt\/api\/wp\/v2\/tags?post=404538"}],"curies":[{"name":"wp","href":"https:\/\/api.w.org\/{rel}","templated":true}]}}