{"id":404537,"date":"2026-03-10T10:17:21","date_gmt":"2026-03-10T13:17:21","guid":{"rendered":"https:\/\/portaltela.pt\/noticias\/2026\/03\/10\/ataques-ao-irao-qual-e-o-papel-da-base-americana-de-ramstein-na-alemanha\/"},"modified":"2026-03-10T10:17:21","modified_gmt":"2026-03-10T13:17:21","slug":"ataques-ao-irao-qual-e-o-papel-da-base-americana-de-ramstein-na-alemanha","status":"publish","type":"post","link":"https:\/\/portaltela.pt\/noticias\/politica\/2026\/03\/10\/ataques-ao-irao-qual-e-o-papel-da-base-americana-de-ramstein-na-alemanha\/","title":{"rendered":"Ataques ao Ir\u00e3o: qual \u00e9 o papel da base americana de Ramstein na Alemanha"},"content":{"rendered":"<p>A base a\u00e9rea de Ramstein, localizada na Ren\u00e2nia-Palatinado, tornou-se no centro log\u00edstico de ataques com drones e m\u00edsseis norte-americanos no M\u00e9dio Oriente. A Alemanha afirma n\u00e3o estar envolvida na guerra, mas a infraestrutura \u00e9 usada como esta\u00e7\u00e3o interm\u00e9dia para transmiss\u00e3o de dados entre a regi\u00e3o e os Estados Unidos. O objetivo \u00e9 acelerar a resposta aos alvos no Iraque, no I\u00e9men e no Ir\u00e3o.<\/p>\n<p>Trump elogiou publicamente o chanceler alem\u00e3o durante a visita \u00e0 Casa Branca, referindo que a Alemanha permitiu que os EUA aterrassem em determinadas \u00e1reas. O presidente norte-americano descreveu Ramstein como ambiente favor\u00e1vel para opera\u00e7\u00f5es, sem exigir envio de tropas alem\u00e3s. A afirma\u00e7\u00e3o real\u00e7a o papel estrat\u00e9gico da base na coordena\u00e7\u00e3o de a\u00e7\u00f5es militares na regi\u00e3o.<\/p>\n<p>Segundo o governo alem\u00e3o, a utiliza\u00e7\u00e3o de Ramstein est\u00e1 em conformidade com o direito internacional. O Tribunal Constitucional alem\u00e3o decidiu, em julho de 2025, que a Alemanha n\u00e3o \u00e9 legalmente respons\u00e1vel por ataques de drones efetuados a partir da base, mesmo que tecnicamente apoiados por Ramstein. A decis\u00e3o levou em conta uma a\u00e7\u00e3o movida por familiares de v\u00edtimas no I\u00e9men.<\/p>\n<p>A a\u00e7\u00e3o foi movida por dois cidad\u00e3os iemenitas cujos familiares morreram num ataque de drones em 2012. O tribunal avaliou que h\u00e1 um dever potencial da Alemanha de proteger direitos humanos apenas se houver liga\u00e7\u00e3o direta com a autoridade alem\u00e3 e risco grave de viola\u00e7\u00e3o. Contudo, n\u00e3o foi provada viola\u00e7\u00e3o sistem\u00e1tica.<\/p>\n<p>No debate pol\u00edtico alem\u00e3o, o Partido da Esquerda voltou a solicitar o encerramento de Ramstein, defendendo que a base pode tornar a Alemanha alvo de retalia\u00e7\u00e3o. O grupo argumenta que a presen\u00e7a facilita a\u00e7\u00f5es de terceiros sem controle efetivo de Berlim.<\/p>\n<p>A hist\u00f3ria tamb\u00e9m aborda o alcance dos m\u00edsseis iranianos. Relat\u00f3rios indicam que o Ir\u00e3o opera m\u00edsseis de curto e m\u00e9dio alcance, com desenvolvimentos em curso para m\u00edsseis de longo alcance. A Euronews n\u00e3o confirmou de forma independente todas as informa\u00e7\u00f5es sobre o estado atual do arsenal iraniano.<\/p>\n<p>A base Ramstein continua a ser foco de discuss\u00f5es sobre jurisdi\u00e7\u00e3o e responsabilidade. A Alemanha mant\u00e9m a estabilidade de coopera\u00e7\u00e3o com a NATO, sob acordos que conservam certa jurisdi\u00e7\u00e3o para os militares norte-americanos em territ\u00f3rio alem\u00e3o. Autoridades alem\u00e3s destacam que Ramstein \u00e9 crucial para a defesa coletiva e para a gest\u00e3o de opera\u00e7\u00f5es a\u00e9reas na regi\u00e3o.<\/p>\n<p>No terreno europeu, a guerra j\u00e1 chegou ao Mediterr\u00e2neo. Pa\u00edses europeus discutem refor\u00e7ar a presen\u00e7a militar na zona, com poss\u00edvel envio de uma fragata alem\u00e3 para apoiar opera\u00e7\u00f5es de monitoriza\u00e7\u00e3o e prote\u00e7\u00e3o de vias mar\u00edtimas. A decis\u00e3o est\u00e1 a ser avaliada pela Chancelaria e pelo Minist\u00e9rio da Defesa. Hospeitando, o ministro Boris Pistorius defendeu que a Alemanha n\u00e3o participar\u00e1 na guerra, limitando-se \u00e0 prote\u00e7\u00e3o de cidad\u00e3os e de for\u00e7as alem\u00e3s na regi\u00e3o.<\/p>\n","protected":false},"excerpt":{"rendered":"<ul>\n<li>A base de Ramstein, na Alemanha, \u00e9 central para a coordena\u00e7\u00e3o dos ataques de drones e m\u00edsseis dos EUA no M\u00e9dio Oriente, com liga\u00e7\u00f5es de dados e sat\u00e9lite que passam pela base; o governo alem\u00e3o afirma que o uso est\u00e1 de acordo com o direito internacional.<\/li>\n<li>O presidente dos EUA, Donald Trump, elogiou o chanceler alem\u00e3o Friedrich Merz durante a visita \u00e0 Casa Branca, referindo que os EUA aterravam em determinadas \u00e1reas em Ramstein e n\u00e3o pedem envio de tropas.<\/li>\n<li>O Tribunal Constitucional Federal alem\u00e3o, em julho de 2025, decidiu que a Alemanha n\u00e3o \u00e9 legalmente respons\u00e1vel pelas opera\u00e7\u00f5es de drones a partir de Ramstein, a menos que haja liga\u00e7\u00e3o estatal clara e risco grave comprovado; no caso, esse \u00faltimo requisito n\u00e3o ficou provado.<\/li>\n<li>O governo alem\u00e3o afirma que a Alemanha n\u00e3o participa ativamente na guerra, limitando-se a prote\u00e7\u00e3o de cidad\u00e3os e apoio material; a Bundeswehr mant\u00e9m planos de evacua\u00e7\u00e3o se a situa\u00e7\u00e3o exigir.<\/li>\n<li>A Europa j\u00e1 discute refor\u00e7ar presen\u00e7a naval no Mediterr\u00e2neo Oriental; h\u00e1 possibilidade de envio da fragata Sachsen, avan\u00e7ando a coopera\u00e7\u00e3o militar europeia na regi\u00e3o.<\/li>\n<\/ul>\n","protected":false},"author":2,"featured_media":404543,"comment_status":"closed","ping_status":"closed","sticky":false,"template":"","format":"standard","meta":{"footnotes":""},"categories":[6912,5],"tags":[4558,1603,182,6574,4299,5182],"class_list":["post-404537","post","type-post","status-publish","format-standard","has-post-thumbnail","hentry","category-internacionais","category-politica","tag-a-aeronautica","tag-alemanha","tag-armas","tag-defesa","tag-forca-aerea","tag-operacoes-internacionais"],"yoast_head":"<!-- This site is optimized with the Yoast SEO plugin v27.2 - https:\/\/yoast.com\/product\/yoast-seo-wordpress\/ -->\n<title>Ataques ao Ir\u00e3o: qual \u00e9 o papel da base americana de Ramstein na Alemanha - Portal Tela Portugal<\/title>\n<meta name=\"robots\" content=\"index, follow, max-snippet:-1, max-image-preview:large, max-video-preview:-1\" \/>\n<meta property=\"og:locale\" content=\"pt_PT\" \/>\n<meta property=\"og:type\" content=\"article\" \/>\n<meta property=\"og:title\" content=\"Ataques ao Ir\u00e3o: qual \u00e9 o papel da base americana de Ramstein na Alemanha - Portal Tela Portugal\" \/>\n<meta property=\"og:description\" content=\"A base de Ramstein, na Alemanha, \u00e9 central para a coordena\u00e7\u00e3o dos ataques de drones e m\u00edsseis dos EUA no M\u00e9dio Oriente, com liga\u00e7\u00f5es de dados e sat\u00e9lite que passam pela base; o governo alem\u00e3o afirma que o uso est\u00e1 de acordo com o direito internacional. O presidente dos EUA, Donald Trump, elogiou o chanceler alem\u00e3o Friedrich Merz durante a visita \u00e0 Casa Branca, referindo que os EUA aterravam em determinadas \u00e1reas em Ramstein e n\u00e3o pedem envio de tropas. O Tribunal Constitucional Federal alem\u00e3o, em julho de 2025, decidiu que a Alemanha n\u00e3o \u00e9 legalmente respons\u00e1vel pelas opera\u00e7\u00f5es de drones a partir de Ramstein, a menos que haja liga\u00e7\u00e3o estatal clara e risco grave comprovado; no caso, esse \u00faltimo requisito n\u00e3o ficou provado. O governo alem\u00e3o afirma que a Alemanha n\u00e3o participa ativamente na guerra, limitando-se a prote\u00e7\u00e3o de cidad\u00e3os e apoio material; a Bundeswehr mant\u00e9m planos de evacua\u00e7\u00e3o se a situa\u00e7\u00e3o exigir. A Europa j\u00e1 discute refor\u00e7ar presen\u00e7a naval no Mediterr\u00e2neo Oriental; h\u00e1 possibilidade de envio da fragata Sachsen, avan\u00e7ando a coopera\u00e7\u00e3o militar europeia na regi\u00e3o.\" \/>\n<meta property=\"og:url\" content=\"https:\/\/portaltela.pt\/noticias\/2026\/03\/10\/ataques-ao-irao-qual-e-o-papel-da-base-americana-de-ramstein-na-alemanha\/\" \/>\n<meta property=\"og:site_name\" content=\"Portal Tela Portugal\" \/>\n<meta property=\"article:published_time\" content=\"2026-03-10T13:17:21+00:00\" \/>\n<meta name=\"author\" content=\"Telinha\" \/>\n<meta name=\"twitter:card\" content=\"summary_large_image\" \/>\n<meta name=\"twitter:label1\" content=\"Escrito por\" \/>\n\t<meta name=\"twitter:data1\" content=\"Telinha\" \/>\n\t<meta name=\"twitter:label2\" content=\"Tempo estimado de leitura\" \/>\n\t<meta name=\"twitter:data2\" content=\"3 minutos\" \/>\n<script type=\"application\/ld+json\" class=\"yoast-schema-graph\">{\"@context\":\"https:\/\/schema.org\",\"@graph\":[{\"@type\":\"Article\",\"@id\":\"https:\/\/portaltela.pt\/noticias\/2026\/03\/10\/ataques-ao-irao-qual-e-o-papel-da-base-americana-de-ramstein-na-alemanha\/#article\",\"isPartOf\":{\"@id\":\"https:\/\/portaltela.pt\/noticias\/2026\/03\/10\/ataques-ao-irao-qual-e-o-papel-da-base-americana-de-ramstein-na-alemanha\/\"},\"author\":{\"name\":\"Telinha\",\"@id\":\"https:\/\/portaltela.pt\/#\/schema\/person\/c4278d4a6028830caff9ee44b42d32ed\"},\"headline\":\"Ataques ao Ir\u00e3o: qual \u00e9 o papel da base americana de Ramstein na Alemanha\",\"datePublished\":\"2026-03-10T13:17:21+00:00\",\"mainEntityOfPage\":{\"@id\":\"https:\/\/portaltela.pt\/noticias\/2026\/03\/10\/ataques-ao-irao-qual-e-o-papel-da-base-americana-de-ramstein-na-alemanha\/\"},\"wordCount\":534,\"image\":{\"@id\":\"https:\/\/portaltela.pt\/noticias\/2026\/03\/10\/ataques-ao-irao-qual-e-o-papel-da-base-americana-de-ramstein-na-alemanha\/#primaryimage\"},\"thumbnailUrl\":\"https:\/\/portaltela.pt\/s.01k8rhncp4jt1\/2026\/03\/1536x864_cmsv2_1bad573e-bdf9-5f02-8d66-ecaee28afb64-9678942.jpg\",\"keywords\":[\"a aeron\u00e1utica\",\"Alemanha\",\"armas\",\"defesa\",\"For\u00e7a A\u00e9rea\",\"opera\u00e7\u00f5es internacionais\"],\"articleSection\":[\"Internacionais\",\"Pol\u00edtica\"],\"inLanguage\":\"pt-PT\"},{\"@type\":\"WebPage\",\"@id\":\"https:\/\/portaltela.pt\/noticias\/2026\/03\/10\/ataques-ao-irao-qual-e-o-papel-da-base-americana-de-ramstein-na-alemanha\/\",\"url\":\"https:\/\/portaltela.pt\/noticias\/2026\/03\/10\/ataques-ao-irao-qual-e-o-papel-da-base-americana-de-ramstein-na-alemanha\/\",\"name\":\"Ataques ao Ir\u00e3o: qual \u00e9 o papel da base americana de Ramstein na Alemanha - Portal Tela Portugal\",\"isPartOf\":{\"@id\":\"https:\/\/portaltela.pt\/#website\"},\"primaryImageOfPage\":{\"@id\":\"https:\/\/portaltela.pt\/noticias\/2026\/03\/10\/ataques-ao-irao-qual-e-o-papel-da-base-americana-de-ramstein-na-alemanha\/#primaryimage\"},\"image\":{\"@id\":\"https:\/\/portaltela.pt\/noticias\/2026\/03\/10\/ataques-ao-irao-qual-e-o-papel-da-base-americana-de-ramstein-na-alemanha\/#primaryimage\"},\"thumbnailUrl\":\"https:\/\/portaltela.pt\/s.01k8rhncp4jt1\/2026\/03\/1536x864_cmsv2_1bad573e-bdf9-5f02-8d66-ecaee28afb64-9678942.jpg\",\"datePublished\":\"2026-03-10T13:17:21+00:00\",\"author\":{\"@id\":\"https:\/\/portaltela.pt\/#\/schema\/person\/c4278d4a6028830caff9ee44b42d32ed\"},\"breadcrumb\":{\"@id\":\"https:\/\/portaltela.pt\/noticias\/2026\/03\/10\/ataques-ao-irao-qual-e-o-papel-da-base-americana-de-ramstein-na-alemanha\/#breadcrumb\"},\"inLanguage\":\"pt-PT\",\"potentialAction\":[{\"@type\":\"ReadAction\",\"target\":[\"https:\/\/portaltela.pt\/noticias\/2026\/03\/10\/ataques-ao-irao-qual-e-o-papel-da-base-americana-de-ramstein-na-alemanha\/\"]}]},{\"@type\":\"ImageObject\",\"inLanguage\":\"pt-PT\",\"@id\":\"https:\/\/portaltela.pt\/noticias\/2026\/03\/10\/ataques-ao-irao-qual-e-o-papel-da-base-americana-de-ramstein-na-alemanha\/#primaryimage\",\"url\":\"https:\/\/portaltela.pt\/s.01k8rhncp4jt1\/2026\/03\/1536x864_cmsv2_1bad573e-bdf9-5f02-8d66-ecaee28afb64-9678942.jpg\",\"contentUrl\":\"https:\/\/portaltela.pt\/s.01k8rhncp4jt1\/2026\/03\/1536x864_cmsv2_1bad573e-bdf9-5f02-8d66-ecaee28afb64-9678942.jpg\",\"width\":796,\"height\":448,\"caption\":\"ARQUIVO - As bandeiras dos EUA e da Alemanha atr\u00e1s de uma placa na Base A\u00e9rea de Ramstein, na Alemanha, 30 de julho de 2014\"},{\"@type\":\"BreadcrumbList\",\"@id\":\"https:\/\/portaltela.pt\/noticias\/2026\/03\/10\/ataques-ao-irao-qual-e-o-papel-da-base-americana-de-ramstein-na-alemanha\/#breadcrumb\",\"itemListElement\":[{\"@type\":\"ListItem\",\"position\":1,\"name\":\"In\u00edcio\",\"item\":\"https:\/\/portaltela.pt\/\"},{\"@type\":\"ListItem\",\"position\":2,\"name\":\"Ataques ao Ir\u00e3o: qual \u00e9 o papel da base americana de Ramstein na Alemanha\"}]},{\"@type\":\"WebSite\",\"@id\":\"https:\/\/portaltela.pt\/#website\",\"url\":\"https:\/\/portaltela.pt\/\",\"name\":\"Portal Tela Portugal\",\"description\":\"\",\"potentialAction\":[{\"@type\":\"SearchAction\",\"target\":{\"@type\":\"EntryPoint\",\"urlTemplate\":\"https:\/\/portaltela.pt\/?s={search_term_string}\"},\"query-input\":{\"@type\":\"PropertyValueSpecification\",\"valueRequired\":true,\"valueName\":\"search_term_string\"}}],\"inLanguage\":\"pt-PT\"},{\"@type\":\"Person\",\"@id\":\"https:\/\/portaltela.pt\/#\/schema\/person\/c4278d4a6028830caff9ee44b42d32ed\",\"name\":\"Telinha\",\"image\":{\"@type\":\"ImageObject\",\"inLanguage\":\"pt-PT\",\"@id\":\"https:\/\/portaltela.pt\/s.01k8rhncp4jt1\/2025\/11\/talking-bot-125x125.png\",\"url\":\"https:\/\/portaltela.pt\/s.01k8rhncp4jt1\/2025\/11\/talking-bot-125x125.png\",\"contentUrl\":\"https:\/\/portaltela.pt\/s.01k8rhncp4jt1\/2025\/11\/talking-bot-125x125.png\",\"caption\":\"Telinha\"},\"sameAs\":[\"https:\/\/portaltela.pt\/\"],\"url\":\"https:\/\/portaltela.pt\/por\/367410592786\/\"}]}<\/script>\n<!-- \/ Yoast SEO plugin. -->","yoast_head_json":{"title":"Ataques ao Ir\u00e3o: qual \u00e9 o papel da base americana de Ramstein na Alemanha - Portal Tela Portugal","robots":{"index":"index","follow":"follow","max-snippet":"max-snippet:-1","max-image-preview":"max-image-preview:large","max-video-preview":"max-video-preview:-1"},"og_locale":"pt_PT","og_type":"article","og_title":"Ataques ao Ir\u00e3o: qual \u00e9 o papel da base americana de Ramstein na Alemanha - Portal Tela Portugal","og_description":"A base de Ramstein, na Alemanha, \u00e9 central para a coordena\u00e7\u00e3o dos ataques de drones e m\u00edsseis dos EUA no M\u00e9dio Oriente, com liga\u00e7\u00f5es de dados e sat\u00e9lite que passam pela base; o governo alem\u00e3o afirma que o uso est\u00e1 de acordo com o direito internacional. O presidente dos EUA, Donald Trump, elogiou o chanceler alem\u00e3o Friedrich Merz durante a visita \u00e0 Casa Branca, referindo que os EUA aterravam em determinadas \u00e1reas em Ramstein e n\u00e3o pedem envio de tropas. O Tribunal Constitucional Federal alem\u00e3o, em julho de 2025, decidiu que a Alemanha n\u00e3o \u00e9 legalmente respons\u00e1vel pelas opera\u00e7\u00f5es de drones a partir de Ramstein, a menos que haja liga\u00e7\u00e3o estatal clara e risco grave comprovado; no caso, esse \u00faltimo requisito n\u00e3o ficou provado. O governo alem\u00e3o afirma que a Alemanha n\u00e3o participa ativamente na guerra, limitando-se a prote\u00e7\u00e3o de cidad\u00e3os e apoio material; a Bundeswehr mant\u00e9m planos de evacua\u00e7\u00e3o se a situa\u00e7\u00e3o exigir. A Europa j\u00e1 discute refor\u00e7ar presen\u00e7a naval no Mediterr\u00e2neo Oriental; h\u00e1 possibilidade de envio da fragata Sachsen, avan\u00e7ando a coopera\u00e7\u00e3o militar europeia na regi\u00e3o.","og_url":"https:\/\/portaltela.pt\/noticias\/2026\/03\/10\/ataques-ao-irao-qual-e-o-papel-da-base-americana-de-ramstein-na-alemanha\/","og_site_name":"Portal Tela Portugal","article_published_time":"2026-03-10T13:17:21+00:00","author":"Telinha","twitter_card":"summary_large_image","twitter_misc":{"Escrito por":"Telinha","Tempo estimado de leitura":"3 minutos"},"schema":{"@context":"https:\/\/schema.org","@graph":[{"@type":"Article","@id":"https:\/\/portaltela.pt\/noticias\/2026\/03\/10\/ataques-ao-irao-qual-e-o-papel-da-base-americana-de-ramstein-na-alemanha\/#article","isPartOf":{"@id":"https:\/\/portaltela.pt\/noticias\/2026\/03\/10\/ataques-ao-irao-qual-e-o-papel-da-base-americana-de-ramstein-na-alemanha\/"},"author":{"name":"Telinha","@id":"https:\/\/portaltela.pt\/#\/schema\/person\/c4278d4a6028830caff9ee44b42d32ed"},"headline":"Ataques ao Ir\u00e3o: qual \u00e9 o papel da base americana de Ramstein na Alemanha","datePublished":"2026-03-10T13:17:21+00:00","mainEntityOfPage":{"@id":"https:\/\/portaltela.pt\/noticias\/2026\/03\/10\/ataques-ao-irao-qual-e-o-papel-da-base-americana-de-ramstein-na-alemanha\/"},"wordCount":534,"image":{"@id":"https:\/\/portaltela.pt\/noticias\/2026\/03\/10\/ataques-ao-irao-qual-e-o-papel-da-base-americana-de-ramstein-na-alemanha\/#primaryimage"},"thumbnailUrl":"https:\/\/portaltela.pt\/s.01k8rhncp4jt1\/2026\/03\/1536x864_cmsv2_1bad573e-bdf9-5f02-8d66-ecaee28afb64-9678942.jpg","keywords":["a aeron\u00e1utica","Alemanha","armas","defesa","For\u00e7a A\u00e9rea","opera\u00e7\u00f5es internacionais"],"articleSection":["Internacionais","Pol\u00edtica"],"inLanguage":"pt-PT"},{"@type":"WebPage","@id":"https:\/\/portaltela.pt\/noticias\/2026\/03\/10\/ataques-ao-irao-qual-e-o-papel-da-base-americana-de-ramstein-na-alemanha\/","url":"https:\/\/portaltela.pt\/noticias\/2026\/03\/10\/ataques-ao-irao-qual-e-o-papel-da-base-americana-de-ramstein-na-alemanha\/","name":"Ataques ao Ir\u00e3o: qual \u00e9 o papel da base americana de Ramstein na Alemanha - Portal Tela Portugal","isPartOf":{"@id":"https:\/\/portaltela.pt\/#website"},"primaryImageOfPage":{"@id":"https:\/\/portaltela.pt\/noticias\/2026\/03\/10\/ataques-ao-irao-qual-e-o-papel-da-base-americana-de-ramstein-na-alemanha\/#primaryimage"},"image":{"@id":"https:\/\/portaltela.pt\/noticias\/2026\/03\/10\/ataques-ao-irao-qual-e-o-papel-da-base-americana-de-ramstein-na-alemanha\/#primaryimage"},"thumbnailUrl":"https:\/\/portaltela.pt\/s.01k8rhncp4jt1\/2026\/03\/1536x864_cmsv2_1bad573e-bdf9-5f02-8d66-ecaee28afb64-9678942.jpg","datePublished":"2026-03-10T13:17:21+00:00","author":{"@id":"https:\/\/portaltela.pt\/#\/schema\/person\/c4278d4a6028830caff9ee44b42d32ed"},"breadcrumb":{"@id":"https:\/\/portaltela.pt\/noticias\/2026\/03\/10\/ataques-ao-irao-qual-e-o-papel-da-base-americana-de-ramstein-na-alemanha\/#breadcrumb"},"inLanguage":"pt-PT","potentialAction":[{"@type":"ReadAction","target":["https:\/\/portaltela.pt\/noticias\/2026\/03\/10\/ataques-ao-irao-qual-e-o-papel-da-base-americana-de-ramstein-na-alemanha\/"]}]},{"@type":"ImageObject","inLanguage":"pt-PT","@id":"https:\/\/portaltela.pt\/noticias\/2026\/03\/10\/ataques-ao-irao-qual-e-o-papel-da-base-americana-de-ramstein-na-alemanha\/#primaryimage","url":"https:\/\/portaltela.pt\/s.01k8rhncp4jt1\/2026\/03\/1536x864_cmsv2_1bad573e-bdf9-5f02-8d66-ecaee28afb64-9678942.jpg","contentUrl":"https:\/\/portaltela.pt\/s.01k8rhncp4jt1\/2026\/03\/1536x864_cmsv2_1bad573e-bdf9-5f02-8d66-ecaee28afb64-9678942.jpg","width":796,"height":448,"caption":"ARQUIVO - As bandeiras dos EUA e da Alemanha atr\u00e1s de uma placa na Base A\u00e9rea de Ramstein, na Alemanha, 30 de julho de 2014"},{"@type":"BreadcrumbList","@id":"https:\/\/portaltela.pt\/noticias\/2026\/03\/10\/ataques-ao-irao-qual-e-o-papel-da-base-americana-de-ramstein-na-alemanha\/#breadcrumb","itemListElement":[{"@type":"ListItem","position":1,"name":"In\u00edcio","item":"https:\/\/portaltela.pt\/"},{"@type":"ListItem","position":2,"name":"Ataques ao Ir\u00e3o: qual \u00e9 o papel da base americana de Ramstein na Alemanha"}]},{"@type":"WebSite","@id":"https:\/\/portaltela.pt\/#website","url":"https:\/\/portaltela.pt\/","name":"Portal Tela Portugal","description":"","potentialAction":[{"@type":"SearchAction","target":{"@type":"EntryPoint","urlTemplate":"https:\/\/portaltela.pt\/?s={search_term_string}"},"query-input":{"@type":"PropertyValueSpecification","valueRequired":true,"valueName":"search_term_string"}}],"inLanguage":"pt-PT"},{"@type":"Person","@id":"https:\/\/portaltela.pt\/#\/schema\/person\/c4278d4a6028830caff9ee44b42d32ed","name":"Telinha","image":{"@type":"ImageObject","inLanguage":"pt-PT","@id":"https:\/\/portaltela.pt\/s.01k8rhncp4jt1\/2025\/11\/talking-bot-125x125.png","url":"https:\/\/portaltela.pt\/s.01k8rhncp4jt1\/2025\/11\/talking-bot-125x125.png","contentUrl":"https:\/\/portaltela.pt\/s.01k8rhncp4jt1\/2025\/11\/talking-bot-125x125.png","caption":"Telinha"},"sameAs":["https:\/\/portaltela.pt\/"],"url":"https:\/\/portaltela.pt\/por\/367410592786\/"}]}},"_links":{"self":[{"href":"https:\/\/portaltela.pt\/api\/wp\/v2\/posts\/404537","targetHints":{"allow":["GET"]}}],"collection":[{"href":"https:\/\/portaltela.pt\/api\/wp\/v2\/posts"}],"about":[{"href":"https:\/\/portaltela.pt\/api\/wp\/v2\/types\/post"}],"author":[{"embeddable":true,"href":"https:\/\/portaltela.pt\/api\/wp\/v2\/users\/2"}],"replies":[{"embeddable":true,"href":"https:\/\/portaltela.pt\/api\/wp\/v2\/comments?post=404537"}],"version-history":[{"count":0,"href":"https:\/\/portaltela.pt\/api\/wp\/v2\/posts\/404537\/revisions"}],"wp:featuredmedia":[{"embeddable":true,"href":"https:\/\/portaltela.pt\/api\/wp\/v2\/media\/404543"}],"wp:attachment":[{"href":"https:\/\/portaltela.pt\/api\/wp\/v2\/media?parent=404537"}],"wp:term":[{"taxonomy":"category","embeddable":true,"href":"https:\/\/portaltela.pt\/api\/wp\/v2\/categories?post=404537"},{"taxonomy":"post_tag","embeddable":true,"href":"https:\/\/portaltela.pt\/api\/wp\/v2\/tags?post=404537"}],"curies":[{"name":"wp","href":"https:\/\/api.w.org\/{rel}","templated":true}]}}