{"id":404502,"date":"2026-03-10T08:28:32","date_gmt":"2026-03-10T11:28:32","guid":{"rendered":"https:\/\/portaltela.pt\/noticias\/2026\/03\/10\/colisao-com-camiao-faz-eletrico-descarrilar-em-alcantara\/"},"modified":"2026-03-10T08:28:32","modified_gmt":"2026-03-10T11:28:32","slug":"colisao-com-camiao-faz-eletrico-descarrilar-em-alcantara","status":"publish","type":"post","link":"https:\/\/portaltela.pt\/acidentes\/2026\/03\/10\/colisao-com-camiao-faz-eletrico-descarrilar-em-alcantara\/","title":{"rendered":"Colis\u00e3o com cami\u00e3o faz el\u00e9trico descarrilar em Alc\u00e2ntara"},"content":{"rendered":"<p>Um acidente em Alc\u00e2ntara envolvendo um el\u00e9trico da Carris e um cami\u00e3o de grandes dimens\u00f5es ocorreu pela manh\u00e3, por volta das 08h00, junto ao cruzamento da rua Fradesso da Silva com a rua de Cascais. N\u00e3o houve feridos.<\/p>\n<p>O choque lateral fez o el\u00e9trico descarrilar e ficar inclinado. O ve\u00edculo da Carris pertencia \u00e0 carreira 25, que seguia entre a Pra\u00e7a da Figueira e os Prazeres, sem passageiros a bordo no momento do acidente, segundo as informa\u00e7\u00f5es dispon\u00edveis.<\/p>\n<p>A ocorr\u00eancia n\u00e3o exigiu a interven\u00e7\u00e3o de pol\u00edcias ou servi\u00e7os de bombeiros, mantendo a situa\u00e7\u00e3o sob controlo at\u00e9 ao momento. As causas do embate est\u00e3o a ser apuradas pelas autoridades competentes.<\/p>\n","protected":false},"excerpt":{"rendered":"<ul>\n<li>Colis\u00e3o entre um el\u00e9trico e um cami\u00e3o de grandes dimens\u00f5es ocorreu pelas 08h00 em Alc\u00e2ntara, junto ao cruzamento entre a rua Fradesso da Silva e a rua de Cascais.<\/li>\n<li>O choque provocou o descarrilamento do el\u00e9trico da Carris, que ficou inclinado, mas sem feridos.<\/li>\n<li>O el\u00e9trico seguia sem passageiros na altura, a cumprir a carreira 25 entre a Pra\u00e7a da Figueira e os Prazeres.<\/li>\n<li>As causas do embate ainda n\u00e3o est\u00e3o apuradas.<\/li>\n<li>N\u00e3o foi necess\u00e1ria a interven\u00e7\u00e3o de pol\u00edcias ou bombeiros.<\/li>\n<\/ul>\n","protected":false},"author":2,"featured_media":404505,"comment_status":"closed","ping_status":"closed","sticky":false,"template":"","format":"standard","meta":{"footnotes":""},"categories":[6849],"tags":[2088,5366,3326,3448,4326,981],"class_list":["post-404502","post","type-post","status-publish","format-standard","has-post-thumbnail","hentry","category-acidentes","tag-acidente-de-viacao","tag-alcantara","tag-camioes","tag-descarrilamento","tag-electrico","tag-lisboa"],"yoast_head":"<!-- This site is optimized with the Yoast SEO plugin v27.2 - https:\/\/yoast.com\/product\/yoast-seo-wordpress\/ -->\n<title>Colis\u00e3o com cami\u00e3o faz el\u00e9trico descarrilar em Alc\u00e2ntara - Portal Tela Portugal<\/title>\n<meta name=\"robots\" content=\"index, follow, max-snippet:-1, max-image-preview:large, max-video-preview:-1\" \/>\n<meta property=\"og:locale\" content=\"pt_PT\" \/>\n<meta property=\"og:type\" content=\"article\" \/>\n<meta property=\"og:title\" content=\"Colis\u00e3o com cami\u00e3o faz el\u00e9trico descarrilar em Alc\u00e2ntara - Portal Tela Portugal\" \/>\n<meta property=\"og:description\" content=\"Colis\u00e3o entre um el\u00e9trico e um cami\u00e3o de grandes dimens\u00f5es ocorreu pelas 08h00 em Alc\u00e2ntara, junto ao cruzamento entre a rua Fradesso da Silva e a rua de Cascais. O choque provocou o descarrilamento do el\u00e9trico da Carris, que ficou inclinado, mas sem feridos. O el\u00e9trico seguia sem passageiros na altura, a cumprir a carreira 25 entre a Pra\u00e7a da Figueira e os Prazeres. As causas do embate ainda n\u00e3o est\u00e3o apuradas. N\u00e3o foi necess\u00e1ria a interven\u00e7\u00e3o de pol\u00edcias ou bombeiros.\" \/>\n<meta property=\"og:url\" content=\"https:\/\/portaltela.pt\/noticias\/2026\/03\/10\/colisao-com-camiao-faz-eletrico-descarrilar-em-alcantara\/\" \/>\n<meta property=\"og:site_name\" content=\"Portal Tela Portugal\" \/>\n<meta property=\"article:published_time\" content=\"2026-03-10T11:28:32+00:00\" \/>\n<meta name=\"author\" content=\"Telinha\" \/>\n<meta name=\"twitter:card\" content=\"summary_large_image\" \/>\n<meta name=\"twitter:label1\" content=\"Escrito por\" \/>\n\t<meta name=\"twitter:data1\" content=\"Telinha\" \/>\n\t<meta name=\"twitter:label2\" content=\"Tempo estimado de leitura\" \/>\n\t<meta name=\"twitter:data2\" content=\"1 minuto\" \/>\n<script type=\"application\/ld+json\" class=\"yoast-schema-graph\">{\"@context\":\"https:\/\/schema.org\",\"@graph\":[{\"@type\":\"Article\",\"@id\":\"https:\/\/portaltela.pt\/noticias\/2026\/03\/10\/colisao-com-camiao-faz-eletrico-descarrilar-em-alcantara\/#article\",\"isPartOf\":{\"@id\":\"https:\/\/portaltela.pt\/noticias\/2026\/03\/10\/colisao-com-camiao-faz-eletrico-descarrilar-em-alcantara\/\"},\"author\":{\"name\":\"Telinha\",\"@id\":\"https:\/\/portaltela.pt\/#\/schema\/person\/c4278d4a6028830caff9ee44b42d32ed\"},\"headline\":\"Colis\u00e3o com cami\u00e3o faz el\u00e9trico descarrilar em Alc\u00e2ntara\",\"datePublished\":\"2026-03-10T11:28:32+00:00\",\"mainEntityOfPage\":{\"@id\":\"https:\/\/portaltela.pt\/noticias\/2026\/03\/10\/colisao-com-camiao-faz-eletrico-descarrilar-em-alcantara\/\"},\"wordCount\":136,\"image\":{\"@id\":\"https:\/\/portaltela.pt\/noticias\/2026\/03\/10\/colisao-com-camiao-faz-eletrico-descarrilar-em-alcantara\/#primaryimage\"},\"thumbnailUrl\":\"https:\/\/portaltela.pt\/s.01k8rhncp4jt1\/2026\/03\/img_1280x721uu2026-03-10-10-42-55-2271483.jpg\",\"keywords\":[\"acidente de via\u00e7\u00e3o\",\"Alc\u00e2ntara\",\"cami\u00f5es\",\"descarrilamento\",\"El\u00e9ctrico\",\"Lisboa\"],\"articleSection\":[\"Acidentes\"],\"inLanguage\":\"pt-PT\"},{\"@type\":\"WebPage\",\"@id\":\"https:\/\/portaltela.pt\/noticias\/2026\/03\/10\/colisao-com-camiao-faz-eletrico-descarrilar-em-alcantara\/\",\"url\":\"https:\/\/portaltela.pt\/noticias\/2026\/03\/10\/colisao-com-camiao-faz-eletrico-descarrilar-em-alcantara\/\",\"name\":\"Colis\u00e3o com cami\u00e3o faz el\u00e9trico descarrilar em Alc\u00e2ntara - Portal Tela Portugal\",\"isPartOf\":{\"@id\":\"https:\/\/portaltela.pt\/#website\"},\"primaryImageOfPage\":{\"@id\":\"https:\/\/portaltela.pt\/noticias\/2026\/03\/10\/colisao-com-camiao-faz-eletrico-descarrilar-em-alcantara\/#primaryimage\"},\"image\":{\"@id\":\"https:\/\/portaltela.pt\/noticias\/2026\/03\/10\/colisao-com-camiao-faz-eletrico-descarrilar-em-alcantara\/#primaryimage\"},\"thumbnailUrl\":\"https:\/\/portaltela.pt\/s.01k8rhncp4jt1\/2026\/03\/img_1280x721uu2026-03-10-10-42-55-2271483.jpg\",\"datePublished\":\"2026-03-10T11:28:32+00:00\",\"author\":{\"@id\":\"https:\/\/portaltela.pt\/#\/schema\/person\/c4278d4a6028830caff9ee44b42d32ed\"},\"breadcrumb\":{\"@id\":\"https:\/\/portaltela.pt\/noticias\/2026\/03\/10\/colisao-com-camiao-faz-eletrico-descarrilar-em-alcantara\/#breadcrumb\"},\"inLanguage\":\"pt-PT\",\"potentialAction\":[{\"@type\":\"ReadAction\",\"target\":[\"https:\/\/portaltela.pt\/noticias\/2026\/03\/10\/colisao-com-camiao-faz-eletrico-descarrilar-em-alcantara\/\"]}]},{\"@type\":\"ImageObject\",\"inLanguage\":\"pt-PT\",\"@id\":\"https:\/\/portaltela.pt\/noticias\/2026\/03\/10\/colisao-com-camiao-faz-eletrico-descarrilar-em-alcantara\/#primaryimage\",\"url\":\"https:\/\/portaltela.pt\/s.01k8rhncp4jt1\/2026\/03\/img_1280x721uu2026-03-10-10-42-55-2271483.jpg\",\"contentUrl\":\"https:\/\/portaltela.pt\/s.01k8rhncp4jt1\/2026\/03\/img_1280x721uu2026-03-10-10-42-55-2271483.jpg\",\"width\":796,\"height\":448,\"caption\":\"El\u00e9trico e cami\u00e3o de transporte excepcional colidiram em Alc\u00e2ntara\"},{\"@type\":\"BreadcrumbList\",\"@id\":\"https:\/\/portaltela.pt\/noticias\/2026\/03\/10\/colisao-com-camiao-faz-eletrico-descarrilar-em-alcantara\/#breadcrumb\",\"itemListElement\":[{\"@type\":\"ListItem\",\"position\":1,\"name\":\"In\u00edcio\",\"item\":\"https:\/\/portaltela.pt\/\"},{\"@type\":\"ListItem\",\"position\":2,\"name\":\"Colis\u00e3o com cami\u00e3o faz el\u00e9trico descarrilar em Alc\u00e2ntara\"}]},{\"@type\":\"WebSite\",\"@id\":\"https:\/\/portaltela.pt\/#website\",\"url\":\"https:\/\/portaltela.pt\/\",\"name\":\"Portal Tela Portugal\",\"description\":\"\",\"potentialAction\":[{\"@type\":\"SearchAction\",\"target\":{\"@type\":\"EntryPoint\",\"urlTemplate\":\"https:\/\/portaltela.pt\/?s={search_term_string}\"},\"query-input\":{\"@type\":\"PropertyValueSpecification\",\"valueRequired\":true,\"valueName\":\"search_term_string\"}}],\"inLanguage\":\"pt-PT\"},{\"@type\":\"Person\",\"@id\":\"https:\/\/portaltela.pt\/#\/schema\/person\/c4278d4a6028830caff9ee44b42d32ed\",\"name\":\"Telinha\",\"image\":{\"@type\":\"ImageObject\",\"inLanguage\":\"pt-PT\",\"@id\":\"https:\/\/portaltela.pt\/s.01k8rhncp4jt1\/2025\/11\/talking-bot-125x125.png\",\"url\":\"https:\/\/portaltela.pt\/s.01k8rhncp4jt1\/2025\/11\/talking-bot-125x125.png\",\"contentUrl\":\"https:\/\/portaltela.pt\/s.01k8rhncp4jt1\/2025\/11\/talking-bot-125x125.png\",\"caption\":\"Telinha\"},\"sameAs\":[\"https:\/\/portaltela.pt\/\"],\"url\":\"https:\/\/portaltela.pt\/por\/367410592786\/\"}]}<\/script>\n<!-- \/ Yoast SEO plugin. -->","yoast_head_json":{"title":"Colis\u00e3o com cami\u00e3o faz el\u00e9trico descarrilar em Alc\u00e2ntara - Portal Tela Portugal","robots":{"index":"index","follow":"follow","max-snippet":"max-snippet:-1","max-image-preview":"max-image-preview:large","max-video-preview":"max-video-preview:-1"},"og_locale":"pt_PT","og_type":"article","og_title":"Colis\u00e3o com cami\u00e3o faz el\u00e9trico descarrilar em Alc\u00e2ntara - Portal Tela Portugal","og_description":"Colis\u00e3o entre um el\u00e9trico e um cami\u00e3o de grandes dimens\u00f5es ocorreu pelas 08h00 em Alc\u00e2ntara, junto ao cruzamento entre a rua Fradesso da Silva e a rua de Cascais. O choque provocou o descarrilamento do el\u00e9trico da Carris, que ficou inclinado, mas sem feridos. O el\u00e9trico seguia sem passageiros na altura, a cumprir a carreira 25 entre a Pra\u00e7a da Figueira e os Prazeres. As causas do embate ainda n\u00e3o est\u00e3o apuradas. N\u00e3o foi necess\u00e1ria a interven\u00e7\u00e3o de pol\u00edcias ou bombeiros.","og_url":"https:\/\/portaltela.pt\/noticias\/2026\/03\/10\/colisao-com-camiao-faz-eletrico-descarrilar-em-alcantara\/","og_site_name":"Portal Tela Portugal","article_published_time":"2026-03-10T11:28:32+00:00","author":"Telinha","twitter_card":"summary_large_image","twitter_misc":{"Escrito por":"Telinha","Tempo estimado de leitura":"1 minuto"},"schema":{"@context":"https:\/\/schema.org","@graph":[{"@type":"Article","@id":"https:\/\/portaltela.pt\/noticias\/2026\/03\/10\/colisao-com-camiao-faz-eletrico-descarrilar-em-alcantara\/#article","isPartOf":{"@id":"https:\/\/portaltela.pt\/noticias\/2026\/03\/10\/colisao-com-camiao-faz-eletrico-descarrilar-em-alcantara\/"},"author":{"name":"Telinha","@id":"https:\/\/portaltela.pt\/#\/schema\/person\/c4278d4a6028830caff9ee44b42d32ed"},"headline":"Colis\u00e3o com cami\u00e3o faz el\u00e9trico descarrilar em Alc\u00e2ntara","datePublished":"2026-03-10T11:28:32+00:00","mainEntityOfPage":{"@id":"https:\/\/portaltela.pt\/noticias\/2026\/03\/10\/colisao-com-camiao-faz-eletrico-descarrilar-em-alcantara\/"},"wordCount":136,"image":{"@id":"https:\/\/portaltela.pt\/noticias\/2026\/03\/10\/colisao-com-camiao-faz-eletrico-descarrilar-em-alcantara\/#primaryimage"},"thumbnailUrl":"https:\/\/portaltela.pt\/s.01k8rhncp4jt1\/2026\/03\/img_1280x721uu2026-03-10-10-42-55-2271483.jpg","keywords":["acidente de via\u00e7\u00e3o","Alc\u00e2ntara","cami\u00f5es","descarrilamento","El\u00e9ctrico","Lisboa"],"articleSection":["Acidentes"],"inLanguage":"pt-PT"},{"@type":"WebPage","@id":"https:\/\/portaltela.pt\/noticias\/2026\/03\/10\/colisao-com-camiao-faz-eletrico-descarrilar-em-alcantara\/","url":"https:\/\/portaltela.pt\/noticias\/2026\/03\/10\/colisao-com-camiao-faz-eletrico-descarrilar-em-alcantara\/","name":"Colis\u00e3o com cami\u00e3o faz el\u00e9trico descarrilar em Alc\u00e2ntara - Portal Tela Portugal","isPartOf":{"@id":"https:\/\/portaltela.pt\/#website"},"primaryImageOfPage":{"@id":"https:\/\/portaltela.pt\/noticias\/2026\/03\/10\/colisao-com-camiao-faz-eletrico-descarrilar-em-alcantara\/#primaryimage"},"image":{"@id":"https:\/\/portaltela.pt\/noticias\/2026\/03\/10\/colisao-com-camiao-faz-eletrico-descarrilar-em-alcantara\/#primaryimage"},"thumbnailUrl":"https:\/\/portaltela.pt\/s.01k8rhncp4jt1\/2026\/03\/img_1280x721uu2026-03-10-10-42-55-2271483.jpg","datePublished":"2026-03-10T11:28:32+00:00","author":{"@id":"https:\/\/portaltela.pt\/#\/schema\/person\/c4278d4a6028830caff9ee44b42d32ed"},"breadcrumb":{"@id":"https:\/\/portaltela.pt\/noticias\/2026\/03\/10\/colisao-com-camiao-faz-eletrico-descarrilar-em-alcantara\/#breadcrumb"},"inLanguage":"pt-PT","potentialAction":[{"@type":"ReadAction","target":["https:\/\/portaltela.pt\/noticias\/2026\/03\/10\/colisao-com-camiao-faz-eletrico-descarrilar-em-alcantara\/"]}]},{"@type":"ImageObject","inLanguage":"pt-PT","@id":"https:\/\/portaltela.pt\/noticias\/2026\/03\/10\/colisao-com-camiao-faz-eletrico-descarrilar-em-alcantara\/#primaryimage","url":"https:\/\/portaltela.pt\/s.01k8rhncp4jt1\/2026\/03\/img_1280x721uu2026-03-10-10-42-55-2271483.jpg","contentUrl":"https:\/\/portaltela.pt\/s.01k8rhncp4jt1\/2026\/03\/img_1280x721uu2026-03-10-10-42-55-2271483.jpg","width":796,"height":448,"caption":"El\u00e9trico e cami\u00e3o de transporte excepcional colidiram em Alc\u00e2ntara"},{"@type":"BreadcrumbList","@id":"https:\/\/portaltela.pt\/noticias\/2026\/03\/10\/colisao-com-camiao-faz-eletrico-descarrilar-em-alcantara\/#breadcrumb","itemListElement":[{"@type":"ListItem","position":1,"name":"In\u00edcio","item":"https:\/\/portaltela.pt\/"},{"@type":"ListItem","position":2,"name":"Colis\u00e3o com cami\u00e3o faz el\u00e9trico descarrilar em Alc\u00e2ntara"}]},{"@type":"WebSite","@id":"https:\/\/portaltela.pt\/#website","url":"https:\/\/portaltela.pt\/","name":"Portal Tela Portugal","description":"","potentialAction":[{"@type":"SearchAction","target":{"@type":"EntryPoint","urlTemplate":"https:\/\/portaltela.pt\/?s={search_term_string}"},"query-input":{"@type":"PropertyValueSpecification","valueRequired":true,"valueName":"search_term_string"}}],"inLanguage":"pt-PT"},{"@type":"Person","@id":"https:\/\/portaltela.pt\/#\/schema\/person\/c4278d4a6028830caff9ee44b42d32ed","name":"Telinha","image":{"@type":"ImageObject","inLanguage":"pt-PT","@id":"https:\/\/portaltela.pt\/s.01k8rhncp4jt1\/2025\/11\/talking-bot-125x125.png","url":"https:\/\/portaltela.pt\/s.01k8rhncp4jt1\/2025\/11\/talking-bot-125x125.png","contentUrl":"https:\/\/portaltela.pt\/s.01k8rhncp4jt1\/2025\/11\/talking-bot-125x125.png","caption":"Telinha"},"sameAs":["https:\/\/portaltela.pt\/"],"url":"https:\/\/portaltela.pt\/por\/367410592786\/"}]}},"_links":{"self":[{"href":"https:\/\/portaltela.pt\/api\/wp\/v2\/posts\/404502","targetHints":{"allow":["GET"]}}],"collection":[{"href":"https:\/\/portaltela.pt\/api\/wp\/v2\/posts"}],"about":[{"href":"https:\/\/portaltela.pt\/api\/wp\/v2\/types\/post"}],"author":[{"embeddable":true,"href":"https:\/\/portaltela.pt\/api\/wp\/v2\/users\/2"}],"replies":[{"embeddable":true,"href":"https:\/\/portaltela.pt\/api\/wp\/v2\/comments?post=404502"}],"version-history":[{"count":0,"href":"https:\/\/portaltela.pt\/api\/wp\/v2\/posts\/404502\/revisions"}],"wp:featuredmedia":[{"embeddable":true,"href":"https:\/\/portaltela.pt\/api\/wp\/v2\/media\/404505"}],"wp:attachment":[{"href":"https:\/\/portaltela.pt\/api\/wp\/v2\/media?parent=404502"}],"wp:term":[{"taxonomy":"category","embeddable":true,"href":"https:\/\/portaltela.pt\/api\/wp\/v2\/categories?post=404502"},{"taxonomy":"post_tag","embeddable":true,"href":"https:\/\/portaltela.pt\/api\/wp\/v2\/tags?post=404502"}],"curies":[{"name":"wp","href":"https:\/\/api.w.org\/{rel}","templated":true}]}}