{"id":404500,"date":"2026-03-10T08:20:00","date_gmt":"2026-03-10T11:20:00","guid":{"rendered":"https:\/\/portaltela.pt\/noticias\/2026\/03\/10\/villas-boas-nao-era-bom-numa-coisa-mas-era-bom-em-tudo-diz-entrevista\/"},"modified":"2026-03-10T08:20:00","modified_gmt":"2026-03-10T11:20:00","slug":"villas-boas-nao-era-bom-numa-coisa-mas-era-bom-em-tudo-diz-entrevista","status":"publish","type":"post","link":"https:\/\/portaltela.pt\/desporto\/futebol\/2026\/03\/10\/villas-boas-nao-era-bom-numa-coisa-mas-era-bom-em-tudo-diz-entrevista\/","title":{"rendered":"Villas-Boas: n\u00e3o era bom numa coisa, mas era bom em tudo, diz entrevista"},"content":{"rendered":"<p>O ex-futebolista Ukra revelou detalhes sobre a final da Liga Europa de 2010\/11, disputada entre FC Porto e Sp. Braga, quando o Porto venceu por 1-0 com golo de Radamel Falc\u00e3o. Ukra, que tinha sido emprestado ao Braga, participou da campanha com o Porto na primeira fase e esteve em Dublin para a final, mesmo sem poder jogar pela sua equipa de origem.<\/p>\n<p>O jogador, que integrou o plantel azul e branco entre 2007 e 2013, lembrou que o Braga chegou \u00e0 final apesar de n\u00e3o poder contar com ele na competi\u00e7\u00e3o europeia. Em declara\u00e7\u00f5es \u00e0 Lusa, afirmou que, se o Braga tivesse ganho, tamb\u00e9m se sentiria vencedor por ter feito parte do grupo e treinado diariamente com rigor, mesmo n\u00e3o jogando a final.<\/p>\n<p>A 18 de maio de 2011, o FC Porto, orientado por Andr\u00e9 Villas-Boas, conquistou o s\u00e9timo trof\u00e9u europeu do clube ao derrotar o Braga, estreante em finais da competi\u00e7\u00e3o, em Dublin. O golo foi de Falc\u00e3o, o que aumentou o registo pessoal do colombiano na competi\u00e7\u00e3o, que incluiu 17 remates certeiros nessa edi\u00e7\u00e3o.<\/p>\n<p>O avan\u00e7ado recordou que a final n\u00e3o foi espetacular, mas foi disputada e taticamente exigente. A tens\u00e3o t\u00edpica de uma final, segundo Ukra, esteve presente, e ele manteve-se ao lado da comitiva minhota ap\u00f3s a vit\u00f3ria, n\u00e3o entrando nas celebra\u00e7\u00f5es do outro lado.<\/p>\n<p>Ukra destacou ainda a \u00e9poca vitoriosa do Porto, que venceu tamb\u00e9m o campeonato nacional sem derrotas, a Ta\u00e7a de Portugal e a Superta\u00e7a C\u00e2ndido de Oliveira sob o mesmo treinador. Villas-Boas acabou por seguir para o Chelsea, no ver\u00e3o de 2011, ap\u00f3s esse ciclo vitorioso.<\/p>\n<p>O antigo extremo relembrou o papel de Villas-Boas: considerou que o t\u00e9cnico n\u00e3o era excelente em tudo, mas tinha um grande valor agregado. Al\u00e9m dele, surgiram refor\u00e7os como Otamendi, Moutinho, Souza, James Rodr\u00edguez, Helton, Rolando, \u00c1lvaro Pereira, Fernando, Guar\u00edn, Belluschi e Varela, que contribu\u00edram para a conquista de tr\u00eas trof\u00e9us nesse per\u00edodo.<\/p>\n<p>Ukra explicou que, na altura, o Porto era um clube vencedor comambiente competitivo, o que ajudou a formar um grande coletivo. Destacou que, embora houvesse rivalidade entre jogadores, n\u00e3o houve inveja entre Fulano e Sicrano quanto aos golos, mantendo o foco no objetivo comum.<\/p>\n<p>Formado no Porto, Ukra chegou \u00e0 equipa principal ap\u00f3s passagens por Varzim e Olhanense. A partir da\u00ed, rumou ao Braga, ent\u00e3o vice-campe\u00e3o nacional, permanecendo com o Braga at\u00e9 ao in\u00edcio de 2012, antes de regressar ao final da \u00e9poca a \u0441\u043c\u0435\u0448.<\/p>\n","protected":false},"excerpt":{"rendered":"<ul>\n<li>Ukra, ex-jugador do FC Porto, ganhou a Liga Europa de 2010\/11 embora estivesse emprestado ao Sp. Braga na final, sem poder atuar pela equipa minhota.<\/li>\n<li>A final ocorreu a dezoito de maio de 2011, em Dublin, e o Porto venceu o Braga, por um zero, com golo de Radamel Falc\u00e3o; Andr\u00e9 Villas-Boas era o treinador do Porto.<\/li>\n<li>Ukra afirmou que, se o Sp. Braga tivesse vencido, tamb\u00e9m se sentiria vencedor, pois fazia parte do grupo e treinava todos os dias, mesmo sem jogar na competi\u00e7\u00e3o continental.<\/li>\n<li>O antigo avan\u00e7ado recorda a presta\u00e7\u00e3o de Falc\u00e3o na campanha, com 17 golos, e orgulha-se de o Porto ter alcan\u00e7ado tamb\u00e9m Ta\u00e7a de Portugal, Superta\u00e7a e o campeonato sem derrotas nessa \u00e9poca.<\/li>\n<li>Ukra elogia o ambiente da equipa e refere que o segredo do sucesso passa por ter um treinador como Villas-Boas, que, segundo ele, era \u201cbom mais\u201d em tudo, aliado a um plantel com muitos golos.<\/li>\n<\/ul>\n","protected":false},"author":2,"featured_media":404503,"comment_status":"closed","ping_status":"closed","sticky":false,"template":"","format":"standard","meta":{"footnotes":""},"categories":[21,24],"tags":[1207,5544,32,6962,982,5609],"class_list":["post-404500","post","type-post","status-publish","format-standard","has-post-thumbnail","hentry","category-desporto","category-futebol","tag-braga","tag-europa-league","tag-futebol","tag-james-rodriguez","tag-porto","tag-villas-boas"],"yoast_head":"<!-- This site is optimized with the Yoast SEO plugin v27.2 - https:\/\/yoast.com\/product\/yoast-seo-wordpress\/ -->\n<title>Villas-Boas: n\u00e3o era bom numa coisa, mas era bom em tudo, diz entrevista - Portal Tela Portugal<\/title>\n<meta name=\"robots\" content=\"index, follow, max-snippet:-1, max-image-preview:large, max-video-preview:-1\" \/>\n<meta property=\"og:locale\" content=\"pt_PT\" \/>\n<meta property=\"og:type\" content=\"article\" \/>\n<meta property=\"og:title\" content=\"Villas-Boas: n\u00e3o era bom numa coisa, mas era bom em tudo, diz entrevista - Portal Tela Portugal\" \/>\n<meta property=\"og:description\" content=\"Ukra, ex-jugador do FC Porto, ganhou a Liga Europa de 2010\/11 embora estivesse emprestado ao Sp. Braga na final, sem poder atuar pela equipa minhota. A final ocorreu a dezoito de maio de 2011, em Dublin, e o Porto venceu o Braga, por um zero, com golo de Radamel Falc\u00e3o; Andr\u00e9 Villas-Boas era o treinador do Porto. Ukra afirmou que, se o Sp. Braga tivesse vencido, tamb\u00e9m se sentiria vencedor, pois fazia parte do grupo e treinava todos os dias, mesmo sem jogar na competi\u00e7\u00e3o continental. O antigo avan\u00e7ado recorda a presta\u00e7\u00e3o de Falc\u00e3o na campanha, com 17 golos, e orgulha-se de o Porto ter alcan\u00e7ado tamb\u00e9m Ta\u00e7a de Portugal, Superta\u00e7a e o campeonato sem derrotas nessa \u00e9poca. Ukra elogia o ambiente da equipa e refere que o segredo do sucesso passa por ter um treinador como Villas-Boas, que, segundo ele, era \u201cbom mais\u201d em tudo, aliado a um plantel com muitos golos.\" \/>\n<meta property=\"og:url\" content=\"https:\/\/portaltela.pt\/noticias\/2026\/03\/10\/villas-boas-nao-era-bom-numa-coisa-mas-era-bom-em-tudo-diz-entrevista\/\" \/>\n<meta property=\"og:site_name\" content=\"Portal Tela Portugal\" \/>\n<meta property=\"article:published_time\" content=\"2026-03-10T11:20:00+00:00\" \/>\n<meta name=\"author\" content=\"Telinha\" \/>\n<meta name=\"twitter:card\" content=\"summary_large_image\" \/>\n<meta name=\"twitter:label1\" content=\"Escrito por\" \/>\n\t<meta name=\"twitter:data1\" content=\"Telinha\" \/>\n\t<meta name=\"twitter:label2\" content=\"Tempo estimado de leitura\" \/>\n\t<meta name=\"twitter:data2\" content=\"2 minutos\" \/>\n<script type=\"application\/ld+json\" class=\"yoast-schema-graph\">{\"@context\":\"https:\/\/schema.org\",\"@graph\":[{\"@type\":\"Article\",\"@id\":\"https:\/\/portaltela.pt\/noticias\/2026\/03\/10\/villas-boas-nao-era-bom-numa-coisa-mas-era-bom-em-tudo-diz-entrevista\/#article\",\"isPartOf\":{\"@id\":\"https:\/\/portaltela.pt\/noticias\/2026\/03\/10\/villas-boas-nao-era-bom-numa-coisa-mas-era-bom-em-tudo-diz-entrevista\/\"},\"author\":{\"name\":\"Telinha\",\"@id\":\"https:\/\/portaltela.pt\/#\/schema\/person\/c4278d4a6028830caff9ee44b42d32ed\"},\"headline\":\"Villas-Boas: n\u00e3o era bom numa coisa, mas era bom em tudo, diz entrevista\",\"datePublished\":\"2026-03-10T11:20:00+00:00\",\"mainEntityOfPage\":{\"@id\":\"https:\/\/portaltela.pt\/noticias\/2026\/03\/10\/villas-boas-nao-era-bom-numa-coisa-mas-era-bom-em-tudo-diz-entrevista\/\"},\"wordCount\":446,\"image\":{\"@id\":\"https:\/\/portaltela.pt\/noticias\/2026\/03\/10\/villas-boas-nao-era-bom-numa-coisa-mas-era-bom-em-tudo-diz-entrevista\/#primaryimage\"},\"thumbnailUrl\":\"https:\/\/portaltela.pt\/s.01k8rhncp4jt1\/2026\/03\/img_920x518uu2026-03-10-11-15-51-2425973-im-639087381616010795.jpg\",\"keywords\":[\"Braga\",\"Europa League\",\"futebol\",\"James Rodr\u00edguez\",\"Porto\",\"Villas-Boas\"],\"articleSection\":[\"Desporto\",\"Futebol\"],\"inLanguage\":\"pt-PT\"},{\"@type\":\"WebPage\",\"@id\":\"https:\/\/portaltela.pt\/noticias\/2026\/03\/10\/villas-boas-nao-era-bom-numa-coisa-mas-era-bom-em-tudo-diz-entrevista\/\",\"url\":\"https:\/\/portaltela.pt\/noticias\/2026\/03\/10\/villas-boas-nao-era-bom-numa-coisa-mas-era-bom-em-tudo-diz-entrevista\/\",\"name\":\"Villas-Boas: n\u00e3o era bom numa coisa, mas era bom em tudo, diz entrevista - Portal Tela Portugal\",\"isPartOf\":{\"@id\":\"https:\/\/portaltela.pt\/#website\"},\"primaryImageOfPage\":{\"@id\":\"https:\/\/portaltela.pt\/noticias\/2026\/03\/10\/villas-boas-nao-era-bom-numa-coisa-mas-era-bom-em-tudo-diz-entrevista\/#primaryimage\"},\"image\":{\"@id\":\"https:\/\/portaltela.pt\/noticias\/2026\/03\/10\/villas-boas-nao-era-bom-numa-coisa-mas-era-bom-em-tudo-diz-entrevista\/#primaryimage\"},\"thumbnailUrl\":\"https:\/\/portaltela.pt\/s.01k8rhncp4jt1\/2026\/03\/img_920x518uu2026-03-10-11-15-51-2425973-im-639087381616010795.jpg\",\"datePublished\":\"2026-03-10T11:20:00+00:00\",\"author\":{\"@id\":\"https:\/\/portaltela.pt\/#\/schema\/person\/c4278d4a6028830caff9ee44b42d32ed\"},\"breadcrumb\":{\"@id\":\"https:\/\/portaltela.pt\/noticias\/2026\/03\/10\/villas-boas-nao-era-bom-numa-coisa-mas-era-bom-em-tudo-diz-entrevista\/#breadcrumb\"},\"inLanguage\":\"pt-PT\",\"potentialAction\":[{\"@type\":\"ReadAction\",\"target\":[\"https:\/\/portaltela.pt\/noticias\/2026\/03\/10\/villas-boas-nao-era-bom-numa-coisa-mas-era-bom-em-tudo-diz-entrevista\/\"]}]},{\"@type\":\"ImageObject\",\"inLanguage\":\"pt-PT\",\"@id\":\"https:\/\/portaltela.pt\/noticias\/2026\/03\/10\/villas-boas-nao-era-bom-numa-coisa-mas-era-bom-em-tudo-diz-entrevista\/#primaryimage\",\"url\":\"https:\/\/portaltela.pt\/s.01k8rhncp4jt1\/2026\/03\/img_920x518uu2026-03-10-11-15-51-2425973-im-639087381616010795.jpg\",\"contentUrl\":\"https:\/\/portaltela.pt\/s.01k8rhncp4jt1\/2026\/03\/img_920x518uu2026-03-10-11-15-51-2425973-im-639087381616010795.jpg\",\"width\":796,\"height\":448,\"caption\":\"Ukra e Villas-Boas num treino do FC Porto em setembro de 2010\"},{\"@type\":\"BreadcrumbList\",\"@id\":\"https:\/\/portaltela.pt\/noticias\/2026\/03\/10\/villas-boas-nao-era-bom-numa-coisa-mas-era-bom-em-tudo-diz-entrevista\/#breadcrumb\",\"itemListElement\":[{\"@type\":\"ListItem\",\"position\":1,\"name\":\"In\u00edcio\",\"item\":\"https:\/\/portaltela.pt\/\"},{\"@type\":\"ListItem\",\"position\":2,\"name\":\"Villas-Boas: n\u00e3o era bom numa coisa, mas era bom em tudo, diz entrevista\"}]},{\"@type\":\"WebSite\",\"@id\":\"https:\/\/portaltela.pt\/#website\",\"url\":\"https:\/\/portaltela.pt\/\",\"name\":\"Portal Tela Portugal\",\"description\":\"\",\"potentialAction\":[{\"@type\":\"SearchAction\",\"target\":{\"@type\":\"EntryPoint\",\"urlTemplate\":\"https:\/\/portaltela.pt\/?s={search_term_string}\"},\"query-input\":{\"@type\":\"PropertyValueSpecification\",\"valueRequired\":true,\"valueName\":\"search_term_string\"}}],\"inLanguage\":\"pt-PT\"},{\"@type\":\"Person\",\"@id\":\"https:\/\/portaltela.pt\/#\/schema\/person\/c4278d4a6028830caff9ee44b42d32ed\",\"name\":\"Telinha\",\"image\":{\"@type\":\"ImageObject\",\"inLanguage\":\"pt-PT\",\"@id\":\"https:\/\/portaltela.pt\/s.01k8rhncp4jt1\/2025\/11\/talking-bot-125x125.png\",\"url\":\"https:\/\/portaltela.pt\/s.01k8rhncp4jt1\/2025\/11\/talking-bot-125x125.png\",\"contentUrl\":\"https:\/\/portaltela.pt\/s.01k8rhncp4jt1\/2025\/11\/talking-bot-125x125.png\",\"caption\":\"Telinha\"},\"sameAs\":[\"https:\/\/portaltela.pt\/\"],\"url\":\"https:\/\/portaltela.pt\/por\/367410592786\/\"}]}<\/script>\n<!-- \/ Yoast SEO plugin. -->","yoast_head_json":{"title":"Villas-Boas: n\u00e3o era bom numa coisa, mas era bom em tudo, diz entrevista - Portal Tela Portugal","robots":{"index":"index","follow":"follow","max-snippet":"max-snippet:-1","max-image-preview":"max-image-preview:large","max-video-preview":"max-video-preview:-1"},"og_locale":"pt_PT","og_type":"article","og_title":"Villas-Boas: n\u00e3o era bom numa coisa, mas era bom em tudo, diz entrevista - Portal Tela Portugal","og_description":"Ukra, ex-jugador do FC Porto, ganhou a Liga Europa de 2010\/11 embora estivesse emprestado ao Sp. Braga na final, sem poder atuar pela equipa minhota. A final ocorreu a dezoito de maio de 2011, em Dublin, e o Porto venceu o Braga, por um zero, com golo de Radamel Falc\u00e3o; Andr\u00e9 Villas-Boas era o treinador do Porto. Ukra afirmou que, se o Sp. Braga tivesse vencido, tamb\u00e9m se sentiria vencedor, pois fazia parte do grupo e treinava todos os dias, mesmo sem jogar na competi\u00e7\u00e3o continental. O antigo avan\u00e7ado recorda a presta\u00e7\u00e3o de Falc\u00e3o na campanha, com 17 golos, e orgulha-se de o Porto ter alcan\u00e7ado tamb\u00e9m Ta\u00e7a de Portugal, Superta\u00e7a e o campeonato sem derrotas nessa \u00e9poca. Ukra elogia o ambiente da equipa e refere que o segredo do sucesso passa por ter um treinador como Villas-Boas, que, segundo ele, era \u201cbom mais\u201d em tudo, aliado a um plantel com muitos golos.","og_url":"https:\/\/portaltela.pt\/noticias\/2026\/03\/10\/villas-boas-nao-era-bom-numa-coisa-mas-era-bom-em-tudo-diz-entrevista\/","og_site_name":"Portal Tela Portugal","article_published_time":"2026-03-10T11:20:00+00:00","author":"Telinha","twitter_card":"summary_large_image","twitter_misc":{"Escrito por":"Telinha","Tempo estimado de leitura":"2 minutos"},"schema":{"@context":"https:\/\/schema.org","@graph":[{"@type":"Article","@id":"https:\/\/portaltela.pt\/noticias\/2026\/03\/10\/villas-boas-nao-era-bom-numa-coisa-mas-era-bom-em-tudo-diz-entrevista\/#article","isPartOf":{"@id":"https:\/\/portaltela.pt\/noticias\/2026\/03\/10\/villas-boas-nao-era-bom-numa-coisa-mas-era-bom-em-tudo-diz-entrevista\/"},"author":{"name":"Telinha","@id":"https:\/\/portaltela.pt\/#\/schema\/person\/c4278d4a6028830caff9ee44b42d32ed"},"headline":"Villas-Boas: n\u00e3o era bom numa coisa, mas era bom em tudo, diz entrevista","datePublished":"2026-03-10T11:20:00+00:00","mainEntityOfPage":{"@id":"https:\/\/portaltela.pt\/noticias\/2026\/03\/10\/villas-boas-nao-era-bom-numa-coisa-mas-era-bom-em-tudo-diz-entrevista\/"},"wordCount":446,"image":{"@id":"https:\/\/portaltela.pt\/noticias\/2026\/03\/10\/villas-boas-nao-era-bom-numa-coisa-mas-era-bom-em-tudo-diz-entrevista\/#primaryimage"},"thumbnailUrl":"https:\/\/portaltela.pt\/s.01k8rhncp4jt1\/2026\/03\/img_920x518uu2026-03-10-11-15-51-2425973-im-639087381616010795.jpg","keywords":["Braga","Europa League","futebol","James Rodr\u00edguez","Porto","Villas-Boas"],"articleSection":["Desporto","Futebol"],"inLanguage":"pt-PT"},{"@type":"WebPage","@id":"https:\/\/portaltela.pt\/noticias\/2026\/03\/10\/villas-boas-nao-era-bom-numa-coisa-mas-era-bom-em-tudo-diz-entrevista\/","url":"https:\/\/portaltela.pt\/noticias\/2026\/03\/10\/villas-boas-nao-era-bom-numa-coisa-mas-era-bom-em-tudo-diz-entrevista\/","name":"Villas-Boas: n\u00e3o era bom numa coisa, mas era bom em tudo, diz entrevista - Portal Tela Portugal","isPartOf":{"@id":"https:\/\/portaltela.pt\/#website"},"primaryImageOfPage":{"@id":"https:\/\/portaltela.pt\/noticias\/2026\/03\/10\/villas-boas-nao-era-bom-numa-coisa-mas-era-bom-em-tudo-diz-entrevista\/#primaryimage"},"image":{"@id":"https:\/\/portaltela.pt\/noticias\/2026\/03\/10\/villas-boas-nao-era-bom-numa-coisa-mas-era-bom-em-tudo-diz-entrevista\/#primaryimage"},"thumbnailUrl":"https:\/\/portaltela.pt\/s.01k8rhncp4jt1\/2026\/03\/img_920x518uu2026-03-10-11-15-51-2425973-im-639087381616010795.jpg","datePublished":"2026-03-10T11:20:00+00:00","author":{"@id":"https:\/\/portaltela.pt\/#\/schema\/person\/c4278d4a6028830caff9ee44b42d32ed"},"breadcrumb":{"@id":"https:\/\/portaltela.pt\/noticias\/2026\/03\/10\/villas-boas-nao-era-bom-numa-coisa-mas-era-bom-em-tudo-diz-entrevista\/#breadcrumb"},"inLanguage":"pt-PT","potentialAction":[{"@type":"ReadAction","target":["https:\/\/portaltela.pt\/noticias\/2026\/03\/10\/villas-boas-nao-era-bom-numa-coisa-mas-era-bom-em-tudo-diz-entrevista\/"]}]},{"@type":"ImageObject","inLanguage":"pt-PT","@id":"https:\/\/portaltela.pt\/noticias\/2026\/03\/10\/villas-boas-nao-era-bom-numa-coisa-mas-era-bom-em-tudo-diz-entrevista\/#primaryimage","url":"https:\/\/portaltela.pt\/s.01k8rhncp4jt1\/2026\/03\/img_920x518uu2026-03-10-11-15-51-2425973-im-639087381616010795.jpg","contentUrl":"https:\/\/portaltela.pt\/s.01k8rhncp4jt1\/2026\/03\/img_920x518uu2026-03-10-11-15-51-2425973-im-639087381616010795.jpg","width":796,"height":448,"caption":"Ukra e Villas-Boas num treino do FC Porto em setembro de 2010"},{"@type":"BreadcrumbList","@id":"https:\/\/portaltela.pt\/noticias\/2026\/03\/10\/villas-boas-nao-era-bom-numa-coisa-mas-era-bom-em-tudo-diz-entrevista\/#breadcrumb","itemListElement":[{"@type":"ListItem","position":1,"name":"In\u00edcio","item":"https:\/\/portaltela.pt\/"},{"@type":"ListItem","position":2,"name":"Villas-Boas: n\u00e3o era bom numa coisa, mas era bom em tudo, diz entrevista"}]},{"@type":"WebSite","@id":"https:\/\/portaltela.pt\/#website","url":"https:\/\/portaltela.pt\/","name":"Portal Tela Portugal","description":"","potentialAction":[{"@type":"SearchAction","target":{"@type":"EntryPoint","urlTemplate":"https:\/\/portaltela.pt\/?s={search_term_string}"},"query-input":{"@type":"PropertyValueSpecification","valueRequired":true,"valueName":"search_term_string"}}],"inLanguage":"pt-PT"},{"@type":"Person","@id":"https:\/\/portaltela.pt\/#\/schema\/person\/c4278d4a6028830caff9ee44b42d32ed","name":"Telinha","image":{"@type":"ImageObject","inLanguage":"pt-PT","@id":"https:\/\/portaltela.pt\/s.01k8rhncp4jt1\/2025\/11\/talking-bot-125x125.png","url":"https:\/\/portaltela.pt\/s.01k8rhncp4jt1\/2025\/11\/talking-bot-125x125.png","contentUrl":"https:\/\/portaltela.pt\/s.01k8rhncp4jt1\/2025\/11\/talking-bot-125x125.png","caption":"Telinha"},"sameAs":["https:\/\/portaltela.pt\/"],"url":"https:\/\/portaltela.pt\/por\/367410592786\/"}]}},"_links":{"self":[{"href":"https:\/\/portaltela.pt\/api\/wp\/v2\/posts\/404500","targetHints":{"allow":["GET"]}}],"collection":[{"href":"https:\/\/portaltela.pt\/api\/wp\/v2\/posts"}],"about":[{"href":"https:\/\/portaltela.pt\/api\/wp\/v2\/types\/post"}],"author":[{"embeddable":true,"href":"https:\/\/portaltela.pt\/api\/wp\/v2\/users\/2"}],"replies":[{"embeddable":true,"href":"https:\/\/portaltela.pt\/api\/wp\/v2\/comments?post=404500"}],"version-history":[{"count":0,"href":"https:\/\/portaltela.pt\/api\/wp\/v2\/posts\/404500\/revisions"}],"wp:featuredmedia":[{"embeddable":true,"href":"https:\/\/portaltela.pt\/api\/wp\/v2\/media\/404503"}],"wp:attachment":[{"href":"https:\/\/portaltela.pt\/api\/wp\/v2\/media?parent=404500"}],"wp:term":[{"taxonomy":"category","embeddable":true,"href":"https:\/\/portaltela.pt\/api\/wp\/v2\/categories?post=404500"},{"taxonomy":"post_tag","embeddable":true,"href":"https:\/\/portaltela.pt\/api\/wp\/v2\/tags?post=404500"}],"curies":[{"name":"wp","href":"https:\/\/api.w.org\/{rel}","templated":true}]}}