{"id":404499,"date":"2026-03-10T08:28:00","date_gmt":"2026-03-10T11:28:00","guid":{"rendered":"https:\/\/portaltela.pt\/noticias\/2026\/03\/10\/diretor-do-jornal-pagina-um-absolvido-de-difamacao-de-gouveia-e-melo\/"},"modified":"2026-03-10T08:28:00","modified_gmt":"2026-03-10T11:28:00","slug":"diretor-do-jornal-pagina-um-absolvido-de-difamacao-de-gouveia-e-melo","status":"publish","type":"post","link":"https:\/\/portaltela.pt\/noticias\/2026\/03\/10\/diretor-do-jornal-pagina-um-absolvido-de-difamacao-de-gouveia-e-melo\/","title":{"rendered":"Diretor do jornal P\u00e1gina Um absolvido de difama\u00e7\u00e3o de Gouveia e Melo"},"content":{"rendered":"<p>O diretor do jornal P\u00e1gina Um foi hoje absolvido de difama\u00e7\u00e3o, cal\u00fania e publicidade, em rela\u00e7\u00e3o a textos sobre Henrique Gouveia e Melo. A decis\u00e3o incluiu tamb\u00e9m a absolvi\u00e7\u00e3o de crime de ofensa a organismo, ligado \u00e0 Ordem dos M\u00e9dicos.<\/p>\n<p>O tribunal considerou a acusa\u00e7\u00e3o do Minist\u00e9rio P\u00fablico totalmente improcedente, decidindo pela absolvi\u00e7\u00e3o de Pedro Vieira pelos crimes de difama\u00e7\u00e3o agravada, cal\u00fania e publicidade, bem como pela ofensa a organismo.<\/p>\n<p>Segundo a decis\u00e3o, n\u00e3o ficou provado que o jornalista tivesse planeado ofender a honra dos intervenientes do processo, incluindo a Ordem dos M\u00e9dicos, os m\u00e9dicos Miguel Guimar\u00e3es, Filipe Froes e Lu\u00eds Varandas, e o ex-chefe do Estado-M Maior da Armada, Henrique Gouveia e Melo.<\/p>\n","protected":false},"excerpt":{"rendered":"<ul>\n<li>O diretor do jornal P\u00e1gina Um, Pedro Vieira, foi absolvido de difama\u00e7\u00e3o, cal\u00fania e publicidade e de ofensa a organismo relativos \u00e0 Ordem dos M\u00e9dicos.<\/li>\n<li>O tribunal considerou a acusa\u00e7\u00e3o do Minist\u00e9rio P\u00fablico totalmente improcedente.<\/li>\n<li>Foram rejeitadas as acusa\u00e7\u00f5es de difama\u00e7\u00e3o agravada, tr\u00eas crimes de cal\u00fania e publicidade e o crime de ofensa a organismo.<\/li>\n<li>N\u00e3o ficou provado que Vieira tivesse planeado ofender a honra dos assistentes, incluindo a Ordem dos M\u00e9dicos, m\u00e9dicos Miguel Guimar\u00e3es, Filipe Froes, Lu\u00eds Varandas e Henrique Gouveia e Melo.<\/li>\n<li>O processo envolve textos relacionados com Henrique Gouveia e Melo.<\/li>\n<\/ul>\n","protected":false},"author":2,"featured_media":404501,"comment_status":"closed","ping_status":"closed","sticky":false,"template":"","format":"standard","meta":{"footnotes":""},"categories":[6815,1],"tags":[5783,6285,147,2442,6854,5661],"class_list":["post-404499","post","type-post","status-publish","format-standard","has-post-thumbnail","hentry","category-justica","category-noticias","tag-a-ordem-dos-medicos","tag-calunia","tag-crime","tag-difamacao","tag-medicos","tag-pessoas-publicas"],"yoast_head":"<!-- This site is optimized with the Yoast SEO plugin v27.2 - https:\/\/yoast.com\/product\/yoast-seo-wordpress\/ -->\n<title>Diretor do jornal P\u00e1gina Um absolvido de difama\u00e7\u00e3o de Gouveia e Melo - Portal Tela Portugal<\/title>\n<meta name=\"robots\" content=\"index, follow, max-snippet:-1, max-image-preview:large, max-video-preview:-1\" \/>\n<meta property=\"og:locale\" content=\"pt_PT\" \/>\n<meta property=\"og:type\" content=\"article\" \/>\n<meta property=\"og:title\" content=\"Diretor do jornal P\u00e1gina Um absolvido de difama\u00e7\u00e3o de Gouveia e Melo - Portal Tela Portugal\" \/>\n<meta property=\"og:description\" content=\"O diretor do jornal P\u00e1gina Um, Pedro Vieira, foi absolvido de difama\u00e7\u00e3o, cal\u00fania e publicidade e de ofensa a organismo relativos \u00e0 Ordem dos M\u00e9dicos. O tribunal considerou a acusa\u00e7\u00e3o do Minist\u00e9rio P\u00fablico totalmente improcedente. Foram rejeitadas as acusa\u00e7\u00f5es de difama\u00e7\u00e3o agravada, tr\u00eas crimes de cal\u00fania e publicidade e o crime de ofensa a organismo. N\u00e3o ficou provado que Vieira tivesse planeado ofender a honra dos assistentes, incluindo a Ordem dos M\u00e9dicos, m\u00e9dicos Miguel Guimar\u00e3es, Filipe Froes, Lu\u00eds Varandas e Henrique Gouveia e Melo. O processo envolve textos relacionados com Henrique Gouveia e Melo.\" \/>\n<meta property=\"og:url\" content=\"https:\/\/portaltela.pt\/noticias\/2026\/03\/10\/diretor-do-jornal-pagina-um-absolvido-de-difamacao-de-gouveia-e-melo\/\" \/>\n<meta property=\"og:site_name\" content=\"Portal Tela Portugal\" \/>\n<meta property=\"article:published_time\" content=\"2026-03-10T11:28:00+00:00\" \/>\n<meta name=\"author\" content=\"Telinha\" \/>\n<meta name=\"twitter:card\" content=\"summary_large_image\" \/>\n<meta name=\"twitter:label1\" content=\"Escrito por\" \/>\n\t<meta name=\"twitter:data1\" content=\"Telinha\" \/>\n\t<meta name=\"twitter:label2\" content=\"Tempo estimado de leitura\" \/>\n\t<meta name=\"twitter:data2\" content=\"1 minuto\" \/>\n<script type=\"application\/ld+json\" class=\"yoast-schema-graph\">{\"@context\":\"https:\/\/schema.org\",\"@graph\":[{\"@type\":\"Article\",\"@id\":\"https:\/\/portaltela.pt\/noticias\/2026\/03\/10\/diretor-do-jornal-pagina-um-absolvido-de-difamacao-de-gouveia-e-melo\/#article\",\"isPartOf\":{\"@id\":\"https:\/\/portaltela.pt\/noticias\/2026\/03\/10\/diretor-do-jornal-pagina-um-absolvido-de-difamacao-de-gouveia-e-melo\/\"},\"author\":{\"name\":\"Telinha\",\"@id\":\"https:\/\/portaltela.pt\/#\/schema\/person\/c4278d4a6028830caff9ee44b42d32ed\"},\"headline\":\"Diretor do jornal P\u00e1gina Um absolvido de difama\u00e7\u00e3o de Gouveia e Melo\",\"datePublished\":\"2026-03-10T11:28:00+00:00\",\"mainEntityOfPage\":{\"@id\":\"https:\/\/portaltela.pt\/noticias\/2026\/03\/10\/diretor-do-jornal-pagina-um-absolvido-de-difamacao-de-gouveia-e-melo\/\"},\"wordCount\":147,\"image\":{\"@id\":\"https:\/\/portaltela.pt\/noticias\/2026\/03\/10\/diretor-do-jornal-pagina-um-absolvido-de-difamacao-de-gouveia-e-melo\/#primaryimage\"},\"thumbnailUrl\":\"https:\/\/portaltela.pt\/s.01k8rhncp4jt1\/2026\/03\/img_1500x1000uu2025-12-26-21-23-03-2256543.jpg\",\"keywords\":[\"A Ordem dos M\u00e9dicos\",\"cal\u00fania\",\"crime\",\"difama\u00e7\u00e3o\",\"M\u00e9dicos\",\"pessoas p\u00fablicas\"],\"articleSection\":[\"Justi\u00e7a\",\"Not\u00edcias\"],\"inLanguage\":\"pt-PT\"},{\"@type\":\"WebPage\",\"@id\":\"https:\/\/portaltela.pt\/noticias\/2026\/03\/10\/diretor-do-jornal-pagina-um-absolvido-de-difamacao-de-gouveia-e-melo\/\",\"url\":\"https:\/\/portaltela.pt\/noticias\/2026\/03\/10\/diretor-do-jornal-pagina-um-absolvido-de-difamacao-de-gouveia-e-melo\/\",\"name\":\"Diretor do jornal P\u00e1gina Um absolvido de difama\u00e7\u00e3o de Gouveia e Melo - Portal Tela Portugal\",\"isPartOf\":{\"@id\":\"https:\/\/portaltela.pt\/#website\"},\"primaryImageOfPage\":{\"@id\":\"https:\/\/portaltela.pt\/noticias\/2026\/03\/10\/diretor-do-jornal-pagina-um-absolvido-de-difamacao-de-gouveia-e-melo\/#primaryimage\"},\"image\":{\"@id\":\"https:\/\/portaltela.pt\/noticias\/2026\/03\/10\/diretor-do-jornal-pagina-um-absolvido-de-difamacao-de-gouveia-e-melo\/#primaryimage\"},\"thumbnailUrl\":\"https:\/\/portaltela.pt\/s.01k8rhncp4jt1\/2026\/03\/img_1500x1000uu2025-12-26-21-23-03-2256543.jpg\",\"datePublished\":\"2026-03-10T11:28:00+00:00\",\"author\":{\"@id\":\"https:\/\/portaltela.pt\/#\/schema\/person\/c4278d4a6028830caff9ee44b42d32ed\"},\"breadcrumb\":{\"@id\":\"https:\/\/portaltela.pt\/noticias\/2026\/03\/10\/diretor-do-jornal-pagina-um-absolvido-de-difamacao-de-gouveia-e-melo\/#breadcrumb\"},\"inLanguage\":\"pt-PT\",\"potentialAction\":[{\"@type\":\"ReadAction\",\"target\":[\"https:\/\/portaltela.pt\/noticias\/2026\/03\/10\/diretor-do-jornal-pagina-um-absolvido-de-difamacao-de-gouveia-e-melo\/\"]}]},{\"@type\":\"ImageObject\",\"inLanguage\":\"pt-PT\",\"@id\":\"https:\/\/portaltela.pt\/noticias\/2026\/03\/10\/diretor-do-jornal-pagina-um-absolvido-de-difamacao-de-gouveia-e-melo\/#primaryimage\",\"url\":\"https:\/\/portaltela.pt\/s.01k8rhncp4jt1\/2026\/03\/img_1500x1000uu2025-12-26-21-23-03-2256543.jpg\",\"contentUrl\":\"https:\/\/portaltela.pt\/s.01k8rhncp4jt1\/2026\/03\/img_1500x1000uu2025-12-26-21-23-03-2256543.jpg\",\"width\":796,\"height\":448,\"caption\":\"Gouveia e Melo\"},{\"@type\":\"BreadcrumbList\",\"@id\":\"https:\/\/portaltela.pt\/noticias\/2026\/03\/10\/diretor-do-jornal-pagina-um-absolvido-de-difamacao-de-gouveia-e-melo\/#breadcrumb\",\"itemListElement\":[{\"@type\":\"ListItem\",\"position\":1,\"name\":\"In\u00edcio\",\"item\":\"https:\/\/portaltela.pt\/\"},{\"@type\":\"ListItem\",\"position\":2,\"name\":\"Diretor do jornal P\u00e1gina Um absolvido de difama\u00e7\u00e3o de Gouveia e Melo\"}]},{\"@type\":\"WebSite\",\"@id\":\"https:\/\/portaltela.pt\/#website\",\"url\":\"https:\/\/portaltela.pt\/\",\"name\":\"Portal Tela Portugal\",\"description\":\"\",\"potentialAction\":[{\"@type\":\"SearchAction\",\"target\":{\"@type\":\"EntryPoint\",\"urlTemplate\":\"https:\/\/portaltela.pt\/?s={search_term_string}\"},\"query-input\":{\"@type\":\"PropertyValueSpecification\",\"valueRequired\":true,\"valueName\":\"search_term_string\"}}],\"inLanguage\":\"pt-PT\"},{\"@type\":\"Person\",\"@id\":\"https:\/\/portaltela.pt\/#\/schema\/person\/c4278d4a6028830caff9ee44b42d32ed\",\"name\":\"Telinha\",\"image\":{\"@type\":\"ImageObject\",\"inLanguage\":\"pt-PT\",\"@id\":\"https:\/\/portaltela.pt\/s.01k8rhncp4jt1\/2025\/11\/talking-bot-125x125.png\",\"url\":\"https:\/\/portaltela.pt\/s.01k8rhncp4jt1\/2025\/11\/talking-bot-125x125.png\",\"contentUrl\":\"https:\/\/portaltela.pt\/s.01k8rhncp4jt1\/2025\/11\/talking-bot-125x125.png\",\"caption\":\"Telinha\"},\"sameAs\":[\"https:\/\/portaltela.pt\/\"],\"url\":\"https:\/\/portaltela.pt\/por\/367410592786\/\"}]}<\/script>\n<!-- \/ Yoast SEO plugin. -->","yoast_head_json":{"title":"Diretor do jornal P\u00e1gina Um absolvido de difama\u00e7\u00e3o de Gouveia e Melo - Portal Tela Portugal","robots":{"index":"index","follow":"follow","max-snippet":"max-snippet:-1","max-image-preview":"max-image-preview:large","max-video-preview":"max-video-preview:-1"},"og_locale":"pt_PT","og_type":"article","og_title":"Diretor do jornal P\u00e1gina Um absolvido de difama\u00e7\u00e3o de Gouveia e Melo - Portal Tela Portugal","og_description":"O diretor do jornal P\u00e1gina Um, Pedro Vieira, foi absolvido de difama\u00e7\u00e3o, cal\u00fania e publicidade e de ofensa a organismo relativos \u00e0 Ordem dos M\u00e9dicos. O tribunal considerou a acusa\u00e7\u00e3o do Minist\u00e9rio P\u00fablico totalmente improcedente. Foram rejeitadas as acusa\u00e7\u00f5es de difama\u00e7\u00e3o agravada, tr\u00eas crimes de cal\u00fania e publicidade e o crime de ofensa a organismo. N\u00e3o ficou provado que Vieira tivesse planeado ofender a honra dos assistentes, incluindo a Ordem dos M\u00e9dicos, m\u00e9dicos Miguel Guimar\u00e3es, Filipe Froes, Lu\u00eds Varandas e Henrique Gouveia e Melo. O processo envolve textos relacionados com Henrique Gouveia e Melo.","og_url":"https:\/\/portaltela.pt\/noticias\/2026\/03\/10\/diretor-do-jornal-pagina-um-absolvido-de-difamacao-de-gouveia-e-melo\/","og_site_name":"Portal Tela Portugal","article_published_time":"2026-03-10T11:28:00+00:00","author":"Telinha","twitter_card":"summary_large_image","twitter_misc":{"Escrito por":"Telinha","Tempo estimado de leitura":"1 minuto"},"schema":{"@context":"https:\/\/schema.org","@graph":[{"@type":"Article","@id":"https:\/\/portaltela.pt\/noticias\/2026\/03\/10\/diretor-do-jornal-pagina-um-absolvido-de-difamacao-de-gouveia-e-melo\/#article","isPartOf":{"@id":"https:\/\/portaltela.pt\/noticias\/2026\/03\/10\/diretor-do-jornal-pagina-um-absolvido-de-difamacao-de-gouveia-e-melo\/"},"author":{"name":"Telinha","@id":"https:\/\/portaltela.pt\/#\/schema\/person\/c4278d4a6028830caff9ee44b42d32ed"},"headline":"Diretor do jornal P\u00e1gina Um absolvido de difama\u00e7\u00e3o de Gouveia e Melo","datePublished":"2026-03-10T11:28:00+00:00","mainEntityOfPage":{"@id":"https:\/\/portaltela.pt\/noticias\/2026\/03\/10\/diretor-do-jornal-pagina-um-absolvido-de-difamacao-de-gouveia-e-melo\/"},"wordCount":147,"image":{"@id":"https:\/\/portaltela.pt\/noticias\/2026\/03\/10\/diretor-do-jornal-pagina-um-absolvido-de-difamacao-de-gouveia-e-melo\/#primaryimage"},"thumbnailUrl":"https:\/\/portaltela.pt\/s.01k8rhncp4jt1\/2026\/03\/img_1500x1000uu2025-12-26-21-23-03-2256543.jpg","keywords":["A Ordem dos M\u00e9dicos","cal\u00fania","crime","difama\u00e7\u00e3o","M\u00e9dicos","pessoas p\u00fablicas"],"articleSection":["Justi\u00e7a","Not\u00edcias"],"inLanguage":"pt-PT"},{"@type":"WebPage","@id":"https:\/\/portaltela.pt\/noticias\/2026\/03\/10\/diretor-do-jornal-pagina-um-absolvido-de-difamacao-de-gouveia-e-melo\/","url":"https:\/\/portaltela.pt\/noticias\/2026\/03\/10\/diretor-do-jornal-pagina-um-absolvido-de-difamacao-de-gouveia-e-melo\/","name":"Diretor do jornal P\u00e1gina Um absolvido de difama\u00e7\u00e3o de Gouveia e Melo - Portal Tela Portugal","isPartOf":{"@id":"https:\/\/portaltela.pt\/#website"},"primaryImageOfPage":{"@id":"https:\/\/portaltela.pt\/noticias\/2026\/03\/10\/diretor-do-jornal-pagina-um-absolvido-de-difamacao-de-gouveia-e-melo\/#primaryimage"},"image":{"@id":"https:\/\/portaltela.pt\/noticias\/2026\/03\/10\/diretor-do-jornal-pagina-um-absolvido-de-difamacao-de-gouveia-e-melo\/#primaryimage"},"thumbnailUrl":"https:\/\/portaltela.pt\/s.01k8rhncp4jt1\/2026\/03\/img_1500x1000uu2025-12-26-21-23-03-2256543.jpg","datePublished":"2026-03-10T11:28:00+00:00","author":{"@id":"https:\/\/portaltela.pt\/#\/schema\/person\/c4278d4a6028830caff9ee44b42d32ed"},"breadcrumb":{"@id":"https:\/\/portaltela.pt\/noticias\/2026\/03\/10\/diretor-do-jornal-pagina-um-absolvido-de-difamacao-de-gouveia-e-melo\/#breadcrumb"},"inLanguage":"pt-PT","potentialAction":[{"@type":"ReadAction","target":["https:\/\/portaltela.pt\/noticias\/2026\/03\/10\/diretor-do-jornal-pagina-um-absolvido-de-difamacao-de-gouveia-e-melo\/"]}]},{"@type":"ImageObject","inLanguage":"pt-PT","@id":"https:\/\/portaltela.pt\/noticias\/2026\/03\/10\/diretor-do-jornal-pagina-um-absolvido-de-difamacao-de-gouveia-e-melo\/#primaryimage","url":"https:\/\/portaltela.pt\/s.01k8rhncp4jt1\/2026\/03\/img_1500x1000uu2025-12-26-21-23-03-2256543.jpg","contentUrl":"https:\/\/portaltela.pt\/s.01k8rhncp4jt1\/2026\/03\/img_1500x1000uu2025-12-26-21-23-03-2256543.jpg","width":796,"height":448,"caption":"Gouveia e Melo"},{"@type":"BreadcrumbList","@id":"https:\/\/portaltela.pt\/noticias\/2026\/03\/10\/diretor-do-jornal-pagina-um-absolvido-de-difamacao-de-gouveia-e-melo\/#breadcrumb","itemListElement":[{"@type":"ListItem","position":1,"name":"In\u00edcio","item":"https:\/\/portaltela.pt\/"},{"@type":"ListItem","position":2,"name":"Diretor do jornal P\u00e1gina Um absolvido de difama\u00e7\u00e3o de Gouveia e Melo"}]},{"@type":"WebSite","@id":"https:\/\/portaltela.pt\/#website","url":"https:\/\/portaltela.pt\/","name":"Portal Tela Portugal","description":"","potentialAction":[{"@type":"SearchAction","target":{"@type":"EntryPoint","urlTemplate":"https:\/\/portaltela.pt\/?s={search_term_string}"},"query-input":{"@type":"PropertyValueSpecification","valueRequired":true,"valueName":"search_term_string"}}],"inLanguage":"pt-PT"},{"@type":"Person","@id":"https:\/\/portaltela.pt\/#\/schema\/person\/c4278d4a6028830caff9ee44b42d32ed","name":"Telinha","image":{"@type":"ImageObject","inLanguage":"pt-PT","@id":"https:\/\/portaltela.pt\/s.01k8rhncp4jt1\/2025\/11\/talking-bot-125x125.png","url":"https:\/\/portaltela.pt\/s.01k8rhncp4jt1\/2025\/11\/talking-bot-125x125.png","contentUrl":"https:\/\/portaltela.pt\/s.01k8rhncp4jt1\/2025\/11\/talking-bot-125x125.png","caption":"Telinha"},"sameAs":["https:\/\/portaltela.pt\/"],"url":"https:\/\/portaltela.pt\/por\/367410592786\/"}]}},"_links":{"self":[{"href":"https:\/\/portaltela.pt\/api\/wp\/v2\/posts\/404499","targetHints":{"allow":["GET"]}}],"collection":[{"href":"https:\/\/portaltela.pt\/api\/wp\/v2\/posts"}],"about":[{"href":"https:\/\/portaltela.pt\/api\/wp\/v2\/types\/post"}],"author":[{"embeddable":true,"href":"https:\/\/portaltela.pt\/api\/wp\/v2\/users\/2"}],"replies":[{"embeddable":true,"href":"https:\/\/portaltela.pt\/api\/wp\/v2\/comments?post=404499"}],"version-history":[{"count":0,"href":"https:\/\/portaltela.pt\/api\/wp\/v2\/posts\/404499\/revisions"}],"wp:featuredmedia":[{"embeddable":true,"href":"https:\/\/portaltela.pt\/api\/wp\/v2\/media\/404501"}],"wp:attachment":[{"href":"https:\/\/portaltela.pt\/api\/wp\/v2\/media?parent=404499"}],"wp:term":[{"taxonomy":"category","embeddable":true,"href":"https:\/\/portaltela.pt\/api\/wp\/v2\/categories?post=404499"},{"taxonomy":"post_tag","embeddable":true,"href":"https:\/\/portaltela.pt\/api\/wp\/v2\/tags?post=404499"}],"curies":[{"name":"wp","href":"https:\/\/api.w.org\/{rel}","templated":true}]}}