{"id":404461,"date":"2026-03-10T07:55:00","date_gmt":"2026-03-10T10:55:00","guid":{"rendered":"https:\/\/portaltela.pt\/noticias\/2026\/03\/10\/von-der-leyen-anuncia-200-milhoes-para-energia-nuclear-e-evitar-riscos\/"},"modified":"2026-03-10T07:55:00","modified_gmt":"2026-03-10T10:55:00","slug":"von-der-leyen-anuncia-200-milhoes-para-energia-nuclear-e-evitar-riscos","status":"publish","type":"post","link":"https:\/\/portaltela.pt\/noticias\/2026\/03\/10\/von-der-leyen-anuncia-200-milhoes-para-energia-nuclear-e-evitar-riscos\/","title":{"rendered":"Von der Leyen anuncia 200 milh\u00f5es para energia nuclear e evitar riscos"},"content":{"rendered":"<p>A presidente da Comiss\u00e3o Europeia anunciou hoje uma garantia de 200 milh\u00f5es de euros para apoiar investimento privado em tecnologias nucleares inovadoras. O objetivo \u00e9 reduzir as vulnerabilidades associadas \u00e0 depend\u00eancia de energia do M\u00e9dio Oriente.<\/p>\n<p>A medida foi apresentada na Cimeira sobre Energia Nuclear, em Paris. O financiamento dever\u00e1 apoiar o investimento privado, atrav\u00e9s do Sistema de Com\u00e9rcio de Emiss\u00f5es, para tornar os projetos mais atrativos e reduzir o risco financeiro.<\/p>\n<p>Von der Leyen destacou a necessidade de diversificar as fontes energ\u00e9ticas da UE, dada a depend\u00eancia de combust\u00edveis f\u00f3sseis importados. A energia el\u00e9trica na Europa \u00e9 reconhecida como pouco competitiva, o que impacta o custo de vida e a ind\u00fastria.<\/p>\n<h3>Estrat\u00e9gia para pequenos reatores modulares<\/h3>\n<p>A presidente refere uma nova estrat\u00e9gia europeia para pequenos reatores modulares, com objetivo de ter tecnologia operacional na pr\u00f3xima d\u00e9cada. O foco \u00e9 refor\u00e7ar a independ\u00eancia energ\u00e9tica do bloco.<\/p>\n<p>A estrat\u00e9gia prev\u00ea simplifica\u00e7\u00e3o regulat\u00f3ria, cria\u00e7\u00e3o de espa\u00e7os de teste e maior coopera\u00e7\u00e3o entre Estados-membros para acelerar licenciamentos. Esta linha visa tamb\u00e9m desenvolver compet\u00eancias no setor nuclear.<\/p>\n","protected":false},"excerpt":{"rendered":"<ul>\n<li>A presidente da Comiss\u00e3o Europeia, Ursula von der Leyen, anunciou uma garantia de 200 milh\u00f5es de euros para estimular investimento privado em tecnologias nucleares inovadoras, com origem no Sistema de Com\u00e9rcio de Emiss\u00f5es.<\/li>\n<li>O objetivo \u00e9 reduzir o risco dos investimentos nestas tecnologias de baixo carbono e sinalizar aos investidores que se procura apoio p\u00fablico para acelerar o setor.<\/li>\n<li>Von der Leyen lembrou que a Europa n\u00e3o \u00e9 produtora de petr\u00f3leo nem de g\u00e1s e destacou a vulnerabilidade frente \u00e0s importa\u00e7\u00f5es, sobretudo do M\u00e9dio Oriente.<\/li>\n<li>Defendeu que a eletricidade na Europa continua a ser excessivamente cara, e que a energia nuclear pode oferecer fiabilidade, funcionando 24 horas por dia.<\/li>\n<li>Anunciou ainda uma estrat\u00e9gia europeia para pequenos reatores modulares, com simplifica\u00e7\u00e3o regulat\u00f3ria, espa\u00e7os de teste e maior coopera\u00e7\u00e3o entre Estados-membros para acelerar licenciamentos e desenvolver compet\u00eancias, com foco no in\u00edcio da d\u00e9cada de 2030.<\/li>\n<\/ul>\n","protected":false},"author":2,"featured_media":404467,"comment_status":"closed","ping_status":"closed","sticky":false,"template":"","format":"standard","meta":{"footnotes":""},"categories":[6806,1],"tags":[5072,174,6146,316,5706,2055],"class_list":["post-404461","post","type-post","status-publish","format-standard","has-post-thumbnail","hentry","category-energia","category-noticias","tag-descarbonizacao","tag-energia","tag-energia-atomica","tag-investimento","tag-licenciamentos","tag-uniao-europeia"],"yoast_head":"<!-- This site is optimized with the Yoast SEO plugin v27.2 - https:\/\/yoast.com\/product\/yoast-seo-wordpress\/ -->\n<title>Von der Leyen anuncia 200 milh\u00f5es para energia nuclear e evitar riscos - Portal Tela Portugal<\/title>\n<meta name=\"robots\" content=\"index, follow, max-snippet:-1, max-image-preview:large, max-video-preview:-1\" \/>\n<meta property=\"og:locale\" content=\"pt_PT\" \/>\n<meta property=\"og:type\" content=\"article\" \/>\n<meta property=\"og:title\" content=\"Von der Leyen anuncia 200 milh\u00f5es para energia nuclear e evitar riscos - Portal Tela Portugal\" \/>\n<meta property=\"og:description\" content=\"A presidente da Comiss\u00e3o Europeia, Ursula von der Leyen, anunciou uma garantia de 200 milh\u00f5es de euros para estimular investimento privado em tecnologias nucleares inovadoras, com origem no Sistema de Com\u00e9rcio de Emiss\u00f5es. O objetivo \u00e9 reduzir o risco dos investimentos nestas tecnologias de baixo carbono e sinalizar aos investidores que se procura apoio p\u00fablico para acelerar o setor. Von der Leyen lembrou que a Europa n\u00e3o \u00e9 produtora de petr\u00f3leo nem de g\u00e1s e destacou a vulnerabilidade frente \u00e0s importa\u00e7\u00f5es, sobretudo do M\u00e9dio Oriente. Defendeu que a eletricidade na Europa continua a ser excessivamente cara, e que a energia nuclear pode oferecer fiabilidade, funcionando 24 horas por dia. Anunciou ainda uma estrat\u00e9gia europeia para pequenos reatores modulares, com simplifica\u00e7\u00e3o regulat\u00f3ria, espa\u00e7os de teste e maior coopera\u00e7\u00e3o entre Estados-membros para acelerar licenciamentos e desenvolver compet\u00eancias, com foco no in\u00edcio da d\u00e9cada de 2030.\" \/>\n<meta property=\"og:url\" content=\"https:\/\/portaltela.pt\/noticias\/2026\/03\/10\/von-der-leyen-anuncia-200-milhoes-para-energia-nuclear-e-evitar-riscos\/\" \/>\n<meta property=\"og:site_name\" content=\"Portal Tela Portugal\" \/>\n<meta property=\"article:published_time\" content=\"2026-03-10T10:55:00+00:00\" \/>\n<meta name=\"author\" content=\"Telinha\" \/>\n<meta name=\"twitter:card\" content=\"summary_large_image\" \/>\n<meta name=\"twitter:label1\" content=\"Escrito por\" \/>\n\t<meta name=\"twitter:data1\" content=\"Telinha\" \/>\n\t<meta name=\"twitter:label2\" content=\"Tempo estimado de leitura\" \/>\n\t<meta name=\"twitter:data2\" content=\"1 minuto\" \/>\n<script type=\"application\/ld+json\" class=\"yoast-schema-graph\">{\"@context\":\"https:\/\/schema.org\",\"@graph\":[{\"@type\":\"Article\",\"@id\":\"https:\/\/portaltela.pt\/noticias\/2026\/03\/10\/von-der-leyen-anuncia-200-milhoes-para-energia-nuclear-e-evitar-riscos\/#article\",\"isPartOf\":{\"@id\":\"https:\/\/portaltela.pt\/noticias\/2026\/03\/10\/von-der-leyen-anuncia-200-milhoes-para-energia-nuclear-e-evitar-riscos\/\"},\"author\":{\"name\":\"Telinha\",\"@id\":\"https:\/\/portaltela.pt\/#\/schema\/person\/c4278d4a6028830caff9ee44b42d32ed\"},\"headline\":\"Von der Leyen anuncia 200 milh\u00f5es para energia nuclear e evitar riscos\",\"datePublished\":\"2026-03-10T10:55:00+00:00\",\"mainEntityOfPage\":{\"@id\":\"https:\/\/portaltela.pt\/noticias\/2026\/03\/10\/von-der-leyen-anuncia-200-milhoes-para-energia-nuclear-e-evitar-riscos\/\"},\"wordCount\":208,\"image\":{\"@id\":\"https:\/\/portaltela.pt\/noticias\/2026\/03\/10\/von-der-leyen-anuncia-200-milhoes-para-energia-nuclear-e-evitar-riscos\/#primaryimage\"},\"thumbnailUrl\":\"https:\/\/portaltela.pt\/s.01k8rhncp4jt1\/2026\/03\/image-630.jpg\",\"keywords\":[\"descarboniza\u00e7\u00e3o\",\"energia\",\"energia at\u00f3mica\",\"investimento\",\"licenciamentos\",\"Uni\u00e3o Europeia\"],\"articleSection\":[\"Energia\",\"Not\u00edcias\"],\"inLanguage\":\"pt-PT\"},{\"@type\":\"WebPage\",\"@id\":\"https:\/\/portaltela.pt\/noticias\/2026\/03\/10\/von-der-leyen-anuncia-200-milhoes-para-energia-nuclear-e-evitar-riscos\/\",\"url\":\"https:\/\/portaltela.pt\/noticias\/2026\/03\/10\/von-der-leyen-anuncia-200-milhoes-para-energia-nuclear-e-evitar-riscos\/\",\"name\":\"Von der Leyen anuncia 200 milh\u00f5es para energia nuclear e evitar riscos - Portal Tela Portugal\",\"isPartOf\":{\"@id\":\"https:\/\/portaltela.pt\/#website\"},\"primaryImageOfPage\":{\"@id\":\"https:\/\/portaltela.pt\/noticias\/2026\/03\/10\/von-der-leyen-anuncia-200-milhoes-para-energia-nuclear-e-evitar-riscos\/#primaryimage\"},\"image\":{\"@id\":\"https:\/\/portaltela.pt\/noticias\/2026\/03\/10\/von-der-leyen-anuncia-200-milhoes-para-energia-nuclear-e-evitar-riscos\/#primaryimage\"},\"thumbnailUrl\":\"https:\/\/portaltela.pt\/s.01k8rhncp4jt1\/2026\/03\/image-630.jpg\",\"datePublished\":\"2026-03-10T10:55:00+00:00\",\"author\":{\"@id\":\"https:\/\/portaltela.pt\/#\/schema\/person\/c4278d4a6028830caff9ee44b42d32ed\"},\"breadcrumb\":{\"@id\":\"https:\/\/portaltela.pt\/noticias\/2026\/03\/10\/von-der-leyen-anuncia-200-milhoes-para-energia-nuclear-e-evitar-riscos\/#breadcrumb\"},\"inLanguage\":\"pt-PT\",\"potentialAction\":[{\"@type\":\"ReadAction\",\"target\":[\"https:\/\/portaltela.pt\/noticias\/2026\/03\/10\/von-der-leyen-anuncia-200-milhoes-para-energia-nuclear-e-evitar-riscos\/\"]}]},{\"@type\":\"ImageObject\",\"inLanguage\":\"pt-PT\",\"@id\":\"https:\/\/portaltela.pt\/noticias\/2026\/03\/10\/von-der-leyen-anuncia-200-milhoes-para-energia-nuclear-e-evitar-riscos\/#primaryimage\",\"url\":\"https:\/\/portaltela.pt\/s.01k8rhncp4jt1\/2026\/03\/image-630.jpg\",\"contentUrl\":\"https:\/\/portaltela.pt\/s.01k8rhncp4jt1\/2026\/03\/image-630.jpg\",\"width\":796,\"height\":448,\"caption\":\"O presidente franc\u00eas, Emmanuel Macron, o diretor-geral da Ag\u00eancia Internacional da Energia At\u00f3mica, Rafael Grossi, e a presidente da Comiss\u00e3o Europeia, Ursula von der Leyen\"},{\"@type\":\"BreadcrumbList\",\"@id\":\"https:\/\/portaltela.pt\/noticias\/2026\/03\/10\/von-der-leyen-anuncia-200-milhoes-para-energia-nuclear-e-evitar-riscos\/#breadcrumb\",\"itemListElement\":[{\"@type\":\"ListItem\",\"position\":1,\"name\":\"In\u00edcio\",\"item\":\"https:\/\/portaltela.pt\/\"},{\"@type\":\"ListItem\",\"position\":2,\"name\":\"Von der Leyen anuncia 200 milh\u00f5es para energia nuclear e evitar riscos\"}]},{\"@type\":\"WebSite\",\"@id\":\"https:\/\/portaltela.pt\/#website\",\"url\":\"https:\/\/portaltela.pt\/\",\"name\":\"Portal Tela Portugal\",\"description\":\"\",\"potentialAction\":[{\"@type\":\"SearchAction\",\"target\":{\"@type\":\"EntryPoint\",\"urlTemplate\":\"https:\/\/portaltela.pt\/?s={search_term_string}\"},\"query-input\":{\"@type\":\"PropertyValueSpecification\",\"valueRequired\":true,\"valueName\":\"search_term_string\"}}],\"inLanguage\":\"pt-PT\"},{\"@type\":\"Person\",\"@id\":\"https:\/\/portaltela.pt\/#\/schema\/person\/c4278d4a6028830caff9ee44b42d32ed\",\"name\":\"Telinha\",\"image\":{\"@type\":\"ImageObject\",\"inLanguage\":\"pt-PT\",\"@id\":\"https:\/\/portaltela.pt\/s.01k8rhncp4jt1\/2025\/11\/talking-bot-125x125.png\",\"url\":\"https:\/\/portaltela.pt\/s.01k8rhncp4jt1\/2025\/11\/talking-bot-125x125.png\",\"contentUrl\":\"https:\/\/portaltela.pt\/s.01k8rhncp4jt1\/2025\/11\/talking-bot-125x125.png\",\"caption\":\"Telinha\"},\"sameAs\":[\"https:\/\/portaltela.pt\/\"],\"url\":\"https:\/\/portaltela.pt\/por\/367410592786\/\"}]}<\/script>\n<!-- \/ Yoast SEO plugin. -->","yoast_head_json":{"title":"Von der Leyen anuncia 200 milh\u00f5es para energia nuclear e evitar riscos - Portal Tela Portugal","robots":{"index":"index","follow":"follow","max-snippet":"max-snippet:-1","max-image-preview":"max-image-preview:large","max-video-preview":"max-video-preview:-1"},"og_locale":"pt_PT","og_type":"article","og_title":"Von der Leyen anuncia 200 milh\u00f5es para energia nuclear e evitar riscos - Portal Tela Portugal","og_description":"A presidente da Comiss\u00e3o Europeia, Ursula von der Leyen, anunciou uma garantia de 200 milh\u00f5es de euros para estimular investimento privado em tecnologias nucleares inovadoras, com origem no Sistema de Com\u00e9rcio de Emiss\u00f5es. O objetivo \u00e9 reduzir o risco dos investimentos nestas tecnologias de baixo carbono e sinalizar aos investidores que se procura apoio p\u00fablico para acelerar o setor. Von der Leyen lembrou que a Europa n\u00e3o \u00e9 produtora de petr\u00f3leo nem de g\u00e1s e destacou a vulnerabilidade frente \u00e0s importa\u00e7\u00f5es, sobretudo do M\u00e9dio Oriente. Defendeu que a eletricidade na Europa continua a ser excessivamente cara, e que a energia nuclear pode oferecer fiabilidade, funcionando 24 horas por dia. Anunciou ainda uma estrat\u00e9gia europeia para pequenos reatores modulares, com simplifica\u00e7\u00e3o regulat\u00f3ria, espa\u00e7os de teste e maior coopera\u00e7\u00e3o entre Estados-membros para acelerar licenciamentos e desenvolver compet\u00eancias, com foco no in\u00edcio da d\u00e9cada de 2030.","og_url":"https:\/\/portaltela.pt\/noticias\/2026\/03\/10\/von-der-leyen-anuncia-200-milhoes-para-energia-nuclear-e-evitar-riscos\/","og_site_name":"Portal Tela Portugal","article_published_time":"2026-03-10T10:55:00+00:00","author":"Telinha","twitter_card":"summary_large_image","twitter_misc":{"Escrito por":"Telinha","Tempo estimado de leitura":"1 minuto"},"schema":{"@context":"https:\/\/schema.org","@graph":[{"@type":"Article","@id":"https:\/\/portaltela.pt\/noticias\/2026\/03\/10\/von-der-leyen-anuncia-200-milhoes-para-energia-nuclear-e-evitar-riscos\/#article","isPartOf":{"@id":"https:\/\/portaltela.pt\/noticias\/2026\/03\/10\/von-der-leyen-anuncia-200-milhoes-para-energia-nuclear-e-evitar-riscos\/"},"author":{"name":"Telinha","@id":"https:\/\/portaltela.pt\/#\/schema\/person\/c4278d4a6028830caff9ee44b42d32ed"},"headline":"Von der Leyen anuncia 200 milh\u00f5es para energia nuclear e evitar riscos","datePublished":"2026-03-10T10:55:00+00:00","mainEntityOfPage":{"@id":"https:\/\/portaltela.pt\/noticias\/2026\/03\/10\/von-der-leyen-anuncia-200-milhoes-para-energia-nuclear-e-evitar-riscos\/"},"wordCount":208,"image":{"@id":"https:\/\/portaltela.pt\/noticias\/2026\/03\/10\/von-der-leyen-anuncia-200-milhoes-para-energia-nuclear-e-evitar-riscos\/#primaryimage"},"thumbnailUrl":"https:\/\/portaltela.pt\/s.01k8rhncp4jt1\/2026\/03\/image-630.jpg","keywords":["descarboniza\u00e7\u00e3o","energia","energia at\u00f3mica","investimento","licenciamentos","Uni\u00e3o Europeia"],"articleSection":["Energia","Not\u00edcias"],"inLanguage":"pt-PT"},{"@type":"WebPage","@id":"https:\/\/portaltela.pt\/noticias\/2026\/03\/10\/von-der-leyen-anuncia-200-milhoes-para-energia-nuclear-e-evitar-riscos\/","url":"https:\/\/portaltela.pt\/noticias\/2026\/03\/10\/von-der-leyen-anuncia-200-milhoes-para-energia-nuclear-e-evitar-riscos\/","name":"Von der Leyen anuncia 200 milh\u00f5es para energia nuclear e evitar riscos - Portal Tela Portugal","isPartOf":{"@id":"https:\/\/portaltela.pt\/#website"},"primaryImageOfPage":{"@id":"https:\/\/portaltela.pt\/noticias\/2026\/03\/10\/von-der-leyen-anuncia-200-milhoes-para-energia-nuclear-e-evitar-riscos\/#primaryimage"},"image":{"@id":"https:\/\/portaltela.pt\/noticias\/2026\/03\/10\/von-der-leyen-anuncia-200-milhoes-para-energia-nuclear-e-evitar-riscos\/#primaryimage"},"thumbnailUrl":"https:\/\/portaltela.pt\/s.01k8rhncp4jt1\/2026\/03\/image-630.jpg","datePublished":"2026-03-10T10:55:00+00:00","author":{"@id":"https:\/\/portaltela.pt\/#\/schema\/person\/c4278d4a6028830caff9ee44b42d32ed"},"breadcrumb":{"@id":"https:\/\/portaltela.pt\/noticias\/2026\/03\/10\/von-der-leyen-anuncia-200-milhoes-para-energia-nuclear-e-evitar-riscos\/#breadcrumb"},"inLanguage":"pt-PT","potentialAction":[{"@type":"ReadAction","target":["https:\/\/portaltela.pt\/noticias\/2026\/03\/10\/von-der-leyen-anuncia-200-milhoes-para-energia-nuclear-e-evitar-riscos\/"]}]},{"@type":"ImageObject","inLanguage":"pt-PT","@id":"https:\/\/portaltela.pt\/noticias\/2026\/03\/10\/von-der-leyen-anuncia-200-milhoes-para-energia-nuclear-e-evitar-riscos\/#primaryimage","url":"https:\/\/portaltela.pt\/s.01k8rhncp4jt1\/2026\/03\/image-630.jpg","contentUrl":"https:\/\/portaltela.pt\/s.01k8rhncp4jt1\/2026\/03\/image-630.jpg","width":796,"height":448,"caption":"O presidente franc\u00eas, Emmanuel Macron, o diretor-geral da Ag\u00eancia Internacional da Energia At\u00f3mica, Rafael Grossi, e a presidente da Comiss\u00e3o Europeia, Ursula von der Leyen"},{"@type":"BreadcrumbList","@id":"https:\/\/portaltela.pt\/noticias\/2026\/03\/10\/von-der-leyen-anuncia-200-milhoes-para-energia-nuclear-e-evitar-riscos\/#breadcrumb","itemListElement":[{"@type":"ListItem","position":1,"name":"In\u00edcio","item":"https:\/\/portaltela.pt\/"},{"@type":"ListItem","position":2,"name":"Von der Leyen anuncia 200 milh\u00f5es para energia nuclear e evitar riscos"}]},{"@type":"WebSite","@id":"https:\/\/portaltela.pt\/#website","url":"https:\/\/portaltela.pt\/","name":"Portal Tela Portugal","description":"","potentialAction":[{"@type":"SearchAction","target":{"@type":"EntryPoint","urlTemplate":"https:\/\/portaltela.pt\/?s={search_term_string}"},"query-input":{"@type":"PropertyValueSpecification","valueRequired":true,"valueName":"search_term_string"}}],"inLanguage":"pt-PT"},{"@type":"Person","@id":"https:\/\/portaltela.pt\/#\/schema\/person\/c4278d4a6028830caff9ee44b42d32ed","name":"Telinha","image":{"@type":"ImageObject","inLanguage":"pt-PT","@id":"https:\/\/portaltela.pt\/s.01k8rhncp4jt1\/2025\/11\/talking-bot-125x125.png","url":"https:\/\/portaltela.pt\/s.01k8rhncp4jt1\/2025\/11\/talking-bot-125x125.png","contentUrl":"https:\/\/portaltela.pt\/s.01k8rhncp4jt1\/2025\/11\/talking-bot-125x125.png","caption":"Telinha"},"sameAs":["https:\/\/portaltela.pt\/"],"url":"https:\/\/portaltela.pt\/por\/367410592786\/"}]}},"_links":{"self":[{"href":"https:\/\/portaltela.pt\/api\/wp\/v2\/posts\/404461","targetHints":{"allow":["GET"]}}],"collection":[{"href":"https:\/\/portaltela.pt\/api\/wp\/v2\/posts"}],"about":[{"href":"https:\/\/portaltela.pt\/api\/wp\/v2\/types\/post"}],"author":[{"embeddable":true,"href":"https:\/\/portaltela.pt\/api\/wp\/v2\/users\/2"}],"replies":[{"embeddable":true,"href":"https:\/\/portaltela.pt\/api\/wp\/v2\/comments?post=404461"}],"version-history":[{"count":0,"href":"https:\/\/portaltela.pt\/api\/wp\/v2\/posts\/404461\/revisions"}],"wp:featuredmedia":[{"embeddable":true,"href":"https:\/\/portaltela.pt\/api\/wp\/v2\/media\/404467"}],"wp:attachment":[{"href":"https:\/\/portaltela.pt\/api\/wp\/v2\/media?parent=404461"}],"wp:term":[{"taxonomy":"category","embeddable":true,"href":"https:\/\/portaltela.pt\/api\/wp\/v2\/categories?post=404461"},{"taxonomy":"post_tag","embeddable":true,"href":"https:\/\/portaltela.pt\/api\/wp\/v2\/tags?post=404461"}],"curies":[{"name":"wp","href":"https:\/\/api.w.org\/{rel}","templated":true}]}}