{"id":404451,"date":"2026-03-10T07:58:00","date_gmt":"2026-03-10T10:58:00","guid":{"rendered":"https:\/\/portaltela.pt\/noticias\/2026\/03\/10\/von-der-leyen-anuncia-200-milhoes-para-investir-em-energia-nuclear-na-ue\/"},"modified":"2026-03-10T07:58:00","modified_gmt":"2026-03-10T10:58:00","slug":"von-der-leyen-anuncia-200-milhoes-para-investir-em-energia-nuclear-na-ue","status":"publish","type":"post","link":"https:\/\/portaltela.pt\/noticias\/2026\/03\/10\/von-der-leyen-anuncia-200-milhoes-para-investir-em-energia-nuclear-na-ue\/","title":{"rendered":"Von der Leyen anuncia 200 milh\u00f5es para investir em energia nuclear na UE"},"content":{"rendered":"<p>A presidente da Comiss\u00e3o Europeia anunciou uma garantia de 200 milh\u00f5es de euros para apoiar investimento privado em tecnologias nucleares inovadoras. A medida visa reduzir as vulnerabilidades associadas \u00e0 importa\u00e7\u00e3o de g\u00e1s e petr\u00f3leo do M\u00e9dio Oriente. O an\u00fancio foi feito esta ter\u00e7a-feira, em Paris, durante uma Cimeira sobre Energia Nuclear.<\/p>\n<p>A garantia, financiada pelo Sistema de Com\u00e9rcio de Emiss\u00f5es, pretende diminuir o risco dos investimentos em tecnologia nuclear de baixo carbono e incentivar mais investidores a participar. A dirigente destacou que a Europa n\u00e3o \u00e9 produtora de petr\u00f3leo nem de g\u00e1s e depende de importa\u00e7\u00f5es caras e vol\u00e1teis.<\/p>\n<p>A respons\u00e1vel frisou ainda que os pre\u00e7os da eletricidade na Europa permanecem elevados. A solu\u00e7\u00e3o apontada passa pela energia nuclear, considerada fi\u00e1vel e capaz de fornecimento cont\u00ednuo. A estrat\u00e9gia combina nuclear com renov\u00e1veis, armazenamento e redes el\u00e9tricas para aumentar a independ\u00eancia energ\u00e9tica.<\/p>\n<h3>Estrutura para reatores modulares<\/h3>\n<p>A Comiss\u00e3o apresentou uma nova estrat\u00e9gia europeia para pequenos reatores modulares, com objetivo de operar na Europa no in\u00edcio dos anos 2030. A meta \u00e9 refor\u00e7ar a competitividade industrial e assegurar energia acess\u00edvel.<\/p>\n<p>A iniciativa inclui simplifica\u00e7\u00e3o regulat\u00f3ria, espa\u00e7os de teste para tecnologias inovadoras e maior coopera\u00e7\u00e3o entre Estados-membros para acelerar licenciamentos e desenvolver compet\u00eancias no setor.<\/p>\n","protected":false},"excerpt":{"rendered":"<ul>\n<li>A presidente da Comiss\u00e3o Europeia, Ursula von der Leyen, anunciou uma garantia de 200 milh\u00f5es de euros para apoiar investimento privado em tecnologias nucleares inovadoras, com recursos do Sistema de Com\u00e9rcio de Emiss\u00f5es.<\/li>\n<li>A medida pretende reduzir as vulnerabilidades da UE face \u00e0 depend\u00eancia de importa\u00e7\u00f5es de g\u00e1s e petr\u00f3leo do M\u00e9dio Oriente.<\/li>\n<li>Von der Leyen destacou que a eletricidade na Europa \u00e9 estruturalmente cara e que a energia nuclear pode fornecer energia fi\u00e1vel 24 horas por dia.<\/li>\n<li>A proposta aposta numa combina\u00e7\u00e3o de energia nuclear com energias renov\u00e1veis, armazenamento, flexibilidade e redes el\u00e9ctricas para refor\u00e7ar a independ\u00eancia energ\u00e9tica.<\/li>\n<li>A estrat\u00e9gia inclui uma nova abordagem aos pequenos reatores modulares, com objetivo de operacionaliza\u00e7\u00e3o na Europa no in\u00edcio da d\u00e9cada de 2030, al\u00e9m de simplifica\u00e7\u00e3o regulat\u00f3ria e espa\u00e7os de testes para tecnologias inovadoras.<\/li>\n<\/ul>\n","protected":false},"author":2,"featured_media":404452,"comment_status":"closed","ping_status":"closed","sticky":false,"template":"","format":"standard","meta":{"footnotes":""},"categories":[6806,1],"tags":[256,174,6146,3603,316,2055],"class_list":["post-404451","post","type-post","status-publish","format-standard","has-post-thumbnail","hentry","category-energia","category-noticias","tag-cooperacao-internacional","tag-energia","tag-energia-atomica","tag-energias-renovaveis","tag-investimento","tag-uniao-europeia"],"yoast_head":"<!-- This site is optimized with the Yoast SEO plugin v27.2 - https:\/\/yoast.com\/product\/yoast-seo-wordpress\/ -->\n<title>Von der Leyen anuncia 200 milh\u00f5es para investir em energia nuclear na UE - Portal Tela Portugal<\/title>\n<meta name=\"robots\" content=\"index, follow, max-snippet:-1, max-image-preview:large, max-video-preview:-1\" \/>\n<meta property=\"og:locale\" content=\"pt_PT\" \/>\n<meta property=\"og:type\" content=\"article\" \/>\n<meta property=\"og:title\" content=\"Von der Leyen anuncia 200 milh\u00f5es para investir em energia nuclear na UE - Portal Tela Portugal\" \/>\n<meta property=\"og:description\" content=\"A presidente da Comiss\u00e3o Europeia, Ursula von der Leyen, anunciou uma garantia de 200 milh\u00f5es de euros para apoiar investimento privado em tecnologias nucleares inovadoras, com recursos do Sistema de Com\u00e9rcio de Emiss\u00f5es. A medida pretende reduzir as vulnerabilidades da UE face \u00e0 depend\u00eancia de importa\u00e7\u00f5es de g\u00e1s e petr\u00f3leo do M\u00e9dio Oriente. Von der Leyen destacou que a eletricidade na Europa \u00e9 estruturalmente cara e que a energia nuclear pode fornecer energia fi\u00e1vel 24 horas por dia. A proposta aposta numa combina\u00e7\u00e3o de energia nuclear com energias renov\u00e1veis, armazenamento, flexibilidade e redes el\u00e9ctricas para refor\u00e7ar a independ\u00eancia energ\u00e9tica. A estrat\u00e9gia inclui uma nova abordagem aos pequenos reatores modulares, com objetivo de operacionaliza\u00e7\u00e3o na Europa no in\u00edcio da d\u00e9cada de 2030, al\u00e9m de simplifica\u00e7\u00e3o regulat\u00f3ria e espa\u00e7os de testes para tecnologias inovadoras.\" \/>\n<meta property=\"og:url\" content=\"https:\/\/portaltela.pt\/noticias\/2026\/03\/10\/von-der-leyen-anuncia-200-milhoes-para-investir-em-energia-nuclear-na-ue\/\" \/>\n<meta property=\"og:site_name\" content=\"Portal Tela Portugal\" \/>\n<meta property=\"article:published_time\" content=\"2026-03-10T10:58:00+00:00\" \/>\n<meta name=\"author\" content=\"Telinha\" \/>\n<meta name=\"twitter:card\" content=\"summary_large_image\" \/>\n<meta name=\"twitter:label1\" content=\"Escrito por\" \/>\n\t<meta name=\"twitter:data1\" content=\"Telinha\" \/>\n\t<meta name=\"twitter:label2\" content=\"Tempo estimado de leitura\" \/>\n\t<meta name=\"twitter:data2\" content=\"1 minuto\" \/>\n<script type=\"application\/ld+json\" class=\"yoast-schema-graph\">{\"@context\":\"https:\/\/schema.org\",\"@graph\":[{\"@type\":\"Article\",\"@id\":\"https:\/\/portaltela.pt\/noticias\/2026\/03\/10\/von-der-leyen-anuncia-200-milhoes-para-investir-em-energia-nuclear-na-ue\/#article\",\"isPartOf\":{\"@id\":\"https:\/\/portaltela.pt\/noticias\/2026\/03\/10\/von-der-leyen-anuncia-200-milhoes-para-investir-em-energia-nuclear-na-ue\/\"},\"author\":{\"name\":\"Telinha\",\"@id\":\"https:\/\/portaltela.pt\/#\/schema\/person\/c4278d4a6028830caff9ee44b42d32ed\"},\"headline\":\"Von der Leyen anuncia 200 milh\u00f5es para investir em energia nuclear na UE\",\"datePublished\":\"2026-03-10T10:58:00+00:00\",\"mainEntityOfPage\":{\"@id\":\"https:\/\/portaltela.pt\/noticias\/2026\/03\/10\/von-der-leyen-anuncia-200-milhoes-para-investir-em-energia-nuclear-na-ue\/\"},\"wordCount\":245,\"image\":{\"@id\":\"https:\/\/portaltela.pt\/noticias\/2026\/03\/10\/von-der-leyen-anuncia-200-milhoes-para-investir-em-energia-nuclear-na-ue\/#primaryimage\"},\"thumbnailUrl\":\"https:\/\/portaltela.pt\/s.01k8rhncp4jt1\/2026\/03\/img_1500x1000uu2026-03-02-17-28-08-2269957.jpg\",\"keywords\":[\"coopera\u00e7\u00e3o internacional\",\"energia\",\"energia at\u00f3mica\",\"energias renov\u00e1veis\",\"investimento\",\"Uni\u00e3o Europeia\"],\"articleSection\":[\"Energia\",\"Not\u00edcias\"],\"inLanguage\":\"pt-PT\"},{\"@type\":\"WebPage\",\"@id\":\"https:\/\/portaltela.pt\/noticias\/2026\/03\/10\/von-der-leyen-anuncia-200-milhoes-para-investir-em-energia-nuclear-na-ue\/\",\"url\":\"https:\/\/portaltela.pt\/noticias\/2026\/03\/10\/von-der-leyen-anuncia-200-milhoes-para-investir-em-energia-nuclear-na-ue\/\",\"name\":\"Von der Leyen anuncia 200 milh\u00f5es para investir em energia nuclear na UE - Portal Tela Portugal\",\"isPartOf\":{\"@id\":\"https:\/\/portaltela.pt\/#website\"},\"primaryImageOfPage\":{\"@id\":\"https:\/\/portaltela.pt\/noticias\/2026\/03\/10\/von-der-leyen-anuncia-200-milhoes-para-investir-em-energia-nuclear-na-ue\/#primaryimage\"},\"image\":{\"@id\":\"https:\/\/portaltela.pt\/noticias\/2026\/03\/10\/von-der-leyen-anuncia-200-milhoes-para-investir-em-energia-nuclear-na-ue\/#primaryimage\"},\"thumbnailUrl\":\"https:\/\/portaltela.pt\/s.01k8rhncp4jt1\/2026\/03\/img_1500x1000uu2026-03-02-17-28-08-2269957.jpg\",\"datePublished\":\"2026-03-10T10:58:00+00:00\",\"author\":{\"@id\":\"https:\/\/portaltela.pt\/#\/schema\/person\/c4278d4a6028830caff9ee44b42d32ed\"},\"breadcrumb\":{\"@id\":\"https:\/\/portaltela.pt\/noticias\/2026\/03\/10\/von-der-leyen-anuncia-200-milhoes-para-investir-em-energia-nuclear-na-ue\/#breadcrumb\"},\"inLanguage\":\"pt-PT\",\"potentialAction\":[{\"@type\":\"ReadAction\",\"target\":[\"https:\/\/portaltela.pt\/noticias\/2026\/03\/10\/von-der-leyen-anuncia-200-milhoes-para-investir-em-energia-nuclear-na-ue\/\"]}]},{\"@type\":\"ImageObject\",\"inLanguage\":\"pt-PT\",\"@id\":\"https:\/\/portaltela.pt\/noticias\/2026\/03\/10\/von-der-leyen-anuncia-200-milhoes-para-investir-em-energia-nuclear-na-ue\/#primaryimage\",\"url\":\"https:\/\/portaltela.pt\/s.01k8rhncp4jt1\/2026\/03\/img_1500x1000uu2026-03-02-17-28-08-2269957.jpg\",\"contentUrl\":\"https:\/\/portaltela.pt\/s.01k8rhncp4jt1\/2026\/03\/img_1500x1000uu2026-03-02-17-28-08-2269957.jpg\",\"width\":796,\"height\":448,\"caption\":\"Von der Leyen aborda impacto da guerra no M\u00e9dio Oriente na Uni\u00e3o Europeia\"},{\"@type\":\"BreadcrumbList\",\"@id\":\"https:\/\/portaltela.pt\/noticias\/2026\/03\/10\/von-der-leyen-anuncia-200-milhoes-para-investir-em-energia-nuclear-na-ue\/#breadcrumb\",\"itemListElement\":[{\"@type\":\"ListItem\",\"position\":1,\"name\":\"In\u00edcio\",\"item\":\"https:\/\/portaltela.pt\/\"},{\"@type\":\"ListItem\",\"position\":2,\"name\":\"Von der Leyen anuncia 200 milh\u00f5es para investir em energia nuclear na UE\"}]},{\"@type\":\"WebSite\",\"@id\":\"https:\/\/portaltela.pt\/#website\",\"url\":\"https:\/\/portaltela.pt\/\",\"name\":\"Portal Tela Portugal\",\"description\":\"\",\"potentialAction\":[{\"@type\":\"SearchAction\",\"target\":{\"@type\":\"EntryPoint\",\"urlTemplate\":\"https:\/\/portaltela.pt\/?s={search_term_string}\"},\"query-input\":{\"@type\":\"PropertyValueSpecification\",\"valueRequired\":true,\"valueName\":\"search_term_string\"}}],\"inLanguage\":\"pt-PT\"},{\"@type\":\"Person\",\"@id\":\"https:\/\/portaltela.pt\/#\/schema\/person\/c4278d4a6028830caff9ee44b42d32ed\",\"name\":\"Telinha\",\"image\":{\"@type\":\"ImageObject\",\"inLanguage\":\"pt-PT\",\"@id\":\"https:\/\/portaltela.pt\/s.01k8rhncp4jt1\/2025\/11\/talking-bot-125x125.png\",\"url\":\"https:\/\/portaltela.pt\/s.01k8rhncp4jt1\/2025\/11\/talking-bot-125x125.png\",\"contentUrl\":\"https:\/\/portaltela.pt\/s.01k8rhncp4jt1\/2025\/11\/talking-bot-125x125.png\",\"caption\":\"Telinha\"},\"sameAs\":[\"https:\/\/portaltela.pt\/\"],\"url\":\"https:\/\/portaltela.pt\/por\/367410592786\/\"}]}<\/script>\n<!-- \/ Yoast SEO plugin. -->","yoast_head_json":{"title":"Von der Leyen anuncia 200 milh\u00f5es para investir em energia nuclear na UE - Portal Tela Portugal","robots":{"index":"index","follow":"follow","max-snippet":"max-snippet:-1","max-image-preview":"max-image-preview:large","max-video-preview":"max-video-preview:-1"},"og_locale":"pt_PT","og_type":"article","og_title":"Von der Leyen anuncia 200 milh\u00f5es para investir em energia nuclear na UE - Portal Tela Portugal","og_description":"A presidente da Comiss\u00e3o Europeia, Ursula von der Leyen, anunciou uma garantia de 200 milh\u00f5es de euros para apoiar investimento privado em tecnologias nucleares inovadoras, com recursos do Sistema de Com\u00e9rcio de Emiss\u00f5es. A medida pretende reduzir as vulnerabilidades da UE face \u00e0 depend\u00eancia de importa\u00e7\u00f5es de g\u00e1s e petr\u00f3leo do M\u00e9dio Oriente. Von der Leyen destacou que a eletricidade na Europa \u00e9 estruturalmente cara e que a energia nuclear pode fornecer energia fi\u00e1vel 24 horas por dia. A proposta aposta numa combina\u00e7\u00e3o de energia nuclear com energias renov\u00e1veis, armazenamento, flexibilidade e redes el\u00e9ctricas para refor\u00e7ar a independ\u00eancia energ\u00e9tica. A estrat\u00e9gia inclui uma nova abordagem aos pequenos reatores modulares, com objetivo de operacionaliza\u00e7\u00e3o na Europa no in\u00edcio da d\u00e9cada de 2030, al\u00e9m de simplifica\u00e7\u00e3o regulat\u00f3ria e espa\u00e7os de testes para tecnologias inovadoras.","og_url":"https:\/\/portaltela.pt\/noticias\/2026\/03\/10\/von-der-leyen-anuncia-200-milhoes-para-investir-em-energia-nuclear-na-ue\/","og_site_name":"Portal Tela Portugal","article_published_time":"2026-03-10T10:58:00+00:00","author":"Telinha","twitter_card":"summary_large_image","twitter_misc":{"Escrito por":"Telinha","Tempo estimado de leitura":"1 minuto"},"schema":{"@context":"https:\/\/schema.org","@graph":[{"@type":"Article","@id":"https:\/\/portaltela.pt\/noticias\/2026\/03\/10\/von-der-leyen-anuncia-200-milhoes-para-investir-em-energia-nuclear-na-ue\/#article","isPartOf":{"@id":"https:\/\/portaltela.pt\/noticias\/2026\/03\/10\/von-der-leyen-anuncia-200-milhoes-para-investir-em-energia-nuclear-na-ue\/"},"author":{"name":"Telinha","@id":"https:\/\/portaltela.pt\/#\/schema\/person\/c4278d4a6028830caff9ee44b42d32ed"},"headline":"Von der Leyen anuncia 200 milh\u00f5es para investir em energia nuclear na UE","datePublished":"2026-03-10T10:58:00+00:00","mainEntityOfPage":{"@id":"https:\/\/portaltela.pt\/noticias\/2026\/03\/10\/von-der-leyen-anuncia-200-milhoes-para-investir-em-energia-nuclear-na-ue\/"},"wordCount":245,"image":{"@id":"https:\/\/portaltela.pt\/noticias\/2026\/03\/10\/von-der-leyen-anuncia-200-milhoes-para-investir-em-energia-nuclear-na-ue\/#primaryimage"},"thumbnailUrl":"https:\/\/portaltela.pt\/s.01k8rhncp4jt1\/2026\/03\/img_1500x1000uu2026-03-02-17-28-08-2269957.jpg","keywords":["coopera\u00e7\u00e3o internacional","energia","energia at\u00f3mica","energias renov\u00e1veis","investimento","Uni\u00e3o Europeia"],"articleSection":["Energia","Not\u00edcias"],"inLanguage":"pt-PT"},{"@type":"WebPage","@id":"https:\/\/portaltela.pt\/noticias\/2026\/03\/10\/von-der-leyen-anuncia-200-milhoes-para-investir-em-energia-nuclear-na-ue\/","url":"https:\/\/portaltela.pt\/noticias\/2026\/03\/10\/von-der-leyen-anuncia-200-milhoes-para-investir-em-energia-nuclear-na-ue\/","name":"Von der Leyen anuncia 200 milh\u00f5es para investir em energia nuclear na UE - Portal Tela Portugal","isPartOf":{"@id":"https:\/\/portaltela.pt\/#website"},"primaryImageOfPage":{"@id":"https:\/\/portaltela.pt\/noticias\/2026\/03\/10\/von-der-leyen-anuncia-200-milhoes-para-investir-em-energia-nuclear-na-ue\/#primaryimage"},"image":{"@id":"https:\/\/portaltela.pt\/noticias\/2026\/03\/10\/von-der-leyen-anuncia-200-milhoes-para-investir-em-energia-nuclear-na-ue\/#primaryimage"},"thumbnailUrl":"https:\/\/portaltela.pt\/s.01k8rhncp4jt1\/2026\/03\/img_1500x1000uu2026-03-02-17-28-08-2269957.jpg","datePublished":"2026-03-10T10:58:00+00:00","author":{"@id":"https:\/\/portaltela.pt\/#\/schema\/person\/c4278d4a6028830caff9ee44b42d32ed"},"breadcrumb":{"@id":"https:\/\/portaltela.pt\/noticias\/2026\/03\/10\/von-der-leyen-anuncia-200-milhoes-para-investir-em-energia-nuclear-na-ue\/#breadcrumb"},"inLanguage":"pt-PT","potentialAction":[{"@type":"ReadAction","target":["https:\/\/portaltela.pt\/noticias\/2026\/03\/10\/von-der-leyen-anuncia-200-milhoes-para-investir-em-energia-nuclear-na-ue\/"]}]},{"@type":"ImageObject","inLanguage":"pt-PT","@id":"https:\/\/portaltela.pt\/noticias\/2026\/03\/10\/von-der-leyen-anuncia-200-milhoes-para-investir-em-energia-nuclear-na-ue\/#primaryimage","url":"https:\/\/portaltela.pt\/s.01k8rhncp4jt1\/2026\/03\/img_1500x1000uu2026-03-02-17-28-08-2269957.jpg","contentUrl":"https:\/\/portaltela.pt\/s.01k8rhncp4jt1\/2026\/03\/img_1500x1000uu2026-03-02-17-28-08-2269957.jpg","width":796,"height":448,"caption":"Von der Leyen aborda impacto da guerra no M\u00e9dio Oriente na Uni\u00e3o Europeia"},{"@type":"BreadcrumbList","@id":"https:\/\/portaltela.pt\/noticias\/2026\/03\/10\/von-der-leyen-anuncia-200-milhoes-para-investir-em-energia-nuclear-na-ue\/#breadcrumb","itemListElement":[{"@type":"ListItem","position":1,"name":"In\u00edcio","item":"https:\/\/portaltela.pt\/"},{"@type":"ListItem","position":2,"name":"Von der Leyen anuncia 200 milh\u00f5es para investir em energia nuclear na UE"}]},{"@type":"WebSite","@id":"https:\/\/portaltela.pt\/#website","url":"https:\/\/portaltela.pt\/","name":"Portal Tela Portugal","description":"","potentialAction":[{"@type":"SearchAction","target":{"@type":"EntryPoint","urlTemplate":"https:\/\/portaltela.pt\/?s={search_term_string}"},"query-input":{"@type":"PropertyValueSpecification","valueRequired":true,"valueName":"search_term_string"}}],"inLanguage":"pt-PT"},{"@type":"Person","@id":"https:\/\/portaltela.pt\/#\/schema\/person\/c4278d4a6028830caff9ee44b42d32ed","name":"Telinha","image":{"@type":"ImageObject","inLanguage":"pt-PT","@id":"https:\/\/portaltela.pt\/s.01k8rhncp4jt1\/2025\/11\/talking-bot-125x125.png","url":"https:\/\/portaltela.pt\/s.01k8rhncp4jt1\/2025\/11\/talking-bot-125x125.png","contentUrl":"https:\/\/portaltela.pt\/s.01k8rhncp4jt1\/2025\/11\/talking-bot-125x125.png","caption":"Telinha"},"sameAs":["https:\/\/portaltela.pt\/"],"url":"https:\/\/portaltela.pt\/por\/367410592786\/"}]}},"_links":{"self":[{"href":"https:\/\/portaltela.pt\/api\/wp\/v2\/posts\/404451","targetHints":{"allow":["GET"]}}],"collection":[{"href":"https:\/\/portaltela.pt\/api\/wp\/v2\/posts"}],"about":[{"href":"https:\/\/portaltela.pt\/api\/wp\/v2\/types\/post"}],"author":[{"embeddable":true,"href":"https:\/\/portaltela.pt\/api\/wp\/v2\/users\/2"}],"replies":[{"embeddable":true,"href":"https:\/\/portaltela.pt\/api\/wp\/v2\/comments?post=404451"}],"version-history":[{"count":0,"href":"https:\/\/portaltela.pt\/api\/wp\/v2\/posts\/404451\/revisions"}],"wp:featuredmedia":[{"embeddable":true,"href":"https:\/\/portaltela.pt\/api\/wp\/v2\/media\/404452"}],"wp:attachment":[{"href":"https:\/\/portaltela.pt\/api\/wp\/v2\/media?parent=404451"}],"wp:term":[{"taxonomy":"category","embeddable":true,"href":"https:\/\/portaltela.pt\/api\/wp\/v2\/categories?post=404451"},{"taxonomy":"post_tag","embeddable":true,"href":"https:\/\/portaltela.pt\/api\/wp\/v2\/tags?post=404451"}],"curies":[{"name":"wp","href":"https:\/\/api.w.org\/{rel}","templated":true}]}}