{"id":404408,"date":"2026-03-10T07:09:28","date_gmt":"2026-03-10T10:09:28","guid":{"rendered":"https:\/\/portaltela.pt\/noticias\/2026\/03\/10\/leandro-dora-ve-nova-geracao-portuguesa-na-elite-do-surf-mundial\/"},"modified":"2026-03-10T07:09:28","modified_gmt":"2026-03-10T10:09:28","slug":"leandro-dora-ve-nova-geracao-portuguesa-na-elite-do-surf-mundial","status":"publish","type":"post","link":"https:\/\/portaltela.pt\/desporto\/copa-do-mundo\/2026\/03\/10\/leandro-dora-ve-nova-geracao-portuguesa-na-elite-do-surf-mundial\/","title":{"rendered":"Leandro Dora v\u00ea nova gera\u00e7\u00e3o portuguesa na elite do surf mundial"},"content":{"rendered":"<p>Leandro Dora, reconhecido treinador brasileiro, conduziu um est\u00e1gio em Peniche com cinco jovens surfistas portuguesas e portugueses, na \u00faltima semana. O objetivo foi avaliar o potencial da nova gera\u00e7\u00e3o para competir ao mais alto n\u00edvel.<\/p>\n<p>O est\u00e1gio contou com Francisco Ordonhas, Jo\u00e3o Maria Mendon\u00e7a, Jaime Veselko, Maria Salgado e Lua Escudeiro, a convite da Associa\u00e7\u00e3o Nacional de Surfistas (ANS) com apoio do Turismo de Portugal. A participa\u00e7\u00e3o reuniu algumas das promessas nacionais mais destacadas.<\/p>\n<p>Segundo Dora, a nova gera\u00e7\u00e3o j\u00e1 demonstra prepara\u00e7\u00e3o para enfrentar ondas de qualidade e condi\u00e7\u00f5es tubulares, caracter\u00edsticas comuns ao surf em Portugal. O treinador acredita que o grupo pode competir de igual para igual com atletas internacionais em breve.<\/p>\n<h3>Promessa em ascens\u00e3o<\/h3>\n<p>Durante a visita, Dora elogiou o talento e a evolu\u00e7\u00e3o das jovens, sublinhando o papel da dedica\u00e7\u00e3o e da consist\u00eancia para manter o n\u00edvel na elite mundial. O est\u00e1gio ser\u00e1 tido como marco preparat\u00f3rio para o percurso internacional das atletas.<\/p>\n<p>Para a pr\u00f3xima \u00e9poca da WSL, Dora tem planos de orientar a brasileira Luana Silva e a norte-americana Lakey Peterson no circuito principal, al\u00e9m de Mateus Herdy, caso se qualifique, numa fase ainda em curso em Newcastle, Austr\u00e1lia.<\/p>\n<p>As portuguesas Francisca Veselko e Yolanda Hopkins, que j\u00e1 asseguraram lugares na elite mundial de 2026, v\u00eaem-se com expectativas altas para iniciar a temporada a 30 de mar\u00e7o em Bells Beach, Austr\u00e1lia. Dora refor\u00e7ou a import\u00e2ncia de uma prepara\u00e7\u00e3o cont\u00ednua para enfrentar o desafio.<\/p>\n","protected":false},"excerpt":{"rendered":"<ul>\n<li>O treinador brasileiro Leandro Dora dirigiu um est\u00e1gio em Peniche com cinco jovens surfistas portugueses.<\/li>\n<li>Os atletas presentes foram Francisco Ordonhas, Jo\u00e3o Maria Mendon\u00e7a, Jaime Veselko, Maria Salgado e Lua Escudeiro, em parceria com a Associa\u00e7\u00e3o Nacional de Surfistas e com apoio do Turismo de Portugal.<\/li>\n<li>Dora afirmou que a nova gera\u00e7\u00e3o tem condi\u00e7\u00f5es de ocupar lugar na elite do surf mundial, destacando o hist\u00f3rico de Tiago Pires e Frederico Morais e citando Kika Veselko e Yolanda Hopkins para 2026.<\/li>\n<li>O t\u00e9cnico acredita que Portugal j\u00e1 compete de igual para igual com surfistas de outras partes do mundo, especialmente em ondas de alta qualidade.<\/li>\n<li>Na pr\u00f3xima \u00e9poca da Liga Mundial de Surf, Dora vai orientar Luana Silva e Lakey Peterson, com Mateus Herdy em caso de qualifica\u00e7\u00e3o, mantendo o acompanhamento das promissoras portuguesas Francisca Veselko e Yolanda Hopkins.<\/li>\n<\/ul>\n","protected":false},"author":2,"featured_media":404410,"comment_status":"closed","ping_status":"closed","sticky":false,"template":"","format":"standard","meta":{"footnotes":""},"categories":[6695,21],"tags":[152,2681,6875,2604,1014,6956],"class_list":["post-404408","post","type-post","status-publish","format-standard","has-post-thumbnail","hentry","category-copa-do-mundo","category-desporto","tag-desporto","tag-desporto-internacional","tag-francisca-veselko","tag-newcastle","tag-portugal","tag-yolanda-hopkins"],"yoast_head":"<!-- This site is optimized with the Yoast SEO plugin v27.2 - https:\/\/yoast.com\/product\/yoast-seo-wordpress\/ -->\n<title>Leandro Dora v\u00ea nova gera\u00e7\u00e3o portuguesa na elite do surf mundial - Portal Tela Portugal<\/title>\n<meta name=\"robots\" content=\"index, follow, max-snippet:-1, max-image-preview:large, max-video-preview:-1\" \/>\n<meta property=\"og:locale\" content=\"pt_PT\" \/>\n<meta property=\"og:type\" content=\"article\" \/>\n<meta property=\"og:title\" content=\"Leandro Dora v\u00ea nova gera\u00e7\u00e3o portuguesa na elite do surf mundial - Portal Tela Portugal\" \/>\n<meta property=\"og:description\" content=\"O treinador brasileiro Leandro Dora dirigiu um est\u00e1gio em Peniche com cinco jovens surfistas portugueses. Os atletas presentes foram Francisco Ordonhas, Jo\u00e3o Maria Mendon\u00e7a, Jaime Veselko, Maria Salgado e Lua Escudeiro, em parceria com a Associa\u00e7\u00e3o Nacional de Surfistas e com apoio do Turismo de Portugal. Dora afirmou que a nova gera\u00e7\u00e3o tem condi\u00e7\u00f5es de ocupar lugar na elite do surf mundial, destacando o hist\u00f3rico de Tiago Pires e Frederico Morais e citando Kika Veselko e Yolanda Hopkins para 2026. O t\u00e9cnico acredita que Portugal j\u00e1 compete de igual para igual com surfistas de outras partes do mundo, especialmente em ondas de alta qualidade. Na pr\u00f3xima \u00e9poca da Liga Mundial de Surf, Dora vai orientar Luana Silva e Lakey Peterson, com Mateus Herdy em caso de qualifica\u00e7\u00e3o, mantendo o acompanhamento das promissoras portuguesas Francisca Veselko e Yolanda Hopkins.\" \/>\n<meta property=\"og:url\" content=\"https:\/\/portaltela.pt\/noticias\/2026\/03\/10\/leandro-dora-ve-nova-geracao-portuguesa-na-elite-do-surf-mundial\/\" \/>\n<meta property=\"og:site_name\" content=\"Portal Tela Portugal\" \/>\n<meta property=\"article:published_time\" content=\"2026-03-10T10:09:28+00:00\" \/>\n<meta name=\"author\" content=\"Telinha\" \/>\n<meta name=\"twitter:card\" content=\"summary_large_image\" \/>\n<meta name=\"twitter:label1\" content=\"Escrito por\" \/>\n\t<meta name=\"twitter:data1\" content=\"Telinha\" \/>\n\t<meta name=\"twitter:label2\" content=\"Tempo estimado de leitura\" \/>\n\t<meta name=\"twitter:data2\" content=\"1 minuto\" \/>\n<script type=\"application\/ld+json\" class=\"yoast-schema-graph\">{\"@context\":\"https:\/\/schema.org\",\"@graph\":[{\"@type\":\"Article\",\"@id\":\"https:\/\/portaltela.pt\/noticias\/2026\/03\/10\/leandro-dora-ve-nova-geracao-portuguesa-na-elite-do-surf-mundial\/#article\",\"isPartOf\":{\"@id\":\"https:\/\/portaltela.pt\/noticias\/2026\/03\/10\/leandro-dora-ve-nova-geracao-portuguesa-na-elite-do-surf-mundial\/\"},\"author\":{\"name\":\"Telinha\",\"@id\":\"https:\/\/portaltela.pt\/#\/schema\/person\/c4278d4a6028830caff9ee44b42d32ed\"},\"headline\":\"Leandro Dora v\u00ea nova gera\u00e7\u00e3o portuguesa na elite do surf mundial\",\"datePublished\":\"2026-03-10T10:09:28+00:00\",\"mainEntityOfPage\":{\"@id\":\"https:\/\/portaltela.pt\/noticias\/2026\/03\/10\/leandro-dora-ve-nova-geracao-portuguesa-na-elite-do-surf-mundial\/\"},\"wordCount\":277,\"image\":{\"@id\":\"https:\/\/portaltela.pt\/noticias\/2026\/03\/10\/leandro-dora-ve-nova-geracao-portuguesa-na-elite-do-surf-mundial\/#primaryimage\"},\"thumbnailUrl\":\"https:\/\/portaltela.pt\/s.01k8rhncp4jt1\/2026\/03\/img_920x518uu2025-12-25-14-42-21-2411121.jpg\",\"keywords\":[\"desporto\",\"desporto internacional\",\"Francisca Veselko\",\"Newcastle\",\"Portugal\",\"Yolanda Hopkins\"],\"articleSection\":[\"Copa do Mundo\",\"Desporto\"],\"inLanguage\":\"pt-PT\"},{\"@type\":\"WebPage\",\"@id\":\"https:\/\/portaltela.pt\/noticias\/2026\/03\/10\/leandro-dora-ve-nova-geracao-portuguesa-na-elite-do-surf-mundial\/\",\"url\":\"https:\/\/portaltela.pt\/noticias\/2026\/03\/10\/leandro-dora-ve-nova-geracao-portuguesa-na-elite-do-surf-mundial\/\",\"name\":\"Leandro Dora v\u00ea nova gera\u00e7\u00e3o portuguesa na elite do surf mundial - Portal Tela Portugal\",\"isPartOf\":{\"@id\":\"https:\/\/portaltela.pt\/#website\"},\"primaryImageOfPage\":{\"@id\":\"https:\/\/portaltela.pt\/noticias\/2026\/03\/10\/leandro-dora-ve-nova-geracao-portuguesa-na-elite-do-surf-mundial\/#primaryimage\"},\"image\":{\"@id\":\"https:\/\/portaltela.pt\/noticias\/2026\/03\/10\/leandro-dora-ve-nova-geracao-portuguesa-na-elite-do-surf-mundial\/#primaryimage\"},\"thumbnailUrl\":\"https:\/\/portaltela.pt\/s.01k8rhncp4jt1\/2026\/03\/img_920x518uu2025-12-25-14-42-21-2411121.jpg\",\"datePublished\":\"2026-03-10T10:09:28+00:00\",\"author\":{\"@id\":\"https:\/\/portaltela.pt\/#\/schema\/person\/c4278d4a6028830caff9ee44b42d32ed\"},\"breadcrumb\":{\"@id\":\"https:\/\/portaltela.pt\/noticias\/2026\/03\/10\/leandro-dora-ve-nova-geracao-portuguesa-na-elite-do-surf-mundial\/#breadcrumb\"},\"inLanguage\":\"pt-PT\",\"potentialAction\":[{\"@type\":\"ReadAction\",\"target\":[\"https:\/\/portaltela.pt\/noticias\/2026\/03\/10\/leandro-dora-ve-nova-geracao-portuguesa-na-elite-do-surf-mundial\/\"]}]},{\"@type\":\"ImageObject\",\"inLanguage\":\"pt-PT\",\"@id\":\"https:\/\/portaltela.pt\/noticias\/2026\/03\/10\/leandro-dora-ve-nova-geracao-portuguesa-na-elite-do-surf-mundial\/#primaryimage\",\"url\":\"https:\/\/portaltela.pt\/s.01k8rhncp4jt1\/2026\/03\/img_920x518uu2025-12-25-14-42-21-2411121.jpg\",\"contentUrl\":\"https:\/\/portaltela.pt\/s.01k8rhncp4jt1\/2026\/03\/img_920x518uu2025-12-25-14-42-21-2411121.jpg\",\"width\":796,\"height\":448,\"caption\":\"S\u00e3o v\u00e1rios os talentos portugueses a surgir no surf\"},{\"@type\":\"BreadcrumbList\",\"@id\":\"https:\/\/portaltela.pt\/noticias\/2026\/03\/10\/leandro-dora-ve-nova-geracao-portuguesa-na-elite-do-surf-mundial\/#breadcrumb\",\"itemListElement\":[{\"@type\":\"ListItem\",\"position\":1,\"name\":\"In\u00edcio\",\"item\":\"https:\/\/portaltela.pt\/\"},{\"@type\":\"ListItem\",\"position\":2,\"name\":\"Leandro Dora v\u00ea nova gera\u00e7\u00e3o portuguesa na elite do surf mundial\"}]},{\"@type\":\"WebSite\",\"@id\":\"https:\/\/portaltela.pt\/#website\",\"url\":\"https:\/\/portaltela.pt\/\",\"name\":\"Portal Tela Portugal\",\"description\":\"\",\"potentialAction\":[{\"@type\":\"SearchAction\",\"target\":{\"@type\":\"EntryPoint\",\"urlTemplate\":\"https:\/\/portaltela.pt\/?s={search_term_string}\"},\"query-input\":{\"@type\":\"PropertyValueSpecification\",\"valueRequired\":true,\"valueName\":\"search_term_string\"}}],\"inLanguage\":\"pt-PT\"},{\"@type\":\"Person\",\"@id\":\"https:\/\/portaltela.pt\/#\/schema\/person\/c4278d4a6028830caff9ee44b42d32ed\",\"name\":\"Telinha\",\"image\":{\"@type\":\"ImageObject\",\"inLanguage\":\"pt-PT\",\"@id\":\"https:\/\/portaltela.pt\/s.01k8rhncp4jt1\/2025\/11\/talking-bot-125x125.png\",\"url\":\"https:\/\/portaltela.pt\/s.01k8rhncp4jt1\/2025\/11\/talking-bot-125x125.png\",\"contentUrl\":\"https:\/\/portaltela.pt\/s.01k8rhncp4jt1\/2025\/11\/talking-bot-125x125.png\",\"caption\":\"Telinha\"},\"sameAs\":[\"https:\/\/portaltela.pt\/\"],\"url\":\"https:\/\/portaltela.pt\/por\/367410592786\/\"}]}<\/script>\n<!-- \/ Yoast SEO plugin. -->","yoast_head_json":{"title":"Leandro Dora v\u00ea nova gera\u00e7\u00e3o portuguesa na elite do surf mundial - Portal Tela Portugal","robots":{"index":"index","follow":"follow","max-snippet":"max-snippet:-1","max-image-preview":"max-image-preview:large","max-video-preview":"max-video-preview:-1"},"og_locale":"pt_PT","og_type":"article","og_title":"Leandro Dora v\u00ea nova gera\u00e7\u00e3o portuguesa na elite do surf mundial - Portal Tela Portugal","og_description":"O treinador brasileiro Leandro Dora dirigiu um est\u00e1gio em Peniche com cinco jovens surfistas portugueses. Os atletas presentes foram Francisco Ordonhas, Jo\u00e3o Maria Mendon\u00e7a, Jaime Veselko, Maria Salgado e Lua Escudeiro, em parceria com a Associa\u00e7\u00e3o Nacional de Surfistas e com apoio do Turismo de Portugal. Dora afirmou que a nova gera\u00e7\u00e3o tem condi\u00e7\u00f5es de ocupar lugar na elite do surf mundial, destacando o hist\u00f3rico de Tiago Pires e Frederico Morais e citando Kika Veselko e Yolanda Hopkins para 2026. O t\u00e9cnico acredita que Portugal j\u00e1 compete de igual para igual com surfistas de outras partes do mundo, especialmente em ondas de alta qualidade. Na pr\u00f3xima \u00e9poca da Liga Mundial de Surf, Dora vai orientar Luana Silva e Lakey Peterson, com Mateus Herdy em caso de qualifica\u00e7\u00e3o, mantendo o acompanhamento das promissoras portuguesas Francisca Veselko e Yolanda Hopkins.","og_url":"https:\/\/portaltela.pt\/noticias\/2026\/03\/10\/leandro-dora-ve-nova-geracao-portuguesa-na-elite-do-surf-mundial\/","og_site_name":"Portal Tela Portugal","article_published_time":"2026-03-10T10:09:28+00:00","author":"Telinha","twitter_card":"summary_large_image","twitter_misc":{"Escrito por":"Telinha","Tempo estimado de leitura":"1 minuto"},"schema":{"@context":"https:\/\/schema.org","@graph":[{"@type":"Article","@id":"https:\/\/portaltela.pt\/noticias\/2026\/03\/10\/leandro-dora-ve-nova-geracao-portuguesa-na-elite-do-surf-mundial\/#article","isPartOf":{"@id":"https:\/\/portaltela.pt\/noticias\/2026\/03\/10\/leandro-dora-ve-nova-geracao-portuguesa-na-elite-do-surf-mundial\/"},"author":{"name":"Telinha","@id":"https:\/\/portaltela.pt\/#\/schema\/person\/c4278d4a6028830caff9ee44b42d32ed"},"headline":"Leandro Dora v\u00ea nova gera\u00e7\u00e3o portuguesa na elite do surf mundial","datePublished":"2026-03-10T10:09:28+00:00","mainEntityOfPage":{"@id":"https:\/\/portaltela.pt\/noticias\/2026\/03\/10\/leandro-dora-ve-nova-geracao-portuguesa-na-elite-do-surf-mundial\/"},"wordCount":277,"image":{"@id":"https:\/\/portaltela.pt\/noticias\/2026\/03\/10\/leandro-dora-ve-nova-geracao-portuguesa-na-elite-do-surf-mundial\/#primaryimage"},"thumbnailUrl":"https:\/\/portaltela.pt\/s.01k8rhncp4jt1\/2026\/03\/img_920x518uu2025-12-25-14-42-21-2411121.jpg","keywords":["desporto","desporto internacional","Francisca Veselko","Newcastle","Portugal","Yolanda Hopkins"],"articleSection":["Copa do Mundo","Desporto"],"inLanguage":"pt-PT"},{"@type":"WebPage","@id":"https:\/\/portaltela.pt\/noticias\/2026\/03\/10\/leandro-dora-ve-nova-geracao-portuguesa-na-elite-do-surf-mundial\/","url":"https:\/\/portaltela.pt\/noticias\/2026\/03\/10\/leandro-dora-ve-nova-geracao-portuguesa-na-elite-do-surf-mundial\/","name":"Leandro Dora v\u00ea nova gera\u00e7\u00e3o portuguesa na elite do surf mundial - Portal Tela Portugal","isPartOf":{"@id":"https:\/\/portaltela.pt\/#website"},"primaryImageOfPage":{"@id":"https:\/\/portaltela.pt\/noticias\/2026\/03\/10\/leandro-dora-ve-nova-geracao-portuguesa-na-elite-do-surf-mundial\/#primaryimage"},"image":{"@id":"https:\/\/portaltela.pt\/noticias\/2026\/03\/10\/leandro-dora-ve-nova-geracao-portuguesa-na-elite-do-surf-mundial\/#primaryimage"},"thumbnailUrl":"https:\/\/portaltela.pt\/s.01k8rhncp4jt1\/2026\/03\/img_920x518uu2025-12-25-14-42-21-2411121.jpg","datePublished":"2026-03-10T10:09:28+00:00","author":{"@id":"https:\/\/portaltela.pt\/#\/schema\/person\/c4278d4a6028830caff9ee44b42d32ed"},"breadcrumb":{"@id":"https:\/\/portaltela.pt\/noticias\/2026\/03\/10\/leandro-dora-ve-nova-geracao-portuguesa-na-elite-do-surf-mundial\/#breadcrumb"},"inLanguage":"pt-PT","potentialAction":[{"@type":"ReadAction","target":["https:\/\/portaltela.pt\/noticias\/2026\/03\/10\/leandro-dora-ve-nova-geracao-portuguesa-na-elite-do-surf-mundial\/"]}]},{"@type":"ImageObject","inLanguage":"pt-PT","@id":"https:\/\/portaltela.pt\/noticias\/2026\/03\/10\/leandro-dora-ve-nova-geracao-portuguesa-na-elite-do-surf-mundial\/#primaryimage","url":"https:\/\/portaltela.pt\/s.01k8rhncp4jt1\/2026\/03\/img_920x518uu2025-12-25-14-42-21-2411121.jpg","contentUrl":"https:\/\/portaltela.pt\/s.01k8rhncp4jt1\/2026\/03\/img_920x518uu2025-12-25-14-42-21-2411121.jpg","width":796,"height":448,"caption":"S\u00e3o v\u00e1rios os talentos portugueses a surgir no surf"},{"@type":"BreadcrumbList","@id":"https:\/\/portaltela.pt\/noticias\/2026\/03\/10\/leandro-dora-ve-nova-geracao-portuguesa-na-elite-do-surf-mundial\/#breadcrumb","itemListElement":[{"@type":"ListItem","position":1,"name":"In\u00edcio","item":"https:\/\/portaltela.pt\/"},{"@type":"ListItem","position":2,"name":"Leandro Dora v\u00ea nova gera\u00e7\u00e3o portuguesa na elite do surf mundial"}]},{"@type":"WebSite","@id":"https:\/\/portaltela.pt\/#website","url":"https:\/\/portaltela.pt\/","name":"Portal Tela Portugal","description":"","potentialAction":[{"@type":"SearchAction","target":{"@type":"EntryPoint","urlTemplate":"https:\/\/portaltela.pt\/?s={search_term_string}"},"query-input":{"@type":"PropertyValueSpecification","valueRequired":true,"valueName":"search_term_string"}}],"inLanguage":"pt-PT"},{"@type":"Person","@id":"https:\/\/portaltela.pt\/#\/schema\/person\/c4278d4a6028830caff9ee44b42d32ed","name":"Telinha","image":{"@type":"ImageObject","inLanguage":"pt-PT","@id":"https:\/\/portaltela.pt\/s.01k8rhncp4jt1\/2025\/11\/talking-bot-125x125.png","url":"https:\/\/portaltela.pt\/s.01k8rhncp4jt1\/2025\/11\/talking-bot-125x125.png","contentUrl":"https:\/\/portaltela.pt\/s.01k8rhncp4jt1\/2025\/11\/talking-bot-125x125.png","caption":"Telinha"},"sameAs":["https:\/\/portaltela.pt\/"],"url":"https:\/\/portaltela.pt\/por\/367410592786\/"}]}},"_links":{"self":[{"href":"https:\/\/portaltela.pt\/api\/wp\/v2\/posts\/404408","targetHints":{"allow":["GET"]}}],"collection":[{"href":"https:\/\/portaltela.pt\/api\/wp\/v2\/posts"}],"about":[{"href":"https:\/\/portaltela.pt\/api\/wp\/v2\/types\/post"}],"author":[{"embeddable":true,"href":"https:\/\/portaltela.pt\/api\/wp\/v2\/users\/2"}],"replies":[{"embeddable":true,"href":"https:\/\/portaltela.pt\/api\/wp\/v2\/comments?post=404408"}],"version-history":[{"count":0,"href":"https:\/\/portaltela.pt\/api\/wp\/v2\/posts\/404408\/revisions"}],"wp:featuredmedia":[{"embeddable":true,"href":"https:\/\/portaltela.pt\/api\/wp\/v2\/media\/404410"}],"wp:attachment":[{"href":"https:\/\/portaltela.pt\/api\/wp\/v2\/media?parent=404408"}],"wp:term":[{"taxonomy":"category","embeddable":true,"href":"https:\/\/portaltela.pt\/api\/wp\/v2\/categories?post=404408"},{"taxonomy":"post_tag","embeddable":true,"href":"https:\/\/portaltela.pt\/api\/wp\/v2\/tags?post=404408"}],"curies":[{"name":"wp","href":"https:\/\/api.w.org\/{rel}","templated":true}]}}