{"id":404372,"date":"2026-03-10T06:03:00","date_gmt":"2026-03-10T09:03:00","guid":{"rendered":"https:\/\/portaltela.pt\/noticias\/2026\/03\/10\/inundacoes-identificar-zonas-com-maior-risco-de-vitimas\/"},"modified":"2026-03-10T06:03:00","modified_gmt":"2026-03-10T09:03:00","slug":"inundacoes-identificar-zonas-com-maior-risco-de-vitimas","status":"publish","type":"post","link":"https:\/\/portaltela.pt\/noticias\/2026\/03\/10\/inundacoes-identificar-zonas-com-maior-risco-de-vitimas\/","title":{"rendered":"Inunda\u00e7\u00f5es: identificar zonas com maior risco de v\u00edtimas"},"content":{"rendered":"<p>O epis\u00f3dio de Serpa, em pleno pico de recentes cheias em v\u00e1rias zonas do pa\u00eds, resultou na morte de um homem, quando o carro foi arrastado pela \u00e1gua. O incidente amplia a avalia\u00e7\u00e3o da exposi\u00e7\u00e3o da popula\u00e7\u00e3o a inunda\u00e7\u00f5es e a necessidade de avalia\u00e7\u00f5es t\u00e9cnicas de risco.<\/p>\n<p>A mobiliza\u00e7\u00e3o de recursos para entender o risco de v\u00edtimas humanas em cen\u00e1rios extremos continua a ser prioridade. Especialistas defendem uma avalia\u00e7\u00e3o sistem\u00e1tica a n\u00edvel nacional para identificar \u00e1reas cr\u00edticas e melhorar o n\u00edvel de prepara\u00e7\u00e3o da popula\u00e7\u00e3o.<\/p>\n<p>A investiga\u00e7\u00e3o trata da aplica\u00e7\u00e3o de uma metodologia para estimar mortes em \u00c1reas de Risco Potencial Significativo de Inunda\u00e7\u00e3o (ARPSI), definidas nos Planos de Gest\u00e3o dos Riscos de Inunda\u00e7\u00e3o. A abordagem utiliza par\u00e2metros de perigosidade, caracter\u00edsticas da \u00e1rea e demografia.<\/p>\n<p>Em Portugal, o estudo baseia-se em dados de cheias com um per\u00edodo de retorno de 100 anos, com modela\u00e7\u00e3o a partir do portal Sniamb, incluindo extens\u00e3o, profundidade e velocidade da \u00e1gua. Casos exemplares indicam varia\u00e7\u00f5es regionais do risco.<\/p>\n<p>Chaves regista 79 expostos, com estimativas de 20 feridos e duas mortes. Esposende aponta 117 expostos, com 12 feridos e duas mortes. Ponte da Barca aparece mais vulner\u00e1vel, com 230 expostos, 23 feridos e oito mortes.<\/p>\n<p>Importa notar que as estimativas podem sobrestimar feridos e mortes, por contarem residentes em \u00e1reas lim\u00edtrofes ainda n\u00e3o totalmente afetadas pela cheia. O estudo refor\u00e7a a necessidade de ajuste fino na avalia\u00e7\u00e3o.<\/p>\n<p>Um estudo do Instituto Potsdam para Investiga\u00e7\u00e3o do Impacto Clim\u00e1tico (PIK) indica que medidas de autoprote\u00e7\u00e3o e prepara\u00e7\u00e3o reduziram mortes por inunda\u00e7\u00f5es na Europa em 52% desde 1950, sublinhando a utilidade de medidas de mitiga\u00e7\u00e3o.<\/p>\n<p>Apesar de limita\u00e7\u00f5es metodol\u00f3gicas, a proje\u00e7\u00e3o \u00e9 relevante para a gest\u00e3o de risco em \u00e1reas ARPSI e cen\u00e1rios extremos. A modela\u00e7\u00e3o poderia incluir population m\u00f3vel e estado das edifica\u00e7\u00f5es para aperfei\u00e7oar previs\u00f5es.<\/p>\n<p>O caso de Serpa serve como ponto de partida para uma reflex\u00e3o nacional sobre a antecipa\u00e7\u00e3o de danos humanos em inunda\u00e7\u00f5es, orientando decis\u00f5es de gest\u00e3o de risco e estrat\u00e9gias de mitiga\u00e7\u00e3o.<\/p>\n","protected":false},"excerpt":{"rendered":"<ul>\n<li>A morte ocorrida em Serpa durante cheias reacende o debate sobre a exposi\u00e7\u00e3o da popula\u00e7\u00e3o a inunda\u00e7\u00f5es e a necessidade de avalia\u00e7\u00e3o t\u00e9cnica do risco a n\u00edvel nacional.<\/li>\n<li>Um estudo explorat\u00f3rio aplica uma metodologia do Centro de Pesquisa sobre Riscos de Inunda\u00e7\u00e3o da Universidade de Middlesex para estimar mortes em \u00c1reas de Risco Potencial Significativo de Inunda\u00e7\u00e3o (ARPSI) em cheias com per\u00edodo de retorno de cem anos.<\/li>\n<li>Exemplos regionais: em Chaves, 79 pessoas expostas, com estimativa de 20 feridos e 2 mortes; em Esposende, 117 expostos, 12 feridos e 2 mortes; em Ponte da Barca, 230 expostos, 23 feridos e 8 mortes.<\/li>\n<li>Pode haver sobrestima\u00e7\u00e3o de feridos e mortes nas estimativas, devido a residentes em \u00e1reas pr\u00f3ximas \u00e0 zona inund\u00e1vel que n\u00e3o foram totalmente afetadas pela cheia.<\/li>\n<li>Prop\u00f5e-se melhorar a gest\u00e3o do risco de cheias com avalia\u00e7\u00e3o de adapta\u00e7\u00e3o, incluindo qualidade dos edif\u00edcios, exposi\u00e7\u00e3o m\u00f3vel e cen\u00e1rios extremos, para reduzir danos humanos.<\/li>\n<\/ul>\n","protected":false},"author":2,"featured_media":404380,"comment_status":"closed","ping_status":"closed","sticky":false,"template":"","format":"standard","meta":{"footnotes":""},"categories":[1],"tags":[5215,5381,2051,6097,6558,1014],"class_list":["post-404372","post","type-post","status-publish","format-standard","has-post-thumbnail","hentry","category-noticias","tag-catastrofes-naturais","tag-gestao-de-riscos","tag-inundacao","tag-planeamento-territorial","tag-populacao-civil","tag-portugal"],"yoast_head":"<!-- This site is optimized with the Yoast SEO plugin v27.2 - https:\/\/yoast.com\/product\/yoast-seo-wordpress\/ -->\n<title>Inunda\u00e7\u00f5es: identificar zonas com maior risco de v\u00edtimas - Portal Tela Portugal<\/title>\n<meta name=\"robots\" content=\"index, follow, max-snippet:-1, max-image-preview:large, max-video-preview:-1\" \/>\n<meta property=\"og:locale\" content=\"pt_PT\" \/>\n<meta property=\"og:type\" content=\"article\" \/>\n<meta property=\"og:title\" content=\"Inunda\u00e7\u00f5es: identificar zonas com maior risco de v\u00edtimas - Portal Tela Portugal\" \/>\n<meta property=\"og:description\" content=\"A morte ocorrida em Serpa durante cheias reacende o debate sobre a exposi\u00e7\u00e3o da popula\u00e7\u00e3o a inunda\u00e7\u00f5es e a necessidade de avalia\u00e7\u00e3o t\u00e9cnica do risco a n\u00edvel nacional. Um estudo explorat\u00f3rio aplica uma metodologia do Centro de Pesquisa sobre Riscos de Inunda\u00e7\u00e3o da Universidade de Middlesex para estimar mortes em \u00c1reas de Risco Potencial Significativo de Inunda\u00e7\u00e3o (ARPSI) em cheias com per\u00edodo de retorno de cem anos. Exemplos regionais: em Chaves, 79 pessoas expostas, com estimativa de 20 feridos e 2 mortes; em Esposende, 117 expostos, 12 feridos e 2 mortes; em Ponte da Barca, 230 expostos, 23 feridos e 8 mortes. Pode haver sobrestima\u00e7\u00e3o de feridos e mortes nas estimativas, devido a residentes em \u00e1reas pr\u00f3ximas \u00e0 zona inund\u00e1vel que n\u00e3o foram totalmente afetadas pela cheia. Prop\u00f5e-se melhorar a gest\u00e3o do risco de cheias com avalia\u00e7\u00e3o de adapta\u00e7\u00e3o, incluindo qualidade dos edif\u00edcios, exposi\u00e7\u00e3o m\u00f3vel e cen\u00e1rios extremos, para reduzir danos humanos.\" \/>\n<meta property=\"og:url\" content=\"https:\/\/portaltela.pt\/noticias\/2026\/03\/10\/inundacoes-identificar-zonas-com-maior-risco-de-vitimas\/\" \/>\n<meta property=\"og:site_name\" content=\"Portal Tela Portugal\" \/>\n<meta property=\"article:published_time\" content=\"2026-03-10T09:03:00+00:00\" \/>\n<meta name=\"author\" content=\"Telinha\" \/>\n<meta name=\"twitter:card\" content=\"summary_large_image\" \/>\n<meta name=\"twitter:label1\" content=\"Escrito por\" \/>\n\t<meta name=\"twitter:data1\" content=\"Telinha\" \/>\n\t<meta name=\"twitter:label2\" content=\"Tempo estimado de leitura\" \/>\n\t<meta name=\"twitter:data2\" content=\"2 minutos\" \/>\n<script type=\"application\/ld+json\" class=\"yoast-schema-graph\">{\"@context\":\"https:\/\/schema.org\",\"@graph\":[{\"@type\":\"Article\",\"@id\":\"https:\/\/portaltela.pt\/noticias\/2026\/03\/10\/inundacoes-identificar-zonas-com-maior-risco-de-vitimas\/#article\",\"isPartOf\":{\"@id\":\"https:\/\/portaltela.pt\/noticias\/2026\/03\/10\/inundacoes-identificar-zonas-com-maior-risco-de-vitimas\/\"},\"author\":{\"name\":\"Telinha\",\"@id\":\"https:\/\/portaltela.pt\/#\/schema\/person\/c4278d4a6028830caff9ee44b42d32ed\"},\"headline\":\"Inunda\u00e7\u00f5es: identificar zonas com maior risco de v\u00edtimas\",\"datePublished\":\"2026-03-10T09:03:00+00:00\",\"mainEntityOfPage\":{\"@id\":\"https:\/\/portaltela.pt\/noticias\/2026\/03\/10\/inundacoes-identificar-zonas-com-maior-risco-de-vitimas\/\"},\"wordCount\":387,\"image\":{\"@id\":\"https:\/\/portaltela.pt\/noticias\/2026\/03\/10\/inundacoes-identificar-zonas-com-maior-risco-de-vitimas\/#primaryimage\"},\"thumbnailUrl\":\"https:\/\/portaltela.pt\/s.01k8rhncp4jt1\/2026\/03\/2072988.jpg\",\"keywords\":[\"cat\u00e1strofes naturais\",\"Gest\u00e3o de Riscos\",\"inunda\u00e7\u00e3o\",\"planeamento territorial\",\"popula\u00e7\u00e3o civil\",\"Portugal\"],\"articleSection\":[\"Not\u00edcias\"],\"inLanguage\":\"pt-PT\"},{\"@type\":\"WebPage\",\"@id\":\"https:\/\/portaltela.pt\/noticias\/2026\/03\/10\/inundacoes-identificar-zonas-com-maior-risco-de-vitimas\/\",\"url\":\"https:\/\/portaltela.pt\/noticias\/2026\/03\/10\/inundacoes-identificar-zonas-com-maior-risco-de-vitimas\/\",\"name\":\"Inunda\u00e7\u00f5es: identificar zonas com maior risco de v\u00edtimas - Portal Tela Portugal\",\"isPartOf\":{\"@id\":\"https:\/\/portaltela.pt\/#website\"},\"primaryImageOfPage\":{\"@id\":\"https:\/\/portaltela.pt\/noticias\/2026\/03\/10\/inundacoes-identificar-zonas-com-maior-risco-de-vitimas\/#primaryimage\"},\"image\":{\"@id\":\"https:\/\/portaltela.pt\/noticias\/2026\/03\/10\/inundacoes-identificar-zonas-com-maior-risco-de-vitimas\/#primaryimage\"},\"thumbnailUrl\":\"https:\/\/portaltela.pt\/s.01k8rhncp4jt1\/2026\/03\/2072988.jpg\",\"datePublished\":\"2026-03-10T09:03:00+00:00\",\"author\":{\"@id\":\"https:\/\/portaltela.pt\/#\/schema\/person\/c4278d4a6028830caff9ee44b42d32ed\"},\"breadcrumb\":{\"@id\":\"https:\/\/portaltela.pt\/noticias\/2026\/03\/10\/inundacoes-identificar-zonas-com-maior-risco-de-vitimas\/#breadcrumb\"},\"inLanguage\":\"pt-PT\",\"potentialAction\":[{\"@type\":\"ReadAction\",\"target\":[\"https:\/\/portaltela.pt\/noticias\/2026\/03\/10\/inundacoes-identificar-zonas-com-maior-risco-de-vitimas\/\"]}]},{\"@type\":\"ImageObject\",\"inLanguage\":\"pt-PT\",\"@id\":\"https:\/\/portaltela.pt\/noticias\/2026\/03\/10\/inundacoes-identificar-zonas-com-maior-risco-de-vitimas\/#primaryimage\",\"url\":\"https:\/\/portaltela.pt\/s.01k8rhncp4jt1\/2026\/03\/2072988.jpg\",\"contentUrl\":\"https:\/\/portaltela.pt\/s.01k8rhncp4jt1\/2026\/03\/2072988.jpg\",\"width\":796,\"height\":448,\"caption\":\"Danos causados pela passagem de sucessivas tempestades, chuva intensa e vento forte. Cheias no rio Mondego. Restaurantes na zona ribeirinha inundados\"},{\"@type\":\"BreadcrumbList\",\"@id\":\"https:\/\/portaltela.pt\/noticias\/2026\/03\/10\/inundacoes-identificar-zonas-com-maior-risco-de-vitimas\/#breadcrumb\",\"itemListElement\":[{\"@type\":\"ListItem\",\"position\":1,\"name\":\"In\u00edcio\",\"item\":\"https:\/\/portaltela.pt\/\"},{\"@type\":\"ListItem\",\"position\":2,\"name\":\"Inunda\u00e7\u00f5es: identificar zonas com maior risco de v\u00edtimas\"}]},{\"@type\":\"WebSite\",\"@id\":\"https:\/\/portaltela.pt\/#website\",\"url\":\"https:\/\/portaltela.pt\/\",\"name\":\"Portal Tela Portugal\",\"description\":\"\",\"potentialAction\":[{\"@type\":\"SearchAction\",\"target\":{\"@type\":\"EntryPoint\",\"urlTemplate\":\"https:\/\/portaltela.pt\/?s={search_term_string}\"},\"query-input\":{\"@type\":\"PropertyValueSpecification\",\"valueRequired\":true,\"valueName\":\"search_term_string\"}}],\"inLanguage\":\"pt-PT\"},{\"@type\":\"Person\",\"@id\":\"https:\/\/portaltela.pt\/#\/schema\/person\/c4278d4a6028830caff9ee44b42d32ed\",\"name\":\"Telinha\",\"image\":{\"@type\":\"ImageObject\",\"inLanguage\":\"pt-PT\",\"@id\":\"https:\/\/portaltela.pt\/s.01k8rhncp4jt1\/2025\/11\/talking-bot-125x125.png\",\"url\":\"https:\/\/portaltela.pt\/s.01k8rhncp4jt1\/2025\/11\/talking-bot-125x125.png\",\"contentUrl\":\"https:\/\/portaltela.pt\/s.01k8rhncp4jt1\/2025\/11\/talking-bot-125x125.png\",\"caption\":\"Telinha\"},\"sameAs\":[\"https:\/\/portaltela.pt\/\"],\"url\":\"https:\/\/portaltela.pt\/por\/367410592786\/\"}]}<\/script>\n<!-- \/ Yoast SEO plugin. -->","yoast_head_json":{"title":"Inunda\u00e7\u00f5es: identificar zonas com maior risco de v\u00edtimas - Portal Tela Portugal","robots":{"index":"index","follow":"follow","max-snippet":"max-snippet:-1","max-image-preview":"max-image-preview:large","max-video-preview":"max-video-preview:-1"},"og_locale":"pt_PT","og_type":"article","og_title":"Inunda\u00e7\u00f5es: identificar zonas com maior risco de v\u00edtimas - Portal Tela Portugal","og_description":"A morte ocorrida em Serpa durante cheias reacende o debate sobre a exposi\u00e7\u00e3o da popula\u00e7\u00e3o a inunda\u00e7\u00f5es e a necessidade de avalia\u00e7\u00e3o t\u00e9cnica do risco a n\u00edvel nacional. Um estudo explorat\u00f3rio aplica uma metodologia do Centro de Pesquisa sobre Riscos de Inunda\u00e7\u00e3o da Universidade de Middlesex para estimar mortes em \u00c1reas de Risco Potencial Significativo de Inunda\u00e7\u00e3o (ARPSI) em cheias com per\u00edodo de retorno de cem anos. Exemplos regionais: em Chaves, 79 pessoas expostas, com estimativa de 20 feridos e 2 mortes; em Esposende, 117 expostos, 12 feridos e 2 mortes; em Ponte da Barca, 230 expostos, 23 feridos e 8 mortes. Pode haver sobrestima\u00e7\u00e3o de feridos e mortes nas estimativas, devido a residentes em \u00e1reas pr\u00f3ximas \u00e0 zona inund\u00e1vel que n\u00e3o foram totalmente afetadas pela cheia. Prop\u00f5e-se melhorar a gest\u00e3o do risco de cheias com avalia\u00e7\u00e3o de adapta\u00e7\u00e3o, incluindo qualidade dos edif\u00edcios, exposi\u00e7\u00e3o m\u00f3vel e cen\u00e1rios extremos, para reduzir danos humanos.","og_url":"https:\/\/portaltela.pt\/noticias\/2026\/03\/10\/inundacoes-identificar-zonas-com-maior-risco-de-vitimas\/","og_site_name":"Portal Tela Portugal","article_published_time":"2026-03-10T09:03:00+00:00","author":"Telinha","twitter_card":"summary_large_image","twitter_misc":{"Escrito por":"Telinha","Tempo estimado de leitura":"2 minutos"},"schema":{"@context":"https:\/\/schema.org","@graph":[{"@type":"Article","@id":"https:\/\/portaltela.pt\/noticias\/2026\/03\/10\/inundacoes-identificar-zonas-com-maior-risco-de-vitimas\/#article","isPartOf":{"@id":"https:\/\/portaltela.pt\/noticias\/2026\/03\/10\/inundacoes-identificar-zonas-com-maior-risco-de-vitimas\/"},"author":{"name":"Telinha","@id":"https:\/\/portaltela.pt\/#\/schema\/person\/c4278d4a6028830caff9ee44b42d32ed"},"headline":"Inunda\u00e7\u00f5es: identificar zonas com maior risco de v\u00edtimas","datePublished":"2026-03-10T09:03:00+00:00","mainEntityOfPage":{"@id":"https:\/\/portaltela.pt\/noticias\/2026\/03\/10\/inundacoes-identificar-zonas-com-maior-risco-de-vitimas\/"},"wordCount":387,"image":{"@id":"https:\/\/portaltela.pt\/noticias\/2026\/03\/10\/inundacoes-identificar-zonas-com-maior-risco-de-vitimas\/#primaryimage"},"thumbnailUrl":"https:\/\/portaltela.pt\/s.01k8rhncp4jt1\/2026\/03\/2072988.jpg","keywords":["cat\u00e1strofes naturais","Gest\u00e3o de Riscos","inunda\u00e7\u00e3o","planeamento territorial","popula\u00e7\u00e3o civil","Portugal"],"articleSection":["Not\u00edcias"],"inLanguage":"pt-PT"},{"@type":"WebPage","@id":"https:\/\/portaltela.pt\/noticias\/2026\/03\/10\/inundacoes-identificar-zonas-com-maior-risco-de-vitimas\/","url":"https:\/\/portaltela.pt\/noticias\/2026\/03\/10\/inundacoes-identificar-zonas-com-maior-risco-de-vitimas\/","name":"Inunda\u00e7\u00f5es: identificar zonas com maior risco de v\u00edtimas - Portal Tela Portugal","isPartOf":{"@id":"https:\/\/portaltela.pt\/#website"},"primaryImageOfPage":{"@id":"https:\/\/portaltela.pt\/noticias\/2026\/03\/10\/inundacoes-identificar-zonas-com-maior-risco-de-vitimas\/#primaryimage"},"image":{"@id":"https:\/\/portaltela.pt\/noticias\/2026\/03\/10\/inundacoes-identificar-zonas-com-maior-risco-de-vitimas\/#primaryimage"},"thumbnailUrl":"https:\/\/portaltela.pt\/s.01k8rhncp4jt1\/2026\/03\/2072988.jpg","datePublished":"2026-03-10T09:03:00+00:00","author":{"@id":"https:\/\/portaltela.pt\/#\/schema\/person\/c4278d4a6028830caff9ee44b42d32ed"},"breadcrumb":{"@id":"https:\/\/portaltela.pt\/noticias\/2026\/03\/10\/inundacoes-identificar-zonas-com-maior-risco-de-vitimas\/#breadcrumb"},"inLanguage":"pt-PT","potentialAction":[{"@type":"ReadAction","target":["https:\/\/portaltela.pt\/noticias\/2026\/03\/10\/inundacoes-identificar-zonas-com-maior-risco-de-vitimas\/"]}]},{"@type":"ImageObject","inLanguage":"pt-PT","@id":"https:\/\/portaltela.pt\/noticias\/2026\/03\/10\/inundacoes-identificar-zonas-com-maior-risco-de-vitimas\/#primaryimage","url":"https:\/\/portaltela.pt\/s.01k8rhncp4jt1\/2026\/03\/2072988.jpg","contentUrl":"https:\/\/portaltela.pt\/s.01k8rhncp4jt1\/2026\/03\/2072988.jpg","width":796,"height":448,"caption":"Danos causados pela passagem de sucessivas tempestades, chuva intensa e vento forte. Cheias no rio Mondego. Restaurantes na zona ribeirinha inundados"},{"@type":"BreadcrumbList","@id":"https:\/\/portaltela.pt\/noticias\/2026\/03\/10\/inundacoes-identificar-zonas-com-maior-risco-de-vitimas\/#breadcrumb","itemListElement":[{"@type":"ListItem","position":1,"name":"In\u00edcio","item":"https:\/\/portaltela.pt\/"},{"@type":"ListItem","position":2,"name":"Inunda\u00e7\u00f5es: identificar zonas com maior risco de v\u00edtimas"}]},{"@type":"WebSite","@id":"https:\/\/portaltela.pt\/#website","url":"https:\/\/portaltela.pt\/","name":"Portal Tela Portugal","description":"","potentialAction":[{"@type":"SearchAction","target":{"@type":"EntryPoint","urlTemplate":"https:\/\/portaltela.pt\/?s={search_term_string}"},"query-input":{"@type":"PropertyValueSpecification","valueRequired":true,"valueName":"search_term_string"}}],"inLanguage":"pt-PT"},{"@type":"Person","@id":"https:\/\/portaltela.pt\/#\/schema\/person\/c4278d4a6028830caff9ee44b42d32ed","name":"Telinha","image":{"@type":"ImageObject","inLanguage":"pt-PT","@id":"https:\/\/portaltela.pt\/s.01k8rhncp4jt1\/2025\/11\/talking-bot-125x125.png","url":"https:\/\/portaltela.pt\/s.01k8rhncp4jt1\/2025\/11\/talking-bot-125x125.png","contentUrl":"https:\/\/portaltela.pt\/s.01k8rhncp4jt1\/2025\/11\/talking-bot-125x125.png","caption":"Telinha"},"sameAs":["https:\/\/portaltela.pt\/"],"url":"https:\/\/portaltela.pt\/por\/367410592786\/"}]}},"_links":{"self":[{"href":"https:\/\/portaltela.pt\/api\/wp\/v2\/posts\/404372","targetHints":{"allow":["GET"]}}],"collection":[{"href":"https:\/\/portaltela.pt\/api\/wp\/v2\/posts"}],"about":[{"href":"https:\/\/portaltela.pt\/api\/wp\/v2\/types\/post"}],"author":[{"embeddable":true,"href":"https:\/\/portaltela.pt\/api\/wp\/v2\/users\/2"}],"replies":[{"embeddable":true,"href":"https:\/\/portaltela.pt\/api\/wp\/v2\/comments?post=404372"}],"version-history":[{"count":0,"href":"https:\/\/portaltela.pt\/api\/wp\/v2\/posts\/404372\/revisions"}],"wp:featuredmedia":[{"embeddable":true,"href":"https:\/\/portaltela.pt\/api\/wp\/v2\/media\/404380"}],"wp:attachment":[{"href":"https:\/\/portaltela.pt\/api\/wp\/v2\/media?parent=404372"}],"wp:term":[{"taxonomy":"category","embeddable":true,"href":"https:\/\/portaltela.pt\/api\/wp\/v2\/categories?post=404372"},{"taxonomy":"post_tag","embeddable":true,"href":"https:\/\/portaltela.pt\/api\/wp\/v2\/tags?post=404372"}],"curies":[{"name":"wp","href":"https:\/\/api.w.org\/{rel}","templated":true}]}}