{"id":404357,"date":"2026-03-10T06:43:00","date_gmt":"2026-03-10T09:43:00","guid":{"rendered":"https:\/\/portaltela.pt\/noticias\/2026\/03\/10\/venda-de-livros-em-portugal-cresce-69-em-2025\/"},"modified":"2026-03-10T06:43:00","modified_gmt":"2026-03-10T09:43:00","slug":"venda-de-livros-em-portugal-cresce-69-em-2025","status":"publish","type":"post","link":"https:\/\/portaltela.pt\/noticias\/economia\/2026\/03\/10\/venda-de-livros-em-portugal-cresce-69-em-2025\/","title":{"rendered":"Venda de livros em Portugal cresce 6,9% em 2025"},"content":{"rendered":"<p>O mercado livreiro de Portugal registou um crescimento de 6,9% em 2025, segundo o estudo Mercados Internacionais do Livro 2025. O aumento acompanha a tend\u00eancia observada em 2024, com os livros de fic\u00e7\u00e3o a impulsionarem o desempenho global.<\/p>\n<p>A an\u00e1lise \u00e9 realizada pela empresa alem\u00e3 de estudos de mercado GfK e pela NielsenIQ Bookdata. O relat\u00f3rio foi apresentado na Feira do Livro de Londres, que abriu portas no Olympia, em Kensington, com acesso ao comunicado de imprensa atrav\u00e9s do P\u00daBLICO.<\/p>\n<p>Segundo os dados, a fic\u00e7\u00e3o foi o principal motor de crescimento, destacando-se como o segmento com maior contribui\u00e7\u00e3o para o aumento das vendas no setor. O estudo cobre mercados internacionais e oferece leitura sobre comportamentos de compra e prefer\u00eancias de leitores.<\/p>\n<h3>Dados do estudo<\/h3>\n<p>A apresenta\u00e7\u00e3o da pesquisa ocorreu durante a Feira do Livro de Londres, evento onde a ind\u00fastria editorial mundial discute tend\u00eancias e desafios. O comunicado disponibilizado ao P\u00daBLICO detalha metodologias de an\u00e1lise e as principais conclus\u00f5es relativas a Portugal e aos restantes mercados analisados.<\/p>\n<p>Entre as conclus\u00f5es, sublinha-se que, em Portugal, a performance do ano esteve fortemente ligada \u00e0 procura por t\u00edtulos de fic\u00e7\u00e3o, com evid\u00eancia de procura est\u00e1vel por obras de autorias reconhecidas. O relat\u00f3rio tamb\u00e9m aponta para din\u00e2micas de consumo que poder\u00e3o orientar editoras e livrarias nos pr\u00f3ximos meses.<\/p>\n","protected":false},"excerpt":{"rendered":"<ul>\n<li>Em Portugal, as vendas de livros cresceram 6,9% em 2025.<\/li>\n<li>Os livros de fic\u00e7\u00e3o foram os principais impulsionadores do crescimento do mercado livreiro internacional, repetindo a tend\u00eancia de 2024.<\/li>\n<li>O estudo Mercados Internacionais do Livro 2025 foi elaborado pela GfK e pela NielsenIQ Bookdata.<\/li>\n<li>O trabalho foi apresentado na Feira do Livro de Londres, no Olympia, em Kensington.<\/li>\n<li>O P\u00fablico teve acesso ao comunicado de imprensa sobre o estudo.<\/li>\n<\/ul>\n","protected":false},"author":2,"featured_media":404359,"comment_status":"closed","ping_status":"closed","sticky":false,"template":"","format":"standard","meta":{"footnotes":""},"categories":[2,1],"tags":[28,6472,4387,3797,130,1014],"class_list":["post-404357","post","type-post","status-publish","format-standard","has-post-thumbnail","hentry","category-economia","category-noticias","tag-economia","tag-feiras","tag-feiras-internacionais","tag-ficcao","tag-livros","tag-portugal"],"yoast_head":"<!-- This site is optimized with the Yoast SEO plugin v27.2 - https:\/\/yoast.com\/product\/yoast-seo-wordpress\/ -->\n<title>Venda de livros em Portugal cresce 6,9% em 2025 - Portal Tela Portugal<\/title>\n<meta name=\"robots\" content=\"index, follow, max-snippet:-1, max-image-preview:large, max-video-preview:-1\" \/>\n<meta property=\"og:locale\" content=\"pt_PT\" \/>\n<meta property=\"og:type\" content=\"article\" \/>\n<meta property=\"og:title\" content=\"Venda de livros em Portugal cresce 6,9% em 2025 - Portal Tela Portugal\" \/>\n<meta property=\"og:description\" content=\"Em Portugal, as vendas de livros cresceram 6,9% em 2025. Os livros de fic\u00e7\u00e3o foram os principais impulsionadores do crescimento do mercado livreiro internacional, repetindo a tend\u00eancia de 2024. O estudo Mercados Internacionais do Livro 2025 foi elaborado pela GfK e pela NielsenIQ Bookdata. O trabalho foi apresentado na Feira do Livro de Londres, no Olympia, em Kensington. O P\u00fablico teve acesso ao comunicado de imprensa sobre o estudo.\" \/>\n<meta property=\"og:url\" content=\"https:\/\/portaltela.pt\/noticias\/2026\/03\/10\/venda-de-livros-em-portugal-cresce-69-em-2025\/\" \/>\n<meta property=\"og:site_name\" content=\"Portal Tela Portugal\" \/>\n<meta property=\"article:published_time\" content=\"2026-03-10T09:43:00+00:00\" \/>\n<meta name=\"author\" content=\"Telinha\" \/>\n<meta name=\"twitter:card\" content=\"summary_large_image\" \/>\n<meta name=\"twitter:label1\" content=\"Escrito por\" \/>\n\t<meta name=\"twitter:data1\" content=\"Telinha\" \/>\n\t<meta name=\"twitter:label2\" content=\"Tempo estimado de leitura\" \/>\n\t<meta name=\"twitter:data2\" content=\"1 minuto\" \/>\n<script type=\"application\/ld+json\" class=\"yoast-schema-graph\">{\"@context\":\"https:\/\/schema.org\",\"@graph\":[{\"@type\":\"Article\",\"@id\":\"https:\/\/portaltela.pt\/noticias\/2026\/03\/10\/venda-de-livros-em-portugal-cresce-69-em-2025\/#article\",\"isPartOf\":{\"@id\":\"https:\/\/portaltela.pt\/noticias\/2026\/03\/10\/venda-de-livros-em-portugal-cresce-69-em-2025\/\"},\"author\":{\"name\":\"Telinha\",\"@id\":\"https:\/\/portaltela.pt\/#\/schema\/person\/c4278d4a6028830caff9ee44b42d32ed\"},\"headline\":\"Venda de livros em Portugal cresce 6,9% em 2025\",\"datePublished\":\"2026-03-10T09:43:00+00:00\",\"mainEntityOfPage\":{\"@id\":\"https:\/\/portaltela.pt\/noticias\/2026\/03\/10\/venda-de-livros-em-portugal-cresce-69-em-2025\/\"},\"wordCount\":240,\"image\":{\"@id\":\"https:\/\/portaltela.pt\/noticias\/2026\/03\/10\/venda-de-livros-em-portugal-cresce-69-em-2025\/#primaryimage\"},\"thumbnailUrl\":\"https:\/\/portaltela.pt\/s.01k8rhncp4jt1\/2026\/03\/2072893.jpg\",\"keywords\":[\"economia\",\"feiras\",\"feiras internacionais\",\"fic\u00e7\u00e3o\",\"livros\",\"Portugal\"],\"articleSection\":[\"Economia\",\"Not\u00edcias\"],\"inLanguage\":\"pt-PT\"},{\"@type\":\"WebPage\",\"@id\":\"https:\/\/portaltela.pt\/noticias\/2026\/03\/10\/venda-de-livros-em-portugal-cresce-69-em-2025\/\",\"url\":\"https:\/\/portaltela.pt\/noticias\/2026\/03\/10\/venda-de-livros-em-portugal-cresce-69-em-2025\/\",\"name\":\"Venda de livros em Portugal cresce 6,9% em 2025 - Portal Tela Portugal\",\"isPartOf\":{\"@id\":\"https:\/\/portaltela.pt\/#website\"},\"primaryImageOfPage\":{\"@id\":\"https:\/\/portaltela.pt\/noticias\/2026\/03\/10\/venda-de-livros-em-portugal-cresce-69-em-2025\/#primaryimage\"},\"image\":{\"@id\":\"https:\/\/portaltela.pt\/noticias\/2026\/03\/10\/venda-de-livros-em-portugal-cresce-69-em-2025\/#primaryimage\"},\"thumbnailUrl\":\"https:\/\/portaltela.pt\/s.01k8rhncp4jt1\/2026\/03\/2072893.jpg\",\"datePublished\":\"2026-03-10T09:43:00+00:00\",\"author\":{\"@id\":\"https:\/\/portaltela.pt\/#\/schema\/person\/c4278d4a6028830caff9ee44b42d32ed\"},\"breadcrumb\":{\"@id\":\"https:\/\/portaltela.pt\/noticias\/2026\/03\/10\/venda-de-livros-em-portugal-cresce-69-em-2025\/#breadcrumb\"},\"inLanguage\":\"pt-PT\",\"potentialAction\":[{\"@type\":\"ReadAction\",\"target\":[\"https:\/\/portaltela.pt\/noticias\/2026\/03\/10\/venda-de-livros-em-portugal-cresce-69-em-2025\/\"]}]},{\"@type\":\"ImageObject\",\"inLanguage\":\"pt-PT\",\"@id\":\"https:\/\/portaltela.pt\/noticias\/2026\/03\/10\/venda-de-livros-em-portugal-cresce-69-em-2025\/#primaryimage\",\"url\":\"https:\/\/portaltela.pt\/s.01k8rhncp4jt1\/2026\/03\/2072893.jpg\",\"contentUrl\":\"https:\/\/portaltela.pt\/s.01k8rhncp4jt1\/2026\/03\/2072893.jpg\",\"width\":796,\"height\":448,\"caption\":\"O escritor Dan Brown quando lan\u00e7ou *O Segredo dos Segredos* em Praga a 18 de Setembro, um dos *best-sellers* do ano de 2025\"},{\"@type\":\"BreadcrumbList\",\"@id\":\"https:\/\/portaltela.pt\/noticias\/2026\/03\/10\/venda-de-livros-em-portugal-cresce-69-em-2025\/#breadcrumb\",\"itemListElement\":[{\"@type\":\"ListItem\",\"position\":1,\"name\":\"In\u00edcio\",\"item\":\"https:\/\/portaltela.pt\/\"},{\"@type\":\"ListItem\",\"position\":2,\"name\":\"Venda de livros em Portugal cresce 6,9% em 2025\"}]},{\"@type\":\"WebSite\",\"@id\":\"https:\/\/portaltela.pt\/#website\",\"url\":\"https:\/\/portaltela.pt\/\",\"name\":\"Portal Tela Portugal\",\"description\":\"\",\"potentialAction\":[{\"@type\":\"SearchAction\",\"target\":{\"@type\":\"EntryPoint\",\"urlTemplate\":\"https:\/\/portaltela.pt\/?s={search_term_string}\"},\"query-input\":{\"@type\":\"PropertyValueSpecification\",\"valueRequired\":true,\"valueName\":\"search_term_string\"}}],\"inLanguage\":\"pt-PT\"},{\"@type\":\"Person\",\"@id\":\"https:\/\/portaltela.pt\/#\/schema\/person\/c4278d4a6028830caff9ee44b42d32ed\",\"name\":\"Telinha\",\"image\":{\"@type\":\"ImageObject\",\"inLanguage\":\"pt-PT\",\"@id\":\"https:\/\/portaltela.pt\/s.01k8rhncp4jt1\/2025\/11\/talking-bot-125x125.png\",\"url\":\"https:\/\/portaltela.pt\/s.01k8rhncp4jt1\/2025\/11\/talking-bot-125x125.png\",\"contentUrl\":\"https:\/\/portaltela.pt\/s.01k8rhncp4jt1\/2025\/11\/talking-bot-125x125.png\",\"caption\":\"Telinha\"},\"sameAs\":[\"https:\/\/portaltela.pt\/\"],\"url\":\"https:\/\/portaltela.pt\/por\/367410592786\/\"}]}<\/script>\n<!-- \/ Yoast SEO plugin. -->","yoast_head_json":{"title":"Venda de livros em Portugal cresce 6,9% em 2025 - Portal Tela Portugal","robots":{"index":"index","follow":"follow","max-snippet":"max-snippet:-1","max-image-preview":"max-image-preview:large","max-video-preview":"max-video-preview:-1"},"og_locale":"pt_PT","og_type":"article","og_title":"Venda de livros em Portugal cresce 6,9% em 2025 - Portal Tela Portugal","og_description":"Em Portugal, as vendas de livros cresceram 6,9% em 2025. Os livros de fic\u00e7\u00e3o foram os principais impulsionadores do crescimento do mercado livreiro internacional, repetindo a tend\u00eancia de 2024. O estudo Mercados Internacionais do Livro 2025 foi elaborado pela GfK e pela NielsenIQ Bookdata. O trabalho foi apresentado na Feira do Livro de Londres, no Olympia, em Kensington. O P\u00fablico teve acesso ao comunicado de imprensa sobre o estudo.","og_url":"https:\/\/portaltela.pt\/noticias\/2026\/03\/10\/venda-de-livros-em-portugal-cresce-69-em-2025\/","og_site_name":"Portal Tela Portugal","article_published_time":"2026-03-10T09:43:00+00:00","author":"Telinha","twitter_card":"summary_large_image","twitter_misc":{"Escrito por":"Telinha","Tempo estimado de leitura":"1 minuto"},"schema":{"@context":"https:\/\/schema.org","@graph":[{"@type":"Article","@id":"https:\/\/portaltela.pt\/noticias\/2026\/03\/10\/venda-de-livros-em-portugal-cresce-69-em-2025\/#article","isPartOf":{"@id":"https:\/\/portaltela.pt\/noticias\/2026\/03\/10\/venda-de-livros-em-portugal-cresce-69-em-2025\/"},"author":{"name":"Telinha","@id":"https:\/\/portaltela.pt\/#\/schema\/person\/c4278d4a6028830caff9ee44b42d32ed"},"headline":"Venda de livros em Portugal cresce 6,9% em 2025","datePublished":"2026-03-10T09:43:00+00:00","mainEntityOfPage":{"@id":"https:\/\/portaltela.pt\/noticias\/2026\/03\/10\/venda-de-livros-em-portugal-cresce-69-em-2025\/"},"wordCount":240,"image":{"@id":"https:\/\/portaltela.pt\/noticias\/2026\/03\/10\/venda-de-livros-em-portugal-cresce-69-em-2025\/#primaryimage"},"thumbnailUrl":"https:\/\/portaltela.pt\/s.01k8rhncp4jt1\/2026\/03\/2072893.jpg","keywords":["economia","feiras","feiras internacionais","fic\u00e7\u00e3o","livros","Portugal"],"articleSection":["Economia","Not\u00edcias"],"inLanguage":"pt-PT"},{"@type":"WebPage","@id":"https:\/\/portaltela.pt\/noticias\/2026\/03\/10\/venda-de-livros-em-portugal-cresce-69-em-2025\/","url":"https:\/\/portaltela.pt\/noticias\/2026\/03\/10\/venda-de-livros-em-portugal-cresce-69-em-2025\/","name":"Venda de livros em Portugal cresce 6,9% em 2025 - Portal Tela Portugal","isPartOf":{"@id":"https:\/\/portaltela.pt\/#website"},"primaryImageOfPage":{"@id":"https:\/\/portaltela.pt\/noticias\/2026\/03\/10\/venda-de-livros-em-portugal-cresce-69-em-2025\/#primaryimage"},"image":{"@id":"https:\/\/portaltela.pt\/noticias\/2026\/03\/10\/venda-de-livros-em-portugal-cresce-69-em-2025\/#primaryimage"},"thumbnailUrl":"https:\/\/portaltela.pt\/s.01k8rhncp4jt1\/2026\/03\/2072893.jpg","datePublished":"2026-03-10T09:43:00+00:00","author":{"@id":"https:\/\/portaltela.pt\/#\/schema\/person\/c4278d4a6028830caff9ee44b42d32ed"},"breadcrumb":{"@id":"https:\/\/portaltela.pt\/noticias\/2026\/03\/10\/venda-de-livros-em-portugal-cresce-69-em-2025\/#breadcrumb"},"inLanguage":"pt-PT","potentialAction":[{"@type":"ReadAction","target":["https:\/\/portaltela.pt\/noticias\/2026\/03\/10\/venda-de-livros-em-portugal-cresce-69-em-2025\/"]}]},{"@type":"ImageObject","inLanguage":"pt-PT","@id":"https:\/\/portaltela.pt\/noticias\/2026\/03\/10\/venda-de-livros-em-portugal-cresce-69-em-2025\/#primaryimage","url":"https:\/\/portaltela.pt\/s.01k8rhncp4jt1\/2026\/03\/2072893.jpg","contentUrl":"https:\/\/portaltela.pt\/s.01k8rhncp4jt1\/2026\/03\/2072893.jpg","width":796,"height":448,"caption":"O escritor Dan Brown quando lan\u00e7ou *O Segredo dos Segredos* em Praga a 18 de Setembro, um dos *best-sellers* do ano de 2025"},{"@type":"BreadcrumbList","@id":"https:\/\/portaltela.pt\/noticias\/2026\/03\/10\/venda-de-livros-em-portugal-cresce-69-em-2025\/#breadcrumb","itemListElement":[{"@type":"ListItem","position":1,"name":"In\u00edcio","item":"https:\/\/portaltela.pt\/"},{"@type":"ListItem","position":2,"name":"Venda de livros em Portugal cresce 6,9% em 2025"}]},{"@type":"WebSite","@id":"https:\/\/portaltela.pt\/#website","url":"https:\/\/portaltela.pt\/","name":"Portal Tela Portugal","description":"","potentialAction":[{"@type":"SearchAction","target":{"@type":"EntryPoint","urlTemplate":"https:\/\/portaltela.pt\/?s={search_term_string}"},"query-input":{"@type":"PropertyValueSpecification","valueRequired":true,"valueName":"search_term_string"}}],"inLanguage":"pt-PT"},{"@type":"Person","@id":"https:\/\/portaltela.pt\/#\/schema\/person\/c4278d4a6028830caff9ee44b42d32ed","name":"Telinha","image":{"@type":"ImageObject","inLanguage":"pt-PT","@id":"https:\/\/portaltela.pt\/s.01k8rhncp4jt1\/2025\/11\/talking-bot-125x125.png","url":"https:\/\/portaltela.pt\/s.01k8rhncp4jt1\/2025\/11\/talking-bot-125x125.png","contentUrl":"https:\/\/portaltela.pt\/s.01k8rhncp4jt1\/2025\/11\/talking-bot-125x125.png","caption":"Telinha"},"sameAs":["https:\/\/portaltela.pt\/"],"url":"https:\/\/portaltela.pt\/por\/367410592786\/"}]}},"_links":{"self":[{"href":"https:\/\/portaltela.pt\/api\/wp\/v2\/posts\/404357","targetHints":{"allow":["GET"]}}],"collection":[{"href":"https:\/\/portaltela.pt\/api\/wp\/v2\/posts"}],"about":[{"href":"https:\/\/portaltela.pt\/api\/wp\/v2\/types\/post"}],"author":[{"embeddable":true,"href":"https:\/\/portaltela.pt\/api\/wp\/v2\/users\/2"}],"replies":[{"embeddable":true,"href":"https:\/\/portaltela.pt\/api\/wp\/v2\/comments?post=404357"}],"version-history":[{"count":0,"href":"https:\/\/portaltela.pt\/api\/wp\/v2\/posts\/404357\/revisions"}],"wp:featuredmedia":[{"embeddable":true,"href":"https:\/\/portaltela.pt\/api\/wp\/v2\/media\/404359"}],"wp:attachment":[{"href":"https:\/\/portaltela.pt\/api\/wp\/v2\/media?parent=404357"}],"wp:term":[{"taxonomy":"category","embeddable":true,"href":"https:\/\/portaltela.pt\/api\/wp\/v2\/categories?post=404357"},{"taxonomy":"post_tag","embeddable":true,"href":"https:\/\/portaltela.pt\/api\/wp\/v2\/tags?post=404357"}],"curies":[{"name":"wp","href":"https:\/\/api.w.org\/{rel}","templated":true}]}}