{"id":404311,"date":"2026-03-10T06:04:09","date_gmt":"2026-03-10T09:04:09","guid":{"rendered":"https:\/\/portaltela.pt\/noticias\/2026\/03\/10\/marinha-do-mexico-apreende-quase-duas-toneladas-de-cocaina-no-mar\/"},"modified":"2026-03-10T06:04:09","modified_gmt":"2026-03-10T09:04:09","slug":"marinha-do-mexico-apreende-quase-duas-toneladas-de-cocaina-no-mar","status":"publish","type":"post","link":"https:\/\/portaltela.pt\/policia\/2026\/03\/10\/marinha-do-mexico-apreende-quase-duas-toneladas-de-cocaina-no-mar\/","title":{"rendered":"Marinha do M\u00e9xico apreende quase duas toneladas de coca\u00edna no mar"},"content":{"rendered":"<p>A Marinha do M\u00e9xico apreendeu quase duas toneladas de coca\u00edna durante uma opera\u00e7\u00e3o no Oceano Pac\u00edfico, interceptando uma embarca\u00e7\u00e3o suspeita usada no tr\u00e1fico de droga. A a\u00e7\u00e3o integra opera\u00e7\u00f5es regionais contra narcotr\u00e1fico, realizadas com o apoio de ag\u00eancias norte-americanas.<\/p>\n<p>O carregamento, estimado em cerca de 1,9 mil quilos, foi recuperado ap\u00f3s a abordagem da embarca\u00e7\u00e3o, cujo trajeto e origem n\u00e3o foram detalhados pelas autoridades. N\u00e3o foram divulgados dados sobre pris\u00f5es no local.<\/p>\n<p>A opera\u00e7\u00e3o envolve a Marinha do M\u00e9xico e a coopera\u00e7\u00e3o de ag\u00eancias dos Estados Unidos, visando reduzir o fluxo de droga na regi\u00e3o. O epis\u00f3dio insere-se num conjunto de iniciativas para aumentar a seguran\u00e7a mar\u00edtima e combater o tr\u00e1fico transnacional.<\/p>\n<h3>Opera\u00e7\u00e3o coordenada no Pac\u00edfico<\/h3>\n<p>Informa\u00e7\u00f5es adicionais sobre o andamento da investiga\u00e7\u00e3o, eventual deten\u00e7\u00f5es e destino da coca\u00edna n\u00e3o foram divulgadas pelas autoridades, que mant\u00eam o caso sob instru\u00e7\u00f5es de procedimento.<\/p>\n","protected":false},"excerpt":{"rendered":"<ul>\n<li>A Marinha do M\u00e9xico apreendeu quase duas toneladas de coca\u00edna no Oceano Pac\u00edfico.<\/li>\n<li>A opera\u00e7\u00e3o interceptou uma embarca\u00e7\u00e3o suspeita usada no tr\u00e1fico de droga.<\/li>\n<li>A a\u00e7\u00e3o ocorreu durante uma miss\u00e3o no Pac\u00edfico.<\/li>\n<li>A apreens\u00e3o faz parte de opera\u00e7\u00f5es regionais contra o narcotr\u00e1fico, com apoio de ag\u00eancias norte-americanas.<\/li>\n<li>N\u00e3o foram divulgados detalhes sobre pris\u00f5es ou identifica\u00e7\u00e3o dos tripulantes.<\/li>\n<\/ul>\n","protected":false},"author":2,"featured_media":404314,"comment_status":"closed","ping_status":"closed","sticky":false,"template":"","format":"standard","meta":{"footnotes":""},"categories":[6907,6781],"tags":[3699,4298,6380,1909,5182,96],"class_list":["post-404311","post","type-post","status-publish","format-standard","has-post-thumbnail","hentry","category-crime","category-policia","tag-cocaina","tag-marinha","tag-mexico","tag-narcotrafico","tag-operacoes-internacionais","tag-trafico-de-droga"],"yoast_head":"<!-- This site is optimized with the Yoast SEO plugin v27.2 - https:\/\/yoast.com\/product\/yoast-seo-wordpress\/ -->\n<title>Marinha do M\u00e9xico apreende quase duas toneladas de coca\u00edna no mar - Portal Tela Portugal<\/title>\n<meta name=\"robots\" content=\"index, follow, max-snippet:-1, max-image-preview:large, max-video-preview:-1\" \/>\n<meta property=\"og:locale\" content=\"pt_PT\" \/>\n<meta property=\"og:type\" content=\"article\" \/>\n<meta property=\"og:title\" content=\"Marinha do M\u00e9xico apreende quase duas toneladas de coca\u00edna no mar - Portal Tela Portugal\" \/>\n<meta property=\"og:description\" content=\"A Marinha do M\u00e9xico apreendeu quase duas toneladas de coca\u00edna no Oceano Pac\u00edfico. A opera\u00e7\u00e3o interceptou uma embarca\u00e7\u00e3o suspeita usada no tr\u00e1fico de droga. A a\u00e7\u00e3o ocorreu durante uma miss\u00e3o no Pac\u00edfico. A apreens\u00e3o faz parte de opera\u00e7\u00f5es regionais contra o narcotr\u00e1fico, com apoio de ag\u00eancias norte-americanas. N\u00e3o foram divulgados detalhes sobre pris\u00f5es ou identifica\u00e7\u00e3o dos tripulantes.\" \/>\n<meta property=\"og:url\" content=\"https:\/\/portaltela.pt\/noticias\/2026\/03\/10\/marinha-do-mexico-apreende-quase-duas-toneladas-de-cocaina-no-mar\/\" \/>\n<meta property=\"og:site_name\" content=\"Portal Tela Portugal\" \/>\n<meta property=\"article:published_time\" content=\"2026-03-10T09:04:09+00:00\" \/>\n<meta name=\"author\" content=\"Telinha\" \/>\n<meta name=\"twitter:card\" content=\"summary_large_image\" \/>\n<meta name=\"twitter:label1\" content=\"Escrito por\" \/>\n\t<meta name=\"twitter:data1\" content=\"Telinha\" \/>\n\t<meta name=\"twitter:label2\" content=\"Tempo estimado de leitura\" \/>\n\t<meta name=\"twitter:data2\" content=\"1 minuto\" \/>\n<script type=\"application\/ld+json\" class=\"yoast-schema-graph\">{\"@context\":\"https:\/\/schema.org\",\"@graph\":[{\"@type\":\"Article\",\"@id\":\"https:\/\/portaltela.pt\/noticias\/2026\/03\/10\/marinha-do-mexico-apreende-quase-duas-toneladas-de-cocaina-no-mar\/#article\",\"isPartOf\":{\"@id\":\"https:\/\/portaltela.pt\/noticias\/2026\/03\/10\/marinha-do-mexico-apreende-quase-duas-toneladas-de-cocaina-no-mar\/\"},\"author\":{\"name\":\"Telinha\",\"@id\":\"https:\/\/portaltela.pt\/#\/schema\/person\/c4278d4a6028830caff9ee44b42d32ed\"},\"headline\":\"Marinha do M\u00e9xico apreende quase duas toneladas de coca\u00edna no mar\",\"datePublished\":\"2026-03-10T09:04:09+00:00\",\"mainEntityOfPage\":{\"@id\":\"https:\/\/portaltela.pt\/noticias\/2026\/03\/10\/marinha-do-mexico-apreende-quase-duas-toneladas-de-cocaina-no-mar\/\"},\"wordCount\":187,\"image\":{\"@id\":\"https:\/\/portaltela.pt\/noticias\/2026\/03\/10\/marinha-do-mexico-apreende-quase-duas-toneladas-de-cocaina-no-mar\/#primaryimage\"},\"thumbnailUrl\":\"https:\/\/portaltela.pt\/s.01k8rhncp4jt1\/2026\/03\/img_1200x721uu2026-03-10-09-02-54-2425963.jpg\",\"keywords\":[\"coca\u00edna\",\"Marinha\",\"M\u00e9xico\",\"narcotr\u00e1fico\",\"opera\u00e7\u00f5es internacionais\",\"tr\u00e1fico de droga\"],\"articleSection\":[\"Crime\",\"Pol\u00edcia\"],\"inLanguage\":\"pt-PT\"},{\"@type\":\"WebPage\",\"@id\":\"https:\/\/portaltela.pt\/noticias\/2026\/03\/10\/marinha-do-mexico-apreende-quase-duas-toneladas-de-cocaina-no-mar\/\",\"url\":\"https:\/\/portaltela.pt\/noticias\/2026\/03\/10\/marinha-do-mexico-apreende-quase-duas-toneladas-de-cocaina-no-mar\/\",\"name\":\"Marinha do M\u00e9xico apreende quase duas toneladas de coca\u00edna no mar - Portal Tela Portugal\",\"isPartOf\":{\"@id\":\"https:\/\/portaltela.pt\/#website\"},\"primaryImageOfPage\":{\"@id\":\"https:\/\/portaltela.pt\/noticias\/2026\/03\/10\/marinha-do-mexico-apreende-quase-duas-toneladas-de-cocaina-no-mar\/#primaryimage\"},\"image\":{\"@id\":\"https:\/\/portaltela.pt\/noticias\/2026\/03\/10\/marinha-do-mexico-apreende-quase-duas-toneladas-de-cocaina-no-mar\/#primaryimage\"},\"thumbnailUrl\":\"https:\/\/portaltela.pt\/s.01k8rhncp4jt1\/2026\/03\/img_1200x721uu2026-03-10-09-02-54-2425963.jpg\",\"datePublished\":\"2026-03-10T09:04:09+00:00\",\"author\":{\"@id\":\"https:\/\/portaltela.pt\/#\/schema\/person\/c4278d4a6028830caff9ee44b42d32ed\"},\"breadcrumb\":{\"@id\":\"https:\/\/portaltela.pt\/noticias\/2026\/03\/10\/marinha-do-mexico-apreende-quase-duas-toneladas-de-cocaina-no-mar\/#breadcrumb\"},\"inLanguage\":\"pt-PT\",\"potentialAction\":[{\"@type\":\"ReadAction\",\"target\":[\"https:\/\/portaltela.pt\/noticias\/2026\/03\/10\/marinha-do-mexico-apreende-quase-duas-toneladas-de-cocaina-no-mar\/\"]}]},{\"@type\":\"ImageObject\",\"inLanguage\":\"pt-PT\",\"@id\":\"https:\/\/portaltela.pt\/noticias\/2026\/03\/10\/marinha-do-mexico-apreende-quase-duas-toneladas-de-cocaina-no-mar\/#primaryimage\",\"url\":\"https:\/\/portaltela.pt\/s.01k8rhncp4jt1\/2026\/03\/img_1200x721uu2026-03-10-09-02-54-2425963.jpg\",\"contentUrl\":\"https:\/\/portaltela.pt\/s.01k8rhncp4jt1\/2026\/03\/img_1200x721uu2026-03-10-09-02-54-2425963.jpg\",\"width\":796,\"height\":448,\"caption\":\"Photo\"},{\"@type\":\"BreadcrumbList\",\"@id\":\"https:\/\/portaltela.pt\/noticias\/2026\/03\/10\/marinha-do-mexico-apreende-quase-duas-toneladas-de-cocaina-no-mar\/#breadcrumb\",\"itemListElement\":[{\"@type\":\"ListItem\",\"position\":1,\"name\":\"In\u00edcio\",\"item\":\"https:\/\/portaltela.pt\/\"},{\"@type\":\"ListItem\",\"position\":2,\"name\":\"Marinha do M\u00e9xico apreende quase duas toneladas de coca\u00edna no mar\"}]},{\"@type\":\"WebSite\",\"@id\":\"https:\/\/portaltela.pt\/#website\",\"url\":\"https:\/\/portaltela.pt\/\",\"name\":\"Portal Tela Portugal\",\"description\":\"\",\"potentialAction\":[{\"@type\":\"SearchAction\",\"target\":{\"@type\":\"EntryPoint\",\"urlTemplate\":\"https:\/\/portaltela.pt\/?s={search_term_string}\"},\"query-input\":{\"@type\":\"PropertyValueSpecification\",\"valueRequired\":true,\"valueName\":\"search_term_string\"}}],\"inLanguage\":\"pt-PT\"},{\"@type\":\"Person\",\"@id\":\"https:\/\/portaltela.pt\/#\/schema\/person\/c4278d4a6028830caff9ee44b42d32ed\",\"name\":\"Telinha\",\"image\":{\"@type\":\"ImageObject\",\"inLanguage\":\"pt-PT\",\"@id\":\"https:\/\/portaltela.pt\/s.01k8rhncp4jt1\/2025\/11\/talking-bot-125x125.png\",\"url\":\"https:\/\/portaltela.pt\/s.01k8rhncp4jt1\/2025\/11\/talking-bot-125x125.png\",\"contentUrl\":\"https:\/\/portaltela.pt\/s.01k8rhncp4jt1\/2025\/11\/talking-bot-125x125.png\",\"caption\":\"Telinha\"},\"sameAs\":[\"https:\/\/portaltela.pt\/\"],\"url\":\"https:\/\/portaltela.pt\/por\/367410592786\/\"}]}<\/script>\n<!-- \/ Yoast SEO plugin. -->","yoast_head_json":{"title":"Marinha do M\u00e9xico apreende quase duas toneladas de coca\u00edna no mar - Portal Tela Portugal","robots":{"index":"index","follow":"follow","max-snippet":"max-snippet:-1","max-image-preview":"max-image-preview:large","max-video-preview":"max-video-preview:-1"},"og_locale":"pt_PT","og_type":"article","og_title":"Marinha do M\u00e9xico apreende quase duas toneladas de coca\u00edna no mar - Portal Tela Portugal","og_description":"A Marinha do M\u00e9xico apreendeu quase duas toneladas de coca\u00edna no Oceano Pac\u00edfico. A opera\u00e7\u00e3o interceptou uma embarca\u00e7\u00e3o suspeita usada no tr\u00e1fico de droga. A a\u00e7\u00e3o ocorreu durante uma miss\u00e3o no Pac\u00edfico. A apreens\u00e3o faz parte de opera\u00e7\u00f5es regionais contra o narcotr\u00e1fico, com apoio de ag\u00eancias norte-americanas. N\u00e3o foram divulgados detalhes sobre pris\u00f5es ou identifica\u00e7\u00e3o dos tripulantes.","og_url":"https:\/\/portaltela.pt\/noticias\/2026\/03\/10\/marinha-do-mexico-apreende-quase-duas-toneladas-de-cocaina-no-mar\/","og_site_name":"Portal Tela Portugal","article_published_time":"2026-03-10T09:04:09+00:00","author":"Telinha","twitter_card":"summary_large_image","twitter_misc":{"Escrito por":"Telinha","Tempo estimado de leitura":"1 minuto"},"schema":{"@context":"https:\/\/schema.org","@graph":[{"@type":"Article","@id":"https:\/\/portaltela.pt\/noticias\/2026\/03\/10\/marinha-do-mexico-apreende-quase-duas-toneladas-de-cocaina-no-mar\/#article","isPartOf":{"@id":"https:\/\/portaltela.pt\/noticias\/2026\/03\/10\/marinha-do-mexico-apreende-quase-duas-toneladas-de-cocaina-no-mar\/"},"author":{"name":"Telinha","@id":"https:\/\/portaltela.pt\/#\/schema\/person\/c4278d4a6028830caff9ee44b42d32ed"},"headline":"Marinha do M\u00e9xico apreende quase duas toneladas de coca\u00edna no mar","datePublished":"2026-03-10T09:04:09+00:00","mainEntityOfPage":{"@id":"https:\/\/portaltela.pt\/noticias\/2026\/03\/10\/marinha-do-mexico-apreende-quase-duas-toneladas-de-cocaina-no-mar\/"},"wordCount":187,"image":{"@id":"https:\/\/portaltela.pt\/noticias\/2026\/03\/10\/marinha-do-mexico-apreende-quase-duas-toneladas-de-cocaina-no-mar\/#primaryimage"},"thumbnailUrl":"https:\/\/portaltela.pt\/s.01k8rhncp4jt1\/2026\/03\/img_1200x721uu2026-03-10-09-02-54-2425963.jpg","keywords":["coca\u00edna","Marinha","M\u00e9xico","narcotr\u00e1fico","opera\u00e7\u00f5es internacionais","tr\u00e1fico de droga"],"articleSection":["Crime","Pol\u00edcia"],"inLanguage":"pt-PT"},{"@type":"WebPage","@id":"https:\/\/portaltela.pt\/noticias\/2026\/03\/10\/marinha-do-mexico-apreende-quase-duas-toneladas-de-cocaina-no-mar\/","url":"https:\/\/portaltela.pt\/noticias\/2026\/03\/10\/marinha-do-mexico-apreende-quase-duas-toneladas-de-cocaina-no-mar\/","name":"Marinha do M\u00e9xico apreende quase duas toneladas de coca\u00edna no mar - Portal Tela Portugal","isPartOf":{"@id":"https:\/\/portaltela.pt\/#website"},"primaryImageOfPage":{"@id":"https:\/\/portaltela.pt\/noticias\/2026\/03\/10\/marinha-do-mexico-apreende-quase-duas-toneladas-de-cocaina-no-mar\/#primaryimage"},"image":{"@id":"https:\/\/portaltela.pt\/noticias\/2026\/03\/10\/marinha-do-mexico-apreende-quase-duas-toneladas-de-cocaina-no-mar\/#primaryimage"},"thumbnailUrl":"https:\/\/portaltela.pt\/s.01k8rhncp4jt1\/2026\/03\/img_1200x721uu2026-03-10-09-02-54-2425963.jpg","datePublished":"2026-03-10T09:04:09+00:00","author":{"@id":"https:\/\/portaltela.pt\/#\/schema\/person\/c4278d4a6028830caff9ee44b42d32ed"},"breadcrumb":{"@id":"https:\/\/portaltela.pt\/noticias\/2026\/03\/10\/marinha-do-mexico-apreende-quase-duas-toneladas-de-cocaina-no-mar\/#breadcrumb"},"inLanguage":"pt-PT","potentialAction":[{"@type":"ReadAction","target":["https:\/\/portaltela.pt\/noticias\/2026\/03\/10\/marinha-do-mexico-apreende-quase-duas-toneladas-de-cocaina-no-mar\/"]}]},{"@type":"ImageObject","inLanguage":"pt-PT","@id":"https:\/\/portaltela.pt\/noticias\/2026\/03\/10\/marinha-do-mexico-apreende-quase-duas-toneladas-de-cocaina-no-mar\/#primaryimage","url":"https:\/\/portaltela.pt\/s.01k8rhncp4jt1\/2026\/03\/img_1200x721uu2026-03-10-09-02-54-2425963.jpg","contentUrl":"https:\/\/portaltela.pt\/s.01k8rhncp4jt1\/2026\/03\/img_1200x721uu2026-03-10-09-02-54-2425963.jpg","width":796,"height":448,"caption":"Photo"},{"@type":"BreadcrumbList","@id":"https:\/\/portaltela.pt\/noticias\/2026\/03\/10\/marinha-do-mexico-apreende-quase-duas-toneladas-de-cocaina-no-mar\/#breadcrumb","itemListElement":[{"@type":"ListItem","position":1,"name":"In\u00edcio","item":"https:\/\/portaltela.pt\/"},{"@type":"ListItem","position":2,"name":"Marinha do M\u00e9xico apreende quase duas toneladas de coca\u00edna no mar"}]},{"@type":"WebSite","@id":"https:\/\/portaltela.pt\/#website","url":"https:\/\/portaltela.pt\/","name":"Portal Tela Portugal","description":"","potentialAction":[{"@type":"SearchAction","target":{"@type":"EntryPoint","urlTemplate":"https:\/\/portaltela.pt\/?s={search_term_string}"},"query-input":{"@type":"PropertyValueSpecification","valueRequired":true,"valueName":"search_term_string"}}],"inLanguage":"pt-PT"},{"@type":"Person","@id":"https:\/\/portaltela.pt\/#\/schema\/person\/c4278d4a6028830caff9ee44b42d32ed","name":"Telinha","image":{"@type":"ImageObject","inLanguage":"pt-PT","@id":"https:\/\/portaltela.pt\/s.01k8rhncp4jt1\/2025\/11\/talking-bot-125x125.png","url":"https:\/\/portaltela.pt\/s.01k8rhncp4jt1\/2025\/11\/talking-bot-125x125.png","contentUrl":"https:\/\/portaltela.pt\/s.01k8rhncp4jt1\/2025\/11\/talking-bot-125x125.png","caption":"Telinha"},"sameAs":["https:\/\/portaltela.pt\/"],"url":"https:\/\/portaltela.pt\/por\/367410592786\/"}]}},"_links":{"self":[{"href":"https:\/\/portaltela.pt\/api\/wp\/v2\/posts\/404311","targetHints":{"allow":["GET"]}}],"collection":[{"href":"https:\/\/portaltela.pt\/api\/wp\/v2\/posts"}],"about":[{"href":"https:\/\/portaltela.pt\/api\/wp\/v2\/types\/post"}],"author":[{"embeddable":true,"href":"https:\/\/portaltela.pt\/api\/wp\/v2\/users\/2"}],"replies":[{"embeddable":true,"href":"https:\/\/portaltela.pt\/api\/wp\/v2\/comments?post=404311"}],"version-history":[{"count":0,"href":"https:\/\/portaltela.pt\/api\/wp\/v2\/posts\/404311\/revisions"}],"wp:featuredmedia":[{"embeddable":true,"href":"https:\/\/portaltela.pt\/api\/wp\/v2\/media\/404314"}],"wp:attachment":[{"href":"https:\/\/portaltela.pt\/api\/wp\/v2\/media?parent=404311"}],"wp:term":[{"taxonomy":"category","embeddable":true,"href":"https:\/\/portaltela.pt\/api\/wp\/v2\/categories?post=404311"},{"taxonomy":"post_tag","embeddable":true,"href":"https:\/\/portaltela.pt\/api\/wp\/v2\/tags?post=404311"}],"curies":[{"name":"wp","href":"https:\/\/api.w.org\/{rel}","templated":true}]}}