{"id":404310,"date":"2026-03-10T06:14:00","date_gmt":"2026-03-10T09:14:00","guid":{"rendered":"https:\/\/portaltela.pt\/noticias\/2026\/03\/10\/infantino-exige-tolerancia-zero-ao-racismo-aludindo-a-prestianni\/"},"modified":"2026-03-10T06:14:00","modified_gmt":"2026-03-10T09:14:00","slug":"infantino-exige-tolerancia-zero-ao-racismo-aludindo-a-prestianni","status":"publish","type":"post","link":"https:\/\/portaltela.pt\/desporto\/futebol\/2026\/03\/10\/infantino-exige-tolerancia-zero-ao-racismo-aludindo-a-prestianni\/","title":{"rendered":"Infantino exige toler\u00e2ncia zero ao racismo, aludindo a Prestianni"},"content":{"rendered":"<p>O presidente da FIFA, Gianni Infantino, reiterou a posi\u00e7\u00e3o de toler\u00e2ncia zero ao racismo no futebol, em entrevista ao jornal As, na qual aborda a edi\u00e7\u00e3o n\u00famero 20.000 do di\u00e1rio espanhol. O foco \u00e9 o combate a atitudes discriminat\u00f3rias em campo.<\/p>\n<p>Infantino associou o caso Prestianni-Vin\u00edcius J\u00fanior aos recorrentes epis\u00f3dios de racismo no desporto e disse que n\u00e3o h\u00e1 espa\u00e7o para esconder o que \u00e9 dito em jogo. O l\u00edder da FIFA aponta que expuls\u00f5es devem ocorrer quando houver provas de comportamento racista.<\/p>\n<p>Aos olhos de Infantino, o problema n\u00e3o se resolve apenas com puni\u00e7\u00f5es. Defende tamb\u00e9m uma mudan\u00e7a cultural no futebol, permitindo pedidos de desculpa e redem\u00e7\u00e3o por a\u00e7\u00f5es impensadas, para fortalecer a luta contra a discrimina\u00e7\u00e3o.<\/p>\n<h3>Medidas e perspectivas na luta contra o racismo<\/h3>\n<p>O dirigente sustenta que \u00e9 essencial manter mecanismos disciplinares rigorosos, com avalia\u00e7\u00e3o circunstancial de cada caso. Refor\u00e7a a necessidade de provas para sustentar san\u00e7\u00f5es, sem descurar a possibilidade de reabilita\u00e7\u00e3o.<\/p>\n","protected":false},"excerpt":{"rendered":"<ul>\n<li>Gianni Infantino afirma toler\u00e2ncia zero ao racismo no futebol, numa entrevista ao As sobre a edi\u00e7\u00e3o 20.000 do jornal.<\/li>\n<li>Aponta o caso Prestianni-Vin\u00edcius J\u00fanior para dizer que n\u00e3o h\u00e1 espa\u00e7o para racismo e que tapar a boca pode revelar algo errado.<\/li>\n<li>Refere que, se houver provas, o jogador deve ser expulso; a puni\u00e7\u00e3o deve ser avaliada caso a caso.<\/li>\n<li>Defende que a luta contra o racismo n\u00e3o se resume a castigos, incluindo a possibilidade de reden\u00e7\u00e3o e de pedir desculpa.<\/li>\n<li>Avisa que \u00e9 preciso mudar a cultura no futebol para evitar discrimina\u00e7\u00e3o, atuando tamb\u00e9m fora do campo e de forma educativa.<\/li>\n<\/ul>\n","protected":false},"author":2,"featured_media":404313,"comment_status":"closed","ping_status":"closed","sticky":false,"template":"","format":"standard","meta":{"footnotes":""},"categories":[21,24],"tags":[152,1695,2971,32,4099,6032],"class_list":["post-404310","post","type-post","status-publish","format-standard","has-post-thumbnail","hentry","category-desporto","category-futebol","tag-desporto","tag-discriminacao","tag-expulsoes","tag-futebol","tag-provas","tag-racismo"],"yoast_head":"<!-- This site is optimized with the Yoast SEO plugin v27.2 - https:\/\/yoast.com\/product\/yoast-seo-wordpress\/ -->\n<title>Infantino exige toler\u00e2ncia zero ao racismo, aludindo a Prestianni - Portal Tela Portugal<\/title>\n<meta name=\"robots\" content=\"index, follow, max-snippet:-1, max-image-preview:large, max-video-preview:-1\" \/>\n<meta property=\"og:locale\" content=\"pt_PT\" \/>\n<meta property=\"og:type\" content=\"article\" \/>\n<meta property=\"og:title\" content=\"Infantino exige toler\u00e2ncia zero ao racismo, aludindo a Prestianni - Portal Tela Portugal\" \/>\n<meta property=\"og:description\" content=\"Gianni Infantino afirma toler\u00e2ncia zero ao racismo no futebol, numa entrevista ao As sobre a edi\u00e7\u00e3o 20.000 do jornal. Aponta o caso Prestianni-Vin\u00edcius J\u00fanior para dizer que n\u00e3o h\u00e1 espa\u00e7o para racismo e que tapar a boca pode revelar algo errado. Refere que, se houver provas, o jogador deve ser expulso; a puni\u00e7\u00e3o deve ser avaliada caso a caso. Defende que a luta contra o racismo n\u00e3o se resume a castigos, incluindo a possibilidade de reden\u00e7\u00e3o e de pedir desculpa. Avisa que \u00e9 preciso mudar a cultura no futebol para evitar discrimina\u00e7\u00e3o, atuando tamb\u00e9m fora do campo e de forma educativa.\" \/>\n<meta property=\"og:url\" content=\"https:\/\/portaltela.pt\/noticias\/2026\/03\/10\/infantino-exige-tolerancia-zero-ao-racismo-aludindo-a-prestianni\/\" \/>\n<meta property=\"og:site_name\" content=\"Portal Tela Portugal\" \/>\n<meta property=\"article:published_time\" content=\"2026-03-10T09:14:00+00:00\" \/>\n<meta name=\"author\" content=\"Telinha\" \/>\n<meta name=\"twitter:card\" content=\"summary_large_image\" \/>\n<meta name=\"twitter:label1\" content=\"Escrito por\" \/>\n\t<meta name=\"twitter:data1\" content=\"Telinha\" \/>\n\t<meta name=\"twitter:label2\" content=\"Tempo estimado de leitura\" \/>\n\t<meta name=\"twitter:data2\" content=\"1 minuto\" \/>\n<script type=\"application\/ld+json\" class=\"yoast-schema-graph\">{\"@context\":\"https:\/\/schema.org\",\"@graph\":[{\"@type\":\"Article\",\"@id\":\"https:\/\/portaltela.pt\/noticias\/2026\/03\/10\/infantino-exige-tolerancia-zero-ao-racismo-aludindo-a-prestianni\/#article\",\"isPartOf\":{\"@id\":\"https:\/\/portaltela.pt\/noticias\/2026\/03\/10\/infantino-exige-tolerancia-zero-ao-racismo-aludindo-a-prestianni\/\"},\"author\":{\"name\":\"Telinha\",\"@id\":\"https:\/\/portaltela.pt\/#\/schema\/person\/c4278d4a6028830caff9ee44b42d32ed\"},\"headline\":\"Infantino exige toler\u00e2ncia zero ao racismo, aludindo a Prestianni\",\"datePublished\":\"2026-03-10T09:14:00+00:00\",\"mainEntityOfPage\":{\"@id\":\"https:\/\/portaltela.pt\/noticias\/2026\/03\/10\/infantino-exige-tolerancia-zero-ao-racismo-aludindo-a-prestianni\/\"},\"wordCount\":186,\"image\":{\"@id\":\"https:\/\/portaltela.pt\/noticias\/2026\/03\/10\/infantino-exige-tolerancia-zero-ao-racismo-aludindo-a-prestianni\/#primaryimage\"},\"thumbnailUrl\":\"https:\/\/portaltela.pt\/s.01k8rhncp4jt1\/2026\/03\/img_920x518uu2025-12-29-14-48-21-2411827.jpg\",\"keywords\":[\"desporto\",\"discrimina\u00e7\u00e3o\",\"expuls\u00f5es\",\"futebol\",\"provas\",\"racismo\"],\"articleSection\":[\"Desporto\",\"Futebol\"],\"inLanguage\":\"pt-PT\"},{\"@type\":\"WebPage\",\"@id\":\"https:\/\/portaltela.pt\/noticias\/2026\/03\/10\/infantino-exige-tolerancia-zero-ao-racismo-aludindo-a-prestianni\/\",\"url\":\"https:\/\/portaltela.pt\/noticias\/2026\/03\/10\/infantino-exige-tolerancia-zero-ao-racismo-aludindo-a-prestianni\/\",\"name\":\"Infantino exige toler\u00e2ncia zero ao racismo, aludindo a Prestianni - Portal Tela Portugal\",\"isPartOf\":{\"@id\":\"https:\/\/portaltela.pt\/#website\"},\"primaryImageOfPage\":{\"@id\":\"https:\/\/portaltela.pt\/noticias\/2026\/03\/10\/infantino-exige-tolerancia-zero-ao-racismo-aludindo-a-prestianni\/#primaryimage\"},\"image\":{\"@id\":\"https:\/\/portaltela.pt\/noticias\/2026\/03\/10\/infantino-exige-tolerancia-zero-ao-racismo-aludindo-a-prestianni\/#primaryimage\"},\"thumbnailUrl\":\"https:\/\/portaltela.pt\/s.01k8rhncp4jt1\/2026\/03\/img_920x518uu2025-12-29-14-48-21-2411827.jpg\",\"datePublished\":\"2026-03-10T09:14:00+00:00\",\"author\":{\"@id\":\"https:\/\/portaltela.pt\/#\/schema\/person\/c4278d4a6028830caff9ee44b42d32ed\"},\"breadcrumb\":{\"@id\":\"https:\/\/portaltela.pt\/noticias\/2026\/03\/10\/infantino-exige-tolerancia-zero-ao-racismo-aludindo-a-prestianni\/#breadcrumb\"},\"inLanguage\":\"pt-PT\",\"potentialAction\":[{\"@type\":\"ReadAction\",\"target\":[\"https:\/\/portaltela.pt\/noticias\/2026\/03\/10\/infantino-exige-tolerancia-zero-ao-racismo-aludindo-a-prestianni\/\"]}]},{\"@type\":\"ImageObject\",\"inLanguage\":\"pt-PT\",\"@id\":\"https:\/\/portaltela.pt\/noticias\/2026\/03\/10\/infantino-exige-tolerancia-zero-ao-racismo-aludindo-a-prestianni\/#primaryimage\",\"url\":\"https:\/\/portaltela.pt\/s.01k8rhncp4jt1\/2026\/03\/img_920x518uu2025-12-29-14-48-21-2411827.jpg\",\"contentUrl\":\"https:\/\/portaltela.pt\/s.01k8rhncp4jt1\/2026\/03\/img_920x518uu2025-12-29-14-48-21-2411827.jpg\",\"width\":796,\"height\":448,\"caption\":\"Gianni Infantino exige toler\u00e2ncia zero ao racismo no futebol\"},{\"@type\":\"BreadcrumbList\",\"@id\":\"https:\/\/portaltela.pt\/noticias\/2026\/03\/10\/infantino-exige-tolerancia-zero-ao-racismo-aludindo-a-prestianni\/#breadcrumb\",\"itemListElement\":[{\"@type\":\"ListItem\",\"position\":1,\"name\":\"In\u00edcio\",\"item\":\"https:\/\/portaltela.pt\/\"},{\"@type\":\"ListItem\",\"position\":2,\"name\":\"Infantino exige toler\u00e2ncia zero ao racismo, aludindo a Prestianni\"}]},{\"@type\":\"WebSite\",\"@id\":\"https:\/\/portaltela.pt\/#website\",\"url\":\"https:\/\/portaltela.pt\/\",\"name\":\"Portal Tela Portugal\",\"description\":\"\",\"potentialAction\":[{\"@type\":\"SearchAction\",\"target\":{\"@type\":\"EntryPoint\",\"urlTemplate\":\"https:\/\/portaltela.pt\/?s={search_term_string}\"},\"query-input\":{\"@type\":\"PropertyValueSpecification\",\"valueRequired\":true,\"valueName\":\"search_term_string\"}}],\"inLanguage\":\"pt-PT\"},{\"@type\":\"Person\",\"@id\":\"https:\/\/portaltela.pt\/#\/schema\/person\/c4278d4a6028830caff9ee44b42d32ed\",\"name\":\"Telinha\",\"image\":{\"@type\":\"ImageObject\",\"inLanguage\":\"pt-PT\",\"@id\":\"https:\/\/portaltela.pt\/s.01k8rhncp4jt1\/2025\/11\/talking-bot-125x125.png\",\"url\":\"https:\/\/portaltela.pt\/s.01k8rhncp4jt1\/2025\/11\/talking-bot-125x125.png\",\"contentUrl\":\"https:\/\/portaltela.pt\/s.01k8rhncp4jt1\/2025\/11\/talking-bot-125x125.png\",\"caption\":\"Telinha\"},\"sameAs\":[\"https:\/\/portaltela.pt\/\"],\"url\":\"https:\/\/portaltela.pt\/por\/367410592786\/\"}]}<\/script>\n<!-- \/ Yoast SEO plugin. -->","yoast_head_json":{"title":"Infantino exige toler\u00e2ncia zero ao racismo, aludindo a Prestianni - Portal Tela Portugal","robots":{"index":"index","follow":"follow","max-snippet":"max-snippet:-1","max-image-preview":"max-image-preview:large","max-video-preview":"max-video-preview:-1"},"og_locale":"pt_PT","og_type":"article","og_title":"Infantino exige toler\u00e2ncia zero ao racismo, aludindo a Prestianni - Portal Tela Portugal","og_description":"Gianni Infantino afirma toler\u00e2ncia zero ao racismo no futebol, numa entrevista ao As sobre a edi\u00e7\u00e3o 20.000 do jornal. Aponta o caso Prestianni-Vin\u00edcius J\u00fanior para dizer que n\u00e3o h\u00e1 espa\u00e7o para racismo e que tapar a boca pode revelar algo errado. Refere que, se houver provas, o jogador deve ser expulso; a puni\u00e7\u00e3o deve ser avaliada caso a caso. Defende que a luta contra o racismo n\u00e3o se resume a castigos, incluindo a possibilidade de reden\u00e7\u00e3o e de pedir desculpa. Avisa que \u00e9 preciso mudar a cultura no futebol para evitar discrimina\u00e7\u00e3o, atuando tamb\u00e9m fora do campo e de forma educativa.","og_url":"https:\/\/portaltela.pt\/noticias\/2026\/03\/10\/infantino-exige-tolerancia-zero-ao-racismo-aludindo-a-prestianni\/","og_site_name":"Portal Tela Portugal","article_published_time":"2026-03-10T09:14:00+00:00","author":"Telinha","twitter_card":"summary_large_image","twitter_misc":{"Escrito por":"Telinha","Tempo estimado de leitura":"1 minuto"},"schema":{"@context":"https:\/\/schema.org","@graph":[{"@type":"Article","@id":"https:\/\/portaltela.pt\/noticias\/2026\/03\/10\/infantino-exige-tolerancia-zero-ao-racismo-aludindo-a-prestianni\/#article","isPartOf":{"@id":"https:\/\/portaltela.pt\/noticias\/2026\/03\/10\/infantino-exige-tolerancia-zero-ao-racismo-aludindo-a-prestianni\/"},"author":{"name":"Telinha","@id":"https:\/\/portaltela.pt\/#\/schema\/person\/c4278d4a6028830caff9ee44b42d32ed"},"headline":"Infantino exige toler\u00e2ncia zero ao racismo, aludindo a Prestianni","datePublished":"2026-03-10T09:14:00+00:00","mainEntityOfPage":{"@id":"https:\/\/portaltela.pt\/noticias\/2026\/03\/10\/infantino-exige-tolerancia-zero-ao-racismo-aludindo-a-prestianni\/"},"wordCount":186,"image":{"@id":"https:\/\/portaltela.pt\/noticias\/2026\/03\/10\/infantino-exige-tolerancia-zero-ao-racismo-aludindo-a-prestianni\/#primaryimage"},"thumbnailUrl":"https:\/\/portaltela.pt\/s.01k8rhncp4jt1\/2026\/03\/img_920x518uu2025-12-29-14-48-21-2411827.jpg","keywords":["desporto","discrimina\u00e7\u00e3o","expuls\u00f5es","futebol","provas","racismo"],"articleSection":["Desporto","Futebol"],"inLanguage":"pt-PT"},{"@type":"WebPage","@id":"https:\/\/portaltela.pt\/noticias\/2026\/03\/10\/infantino-exige-tolerancia-zero-ao-racismo-aludindo-a-prestianni\/","url":"https:\/\/portaltela.pt\/noticias\/2026\/03\/10\/infantino-exige-tolerancia-zero-ao-racismo-aludindo-a-prestianni\/","name":"Infantino exige toler\u00e2ncia zero ao racismo, aludindo a Prestianni - Portal Tela Portugal","isPartOf":{"@id":"https:\/\/portaltela.pt\/#website"},"primaryImageOfPage":{"@id":"https:\/\/portaltela.pt\/noticias\/2026\/03\/10\/infantino-exige-tolerancia-zero-ao-racismo-aludindo-a-prestianni\/#primaryimage"},"image":{"@id":"https:\/\/portaltela.pt\/noticias\/2026\/03\/10\/infantino-exige-tolerancia-zero-ao-racismo-aludindo-a-prestianni\/#primaryimage"},"thumbnailUrl":"https:\/\/portaltela.pt\/s.01k8rhncp4jt1\/2026\/03\/img_920x518uu2025-12-29-14-48-21-2411827.jpg","datePublished":"2026-03-10T09:14:00+00:00","author":{"@id":"https:\/\/portaltela.pt\/#\/schema\/person\/c4278d4a6028830caff9ee44b42d32ed"},"breadcrumb":{"@id":"https:\/\/portaltela.pt\/noticias\/2026\/03\/10\/infantino-exige-tolerancia-zero-ao-racismo-aludindo-a-prestianni\/#breadcrumb"},"inLanguage":"pt-PT","potentialAction":[{"@type":"ReadAction","target":["https:\/\/portaltela.pt\/noticias\/2026\/03\/10\/infantino-exige-tolerancia-zero-ao-racismo-aludindo-a-prestianni\/"]}]},{"@type":"ImageObject","inLanguage":"pt-PT","@id":"https:\/\/portaltela.pt\/noticias\/2026\/03\/10\/infantino-exige-tolerancia-zero-ao-racismo-aludindo-a-prestianni\/#primaryimage","url":"https:\/\/portaltela.pt\/s.01k8rhncp4jt1\/2026\/03\/img_920x518uu2025-12-29-14-48-21-2411827.jpg","contentUrl":"https:\/\/portaltela.pt\/s.01k8rhncp4jt1\/2026\/03\/img_920x518uu2025-12-29-14-48-21-2411827.jpg","width":796,"height":448,"caption":"Gianni Infantino exige toler\u00e2ncia zero ao racismo no futebol"},{"@type":"BreadcrumbList","@id":"https:\/\/portaltela.pt\/noticias\/2026\/03\/10\/infantino-exige-tolerancia-zero-ao-racismo-aludindo-a-prestianni\/#breadcrumb","itemListElement":[{"@type":"ListItem","position":1,"name":"In\u00edcio","item":"https:\/\/portaltela.pt\/"},{"@type":"ListItem","position":2,"name":"Infantino exige toler\u00e2ncia zero ao racismo, aludindo a Prestianni"}]},{"@type":"WebSite","@id":"https:\/\/portaltela.pt\/#website","url":"https:\/\/portaltela.pt\/","name":"Portal Tela Portugal","description":"","potentialAction":[{"@type":"SearchAction","target":{"@type":"EntryPoint","urlTemplate":"https:\/\/portaltela.pt\/?s={search_term_string}"},"query-input":{"@type":"PropertyValueSpecification","valueRequired":true,"valueName":"search_term_string"}}],"inLanguage":"pt-PT"},{"@type":"Person","@id":"https:\/\/portaltela.pt\/#\/schema\/person\/c4278d4a6028830caff9ee44b42d32ed","name":"Telinha","image":{"@type":"ImageObject","inLanguage":"pt-PT","@id":"https:\/\/portaltela.pt\/s.01k8rhncp4jt1\/2025\/11\/talking-bot-125x125.png","url":"https:\/\/portaltela.pt\/s.01k8rhncp4jt1\/2025\/11\/talking-bot-125x125.png","contentUrl":"https:\/\/portaltela.pt\/s.01k8rhncp4jt1\/2025\/11\/talking-bot-125x125.png","caption":"Telinha"},"sameAs":["https:\/\/portaltela.pt\/"],"url":"https:\/\/portaltela.pt\/por\/367410592786\/"}]}},"_links":{"self":[{"href":"https:\/\/portaltela.pt\/api\/wp\/v2\/posts\/404310","targetHints":{"allow":["GET"]}}],"collection":[{"href":"https:\/\/portaltela.pt\/api\/wp\/v2\/posts"}],"about":[{"href":"https:\/\/portaltela.pt\/api\/wp\/v2\/types\/post"}],"author":[{"embeddable":true,"href":"https:\/\/portaltela.pt\/api\/wp\/v2\/users\/2"}],"replies":[{"embeddable":true,"href":"https:\/\/portaltela.pt\/api\/wp\/v2\/comments?post=404310"}],"version-history":[{"count":0,"href":"https:\/\/portaltela.pt\/api\/wp\/v2\/posts\/404310\/revisions"}],"wp:featuredmedia":[{"embeddable":true,"href":"https:\/\/portaltela.pt\/api\/wp\/v2\/media\/404313"}],"wp:attachment":[{"href":"https:\/\/portaltela.pt\/api\/wp\/v2\/media?parent=404310"}],"wp:term":[{"taxonomy":"category","embeddable":true,"href":"https:\/\/portaltela.pt\/api\/wp\/v2\/categories?post=404310"},{"taxonomy":"post_tag","embeddable":true,"href":"https:\/\/portaltela.pt\/api\/wp\/v2\/tags?post=404310"}],"curies":[{"name":"wp","href":"https:\/\/api.w.org\/{rel}","templated":true}]}}