{"id":404291,"date":"2026-03-10T05:32:00","date_gmt":"2026-03-10T08:32:00","guid":{"rendered":"https:\/\/portaltela.pt\/noticias\/2026\/03\/10\/advogado-oficioso-de-socrates-renuncia-novamente-a-defesa\/"},"modified":"2026-03-10T05:32:00","modified_gmt":"2026-03-10T08:32:00","slug":"advogado-oficioso-de-socrates-renuncia-novamente-a-defesa","status":"publish","type":"post","link":"https:\/\/portaltela.pt\/noticias\/2026\/03\/10\/advogado-oficioso-de-socrates-renuncia-novamente-a-defesa\/","title":{"rendered":"Advogado oficioso de S\u00f3crates renuncia novamente \u00e0 defesa"},"content":{"rendered":"<p>O advogado oficioso de Jos\u00e9 S\u00f3crates, Marco Ant\u00f3nio Amaro, renunciou \u00e0 defesa do antigo primeiro-ministro. O pedido de escusa chegou esta segunda-feira ao conselho regional de Lisboa da Ordem dos Advogados, avan\u00e7ou a CNN Portugal.<\/p>\n<p>Amaro tinha 10 dias para consultar o processo, uma vez que as sess\u00f5es do julgamento da Opera\u00e7\u00e3o Marqu\u00eas iriam recome\u00e7ar j\u00e1 na pr\u00f3xima semana, em 17 de mar\u00e7o.<\/p>\n<p>Este movimento ocorre ap\u00f3s a substitui\u00e7\u00e3o de Sara Leit\u00e3o Moreira, que deixou a defesa no final de fevereiro. Amaro era o quarto advogado oficioso a trabalhar no caso.<\/p>\n","protected":false},"excerpt":{"rendered":"<ul>\n<li>Marco Ant\u00f3nio Amaro renunciou novamente \u00e0 defesa de Jos\u00e9 S\u00f3crates, antigo primeiro-ministro.<\/li>\n<li>O pedido de escusa foi enviado ao conselho regional de Lisboa da Ordem dos Advogados, conforme a CNN Portugal.<\/li>\n<li>O advogado tinha 10 dias para consultar o processo, com o recome\u00e7o do julgamento da Opera\u00e7\u00e3o Marqu\u00eas previsto para 17 de mar\u00e7o.<\/li>\n<li>Amaro era o quarto advogado oficioso atribu\u00eddo a Jos\u00e9 S\u00f3crates, substituindo Sara Leit\u00e3o Moreira, que deixou a defesa no final de fevereiro.<\/li>\n<\/ul>\n","protected":false},"author":2,"featured_media":404293,"comment_status":"closed","ping_status":"closed","sticky":false,"template":"","format":"standard","meta":{"footnotes":""},"categories":[6815,1],"tags":[6618,803,2610,6208],"class_list":["post-404291","post","type-post","status-publish","format-standard","has-post-thumbnail","hentry","category-justica","category-noticias","tag-advogados","tag-justica","tag-ordem-dos-advogados","tag-tribunais"],"yoast_head":"<!-- This site is optimized with the Yoast SEO plugin v27.2 - https:\/\/yoast.com\/product\/yoast-seo-wordpress\/ -->\n<title>Advogado oficioso de S\u00f3crates renuncia novamente \u00e0 defesa - Portal Tela Portugal<\/title>\n<meta name=\"robots\" content=\"index, follow, max-snippet:-1, max-image-preview:large, max-video-preview:-1\" \/>\n<meta property=\"og:locale\" content=\"pt_PT\" \/>\n<meta property=\"og:type\" content=\"article\" \/>\n<meta property=\"og:title\" content=\"Advogado oficioso de S\u00f3crates renuncia novamente \u00e0 defesa - Portal Tela Portugal\" \/>\n<meta property=\"og:description\" content=\"Marco Ant\u00f3nio Amaro renunciou novamente \u00e0 defesa de Jos\u00e9 S\u00f3crates, antigo primeiro-ministro. O pedido de escusa foi enviado ao conselho regional de Lisboa da Ordem dos Advogados, conforme a CNN Portugal. O advogado tinha 10 dias para consultar o processo, com o recome\u00e7o do julgamento da Opera\u00e7\u00e3o Marqu\u00eas previsto para 17 de mar\u00e7o. Amaro era o quarto advogado oficioso atribu\u00eddo a Jos\u00e9 S\u00f3crates, substituindo Sara Leit\u00e3o Moreira, que deixou a defesa no final de fevereiro.\" \/>\n<meta property=\"og:url\" content=\"https:\/\/portaltela.pt\/noticias\/2026\/03\/10\/advogado-oficioso-de-socrates-renuncia-novamente-a-defesa\/\" \/>\n<meta property=\"og:site_name\" content=\"Portal Tela Portugal\" \/>\n<meta property=\"article:published_time\" content=\"2026-03-10T08:32:00+00:00\" \/>\n<meta name=\"author\" content=\"Telinha\" \/>\n<meta name=\"twitter:card\" content=\"summary_large_image\" \/>\n<meta name=\"twitter:label1\" content=\"Escrito por\" \/>\n\t<meta name=\"twitter:data1\" content=\"Telinha\" \/>\n\t<meta name=\"twitter:label2\" content=\"Tempo estimado de leitura\" \/>\n\t<meta name=\"twitter:data2\" content=\"1 minuto\" \/>\n<script type=\"application\/ld+json\" class=\"yoast-schema-graph\">{\"@context\":\"https:\/\/schema.org\",\"@graph\":[{\"@type\":\"Article\",\"@id\":\"https:\/\/portaltela.pt\/noticias\/2026\/03\/10\/advogado-oficioso-de-socrates-renuncia-novamente-a-defesa\/#article\",\"isPartOf\":{\"@id\":\"https:\/\/portaltela.pt\/noticias\/2026\/03\/10\/advogado-oficioso-de-socrates-renuncia-novamente-a-defesa\/\"},\"author\":{\"name\":\"Telinha\",\"@id\":\"https:\/\/portaltela.pt\/#\/schema\/person\/c4278d4a6028830caff9ee44b42d32ed\"},\"headline\":\"Advogado oficioso de S\u00f3crates renuncia novamente \u00e0 defesa\",\"datePublished\":\"2026-03-10T08:32:00+00:00\",\"mainEntityOfPage\":{\"@id\":\"https:\/\/portaltela.pt\/noticias\/2026\/03\/10\/advogado-oficioso-de-socrates-renuncia-novamente-a-defesa\/\"},\"wordCount\":108,\"image\":{\"@id\":\"https:\/\/portaltela.pt\/noticias\/2026\/03\/10\/advogado-oficioso-de-socrates-renuncia-novamente-a-defesa\/#primaryimage\"},\"thumbnailUrl\":\"https:\/\/portaltela.pt\/s.01k8rhncp4jt1\/2026\/03\/img_1500x1000uu2025-11-26-13-21-14-2250705.jpg\",\"keywords\":[\"Advogados\",\"justi\u00e7a\",\"Ordem dos Advogados\",\"Tribunais\"],\"articleSection\":[\"Justi\u00e7a\",\"Not\u00edcias\"],\"inLanguage\":\"pt-PT\"},{\"@type\":\"WebPage\",\"@id\":\"https:\/\/portaltela.pt\/noticias\/2026\/03\/10\/advogado-oficioso-de-socrates-renuncia-novamente-a-defesa\/\",\"url\":\"https:\/\/portaltela.pt\/noticias\/2026\/03\/10\/advogado-oficioso-de-socrates-renuncia-novamente-a-defesa\/\",\"name\":\"Advogado oficioso de S\u00f3crates renuncia novamente \u00e0 defesa - Portal Tela Portugal\",\"isPartOf\":{\"@id\":\"https:\/\/portaltela.pt\/#website\"},\"primaryImageOfPage\":{\"@id\":\"https:\/\/portaltela.pt\/noticias\/2026\/03\/10\/advogado-oficioso-de-socrates-renuncia-novamente-a-defesa\/#primaryimage\"},\"image\":{\"@id\":\"https:\/\/portaltela.pt\/noticias\/2026\/03\/10\/advogado-oficioso-de-socrates-renuncia-novamente-a-defesa\/#primaryimage\"},\"thumbnailUrl\":\"https:\/\/portaltela.pt\/s.01k8rhncp4jt1\/2026\/03\/img_1500x1000uu2025-11-26-13-21-14-2250705.jpg\",\"datePublished\":\"2026-03-10T08:32:00+00:00\",\"author\":{\"@id\":\"https:\/\/portaltela.pt\/#\/schema\/person\/c4278d4a6028830caff9ee44b42d32ed\"},\"breadcrumb\":{\"@id\":\"https:\/\/portaltela.pt\/noticias\/2026\/03\/10\/advogado-oficioso-de-socrates-renuncia-novamente-a-defesa\/#breadcrumb\"},\"inLanguage\":\"pt-PT\",\"potentialAction\":[{\"@type\":\"ReadAction\",\"target\":[\"https:\/\/portaltela.pt\/noticias\/2026\/03\/10\/advogado-oficioso-de-socrates-renuncia-novamente-a-defesa\/\"]}]},{\"@type\":\"ImageObject\",\"inLanguage\":\"pt-PT\",\"@id\":\"https:\/\/portaltela.pt\/noticias\/2026\/03\/10\/advogado-oficioso-de-socrates-renuncia-novamente-a-defesa\/#primaryimage\",\"url\":\"https:\/\/portaltela.pt\/s.01k8rhncp4jt1\/2026\/03\/img_1500x1000uu2025-11-26-13-21-14-2250705.jpg\",\"contentUrl\":\"https:\/\/portaltela.pt\/s.01k8rhncp4jt1\/2026\/03\/img_1500x1000uu2025-11-26-13-21-14-2250705.jpg\",\"width\":796,\"height\":448,\"caption\":\"Jos\u00e9 S\u00f3crates, antigo primeiro-ministro arguido no processo Opera\u00e7\u00e3o Marqu\u00eas\"},{\"@type\":\"BreadcrumbList\",\"@id\":\"https:\/\/portaltela.pt\/noticias\/2026\/03\/10\/advogado-oficioso-de-socrates-renuncia-novamente-a-defesa\/#breadcrumb\",\"itemListElement\":[{\"@type\":\"ListItem\",\"position\":1,\"name\":\"In\u00edcio\",\"item\":\"https:\/\/portaltela.pt\/\"},{\"@type\":\"ListItem\",\"position\":2,\"name\":\"Advogado oficioso de S\u00f3crates renuncia novamente \u00e0 defesa\"}]},{\"@type\":\"WebSite\",\"@id\":\"https:\/\/portaltela.pt\/#website\",\"url\":\"https:\/\/portaltela.pt\/\",\"name\":\"Portal Tela Portugal\",\"description\":\"\",\"potentialAction\":[{\"@type\":\"SearchAction\",\"target\":{\"@type\":\"EntryPoint\",\"urlTemplate\":\"https:\/\/portaltela.pt\/?s={search_term_string}\"},\"query-input\":{\"@type\":\"PropertyValueSpecification\",\"valueRequired\":true,\"valueName\":\"search_term_string\"}}],\"inLanguage\":\"pt-PT\"},{\"@type\":\"Person\",\"@id\":\"https:\/\/portaltela.pt\/#\/schema\/person\/c4278d4a6028830caff9ee44b42d32ed\",\"name\":\"Telinha\",\"image\":{\"@type\":\"ImageObject\",\"inLanguage\":\"pt-PT\",\"@id\":\"https:\/\/portaltela.pt\/s.01k8rhncp4jt1\/2025\/11\/talking-bot-125x125.png\",\"url\":\"https:\/\/portaltela.pt\/s.01k8rhncp4jt1\/2025\/11\/talking-bot-125x125.png\",\"contentUrl\":\"https:\/\/portaltela.pt\/s.01k8rhncp4jt1\/2025\/11\/talking-bot-125x125.png\",\"caption\":\"Telinha\"},\"sameAs\":[\"https:\/\/portaltela.pt\/\"],\"url\":\"https:\/\/portaltela.pt\/por\/367410592786\/\"}]}<\/script>\n<!-- \/ Yoast SEO plugin. -->","yoast_head_json":{"title":"Advogado oficioso de S\u00f3crates renuncia novamente \u00e0 defesa - Portal Tela Portugal","robots":{"index":"index","follow":"follow","max-snippet":"max-snippet:-1","max-image-preview":"max-image-preview:large","max-video-preview":"max-video-preview:-1"},"og_locale":"pt_PT","og_type":"article","og_title":"Advogado oficioso de S\u00f3crates renuncia novamente \u00e0 defesa - Portal Tela Portugal","og_description":"Marco Ant\u00f3nio Amaro renunciou novamente \u00e0 defesa de Jos\u00e9 S\u00f3crates, antigo primeiro-ministro. O pedido de escusa foi enviado ao conselho regional de Lisboa da Ordem dos Advogados, conforme a CNN Portugal. O advogado tinha 10 dias para consultar o processo, com o recome\u00e7o do julgamento da Opera\u00e7\u00e3o Marqu\u00eas previsto para 17 de mar\u00e7o. Amaro era o quarto advogado oficioso atribu\u00eddo a Jos\u00e9 S\u00f3crates, substituindo Sara Leit\u00e3o Moreira, que deixou a defesa no final de fevereiro.","og_url":"https:\/\/portaltela.pt\/noticias\/2026\/03\/10\/advogado-oficioso-de-socrates-renuncia-novamente-a-defesa\/","og_site_name":"Portal Tela Portugal","article_published_time":"2026-03-10T08:32:00+00:00","author":"Telinha","twitter_card":"summary_large_image","twitter_misc":{"Escrito por":"Telinha","Tempo estimado de leitura":"1 minuto"},"schema":{"@context":"https:\/\/schema.org","@graph":[{"@type":"Article","@id":"https:\/\/portaltela.pt\/noticias\/2026\/03\/10\/advogado-oficioso-de-socrates-renuncia-novamente-a-defesa\/#article","isPartOf":{"@id":"https:\/\/portaltela.pt\/noticias\/2026\/03\/10\/advogado-oficioso-de-socrates-renuncia-novamente-a-defesa\/"},"author":{"name":"Telinha","@id":"https:\/\/portaltela.pt\/#\/schema\/person\/c4278d4a6028830caff9ee44b42d32ed"},"headline":"Advogado oficioso de S\u00f3crates renuncia novamente \u00e0 defesa","datePublished":"2026-03-10T08:32:00+00:00","mainEntityOfPage":{"@id":"https:\/\/portaltela.pt\/noticias\/2026\/03\/10\/advogado-oficioso-de-socrates-renuncia-novamente-a-defesa\/"},"wordCount":108,"image":{"@id":"https:\/\/portaltela.pt\/noticias\/2026\/03\/10\/advogado-oficioso-de-socrates-renuncia-novamente-a-defesa\/#primaryimage"},"thumbnailUrl":"https:\/\/portaltela.pt\/s.01k8rhncp4jt1\/2026\/03\/img_1500x1000uu2025-11-26-13-21-14-2250705.jpg","keywords":["Advogados","justi\u00e7a","Ordem dos Advogados","Tribunais"],"articleSection":["Justi\u00e7a","Not\u00edcias"],"inLanguage":"pt-PT"},{"@type":"WebPage","@id":"https:\/\/portaltela.pt\/noticias\/2026\/03\/10\/advogado-oficioso-de-socrates-renuncia-novamente-a-defesa\/","url":"https:\/\/portaltela.pt\/noticias\/2026\/03\/10\/advogado-oficioso-de-socrates-renuncia-novamente-a-defesa\/","name":"Advogado oficioso de S\u00f3crates renuncia novamente \u00e0 defesa - Portal Tela Portugal","isPartOf":{"@id":"https:\/\/portaltela.pt\/#website"},"primaryImageOfPage":{"@id":"https:\/\/portaltela.pt\/noticias\/2026\/03\/10\/advogado-oficioso-de-socrates-renuncia-novamente-a-defesa\/#primaryimage"},"image":{"@id":"https:\/\/portaltela.pt\/noticias\/2026\/03\/10\/advogado-oficioso-de-socrates-renuncia-novamente-a-defesa\/#primaryimage"},"thumbnailUrl":"https:\/\/portaltela.pt\/s.01k8rhncp4jt1\/2026\/03\/img_1500x1000uu2025-11-26-13-21-14-2250705.jpg","datePublished":"2026-03-10T08:32:00+00:00","author":{"@id":"https:\/\/portaltela.pt\/#\/schema\/person\/c4278d4a6028830caff9ee44b42d32ed"},"breadcrumb":{"@id":"https:\/\/portaltela.pt\/noticias\/2026\/03\/10\/advogado-oficioso-de-socrates-renuncia-novamente-a-defesa\/#breadcrumb"},"inLanguage":"pt-PT","potentialAction":[{"@type":"ReadAction","target":["https:\/\/portaltela.pt\/noticias\/2026\/03\/10\/advogado-oficioso-de-socrates-renuncia-novamente-a-defesa\/"]}]},{"@type":"ImageObject","inLanguage":"pt-PT","@id":"https:\/\/portaltela.pt\/noticias\/2026\/03\/10\/advogado-oficioso-de-socrates-renuncia-novamente-a-defesa\/#primaryimage","url":"https:\/\/portaltela.pt\/s.01k8rhncp4jt1\/2026\/03\/img_1500x1000uu2025-11-26-13-21-14-2250705.jpg","contentUrl":"https:\/\/portaltela.pt\/s.01k8rhncp4jt1\/2026\/03\/img_1500x1000uu2025-11-26-13-21-14-2250705.jpg","width":796,"height":448,"caption":"Jos\u00e9 S\u00f3crates, antigo primeiro-ministro arguido no processo Opera\u00e7\u00e3o Marqu\u00eas"},{"@type":"BreadcrumbList","@id":"https:\/\/portaltela.pt\/noticias\/2026\/03\/10\/advogado-oficioso-de-socrates-renuncia-novamente-a-defesa\/#breadcrumb","itemListElement":[{"@type":"ListItem","position":1,"name":"In\u00edcio","item":"https:\/\/portaltela.pt\/"},{"@type":"ListItem","position":2,"name":"Advogado oficioso de S\u00f3crates renuncia novamente \u00e0 defesa"}]},{"@type":"WebSite","@id":"https:\/\/portaltela.pt\/#website","url":"https:\/\/portaltela.pt\/","name":"Portal Tela Portugal","description":"","potentialAction":[{"@type":"SearchAction","target":{"@type":"EntryPoint","urlTemplate":"https:\/\/portaltela.pt\/?s={search_term_string}"},"query-input":{"@type":"PropertyValueSpecification","valueRequired":true,"valueName":"search_term_string"}}],"inLanguage":"pt-PT"},{"@type":"Person","@id":"https:\/\/portaltela.pt\/#\/schema\/person\/c4278d4a6028830caff9ee44b42d32ed","name":"Telinha","image":{"@type":"ImageObject","inLanguage":"pt-PT","@id":"https:\/\/portaltela.pt\/s.01k8rhncp4jt1\/2025\/11\/talking-bot-125x125.png","url":"https:\/\/portaltela.pt\/s.01k8rhncp4jt1\/2025\/11\/talking-bot-125x125.png","contentUrl":"https:\/\/portaltela.pt\/s.01k8rhncp4jt1\/2025\/11\/talking-bot-125x125.png","caption":"Telinha"},"sameAs":["https:\/\/portaltela.pt\/"],"url":"https:\/\/portaltela.pt\/por\/367410592786\/"}]}},"_links":{"self":[{"href":"https:\/\/portaltela.pt\/api\/wp\/v2\/posts\/404291","targetHints":{"allow":["GET"]}}],"collection":[{"href":"https:\/\/portaltela.pt\/api\/wp\/v2\/posts"}],"about":[{"href":"https:\/\/portaltela.pt\/api\/wp\/v2\/types\/post"}],"author":[{"embeddable":true,"href":"https:\/\/portaltela.pt\/api\/wp\/v2\/users\/2"}],"replies":[{"embeddable":true,"href":"https:\/\/portaltela.pt\/api\/wp\/v2\/comments?post=404291"}],"version-history":[{"count":0,"href":"https:\/\/portaltela.pt\/api\/wp\/v2\/posts\/404291\/revisions"}],"wp:featuredmedia":[{"embeddable":true,"href":"https:\/\/portaltela.pt\/api\/wp\/v2\/media\/404293"}],"wp:attachment":[{"href":"https:\/\/portaltela.pt\/api\/wp\/v2\/media?parent=404291"}],"wp:term":[{"taxonomy":"category","embeddable":true,"href":"https:\/\/portaltela.pt\/api\/wp\/v2\/categories?post=404291"},{"taxonomy":"post_tag","embeddable":true,"href":"https:\/\/portaltela.pt\/api\/wp\/v2\/tags?post=404291"}],"curies":[{"name":"wp","href":"https:\/\/api.w.org\/{rel}","templated":true}]}}