{"id":404279,"date":"2026-03-10T05:23:57","date_gmt":"2026-03-10T08:23:57","guid":{"rendered":"https:\/\/portaltela.pt\/noticias\/2026\/03\/10\/associacao-zero-opoe-projeto-de-aterro-em-boticas-por-considerar-ilegal\/"},"modified":"2026-03-10T05:23:57","modified_gmt":"2026-03-10T08:23:57","slug":"associacao-zero-opoe-projeto-de-aterro-em-boticas-por-considerar-ilegal","status":"publish","type":"post","link":"https:\/\/portaltela.pt\/meio-ambiente\/2026\/03\/10\/associacao-zero-opoe-projeto-de-aterro-em-boticas-por-considerar-ilegal\/","title":{"rendered":"Associa\u00e7\u00e3o Zero op\u00f5e projeto de aterro em Boticas por considerar ilegal"},"content":{"rendered":"<p>A associa\u00e7\u00e3o Zero est\u00e1 contra o projeto de otimiza\u00e7\u00e3o da capacidade do Aterro Sanit\u00e1rio de Boticas, no distrito de Vila Real, considerando-o ilegal. A organiza\u00e7\u00e3o afirma que a proposta visa viabilizar a deposi\u00e7\u00e3o cont\u00ednua de res\u00edduos org\u00e2nicos sem estabiliza\u00e7\u00e3o pr\u00e9via.<\/p>\n<p>Segundo a Zero, a documenta\u00e7\u00e3o de licenciamento demonstra a admiss\u00e3o em aterro de res\u00edduos urbanos biodegrad\u00e1veis com mat\u00e9ria org\u00e2nica n\u00e3o estabilizada, o que, na leitura da associa\u00e7\u00e3o, n\u00e3o cumpre o Regime Jur\u00eddico de Deposi\u00e7\u00e3o de Res\u00edduos em Aterro (RJDRA).<\/p>\n<h3>Detalhes do projeto e participa\u00e7\u00e3o p\u00fablica<\/h3>\n<p>O projeto, apresentado pela Resinorte, esteve em consulta p\u00fablica entre 19 de janeiro e 13 de fevereiro, com quatro participa\u00e7\u00f5es registadas atrav\u00e9s do portal Participa. O que est\u00e1 previsto \u00e9 aumentar a capacidade total de deposi\u00e7\u00e3o sem alterar a \u00e1rea da infraestrutura existente.<\/p>\n<p>O registo do portal indica que o aumento decorre da densidade de res\u00edduos depositados, elevando a capacidade de deposi\u00e7\u00e3o de 1.082.105 toneladas para 1.280.500 toneladas. A s\u00e9ria eleva\u00e7\u00e3o da capacidade \u00e9 apresentada sem modifica\u00e7\u00e3o de volumes, taludes ou plataformas.<\/p>\n<h3>Posi\u00e7\u00f5es oficiais e argumentos da associa\u00e7\u00e3o<\/h3>\n<p>As entidades licenciadoras s\u00e3o a Ag\u00eancia Portuguesa do Ambiente (APA) e a Comiss\u00e3o de Coordena\u00e7\u00e3o e Desenvolvimento Regional do Norte (CCDR-N). A Zero defende a rejei\u00e7\u00e3o ou reformula\u00e7\u00e3o do projeto, alegando ilegalidade por admitir res\u00edduos org\u00e2nicos n\u00e3o estabilizados no aterro.<\/p>\n<p>A associa\u00e7\u00e3o sustenta que a pr\u00e1tica \u00e9 proibida desde 2020 e teve refor\u00e7o a partir de 1 de janeiro de 2026. Alega ainda que a APA e a CCDR-N estariam a facilitar a continuidade de descargas ilegais de res\u00edduos org\u00e2nicos no aterro.<\/p>\n<h3>Propostas da Zero e contexto legal<\/h3>\n<p>A Zero prop\u00f5e evitar a ilegalidade com a instala\u00e7\u00e3o de uma unidade de Tratamento Mec\u00e2nico e Biol\u00f3gico (TMB) a montante do aterro de Boticas. Com a TMB, os res\u00edduos org\u00e2nicos seriam tratados e quase todos os materiais recicl\u00e1veis poderiam ser separados.<\/p>\n<p>A organiza\u00e7\u00e3o lembra que, segundo o RJDRA, apenas res\u00edduos tratados previamente podem ser depositados em aterro. A Zero aponta precedentes nacionais e jurisprud\u00eancia europeia que refor\u00e7am a necessidade de estabiliza\u00e7\u00e3o de res\u00edduos org\u00e2nicos.<\/p>\n","protected":false},"excerpt":{"rendered":"<ul>\n<li>A associa\u00e7\u00e3o Zero op\u00f5e-se ao projeto de otimiza\u00e7\u00e3o da capacidade do Aterro Sanit\u00e1rio de Boticas, afirmando que \u00e9 ilegal e visa viabilizar a perpetua\u00e7\u00e3o de descargas de res\u00edduos org\u00e2nicos.<\/li>\n<li>A documenta\u00e7\u00e3o do licenciamento indica previs\u00e3o de admiss\u00e3o em aterro de res\u00edduos urbanos biodegrad\u00e1veis com mat\u00e9ria org\u00e2nica n\u00e3o estabilizada, o que, segundo a Zero, violaria o Regime Jur\u00eddico de Deposi\u00e7\u00e3o de Res\u00edduos em Aterro (RJDRA).<\/li>\n<li>O projeto, proposto pela Resinorte, esteve em consulta p\u00fablica entre 19 de janeiro e 13 de fevereiro, com quatro participa\u00e7\u00f5es atrav\u00e9s do portal Participa.<\/li>\n<li>O aumento de capacidade decorre do incremento da densidade de res\u00edduos depositados, sem altera\u00e7\u00e3o da \u00e1rea ou modela\u00e7\u00e3o existente, elevando a quantidade a depositar de 198.395 toneladas.<\/li>\n<li>A Zero defende que o projeto seja rejeitado ou reformulado, e prop\u00f5e a instala\u00e7\u00e3o, a montante do aterro, de uma unidade de Tratamento Mec\u00e2nico e Biol\u00f3gico para tratar res\u00edduos org\u00e2nicos e separar recicl\u00e1veis, evitando a deposi\u00e7\u00e3o de res\u00edduos urbanos indiferenciados.<\/li>\n<\/ul>\n","protected":false},"author":2,"featured_media":404280,"comment_status":"closed","ping_status":"closed","sticky":false,"template":"","format":"standard","meta":{"footnotes":""},"categories":[6725],"tags":[4085,6952,755,5706,45,645],"class_list":["post-404279","post","type-post","status-publish","format-standard","has-post-thumbnail","hentry","category-meio-ambiente","tag-apa","tag-ccdr-norte","tag-desenvolvimento-sustentavel","tag-licenciamentos","tag-meio-ambiente","tag-residuos"],"yoast_head":"<!-- This site is optimized with the Yoast SEO plugin v27.2 - https:\/\/yoast.com\/product\/yoast-seo-wordpress\/ -->\n<title>Associa\u00e7\u00e3o Zero op\u00f5e projeto de aterro em Boticas por considerar ilegal - Portal Tela Portugal<\/title>\n<meta name=\"robots\" content=\"index, follow, max-snippet:-1, max-image-preview:large, max-video-preview:-1\" \/>\n<meta property=\"og:locale\" content=\"pt_PT\" \/>\n<meta property=\"og:type\" content=\"article\" \/>\n<meta property=\"og:title\" content=\"Associa\u00e7\u00e3o Zero op\u00f5e projeto de aterro em Boticas por considerar ilegal - Portal Tela Portugal\" \/>\n<meta property=\"og:description\" content=\"A associa\u00e7\u00e3o Zero op\u00f5e-se ao projeto de otimiza\u00e7\u00e3o da capacidade do Aterro Sanit\u00e1rio de Boticas, afirmando que \u00e9 ilegal e visa viabilizar a perpetua\u00e7\u00e3o de descargas de res\u00edduos org\u00e2nicos. A documenta\u00e7\u00e3o do licenciamento indica previs\u00e3o de admiss\u00e3o em aterro de res\u00edduos urbanos biodegrad\u00e1veis com mat\u00e9ria org\u00e2nica n\u00e3o estabilizada, o que, segundo a Zero, violaria o Regime Jur\u00eddico de Deposi\u00e7\u00e3o de Res\u00edduos em Aterro (RJDRA). O projeto, proposto pela Resinorte, esteve em consulta p\u00fablica entre 19 de janeiro e 13 de fevereiro, com quatro participa\u00e7\u00f5es atrav\u00e9s do portal Participa. O aumento de capacidade decorre do incremento da densidade de res\u00edduos depositados, sem altera\u00e7\u00e3o da \u00e1rea ou modela\u00e7\u00e3o existente, elevando a quantidade a depositar de 198.395 toneladas. A Zero defende que o projeto seja rejeitado ou reformulado, e prop\u00f5e a instala\u00e7\u00e3o, a montante do aterro, de uma unidade de Tratamento Mec\u00e2nico e Biol\u00f3gico para tratar res\u00edduos org\u00e2nicos e separar recicl\u00e1veis, evitando a deposi\u00e7\u00e3o de res\u00edduos urbanos indiferenciados.\" \/>\n<meta property=\"og:url\" content=\"https:\/\/portaltela.pt\/noticias\/2026\/03\/10\/associacao-zero-opoe-projeto-de-aterro-em-boticas-por-considerar-ilegal\/\" \/>\n<meta property=\"og:site_name\" content=\"Portal Tela Portugal\" \/>\n<meta property=\"article:published_time\" content=\"2026-03-10T08:23:57+00:00\" \/>\n<meta name=\"author\" content=\"Telinha\" \/>\n<meta name=\"twitter:card\" content=\"summary_large_image\" \/>\n<meta name=\"twitter:label1\" content=\"Escrito por\" \/>\n\t<meta name=\"twitter:data1\" content=\"Telinha\" \/>\n\t<meta name=\"twitter:label2\" content=\"Tempo estimado de leitura\" \/>\n\t<meta name=\"twitter:data2\" content=\"2 minutos\" \/>\n<script type=\"application\/ld+json\" class=\"yoast-schema-graph\">{\"@context\":\"https:\/\/schema.org\",\"@graph\":[{\"@type\":\"Article\",\"@id\":\"https:\/\/portaltela.pt\/noticias\/2026\/03\/10\/associacao-zero-opoe-projeto-de-aterro-em-boticas-por-considerar-ilegal\/#article\",\"isPartOf\":{\"@id\":\"https:\/\/portaltela.pt\/noticias\/2026\/03\/10\/associacao-zero-opoe-projeto-de-aterro-em-boticas-por-considerar-ilegal\/\"},\"author\":{\"name\":\"Telinha\",\"@id\":\"https:\/\/portaltela.pt\/#\/schema\/person\/c4278d4a6028830caff9ee44b42d32ed\"},\"headline\":\"Associa\u00e7\u00e3o Zero op\u00f5e projeto de aterro em Boticas por considerar ilegal\",\"datePublished\":\"2026-03-10T08:23:57+00:00\",\"mainEntityOfPage\":{\"@id\":\"https:\/\/portaltela.pt\/noticias\/2026\/03\/10\/associacao-zero-opoe-projeto-de-aterro-em-boticas-por-considerar-ilegal\/\"},\"wordCount\":401,\"image\":{\"@id\":\"https:\/\/portaltela.pt\/noticias\/2026\/03\/10\/associacao-zero-opoe-projeto-de-aterro-em-boticas-por-considerar-ilegal\/#primaryimage\"},\"thumbnailUrl\":\"https:\/\/portaltela.pt\/s.01k8rhncp4jt1\/2026\/03\/img_1500x1000uu2019-04-28-14-52-33-846596.jpg\",\"keywords\":[\"APA\",\"CCDR Norte\",\"desenvolvimento sustent\u00e1vel\",\"licenciamentos\",\"meio-ambiente\",\"res\u00edduos\"],\"articleSection\":[\"Meio Ambiente\"],\"inLanguage\":\"pt-PT\"},{\"@type\":\"WebPage\",\"@id\":\"https:\/\/portaltela.pt\/noticias\/2026\/03\/10\/associacao-zero-opoe-projeto-de-aterro-em-boticas-por-considerar-ilegal\/\",\"url\":\"https:\/\/portaltela.pt\/noticias\/2026\/03\/10\/associacao-zero-opoe-projeto-de-aterro-em-boticas-por-considerar-ilegal\/\",\"name\":\"Associa\u00e7\u00e3o Zero op\u00f5e projeto de aterro em Boticas por considerar ilegal - Portal Tela Portugal\",\"isPartOf\":{\"@id\":\"https:\/\/portaltela.pt\/#website\"},\"primaryImageOfPage\":{\"@id\":\"https:\/\/portaltela.pt\/noticias\/2026\/03\/10\/associacao-zero-opoe-projeto-de-aterro-em-boticas-por-considerar-ilegal\/#primaryimage\"},\"image\":{\"@id\":\"https:\/\/portaltela.pt\/noticias\/2026\/03\/10\/associacao-zero-opoe-projeto-de-aterro-em-boticas-por-considerar-ilegal\/#primaryimage\"},\"thumbnailUrl\":\"https:\/\/portaltela.pt\/s.01k8rhncp4jt1\/2026\/03\/img_1500x1000uu2019-04-28-14-52-33-846596.jpg\",\"datePublished\":\"2026-03-10T08:23:57+00:00\",\"author\":{\"@id\":\"https:\/\/portaltela.pt\/#\/schema\/person\/c4278d4a6028830caff9ee44b42d32ed\"},\"breadcrumb\":{\"@id\":\"https:\/\/portaltela.pt\/noticias\/2026\/03\/10\/associacao-zero-opoe-projeto-de-aterro-em-boticas-por-considerar-ilegal\/#breadcrumb\"},\"inLanguage\":\"pt-PT\",\"potentialAction\":[{\"@type\":\"ReadAction\",\"target\":[\"https:\/\/portaltela.pt\/noticias\/2026\/03\/10\/associacao-zero-opoe-projeto-de-aterro-em-boticas-por-considerar-ilegal\/\"]}]},{\"@type\":\"ImageObject\",\"inLanguage\":\"pt-PT\",\"@id\":\"https:\/\/portaltela.pt\/noticias\/2026\/03\/10\/associacao-zero-opoe-projeto-de-aterro-em-boticas-por-considerar-ilegal\/#primaryimage\",\"url\":\"https:\/\/portaltela.pt\/s.01k8rhncp4jt1\/2026\/03\/img_1500x1000uu2019-04-28-14-52-33-846596.jpg\",\"contentUrl\":\"https:\/\/portaltela.pt\/s.01k8rhncp4jt1\/2026\/03\/img_1500x1000uu2019-04-28-14-52-33-846596.jpg\",\"width\":796,\"height\":448,\"caption\":\"Francisco Ferreira, presidente da Associa\u00e7\u00e3o Zero\"},{\"@type\":\"BreadcrumbList\",\"@id\":\"https:\/\/portaltela.pt\/noticias\/2026\/03\/10\/associacao-zero-opoe-projeto-de-aterro-em-boticas-por-considerar-ilegal\/#breadcrumb\",\"itemListElement\":[{\"@type\":\"ListItem\",\"position\":1,\"name\":\"In\u00edcio\",\"item\":\"https:\/\/portaltela.pt\/\"},{\"@type\":\"ListItem\",\"position\":2,\"name\":\"Associa\u00e7\u00e3o Zero op\u00f5e projeto de aterro em Boticas por considerar ilegal\"}]},{\"@type\":\"WebSite\",\"@id\":\"https:\/\/portaltela.pt\/#website\",\"url\":\"https:\/\/portaltela.pt\/\",\"name\":\"Portal Tela Portugal\",\"description\":\"\",\"potentialAction\":[{\"@type\":\"SearchAction\",\"target\":{\"@type\":\"EntryPoint\",\"urlTemplate\":\"https:\/\/portaltela.pt\/?s={search_term_string}\"},\"query-input\":{\"@type\":\"PropertyValueSpecification\",\"valueRequired\":true,\"valueName\":\"search_term_string\"}}],\"inLanguage\":\"pt-PT\"},{\"@type\":\"Person\",\"@id\":\"https:\/\/portaltela.pt\/#\/schema\/person\/c4278d4a6028830caff9ee44b42d32ed\",\"name\":\"Telinha\",\"image\":{\"@type\":\"ImageObject\",\"inLanguage\":\"pt-PT\",\"@id\":\"https:\/\/portaltela.pt\/s.01k8rhncp4jt1\/2025\/11\/talking-bot-125x125.png\",\"url\":\"https:\/\/portaltela.pt\/s.01k8rhncp4jt1\/2025\/11\/talking-bot-125x125.png\",\"contentUrl\":\"https:\/\/portaltela.pt\/s.01k8rhncp4jt1\/2025\/11\/talking-bot-125x125.png\",\"caption\":\"Telinha\"},\"sameAs\":[\"https:\/\/portaltela.pt\/\"],\"url\":\"https:\/\/portaltela.pt\/por\/367410592786\/\"}]}<\/script>\n<!-- \/ Yoast SEO plugin. -->","yoast_head_json":{"title":"Associa\u00e7\u00e3o Zero op\u00f5e projeto de aterro em Boticas por considerar ilegal - Portal Tela Portugal","robots":{"index":"index","follow":"follow","max-snippet":"max-snippet:-1","max-image-preview":"max-image-preview:large","max-video-preview":"max-video-preview:-1"},"og_locale":"pt_PT","og_type":"article","og_title":"Associa\u00e7\u00e3o Zero op\u00f5e projeto de aterro em Boticas por considerar ilegal - Portal Tela Portugal","og_description":"A associa\u00e7\u00e3o Zero op\u00f5e-se ao projeto de otimiza\u00e7\u00e3o da capacidade do Aterro Sanit\u00e1rio de Boticas, afirmando que \u00e9 ilegal e visa viabilizar a perpetua\u00e7\u00e3o de descargas de res\u00edduos org\u00e2nicos. A documenta\u00e7\u00e3o do licenciamento indica previs\u00e3o de admiss\u00e3o em aterro de res\u00edduos urbanos biodegrad\u00e1veis com mat\u00e9ria org\u00e2nica n\u00e3o estabilizada, o que, segundo a Zero, violaria o Regime Jur\u00eddico de Deposi\u00e7\u00e3o de Res\u00edduos em Aterro (RJDRA). O projeto, proposto pela Resinorte, esteve em consulta p\u00fablica entre 19 de janeiro e 13 de fevereiro, com quatro participa\u00e7\u00f5es atrav\u00e9s do portal Participa. O aumento de capacidade decorre do incremento da densidade de res\u00edduos depositados, sem altera\u00e7\u00e3o da \u00e1rea ou modela\u00e7\u00e3o existente, elevando a quantidade a depositar de 198.395 toneladas. A Zero defende que o projeto seja rejeitado ou reformulado, e prop\u00f5e a instala\u00e7\u00e3o, a montante do aterro, de uma unidade de Tratamento Mec\u00e2nico e Biol\u00f3gico para tratar res\u00edduos org\u00e2nicos e separar recicl\u00e1veis, evitando a deposi\u00e7\u00e3o de res\u00edduos urbanos indiferenciados.","og_url":"https:\/\/portaltela.pt\/noticias\/2026\/03\/10\/associacao-zero-opoe-projeto-de-aterro-em-boticas-por-considerar-ilegal\/","og_site_name":"Portal Tela Portugal","article_published_time":"2026-03-10T08:23:57+00:00","author":"Telinha","twitter_card":"summary_large_image","twitter_misc":{"Escrito por":"Telinha","Tempo estimado de leitura":"2 minutos"},"schema":{"@context":"https:\/\/schema.org","@graph":[{"@type":"Article","@id":"https:\/\/portaltela.pt\/noticias\/2026\/03\/10\/associacao-zero-opoe-projeto-de-aterro-em-boticas-por-considerar-ilegal\/#article","isPartOf":{"@id":"https:\/\/portaltela.pt\/noticias\/2026\/03\/10\/associacao-zero-opoe-projeto-de-aterro-em-boticas-por-considerar-ilegal\/"},"author":{"name":"Telinha","@id":"https:\/\/portaltela.pt\/#\/schema\/person\/c4278d4a6028830caff9ee44b42d32ed"},"headline":"Associa\u00e7\u00e3o Zero op\u00f5e projeto de aterro em Boticas por considerar ilegal","datePublished":"2026-03-10T08:23:57+00:00","mainEntityOfPage":{"@id":"https:\/\/portaltela.pt\/noticias\/2026\/03\/10\/associacao-zero-opoe-projeto-de-aterro-em-boticas-por-considerar-ilegal\/"},"wordCount":401,"image":{"@id":"https:\/\/portaltela.pt\/noticias\/2026\/03\/10\/associacao-zero-opoe-projeto-de-aterro-em-boticas-por-considerar-ilegal\/#primaryimage"},"thumbnailUrl":"https:\/\/portaltela.pt\/s.01k8rhncp4jt1\/2026\/03\/img_1500x1000uu2019-04-28-14-52-33-846596.jpg","keywords":["APA","CCDR Norte","desenvolvimento sustent\u00e1vel","licenciamentos","meio-ambiente","res\u00edduos"],"articleSection":["Meio Ambiente"],"inLanguage":"pt-PT"},{"@type":"WebPage","@id":"https:\/\/portaltela.pt\/noticias\/2026\/03\/10\/associacao-zero-opoe-projeto-de-aterro-em-boticas-por-considerar-ilegal\/","url":"https:\/\/portaltela.pt\/noticias\/2026\/03\/10\/associacao-zero-opoe-projeto-de-aterro-em-boticas-por-considerar-ilegal\/","name":"Associa\u00e7\u00e3o Zero op\u00f5e projeto de aterro em Boticas por considerar ilegal - Portal Tela Portugal","isPartOf":{"@id":"https:\/\/portaltela.pt\/#website"},"primaryImageOfPage":{"@id":"https:\/\/portaltela.pt\/noticias\/2026\/03\/10\/associacao-zero-opoe-projeto-de-aterro-em-boticas-por-considerar-ilegal\/#primaryimage"},"image":{"@id":"https:\/\/portaltela.pt\/noticias\/2026\/03\/10\/associacao-zero-opoe-projeto-de-aterro-em-boticas-por-considerar-ilegal\/#primaryimage"},"thumbnailUrl":"https:\/\/portaltela.pt\/s.01k8rhncp4jt1\/2026\/03\/img_1500x1000uu2019-04-28-14-52-33-846596.jpg","datePublished":"2026-03-10T08:23:57+00:00","author":{"@id":"https:\/\/portaltela.pt\/#\/schema\/person\/c4278d4a6028830caff9ee44b42d32ed"},"breadcrumb":{"@id":"https:\/\/portaltela.pt\/noticias\/2026\/03\/10\/associacao-zero-opoe-projeto-de-aterro-em-boticas-por-considerar-ilegal\/#breadcrumb"},"inLanguage":"pt-PT","potentialAction":[{"@type":"ReadAction","target":["https:\/\/portaltela.pt\/noticias\/2026\/03\/10\/associacao-zero-opoe-projeto-de-aterro-em-boticas-por-considerar-ilegal\/"]}]},{"@type":"ImageObject","inLanguage":"pt-PT","@id":"https:\/\/portaltela.pt\/noticias\/2026\/03\/10\/associacao-zero-opoe-projeto-de-aterro-em-boticas-por-considerar-ilegal\/#primaryimage","url":"https:\/\/portaltela.pt\/s.01k8rhncp4jt1\/2026\/03\/img_1500x1000uu2019-04-28-14-52-33-846596.jpg","contentUrl":"https:\/\/portaltela.pt\/s.01k8rhncp4jt1\/2026\/03\/img_1500x1000uu2019-04-28-14-52-33-846596.jpg","width":796,"height":448,"caption":"Francisco Ferreira, presidente da Associa\u00e7\u00e3o Zero"},{"@type":"BreadcrumbList","@id":"https:\/\/portaltela.pt\/noticias\/2026\/03\/10\/associacao-zero-opoe-projeto-de-aterro-em-boticas-por-considerar-ilegal\/#breadcrumb","itemListElement":[{"@type":"ListItem","position":1,"name":"In\u00edcio","item":"https:\/\/portaltela.pt\/"},{"@type":"ListItem","position":2,"name":"Associa\u00e7\u00e3o Zero op\u00f5e projeto de aterro em Boticas por considerar ilegal"}]},{"@type":"WebSite","@id":"https:\/\/portaltela.pt\/#website","url":"https:\/\/portaltela.pt\/","name":"Portal Tela Portugal","description":"","potentialAction":[{"@type":"SearchAction","target":{"@type":"EntryPoint","urlTemplate":"https:\/\/portaltela.pt\/?s={search_term_string}"},"query-input":{"@type":"PropertyValueSpecification","valueRequired":true,"valueName":"search_term_string"}}],"inLanguage":"pt-PT"},{"@type":"Person","@id":"https:\/\/portaltela.pt\/#\/schema\/person\/c4278d4a6028830caff9ee44b42d32ed","name":"Telinha","image":{"@type":"ImageObject","inLanguage":"pt-PT","@id":"https:\/\/portaltela.pt\/s.01k8rhncp4jt1\/2025\/11\/talking-bot-125x125.png","url":"https:\/\/portaltela.pt\/s.01k8rhncp4jt1\/2025\/11\/talking-bot-125x125.png","contentUrl":"https:\/\/portaltela.pt\/s.01k8rhncp4jt1\/2025\/11\/talking-bot-125x125.png","caption":"Telinha"},"sameAs":["https:\/\/portaltela.pt\/"],"url":"https:\/\/portaltela.pt\/por\/367410592786\/"}]}},"_links":{"self":[{"href":"https:\/\/portaltela.pt\/api\/wp\/v2\/posts\/404279","targetHints":{"allow":["GET"]}}],"collection":[{"href":"https:\/\/portaltela.pt\/api\/wp\/v2\/posts"}],"about":[{"href":"https:\/\/portaltela.pt\/api\/wp\/v2\/types\/post"}],"author":[{"embeddable":true,"href":"https:\/\/portaltela.pt\/api\/wp\/v2\/users\/2"}],"replies":[{"embeddable":true,"href":"https:\/\/portaltela.pt\/api\/wp\/v2\/comments?post=404279"}],"version-history":[{"count":0,"href":"https:\/\/portaltela.pt\/api\/wp\/v2\/posts\/404279\/revisions"}],"wp:featuredmedia":[{"embeddable":true,"href":"https:\/\/portaltela.pt\/api\/wp\/v2\/media\/404280"}],"wp:attachment":[{"href":"https:\/\/portaltela.pt\/api\/wp\/v2\/media?parent=404279"}],"wp:term":[{"taxonomy":"category","embeddable":true,"href":"https:\/\/portaltela.pt\/api\/wp\/v2\/categories?post=404279"},{"taxonomy":"post_tag","embeddable":true,"href":"https:\/\/portaltela.pt\/api\/wp\/v2\/tags?post=404279"}],"curies":[{"name":"wp","href":"https:\/\/api.w.org\/{rel}","templated":true}]}}