{"id":404277,"date":"2026-03-10T05:21:00","date_gmt":"2026-03-10T08:21:00","guid":{"rendered":"https:\/\/portaltela.pt\/noticias\/2026\/03\/10\/segundo-dia-da-visita-do-presidente-seguro-passa-por-arganil-guimaraes-e-porto\/"},"modified":"2026-03-10T05:21:00","modified_gmt":"2026-03-10T08:21:00","slug":"segundo-dia-da-visita-do-presidente-seguro-passa-por-arganil-guimaraes-e-porto","status":"publish","type":"post","link":"https:\/\/portaltela.pt\/noticias\/politica\/2026\/03\/10\/segundo-dia-da-visita-do-presidente-seguro-passa-por-arganil-guimaraes-e-porto\/","title":{"rendered":"Segundo dia da visita do presidente Seguro passa por Arganil, Guimar\u00e3es e Porto"},"content":{"rendered":"<p>O programa de posse de Ant\u00f3nio Jos\u00e9 Seguro, novo presidente da Rep\u00fablica, continua hoje com percursos pelo interior e pelo norte do pa\u00eds. Segundo dia de atividades mant\u00e9m o foco no contacto com comunidades e em iniciativas de desenvolvimento sustent\u00e1vel.<\/p>\n<p>\u00c0s 11h, Seguro visita Mour\u00edsia, aldeia no concelho de Arganil, distrito de Coimbra, que esteve sob fogo em 2025 e foi alvo de uma visita de autarcas no ver\u00e3o passado. O objetivo \u00e9 destacar o Interior no conjunto da posse.<\/p>\n<p>\u00c0s 16h, o Presidente eleito dirige-se a Guimar\u00e3es para observar o Laborat\u00f3rio da Paisagem, associa\u00e7\u00e3o ligada ao desenvolvimento sustent\u00e1vel criada pela C\u00e2mara Municipal, pela Universidade do Minho e pela UTAD. A desloca\u00e7\u00e3o coincide com a Capital Verde Europeia 2026.<\/p>\n<h3>Visitas em Arganil e Guimar\u00e3es<\/h3>\n<p>Nesta etapa, o chefe de Estado re\u00fane-se com representantes locais para conhecer iniciativas de sustentabilidade e resili\u00eancia territorial. A comitiva integra a ministra do Ambiente e Energia, Maria da Gra\u00e7a Carvalho, e o presidente da C\u00e2mara de Guimar\u00e3es, Ricardo Ara\u00fajo.<\/p>\n<p>No \u00e2mbito da agenda guimar\u00e3es, est\u00e1 prevista a rece\u00e7\u00e3o ao Laborat\u00f3rio da Paisagem, cuja atividade incide sobre planeamento e projetos de ecossistemas urbanos. O encontro ocorre num momento de liga\u00e7\u00e3o entre educa\u00e7\u00e3o, cultura e inova\u00e7\u00e3o ambiental.<\/p>\n<h3>Encerramento no Porto<\/h3>\n<p>O p\u00e9riplo encerra-se no Porto com uma rece\u00e7\u00e3o no Sal\u00e3o Nobre dos Pa\u00e7os do Concelho, com o presidente da C\u00e2mara, Pedro Duarte, e com a interven\u00e7\u00e3o do pr\u00f3prio Seguro. Segue-se um concerto na Casa da M\u00fasica, com a Orquestra Juvenil da Bonj\u00f3ia e Pedro Abrunhosa a atuar.<\/p>\n<p>Ant\u00f3nio Jos\u00e9 Seguro foi eleito na segunda volta das elei\u00e7\u00f5es presenciais, com mais de 3,5 milh\u00f5es de votos, representando 66,84% do total v\u00e1lidos, frente a Andr\u00e9 Ventura. Na tomada de posse, prometeu ser o presidente de \u201cPortugal inteiro\u201d e demonstrou abertura para ouvir preocupa\u00e7\u00f5es c\u00edvicas, destacando compromisso com justi\u00e7a social.<\/p>\n<p>O novo Presidente sublinhou ainda a necessidade de estabilidade pol\u00edtica, apontando para evitar ciclos eleitorais curtos. Pediu um compromisso pol\u00edtico claro aos partidos com representa\u00e7\u00e3o parlamentar para assegurar governabilidade est\u00e1vel.<\/p>\n","protected":false},"excerpt":{"rendered":"<ul>\n<li>O programa de posse de Ant\u00f3nio Jos\u00e9 Seguro continua hoje em Arganil, Guimar\u00e3es e Porto, ap\u00f3s as cerim\u00f3nias de segunda-feira.<\/li>\n<li>\u00c0s 11h visita Mour\u00edsia, aldeia em Arganil que esteve em chamas em 2025, integrada no itiner\u00e1rio do Interior.<\/li>\n<li>\u00c0s 16h visita o Laborat\u00f3rio da Paisagem de Guimar\u00e3es \u2013 Associa\u00e7\u00e3o para a Promo\u00e7\u00e3o do Desenvolvimento Sustent\u00e1vel, com a presen\u00e7a da ministra do Ambiente e Energia, Maria da Gra\u00e7a Carvalho, e do presidente da C\u00e2mara, Ricardo Ara\u00fajo.<\/li>\n<li>No Porto, h\u00e1 uma rece\u00e7\u00e3o nos Pa\u00e7os do Concelho pelo presidente da C\u00e2mara, Pedro Duarte, seguida de um concerto na Casa da M\u00fasica pela Orquestra Juvenil da Bonj\u00f3ia e por Pedro Abrunhosa.<\/li>\n<li>Seguro foi eleito com 66,84% dos votos e prometeu ser o presidente de Portugal inteiro, enfatizando a audi\u00e7\u00e3o das preocupa\u00e7\u00f5es dos cidad\u00e3os e a defesa da justi\u00e7a social.<\/li>\n<\/ul>\n","protected":false},"author":2,"featured_media":404278,"comment_status":"closed","ping_status":"closed","sticky":false,"template":"","format":"standard","meta":{"footnotes":""},"categories":[1,5],"tags":[1340,755,34,1145,982,30],"class_list":["post-404277","post","type-post","status-publish","format-standard","has-post-thumbnail","hentry","category-noticias","category-politica","tag-arganil","tag-desenvolvimento-sustentavel","tag-governo","tag-guimaraes","tag-porto","tag-presidente"],"yoast_head":"<!-- This site is optimized with the Yoast SEO plugin v27.2 - https:\/\/yoast.com\/product\/yoast-seo-wordpress\/ -->\n<title>Segundo dia da visita do presidente Seguro passa por Arganil, Guimar\u00e3es e Porto - Portal Tela Portugal<\/title>\n<meta name=\"robots\" content=\"index, follow, max-snippet:-1, max-image-preview:large, max-video-preview:-1\" \/>\n<meta property=\"og:locale\" content=\"pt_PT\" \/>\n<meta property=\"og:type\" content=\"article\" \/>\n<meta property=\"og:title\" content=\"Segundo dia da visita do presidente Seguro passa por Arganil, Guimar\u00e3es e Porto - Portal Tela Portugal\" \/>\n<meta property=\"og:description\" content=\"O programa de posse de Ant\u00f3nio Jos\u00e9 Seguro continua hoje em Arganil, Guimar\u00e3es e Porto, ap\u00f3s as cerim\u00f3nias de segunda-feira. \u00c0s 11h visita Mour\u00edsia, aldeia em Arganil que esteve em chamas em 2025, integrada no itiner\u00e1rio do Interior. \u00c0s 16h visita o Laborat\u00f3rio da Paisagem de Guimar\u00e3es \u2013 Associa\u00e7\u00e3o para a Promo\u00e7\u00e3o do Desenvolvimento Sustent\u00e1vel, com a presen\u00e7a da ministra do Ambiente e Energia, Maria da Gra\u00e7a Carvalho, e do presidente da C\u00e2mara, Ricardo Ara\u00fajo. No Porto, h\u00e1 uma rece\u00e7\u00e3o nos Pa\u00e7os do Concelho pelo presidente da C\u00e2mara, Pedro Duarte, seguida de um concerto na Casa da M\u00fasica pela Orquestra Juvenil da Bonj\u00f3ia e por Pedro Abrunhosa. Seguro foi eleito com 66,84% dos votos e prometeu ser o presidente de Portugal inteiro, enfatizando a audi\u00e7\u00e3o das preocupa\u00e7\u00f5es dos cidad\u00e3os e a defesa da justi\u00e7a social.\" \/>\n<meta property=\"og:url\" content=\"https:\/\/portaltela.pt\/noticias\/2026\/03\/10\/segundo-dia-da-visita-do-presidente-seguro-passa-por-arganil-guimaraes-e-porto\/\" \/>\n<meta property=\"og:site_name\" content=\"Portal Tela Portugal\" \/>\n<meta property=\"article:published_time\" content=\"2026-03-10T08:21:00+00:00\" \/>\n<meta name=\"author\" content=\"Telinha\" \/>\n<meta name=\"twitter:card\" content=\"summary_large_image\" \/>\n<meta name=\"twitter:label1\" content=\"Escrito por\" \/>\n\t<meta name=\"twitter:data1\" content=\"Telinha\" \/>\n\t<meta name=\"twitter:label2\" content=\"Tempo estimado de leitura\" \/>\n\t<meta name=\"twitter:data2\" content=\"2 minutos\" \/>\n<script type=\"application\/ld+json\" class=\"yoast-schema-graph\">{\"@context\":\"https:\/\/schema.org\",\"@graph\":[{\"@type\":\"Article\",\"@id\":\"https:\/\/portaltela.pt\/noticias\/2026\/03\/10\/segundo-dia-da-visita-do-presidente-seguro-passa-por-arganil-guimaraes-e-porto\/#article\",\"isPartOf\":{\"@id\":\"https:\/\/portaltela.pt\/noticias\/2026\/03\/10\/segundo-dia-da-visita-do-presidente-seguro-passa-por-arganil-guimaraes-e-porto\/\"},\"author\":{\"name\":\"Telinha\",\"@id\":\"https:\/\/portaltela.pt\/#\/schema\/person\/c4278d4a6028830caff9ee44b42d32ed\"},\"headline\":\"Segundo dia da visita do presidente Seguro passa por Arganil, Guimar\u00e3es e Porto\",\"datePublished\":\"2026-03-10T08:21:00+00:00\",\"mainEntityOfPage\":{\"@id\":\"https:\/\/portaltela.pt\/noticias\/2026\/03\/10\/segundo-dia-da-visita-do-presidente-seguro-passa-por-arganil-guimaraes-e-porto\/\"},\"wordCount\":385,\"image\":{\"@id\":\"https:\/\/portaltela.pt\/noticias\/2026\/03\/10\/segundo-dia-da-visita-do-presidente-seguro-passa-por-arganil-guimaraes-e-porto\/#primaryimage\"},\"thumbnailUrl\":\"https:\/\/portaltela.pt\/s.01k8rhncp4jt1\/2026\/03\/image-611.jpg\",\"keywords\":[\"Arganil\",\"desenvolvimento sustent\u00e1vel\",\"governo\",\"Guimar\u00e3es\",\"Porto\",\"presidente\"],\"articleSection\":[\"Not\u00edcias\",\"Pol\u00edtica\"],\"inLanguage\":\"pt-PT\"},{\"@type\":\"WebPage\",\"@id\":\"https:\/\/portaltela.pt\/noticias\/2026\/03\/10\/segundo-dia-da-visita-do-presidente-seguro-passa-por-arganil-guimaraes-e-porto\/\",\"url\":\"https:\/\/portaltela.pt\/noticias\/2026\/03\/10\/segundo-dia-da-visita-do-presidente-seguro-passa-por-arganil-guimaraes-e-porto\/\",\"name\":\"Segundo dia da visita do presidente Seguro passa por Arganil, Guimar\u00e3es e Porto - Portal Tela Portugal\",\"isPartOf\":{\"@id\":\"https:\/\/portaltela.pt\/#website\"},\"primaryImageOfPage\":{\"@id\":\"https:\/\/portaltela.pt\/noticias\/2026\/03\/10\/segundo-dia-da-visita-do-presidente-seguro-passa-por-arganil-guimaraes-e-porto\/#primaryimage\"},\"image\":{\"@id\":\"https:\/\/portaltela.pt\/noticias\/2026\/03\/10\/segundo-dia-da-visita-do-presidente-seguro-passa-por-arganil-guimaraes-e-porto\/#primaryimage\"},\"thumbnailUrl\":\"https:\/\/portaltela.pt\/s.01k8rhncp4jt1\/2026\/03\/image-611.jpg\",\"datePublished\":\"2026-03-10T08:21:00+00:00\",\"author\":{\"@id\":\"https:\/\/portaltela.pt\/#\/schema\/person\/c4278d4a6028830caff9ee44b42d32ed\"},\"breadcrumb\":{\"@id\":\"https:\/\/portaltela.pt\/noticias\/2026\/03\/10\/segundo-dia-da-visita-do-presidente-seguro-passa-por-arganil-guimaraes-e-porto\/#breadcrumb\"},\"inLanguage\":\"pt-PT\",\"potentialAction\":[{\"@type\":\"ReadAction\",\"target\":[\"https:\/\/portaltela.pt\/noticias\/2026\/03\/10\/segundo-dia-da-visita-do-presidente-seguro-passa-por-arganil-guimaraes-e-porto\/\"]}]},{\"@type\":\"ImageObject\",\"inLanguage\":\"pt-PT\",\"@id\":\"https:\/\/portaltela.pt\/noticias\/2026\/03\/10\/segundo-dia-da-visita-do-presidente-seguro-passa-por-arganil-guimaraes-e-porto\/#primaryimage\",\"url\":\"https:\/\/portaltela.pt\/s.01k8rhncp4jt1\/2026\/03\/image-611.jpg\",\"contentUrl\":\"https:\/\/portaltela.pt\/s.01k8rhncp4jt1\/2026\/03\/image-611.jpg\",\"width\":796,\"height\":448,\"caption\":\"Ant\u00f3nio Jos\u00e9 Seguro \u00e9 o novo presidente da Rep\u00fablica\"},{\"@type\":\"BreadcrumbList\",\"@id\":\"https:\/\/portaltela.pt\/noticias\/2026\/03\/10\/segundo-dia-da-visita-do-presidente-seguro-passa-por-arganil-guimaraes-e-porto\/#breadcrumb\",\"itemListElement\":[{\"@type\":\"ListItem\",\"position\":1,\"name\":\"In\u00edcio\",\"item\":\"https:\/\/portaltela.pt\/\"},{\"@type\":\"ListItem\",\"position\":2,\"name\":\"Segundo dia da visita do presidente Seguro passa por Arganil, Guimar\u00e3es e Porto\"}]},{\"@type\":\"WebSite\",\"@id\":\"https:\/\/portaltela.pt\/#website\",\"url\":\"https:\/\/portaltela.pt\/\",\"name\":\"Portal Tela Portugal\",\"description\":\"\",\"potentialAction\":[{\"@type\":\"SearchAction\",\"target\":{\"@type\":\"EntryPoint\",\"urlTemplate\":\"https:\/\/portaltela.pt\/?s={search_term_string}\"},\"query-input\":{\"@type\":\"PropertyValueSpecification\",\"valueRequired\":true,\"valueName\":\"search_term_string\"}}],\"inLanguage\":\"pt-PT\"},{\"@type\":\"Person\",\"@id\":\"https:\/\/portaltela.pt\/#\/schema\/person\/c4278d4a6028830caff9ee44b42d32ed\",\"name\":\"Telinha\",\"image\":{\"@type\":\"ImageObject\",\"inLanguage\":\"pt-PT\",\"@id\":\"https:\/\/portaltela.pt\/s.01k8rhncp4jt1\/2025\/11\/talking-bot-125x125.png\",\"url\":\"https:\/\/portaltela.pt\/s.01k8rhncp4jt1\/2025\/11\/talking-bot-125x125.png\",\"contentUrl\":\"https:\/\/portaltela.pt\/s.01k8rhncp4jt1\/2025\/11\/talking-bot-125x125.png\",\"caption\":\"Telinha\"},\"sameAs\":[\"https:\/\/portaltela.pt\/\"],\"url\":\"https:\/\/portaltela.pt\/por\/367410592786\/\"}]}<\/script>\n<!-- \/ Yoast SEO plugin. -->","yoast_head_json":{"title":"Segundo dia da visita do presidente Seguro passa por Arganil, Guimar\u00e3es e Porto - Portal Tela Portugal","robots":{"index":"index","follow":"follow","max-snippet":"max-snippet:-1","max-image-preview":"max-image-preview:large","max-video-preview":"max-video-preview:-1"},"og_locale":"pt_PT","og_type":"article","og_title":"Segundo dia da visita do presidente Seguro passa por Arganil, Guimar\u00e3es e Porto - Portal Tela Portugal","og_description":"O programa de posse de Ant\u00f3nio Jos\u00e9 Seguro continua hoje em Arganil, Guimar\u00e3es e Porto, ap\u00f3s as cerim\u00f3nias de segunda-feira. \u00c0s 11h visita Mour\u00edsia, aldeia em Arganil que esteve em chamas em 2025, integrada no itiner\u00e1rio do Interior. \u00c0s 16h visita o Laborat\u00f3rio da Paisagem de Guimar\u00e3es \u2013 Associa\u00e7\u00e3o para a Promo\u00e7\u00e3o do Desenvolvimento Sustent\u00e1vel, com a presen\u00e7a da ministra do Ambiente e Energia, Maria da Gra\u00e7a Carvalho, e do presidente da C\u00e2mara, Ricardo Ara\u00fajo. No Porto, h\u00e1 uma rece\u00e7\u00e3o nos Pa\u00e7os do Concelho pelo presidente da C\u00e2mara, Pedro Duarte, seguida de um concerto na Casa da M\u00fasica pela Orquestra Juvenil da Bonj\u00f3ia e por Pedro Abrunhosa. Seguro foi eleito com 66,84% dos votos e prometeu ser o presidente de Portugal inteiro, enfatizando a audi\u00e7\u00e3o das preocupa\u00e7\u00f5es dos cidad\u00e3os e a defesa da justi\u00e7a social.","og_url":"https:\/\/portaltela.pt\/noticias\/2026\/03\/10\/segundo-dia-da-visita-do-presidente-seguro-passa-por-arganil-guimaraes-e-porto\/","og_site_name":"Portal Tela Portugal","article_published_time":"2026-03-10T08:21:00+00:00","author":"Telinha","twitter_card":"summary_large_image","twitter_misc":{"Escrito por":"Telinha","Tempo estimado de leitura":"2 minutos"},"schema":{"@context":"https:\/\/schema.org","@graph":[{"@type":"Article","@id":"https:\/\/portaltela.pt\/noticias\/2026\/03\/10\/segundo-dia-da-visita-do-presidente-seguro-passa-por-arganil-guimaraes-e-porto\/#article","isPartOf":{"@id":"https:\/\/portaltela.pt\/noticias\/2026\/03\/10\/segundo-dia-da-visita-do-presidente-seguro-passa-por-arganil-guimaraes-e-porto\/"},"author":{"name":"Telinha","@id":"https:\/\/portaltela.pt\/#\/schema\/person\/c4278d4a6028830caff9ee44b42d32ed"},"headline":"Segundo dia da visita do presidente Seguro passa por Arganil, Guimar\u00e3es e Porto","datePublished":"2026-03-10T08:21:00+00:00","mainEntityOfPage":{"@id":"https:\/\/portaltela.pt\/noticias\/2026\/03\/10\/segundo-dia-da-visita-do-presidente-seguro-passa-por-arganil-guimaraes-e-porto\/"},"wordCount":385,"image":{"@id":"https:\/\/portaltela.pt\/noticias\/2026\/03\/10\/segundo-dia-da-visita-do-presidente-seguro-passa-por-arganil-guimaraes-e-porto\/#primaryimage"},"thumbnailUrl":"https:\/\/portaltela.pt\/s.01k8rhncp4jt1\/2026\/03\/image-611.jpg","keywords":["Arganil","desenvolvimento sustent\u00e1vel","governo","Guimar\u00e3es","Porto","presidente"],"articleSection":["Not\u00edcias","Pol\u00edtica"],"inLanguage":"pt-PT"},{"@type":"WebPage","@id":"https:\/\/portaltela.pt\/noticias\/2026\/03\/10\/segundo-dia-da-visita-do-presidente-seguro-passa-por-arganil-guimaraes-e-porto\/","url":"https:\/\/portaltela.pt\/noticias\/2026\/03\/10\/segundo-dia-da-visita-do-presidente-seguro-passa-por-arganil-guimaraes-e-porto\/","name":"Segundo dia da visita do presidente Seguro passa por Arganil, Guimar\u00e3es e Porto - Portal Tela Portugal","isPartOf":{"@id":"https:\/\/portaltela.pt\/#website"},"primaryImageOfPage":{"@id":"https:\/\/portaltela.pt\/noticias\/2026\/03\/10\/segundo-dia-da-visita-do-presidente-seguro-passa-por-arganil-guimaraes-e-porto\/#primaryimage"},"image":{"@id":"https:\/\/portaltela.pt\/noticias\/2026\/03\/10\/segundo-dia-da-visita-do-presidente-seguro-passa-por-arganil-guimaraes-e-porto\/#primaryimage"},"thumbnailUrl":"https:\/\/portaltela.pt\/s.01k8rhncp4jt1\/2026\/03\/image-611.jpg","datePublished":"2026-03-10T08:21:00+00:00","author":{"@id":"https:\/\/portaltela.pt\/#\/schema\/person\/c4278d4a6028830caff9ee44b42d32ed"},"breadcrumb":{"@id":"https:\/\/portaltela.pt\/noticias\/2026\/03\/10\/segundo-dia-da-visita-do-presidente-seguro-passa-por-arganil-guimaraes-e-porto\/#breadcrumb"},"inLanguage":"pt-PT","potentialAction":[{"@type":"ReadAction","target":["https:\/\/portaltela.pt\/noticias\/2026\/03\/10\/segundo-dia-da-visita-do-presidente-seguro-passa-por-arganil-guimaraes-e-porto\/"]}]},{"@type":"ImageObject","inLanguage":"pt-PT","@id":"https:\/\/portaltela.pt\/noticias\/2026\/03\/10\/segundo-dia-da-visita-do-presidente-seguro-passa-por-arganil-guimaraes-e-porto\/#primaryimage","url":"https:\/\/portaltela.pt\/s.01k8rhncp4jt1\/2026\/03\/image-611.jpg","contentUrl":"https:\/\/portaltela.pt\/s.01k8rhncp4jt1\/2026\/03\/image-611.jpg","width":796,"height":448,"caption":"Ant\u00f3nio Jos\u00e9 Seguro \u00e9 o novo presidente da Rep\u00fablica"},{"@type":"BreadcrumbList","@id":"https:\/\/portaltela.pt\/noticias\/2026\/03\/10\/segundo-dia-da-visita-do-presidente-seguro-passa-por-arganil-guimaraes-e-porto\/#breadcrumb","itemListElement":[{"@type":"ListItem","position":1,"name":"In\u00edcio","item":"https:\/\/portaltela.pt\/"},{"@type":"ListItem","position":2,"name":"Segundo dia da visita do presidente Seguro passa por Arganil, Guimar\u00e3es e Porto"}]},{"@type":"WebSite","@id":"https:\/\/portaltela.pt\/#website","url":"https:\/\/portaltela.pt\/","name":"Portal Tela Portugal","description":"","potentialAction":[{"@type":"SearchAction","target":{"@type":"EntryPoint","urlTemplate":"https:\/\/portaltela.pt\/?s={search_term_string}"},"query-input":{"@type":"PropertyValueSpecification","valueRequired":true,"valueName":"search_term_string"}}],"inLanguage":"pt-PT"},{"@type":"Person","@id":"https:\/\/portaltela.pt\/#\/schema\/person\/c4278d4a6028830caff9ee44b42d32ed","name":"Telinha","image":{"@type":"ImageObject","inLanguage":"pt-PT","@id":"https:\/\/portaltela.pt\/s.01k8rhncp4jt1\/2025\/11\/talking-bot-125x125.png","url":"https:\/\/portaltela.pt\/s.01k8rhncp4jt1\/2025\/11\/talking-bot-125x125.png","contentUrl":"https:\/\/portaltela.pt\/s.01k8rhncp4jt1\/2025\/11\/talking-bot-125x125.png","caption":"Telinha"},"sameAs":["https:\/\/portaltela.pt\/"],"url":"https:\/\/portaltela.pt\/por\/367410592786\/"}]}},"_links":{"self":[{"href":"https:\/\/portaltela.pt\/api\/wp\/v2\/posts\/404277","targetHints":{"allow":["GET"]}}],"collection":[{"href":"https:\/\/portaltela.pt\/api\/wp\/v2\/posts"}],"about":[{"href":"https:\/\/portaltela.pt\/api\/wp\/v2\/types\/post"}],"author":[{"embeddable":true,"href":"https:\/\/portaltela.pt\/api\/wp\/v2\/users\/2"}],"replies":[{"embeddable":true,"href":"https:\/\/portaltela.pt\/api\/wp\/v2\/comments?post=404277"}],"version-history":[{"count":0,"href":"https:\/\/portaltela.pt\/api\/wp\/v2\/posts\/404277\/revisions"}],"wp:featuredmedia":[{"embeddable":true,"href":"https:\/\/portaltela.pt\/api\/wp\/v2\/media\/404278"}],"wp:attachment":[{"href":"https:\/\/portaltela.pt\/api\/wp\/v2\/media?parent=404277"}],"wp:term":[{"taxonomy":"category","embeddable":true,"href":"https:\/\/portaltela.pt\/api\/wp\/v2\/categories?post=404277"},{"taxonomy":"post_tag","embeddable":true,"href":"https:\/\/portaltela.pt\/api\/wp\/v2\/tags?post=404277"}],"curies":[{"name":"wp","href":"https:\/\/api.w.org\/{rel}","templated":true}]}}