{"id":404273,"date":"2026-03-10T05:07:00","date_gmt":"2026-03-10T08:07:00","guid":{"rendered":"https:\/\/portaltela.pt\/noticias\/2026\/03\/10\/portas-e-convidado-nas-jornadas-parlamentares-do-psd\/"},"modified":"2026-03-10T05:07:00","modified_gmt":"2026-03-10T08:07:00","slug":"portas-e-convidado-nas-jornadas-parlamentares-do-psd","status":"publish","type":"post","link":"https:\/\/portaltela.pt\/noticias\/politica\/2026\/03\/10\/portas-e-convidado-nas-jornadas-parlamentares-do-psd\/","title":{"rendered":"Portas \u00e9 convidado nas jornadas parlamentares do PSD"},"content":{"rendered":"<p>O PSD realiza, a partir de hoje, jornadas parlamentares de dois dias em Caminha, no distrito de Viana do Castelo. Paulo Portas \u00e9 o orador convidado, num evento que inclui tr\u00eas ministros num painel sobre o PTRR. O encerramento fica a cargo de Lu\u00eds Montenegro na quarta-feira, ao almo\u00e7o.<\/p>\n<p>O programa deste primeiro dia come\u00e7a com visitas ao Porto de Mar de Vila Praia de \u00c2ncora e ao pared\u00e3o da praia de Moledo, antes da sess\u00e3o de abertura marcada para as 15h30. A interven\u00e7\u00e3o inicial fica a cargo do secret\u00e1rio-geral do PSD, Hugo Soares, e as jornadas prosseguem com o tema central de \u201cPortugal resili\u00eancia e ambi\u00e7\u00e3o\u201d.<\/p>\n<p>O primeiro painel, sobre \u201cAs crian\u00e7as e os ambientes digitais\u201d, sucede \u00e0 aprova\u00e7\u00e3o na generalidade de uma lei do PSD que regula o acesso \u00e0s redes sociais por menores de 16 anos. Ao jantar, Paulo Portas \u00e9 o orador convidado, numa noite que recolhe a aten\u00e7\u00e3o do partido.<\/p>\n<p>Paulo Portas liderou o CDS-PP entre 1998-2005 e 2007-2016, tendo sido ministro da Defesa nos governos PSD\/CDS-PP e, no final, vice-primeiro-ministro. O perfil do convidado \u00e9 apresentado em refer\u00eancia ao seu passado pol\u00edtico, sem ju\u00edzos de valor.<\/p>\n<p>As jornadas decorrem numa fase em que o atual l\u00edder do PSD, Lu\u00eds Montenegro, tem vindo a abordar a lideran\u00e7a interna. O partido tem feito cr\u00edticas e proposto caminhos diferentes ao Governo, com controv\u00e9rsia sobre elei\u00e7\u00f5es diretas.<\/p>\n<p>Na quarta-feira, o segundo dia traz um painel dedicado ao programa Portugal Transforma\u00e7\u00e3o Recupera\u00e7\u00e3o Resili\u00eancia (PTRR). O PSD convoca os ministros Manuel Castro Almeida, Miguel Pinto Luz e Maria da Gra\u00e7a Carvalho para debater o programa, ainda em discuss\u00e3o p\u00fablica.<\/p>\n<p>O encerramento fica a cargo de Lu\u00eds Montenegro, l\u00edder do PSD e atual primeiro-ministro. As jornadas, originalmente marcadas para 9-10 de fevereiro, foram adiadas devido \u00e0s condi\u00e7\u00f5es meteorol\u00f3gicas.<\/p>\n<p>O evento coincide com a tomada de posse do novo presidente da Rep\u00fablica, Ant\u00f3nio Jos\u00e9 Seguro, que discursou na Assembleia da Rep\u00fablica. O presidente do PSD afirmou que h\u00e1 consenso sobre estabilidade como meio de transforma\u00e7\u00e3o para a vida das pessoas.<\/p>\n","protected":false},"excerpt":{"rendered":"<ul>\n<li>O PSD inicia jornadas parlamentares de dois dias em Caminha, com Paulo Portas como orador convidado e a participa\u00e7\u00e3o de tr\u00eas ministros num painel sobre o PTRR.<\/li>\n<li>O encerramento fica a cargo do presidente do PSD e primeiro-ministro, Lu\u00eds Montenegro, na quarta-feira ao almo\u00e7o.<\/li>\n<li>O primeiro dia inclui visitas ao Porto de Mar de Vila Praia de \u00c2ncora e ao pared\u00e3o da praia de Moledo, antes da sess\u00e3o de abertura marcada para as 15h30, com a interven\u00e7\u00e3o de Hugo Soares.<\/li>\n<li>O primeiro painel, dedicado a \u201cAs crian\u00e7as e os ambientes digitais\u201d, surge depois da aprova\u00e7\u00e3o, em generalidade, de um diploma do PSD sobre o acesso \u00e0s redes sociais por menores de 16 anos; no jantar, Paulo Portas \u00e9 o orador convidado.<\/li>\n<li>No segundo dia, h\u00e1 um painel sobre o PTRR com os ministros Manuel Castro Almeida, Miguel Pinto Luz e Maria da Gra\u00e7a Carvalho, encerrando com Montenegro; as jornadas tinham sido adiadas devido ao mau tempo.<\/li>\n<\/ul>\n","protected":false},"author":2,"featured_media":404274,"comment_status":"closed","ping_status":"closed","sticky":false,"template":"","format":"standard","meta":{"footnotes":""},"categories":[1,5],"tags":[1525,3439,4655,2832,1014,3695],"class_list":["post-404273","post","type-post","status-publish","format-standard","has-post-thumbnail","hentry","category-noticias","category-politica","tag-caminha","tag-luis-montenegro","tag-paulo-portas","tag-politica","tag-portugal","tag-psd"],"yoast_head":"<!-- This site is optimized with the Yoast SEO plugin v27.2 - https:\/\/yoast.com\/product\/yoast-seo-wordpress\/ -->\n<title>Portas \u00e9 convidado nas jornadas parlamentares do PSD - Portal Tela Portugal<\/title>\n<meta name=\"robots\" content=\"index, follow, max-snippet:-1, max-image-preview:large, max-video-preview:-1\" \/>\n<meta property=\"og:locale\" content=\"pt_PT\" \/>\n<meta property=\"og:type\" content=\"article\" \/>\n<meta property=\"og:title\" content=\"Portas \u00e9 convidado nas jornadas parlamentares do PSD - Portal Tela Portugal\" \/>\n<meta property=\"og:description\" content=\"O PSD inicia jornadas parlamentares de dois dias em Caminha, com Paulo Portas como orador convidado e a participa\u00e7\u00e3o de tr\u00eas ministros num painel sobre o PTRR. O encerramento fica a cargo do presidente do PSD e primeiro-ministro, Lu\u00eds Montenegro, na quarta-feira ao almo\u00e7o. O primeiro dia inclui visitas ao Porto de Mar de Vila Praia de \u00c2ncora e ao pared\u00e3o da praia de Moledo, antes da sess\u00e3o de abertura marcada para as 15h30, com a interven\u00e7\u00e3o de Hugo Soares. O primeiro painel, dedicado a \u201cAs crian\u00e7as e os ambientes digitais\u201d, surge depois da aprova\u00e7\u00e3o, em generalidade, de um diploma do PSD sobre o acesso \u00e0s redes sociais por menores de 16 anos; no jantar, Paulo Portas \u00e9 o orador convidado. No segundo dia, h\u00e1 um painel sobre o PTRR com os ministros Manuel Castro Almeida, Miguel Pinto Luz e Maria da Gra\u00e7a Carvalho, encerrando com Montenegro; as jornadas tinham sido adiadas devido ao mau tempo.\" \/>\n<meta property=\"og:url\" content=\"https:\/\/portaltela.pt\/noticias\/2026\/03\/10\/portas-e-convidado-nas-jornadas-parlamentares-do-psd\/\" \/>\n<meta property=\"og:site_name\" content=\"Portal Tela Portugal\" \/>\n<meta property=\"article:published_time\" content=\"2026-03-10T08:07:00+00:00\" \/>\n<meta name=\"author\" content=\"Telinha\" \/>\n<meta name=\"twitter:card\" content=\"summary_large_image\" \/>\n<meta name=\"twitter:label1\" content=\"Escrito por\" \/>\n\t<meta name=\"twitter:data1\" content=\"Telinha\" \/>\n\t<meta name=\"twitter:label2\" content=\"Tempo estimado de leitura\" \/>\n\t<meta name=\"twitter:data2\" content=\"2 minutos\" \/>\n<script type=\"application\/ld+json\" class=\"yoast-schema-graph\">{\"@context\":\"https:\/\/schema.org\",\"@graph\":[{\"@type\":\"Article\",\"@id\":\"https:\/\/portaltela.pt\/noticias\/2026\/03\/10\/portas-e-convidado-nas-jornadas-parlamentares-do-psd\/#article\",\"isPartOf\":{\"@id\":\"https:\/\/portaltela.pt\/noticias\/2026\/03\/10\/portas-e-convidado-nas-jornadas-parlamentares-do-psd\/\"},\"author\":{\"name\":\"Telinha\",\"@id\":\"https:\/\/portaltela.pt\/#\/schema\/person\/c4278d4a6028830caff9ee44b42d32ed\"},\"headline\":\"Portas \u00e9 convidado nas jornadas parlamentares do PSD\",\"datePublished\":\"2026-03-10T08:07:00+00:00\",\"mainEntityOfPage\":{\"@id\":\"https:\/\/portaltela.pt\/noticias\/2026\/03\/10\/portas-e-convidado-nas-jornadas-parlamentares-do-psd\/\"},\"wordCount\":377,\"image\":{\"@id\":\"https:\/\/portaltela.pt\/noticias\/2026\/03\/10\/portas-e-convidado-nas-jornadas-parlamentares-do-psd\/#primaryimage\"},\"thumbnailUrl\":\"https:\/\/portaltela.pt\/s.01k8rhncp4jt1\/2026\/03\/image-610.jpg\",\"keywords\":[\"Caminha\",\"Lu\u00eds Montenegro\",\"Paulo Portas\",\"pol\u00edtica\",\"Portugal\",\"PSD\"],\"articleSection\":[\"Not\u00edcias\",\"Pol\u00edtica\"],\"inLanguage\":\"pt-PT\"},{\"@type\":\"WebPage\",\"@id\":\"https:\/\/portaltela.pt\/noticias\/2026\/03\/10\/portas-e-convidado-nas-jornadas-parlamentares-do-psd\/\",\"url\":\"https:\/\/portaltela.pt\/noticias\/2026\/03\/10\/portas-e-convidado-nas-jornadas-parlamentares-do-psd\/\",\"name\":\"Portas \u00e9 convidado nas jornadas parlamentares do PSD - Portal Tela Portugal\",\"isPartOf\":{\"@id\":\"https:\/\/portaltela.pt\/#website\"},\"primaryImageOfPage\":{\"@id\":\"https:\/\/portaltela.pt\/noticias\/2026\/03\/10\/portas-e-convidado-nas-jornadas-parlamentares-do-psd\/#primaryimage\"},\"image\":{\"@id\":\"https:\/\/portaltela.pt\/noticias\/2026\/03\/10\/portas-e-convidado-nas-jornadas-parlamentares-do-psd\/#primaryimage\"},\"thumbnailUrl\":\"https:\/\/portaltela.pt\/s.01k8rhncp4jt1\/2026\/03\/image-610.jpg\",\"datePublished\":\"2026-03-10T08:07:00+00:00\",\"author\":{\"@id\":\"https:\/\/portaltela.pt\/#\/schema\/person\/c4278d4a6028830caff9ee44b42d32ed\"},\"breadcrumb\":{\"@id\":\"https:\/\/portaltela.pt\/noticias\/2026\/03\/10\/portas-e-convidado-nas-jornadas-parlamentares-do-psd\/#breadcrumb\"},\"inLanguage\":\"pt-PT\",\"potentialAction\":[{\"@type\":\"ReadAction\",\"target\":[\"https:\/\/portaltela.pt\/noticias\/2026\/03\/10\/portas-e-convidado-nas-jornadas-parlamentares-do-psd\/\"]}]},{\"@type\":\"ImageObject\",\"inLanguage\":\"pt-PT\",\"@id\":\"https:\/\/portaltela.pt\/noticias\/2026\/03\/10\/portas-e-convidado-nas-jornadas-parlamentares-do-psd\/#primaryimage\",\"url\":\"https:\/\/portaltela.pt\/s.01k8rhncp4jt1\/2026\/03\/image-610.jpg\",\"contentUrl\":\"https:\/\/portaltela.pt\/s.01k8rhncp4jt1\/2026\/03\/image-610.jpg\",\"width\":796,\"height\":448,\"caption\":\"Paulo Portas\"},{\"@type\":\"BreadcrumbList\",\"@id\":\"https:\/\/portaltela.pt\/noticias\/2026\/03\/10\/portas-e-convidado-nas-jornadas-parlamentares-do-psd\/#breadcrumb\",\"itemListElement\":[{\"@type\":\"ListItem\",\"position\":1,\"name\":\"In\u00edcio\",\"item\":\"https:\/\/portaltela.pt\/\"},{\"@type\":\"ListItem\",\"position\":2,\"name\":\"Portas \u00e9 convidado nas jornadas parlamentares do PSD\"}]},{\"@type\":\"WebSite\",\"@id\":\"https:\/\/portaltela.pt\/#website\",\"url\":\"https:\/\/portaltela.pt\/\",\"name\":\"Portal Tela Portugal\",\"description\":\"\",\"potentialAction\":[{\"@type\":\"SearchAction\",\"target\":{\"@type\":\"EntryPoint\",\"urlTemplate\":\"https:\/\/portaltela.pt\/?s={search_term_string}\"},\"query-input\":{\"@type\":\"PropertyValueSpecification\",\"valueRequired\":true,\"valueName\":\"search_term_string\"}}],\"inLanguage\":\"pt-PT\"},{\"@type\":\"Person\",\"@id\":\"https:\/\/portaltela.pt\/#\/schema\/person\/c4278d4a6028830caff9ee44b42d32ed\",\"name\":\"Telinha\",\"image\":{\"@type\":\"ImageObject\",\"inLanguage\":\"pt-PT\",\"@id\":\"https:\/\/portaltela.pt\/s.01k8rhncp4jt1\/2025\/11\/talking-bot-125x125.png\",\"url\":\"https:\/\/portaltela.pt\/s.01k8rhncp4jt1\/2025\/11\/talking-bot-125x125.png\",\"contentUrl\":\"https:\/\/portaltela.pt\/s.01k8rhncp4jt1\/2025\/11\/talking-bot-125x125.png\",\"caption\":\"Telinha\"},\"sameAs\":[\"https:\/\/portaltela.pt\/\"],\"url\":\"https:\/\/portaltela.pt\/por\/367410592786\/\"}]}<\/script>\n<!-- \/ Yoast SEO plugin. -->","yoast_head_json":{"title":"Portas \u00e9 convidado nas jornadas parlamentares do PSD - Portal Tela Portugal","robots":{"index":"index","follow":"follow","max-snippet":"max-snippet:-1","max-image-preview":"max-image-preview:large","max-video-preview":"max-video-preview:-1"},"og_locale":"pt_PT","og_type":"article","og_title":"Portas \u00e9 convidado nas jornadas parlamentares do PSD - Portal Tela Portugal","og_description":"O PSD inicia jornadas parlamentares de dois dias em Caminha, com Paulo Portas como orador convidado e a participa\u00e7\u00e3o de tr\u00eas ministros num painel sobre o PTRR. O encerramento fica a cargo do presidente do PSD e primeiro-ministro, Lu\u00eds Montenegro, na quarta-feira ao almo\u00e7o. O primeiro dia inclui visitas ao Porto de Mar de Vila Praia de \u00c2ncora e ao pared\u00e3o da praia de Moledo, antes da sess\u00e3o de abertura marcada para as 15h30, com a interven\u00e7\u00e3o de Hugo Soares. O primeiro painel, dedicado a \u201cAs crian\u00e7as e os ambientes digitais\u201d, surge depois da aprova\u00e7\u00e3o, em generalidade, de um diploma do PSD sobre o acesso \u00e0s redes sociais por menores de 16 anos; no jantar, Paulo Portas \u00e9 o orador convidado. No segundo dia, h\u00e1 um painel sobre o PTRR com os ministros Manuel Castro Almeida, Miguel Pinto Luz e Maria da Gra\u00e7a Carvalho, encerrando com Montenegro; as jornadas tinham sido adiadas devido ao mau tempo.","og_url":"https:\/\/portaltela.pt\/noticias\/2026\/03\/10\/portas-e-convidado-nas-jornadas-parlamentares-do-psd\/","og_site_name":"Portal Tela Portugal","article_published_time":"2026-03-10T08:07:00+00:00","author":"Telinha","twitter_card":"summary_large_image","twitter_misc":{"Escrito por":"Telinha","Tempo estimado de leitura":"2 minutos"},"schema":{"@context":"https:\/\/schema.org","@graph":[{"@type":"Article","@id":"https:\/\/portaltela.pt\/noticias\/2026\/03\/10\/portas-e-convidado-nas-jornadas-parlamentares-do-psd\/#article","isPartOf":{"@id":"https:\/\/portaltela.pt\/noticias\/2026\/03\/10\/portas-e-convidado-nas-jornadas-parlamentares-do-psd\/"},"author":{"name":"Telinha","@id":"https:\/\/portaltela.pt\/#\/schema\/person\/c4278d4a6028830caff9ee44b42d32ed"},"headline":"Portas \u00e9 convidado nas jornadas parlamentares do PSD","datePublished":"2026-03-10T08:07:00+00:00","mainEntityOfPage":{"@id":"https:\/\/portaltela.pt\/noticias\/2026\/03\/10\/portas-e-convidado-nas-jornadas-parlamentares-do-psd\/"},"wordCount":377,"image":{"@id":"https:\/\/portaltela.pt\/noticias\/2026\/03\/10\/portas-e-convidado-nas-jornadas-parlamentares-do-psd\/#primaryimage"},"thumbnailUrl":"https:\/\/portaltela.pt\/s.01k8rhncp4jt1\/2026\/03\/image-610.jpg","keywords":["Caminha","Lu\u00eds Montenegro","Paulo Portas","pol\u00edtica","Portugal","PSD"],"articleSection":["Not\u00edcias","Pol\u00edtica"],"inLanguage":"pt-PT"},{"@type":"WebPage","@id":"https:\/\/portaltela.pt\/noticias\/2026\/03\/10\/portas-e-convidado-nas-jornadas-parlamentares-do-psd\/","url":"https:\/\/portaltela.pt\/noticias\/2026\/03\/10\/portas-e-convidado-nas-jornadas-parlamentares-do-psd\/","name":"Portas \u00e9 convidado nas jornadas parlamentares do PSD - Portal Tela Portugal","isPartOf":{"@id":"https:\/\/portaltela.pt\/#website"},"primaryImageOfPage":{"@id":"https:\/\/portaltela.pt\/noticias\/2026\/03\/10\/portas-e-convidado-nas-jornadas-parlamentares-do-psd\/#primaryimage"},"image":{"@id":"https:\/\/portaltela.pt\/noticias\/2026\/03\/10\/portas-e-convidado-nas-jornadas-parlamentares-do-psd\/#primaryimage"},"thumbnailUrl":"https:\/\/portaltela.pt\/s.01k8rhncp4jt1\/2026\/03\/image-610.jpg","datePublished":"2026-03-10T08:07:00+00:00","author":{"@id":"https:\/\/portaltela.pt\/#\/schema\/person\/c4278d4a6028830caff9ee44b42d32ed"},"breadcrumb":{"@id":"https:\/\/portaltela.pt\/noticias\/2026\/03\/10\/portas-e-convidado-nas-jornadas-parlamentares-do-psd\/#breadcrumb"},"inLanguage":"pt-PT","potentialAction":[{"@type":"ReadAction","target":["https:\/\/portaltela.pt\/noticias\/2026\/03\/10\/portas-e-convidado-nas-jornadas-parlamentares-do-psd\/"]}]},{"@type":"ImageObject","inLanguage":"pt-PT","@id":"https:\/\/portaltela.pt\/noticias\/2026\/03\/10\/portas-e-convidado-nas-jornadas-parlamentares-do-psd\/#primaryimage","url":"https:\/\/portaltela.pt\/s.01k8rhncp4jt1\/2026\/03\/image-610.jpg","contentUrl":"https:\/\/portaltela.pt\/s.01k8rhncp4jt1\/2026\/03\/image-610.jpg","width":796,"height":448,"caption":"Paulo Portas"},{"@type":"BreadcrumbList","@id":"https:\/\/portaltela.pt\/noticias\/2026\/03\/10\/portas-e-convidado-nas-jornadas-parlamentares-do-psd\/#breadcrumb","itemListElement":[{"@type":"ListItem","position":1,"name":"In\u00edcio","item":"https:\/\/portaltela.pt\/"},{"@type":"ListItem","position":2,"name":"Portas \u00e9 convidado nas jornadas parlamentares do PSD"}]},{"@type":"WebSite","@id":"https:\/\/portaltela.pt\/#website","url":"https:\/\/portaltela.pt\/","name":"Portal Tela Portugal","description":"","potentialAction":[{"@type":"SearchAction","target":{"@type":"EntryPoint","urlTemplate":"https:\/\/portaltela.pt\/?s={search_term_string}"},"query-input":{"@type":"PropertyValueSpecification","valueRequired":true,"valueName":"search_term_string"}}],"inLanguage":"pt-PT"},{"@type":"Person","@id":"https:\/\/portaltela.pt\/#\/schema\/person\/c4278d4a6028830caff9ee44b42d32ed","name":"Telinha","image":{"@type":"ImageObject","inLanguage":"pt-PT","@id":"https:\/\/portaltela.pt\/s.01k8rhncp4jt1\/2025\/11\/talking-bot-125x125.png","url":"https:\/\/portaltela.pt\/s.01k8rhncp4jt1\/2025\/11\/talking-bot-125x125.png","contentUrl":"https:\/\/portaltela.pt\/s.01k8rhncp4jt1\/2025\/11\/talking-bot-125x125.png","caption":"Telinha"},"sameAs":["https:\/\/portaltela.pt\/"],"url":"https:\/\/portaltela.pt\/por\/367410592786\/"}]}},"_links":{"self":[{"href":"https:\/\/portaltela.pt\/api\/wp\/v2\/posts\/404273","targetHints":{"allow":["GET"]}}],"collection":[{"href":"https:\/\/portaltela.pt\/api\/wp\/v2\/posts"}],"about":[{"href":"https:\/\/portaltela.pt\/api\/wp\/v2\/types\/post"}],"author":[{"embeddable":true,"href":"https:\/\/portaltela.pt\/api\/wp\/v2\/users\/2"}],"replies":[{"embeddable":true,"href":"https:\/\/portaltela.pt\/api\/wp\/v2\/comments?post=404273"}],"version-history":[{"count":0,"href":"https:\/\/portaltela.pt\/api\/wp\/v2\/posts\/404273\/revisions"}],"wp:featuredmedia":[{"embeddable":true,"href":"https:\/\/portaltela.pt\/api\/wp\/v2\/media\/404274"}],"wp:attachment":[{"href":"https:\/\/portaltela.pt\/api\/wp\/v2\/media?parent=404273"}],"wp:term":[{"taxonomy":"category","embeddable":true,"href":"https:\/\/portaltela.pt\/api\/wp\/v2\/categories?post=404273"},{"taxonomy":"post_tag","embeddable":true,"href":"https:\/\/portaltela.pt\/api\/wp\/v2\/tags?post=404273"}],"curies":[{"name":"wp","href":"https:\/\/api.w.org\/{rel}","templated":true}]}}