{"id":404255,"date":"2026-03-10T04:54:00","date_gmt":"2026-03-10T07:54:00","guid":{"rendered":"https:\/\/portaltela.pt\/noticias\/2026\/03\/10\/surto-de-sarampo-em-mocambique-ja-atinge-quase-700-casos-em-sete-meses\/"},"modified":"2026-03-10T04:54:00","modified_gmt":"2026-03-10T07:54:00","slug":"surto-de-sarampo-em-mocambique-ja-atinge-quase-700-casos-em-sete-meses","status":"publish","type":"post","link":"https:\/\/portaltela.pt\/saude\/2026\/03\/10\/surto-de-sarampo-em-mocambique-ja-atinge-quase-700-casos-em-sete-meses\/","title":{"rendered":"Surto de sarampo em Mo\u00e7ambique j\u00e1 atinge quase 700 casos em sete meses"},"content":{"rendered":"<p>Mo\u00e7ambique registou 18 novos casos de sarampo no in\u00edcio de mar\u00e7o, elevando o total do surto para 697 doentes e um \u00f3bito, num acompanhamento que j\u00e1 dura cerca de sete meses. A informa\u00e7\u00e3o foi confirmada por dados oficiais consultados pela Lusa.<\/p>\n<p>O aumento de casos ocorreu no mesmo per\u00edodo em que as autoridades de sa\u00fade atualizam o quadro epidemiol\u00f3gico do sarampo no pa\u00eds. O surto mant\u00e9m-se ativo em v\u00e1rias regi\u00f5es, com vigil\u00e2ncia refor\u00e7ada junto de servi\u00e7os de sa\u00fade.<\/p>\n<p>Entre os doentes, destaca-se a predomin\u00e2ncia de crian\u00e7as em idade pedi\u00e1trica, embora n\u00e3o haja confirma\u00e7\u00e3o de faixas et\u00e1rias espec\u00edficas neste relat\u00f3rio inicial. O objetivo das autoridades continua a localizar contactos e vacinar popula\u00e7\u00f5es em risco.<\/p>\n<h3>Situa\u00e7\u00e3o atual do surto<\/h3>\n<p>As informa\u00e7\u00f5es oficiais indicam que Mo\u00e7ambique permanece em alerta, com medidas de mitiga\u00e7\u00e3o em curso, incluindo campanhas de vacina\u00e7\u00e3o e campanhas de comunica\u00e7\u00e3o para reduzir a transmiss\u00e3o do v\u00edrus. A situa\u00e7\u00e3o \u00e9 monitorizada por entidades de sa\u00fade p\u00fablicas.<\/p>\n","protected":false},"excerpt":{"rendered":"<ul>\n<li>Mo\u00e7ambique registou 18 casos de sarampo no in\u00edcio de mar\u00e7o, elevando o total para 697 doentes.<\/li>\n<li>Houve uma morte associada ao surto.<\/li>\n<li>O surto j\u00e1 decorre h\u00e1 cerca de sete meses.<\/li>\n<li>Os dados s\u00e3o oficiais e foram consultados pela ag\u00eancia Lusa.<\/li>\n<\/ul>\n","protected":false},"author":2,"featured_media":404257,"comment_status":"closed","ping_status":"closed","sticky":false,"template":"","format":"standard","meta":{"footnotes":""},"categories":[1,6745],"tags":[61,4684,2833,1911,172,3949],"class_list":["post-404255","post","type-post","status-publish","format-standard","has-post-thumbnail","hentry","category-noticias","category-saude","tag-doencas","tag-epidemiologia","tag-infeccoes","tag-mocambique","tag-saude","tag-vacinacoes"],"yoast_head":"<!-- This site is optimized with the Yoast SEO plugin v27.2 - https:\/\/yoast.com\/product\/yoast-seo-wordpress\/ -->\n<title>Surto de sarampo em Mo\u00e7ambique j\u00e1 atinge quase 700 casos em sete meses - Portal Tela Portugal<\/title>\n<meta name=\"robots\" content=\"index, follow, max-snippet:-1, max-image-preview:large, max-video-preview:-1\" \/>\n<meta property=\"og:locale\" content=\"pt_PT\" \/>\n<meta property=\"og:type\" content=\"article\" \/>\n<meta property=\"og:title\" content=\"Surto de sarampo em Mo\u00e7ambique j\u00e1 atinge quase 700 casos em sete meses - Portal Tela Portugal\" \/>\n<meta property=\"og:description\" content=\"Mo\u00e7ambique registou 18 casos de sarampo no in\u00edcio de mar\u00e7o, elevando o total para 697 doentes. Houve uma morte associada ao surto. O surto j\u00e1 decorre h\u00e1 cerca de sete meses. Os dados s\u00e3o oficiais e foram consultados pela ag\u00eancia Lusa.\" \/>\n<meta property=\"og:url\" content=\"https:\/\/portaltela.pt\/noticias\/2026\/03\/10\/surto-de-sarampo-em-mocambique-ja-atinge-quase-700-casos-em-sete-meses\/\" \/>\n<meta property=\"og:site_name\" content=\"Portal Tela Portugal\" \/>\n<meta property=\"article:published_time\" content=\"2026-03-10T07:54:00+00:00\" \/>\n<meta name=\"author\" content=\"Telinha\" \/>\n<meta name=\"twitter:card\" content=\"summary_large_image\" \/>\n<meta name=\"twitter:label1\" content=\"Escrito por\" \/>\n\t<meta name=\"twitter:data1\" content=\"Telinha\" \/>\n\t<meta name=\"twitter:label2\" content=\"Tempo estimado de leitura\" \/>\n\t<meta name=\"twitter:data2\" content=\"1 minuto\" \/>\n<script type=\"application\/ld+json\" class=\"yoast-schema-graph\">{\"@context\":\"https:\/\/schema.org\",\"@graph\":[{\"@type\":\"Article\",\"@id\":\"https:\/\/portaltela.pt\/noticias\/2026\/03\/10\/surto-de-sarampo-em-mocambique-ja-atinge-quase-700-casos-em-sete-meses\/#article\",\"isPartOf\":{\"@id\":\"https:\/\/portaltela.pt\/noticias\/2026\/03\/10\/surto-de-sarampo-em-mocambique-ja-atinge-quase-700-casos-em-sete-meses\/\"},\"author\":{\"name\":\"Telinha\",\"@id\":\"https:\/\/portaltela.pt\/#\/schema\/person\/c4278d4a6028830caff9ee44b42d32ed\"},\"headline\":\"Surto de sarampo em Mo\u00e7ambique j\u00e1 atinge quase 700 casos em sete meses\",\"datePublished\":\"2026-03-10T07:54:00+00:00\",\"mainEntityOfPage\":{\"@id\":\"https:\/\/portaltela.pt\/noticias\/2026\/03\/10\/surto-de-sarampo-em-mocambique-ja-atinge-quase-700-casos-em-sete-meses\/\"},\"wordCount\":200,\"image\":{\"@id\":\"https:\/\/portaltela.pt\/noticias\/2026\/03\/10\/surto-de-sarampo-em-mocambique-ja-atinge-quase-700-casos-em-sete-meses\/#primaryimage\"},\"thumbnailUrl\":\"https:\/\/portaltela.pt\/s.01k8rhncp4jt1\/2026\/03\/CACHE_780X1200_ANALOG_WATERMARKED_44506353_593904319428791.jpg\",\"keywords\":[\"doen\u00e7as\",\"epidemiologia\",\"infec\u00e7\u00f5es\",\"Mo\u00e7ambique\",\"sa\u00fade\",\"vacina\u00e7\u00f5es\"],\"articleSection\":[\"Not\u00edcias\",\"Sa\u00fade\"],\"inLanguage\":\"pt-PT\"},{\"@type\":\"WebPage\",\"@id\":\"https:\/\/portaltela.pt\/noticias\/2026\/03\/10\/surto-de-sarampo-em-mocambique-ja-atinge-quase-700-casos-em-sete-meses\/\",\"url\":\"https:\/\/portaltela.pt\/noticias\/2026\/03\/10\/surto-de-sarampo-em-mocambique-ja-atinge-quase-700-casos-em-sete-meses\/\",\"name\":\"Surto de sarampo em Mo\u00e7ambique j\u00e1 atinge quase 700 casos em sete meses - Portal Tela Portugal\",\"isPartOf\":{\"@id\":\"https:\/\/portaltela.pt\/#website\"},\"primaryImageOfPage\":{\"@id\":\"https:\/\/portaltela.pt\/noticias\/2026\/03\/10\/surto-de-sarampo-em-mocambique-ja-atinge-quase-700-casos-em-sete-meses\/#primaryimage\"},\"image\":{\"@id\":\"https:\/\/portaltela.pt\/noticias\/2026\/03\/10\/surto-de-sarampo-em-mocambique-ja-atinge-quase-700-casos-em-sete-meses\/#primaryimage\"},\"thumbnailUrl\":\"https:\/\/portaltela.pt\/s.01k8rhncp4jt1\/2026\/03\/CACHE_780X1200_ANALOG_WATERMARKED_44506353_593904319428791.jpg\",\"datePublished\":\"2026-03-10T07:54:00+00:00\",\"author\":{\"@id\":\"https:\/\/portaltela.pt\/#\/schema\/person\/c4278d4a6028830caff9ee44b42d32ed\"},\"breadcrumb\":{\"@id\":\"https:\/\/portaltela.pt\/noticias\/2026\/03\/10\/surto-de-sarampo-em-mocambique-ja-atinge-quase-700-casos-em-sete-meses\/#breadcrumb\"},\"inLanguage\":\"pt-PT\",\"potentialAction\":[{\"@type\":\"ReadAction\",\"target\":[\"https:\/\/portaltela.pt\/noticias\/2026\/03\/10\/surto-de-sarampo-em-mocambique-ja-atinge-quase-700-casos-em-sete-meses\/\"]}]},{\"@type\":\"ImageObject\",\"inLanguage\":\"pt-PT\",\"@id\":\"https:\/\/portaltela.pt\/noticias\/2026\/03\/10\/surto-de-sarampo-em-mocambique-ja-atinge-quase-700-casos-em-sete-meses\/#primaryimage\",\"url\":\"https:\/\/portaltela.pt\/s.01k8rhncp4jt1\/2026\/03\/CACHE_780X1200_ANALOG_WATERMARKED_44506353_593904319428791.jpg\",\"contentUrl\":\"https:\/\/portaltela.pt\/s.01k8rhncp4jt1\/2026\/03\/CACHE_780X1200_ANALOG_WATERMARKED_44506353_593904319428791.jpg\",\"width\":796,\"height\":448,\"caption\":\"Surto de sarampo em Mo\u00e7ambique com quase 700 casos em sete meses\"},{\"@type\":\"BreadcrumbList\",\"@id\":\"https:\/\/portaltela.pt\/noticias\/2026\/03\/10\/surto-de-sarampo-em-mocambique-ja-atinge-quase-700-casos-em-sete-meses\/#breadcrumb\",\"itemListElement\":[{\"@type\":\"ListItem\",\"position\":1,\"name\":\"In\u00edcio\",\"item\":\"https:\/\/portaltela.pt\/\"},{\"@type\":\"ListItem\",\"position\":2,\"name\":\"Surto de sarampo em Mo\u00e7ambique j\u00e1 atinge quase 700 casos em sete meses\"}]},{\"@type\":\"WebSite\",\"@id\":\"https:\/\/portaltela.pt\/#website\",\"url\":\"https:\/\/portaltela.pt\/\",\"name\":\"Portal Tela Portugal\",\"description\":\"\",\"potentialAction\":[{\"@type\":\"SearchAction\",\"target\":{\"@type\":\"EntryPoint\",\"urlTemplate\":\"https:\/\/portaltela.pt\/?s={search_term_string}\"},\"query-input\":{\"@type\":\"PropertyValueSpecification\",\"valueRequired\":true,\"valueName\":\"search_term_string\"}}],\"inLanguage\":\"pt-PT\"},{\"@type\":\"Person\",\"@id\":\"https:\/\/portaltela.pt\/#\/schema\/person\/c4278d4a6028830caff9ee44b42d32ed\",\"name\":\"Telinha\",\"image\":{\"@type\":\"ImageObject\",\"inLanguage\":\"pt-PT\",\"@id\":\"https:\/\/portaltela.pt\/s.01k8rhncp4jt1\/2025\/11\/talking-bot-125x125.png\",\"url\":\"https:\/\/portaltela.pt\/s.01k8rhncp4jt1\/2025\/11\/talking-bot-125x125.png\",\"contentUrl\":\"https:\/\/portaltela.pt\/s.01k8rhncp4jt1\/2025\/11\/talking-bot-125x125.png\",\"caption\":\"Telinha\"},\"sameAs\":[\"https:\/\/portaltela.pt\/\"],\"url\":\"https:\/\/portaltela.pt\/por\/367410592786\/\"}]}<\/script>\n<!-- \/ Yoast SEO plugin. -->","yoast_head_json":{"title":"Surto de sarampo em Mo\u00e7ambique j\u00e1 atinge quase 700 casos em sete meses - Portal Tela Portugal","robots":{"index":"index","follow":"follow","max-snippet":"max-snippet:-1","max-image-preview":"max-image-preview:large","max-video-preview":"max-video-preview:-1"},"og_locale":"pt_PT","og_type":"article","og_title":"Surto de sarampo em Mo\u00e7ambique j\u00e1 atinge quase 700 casos em sete meses - Portal Tela Portugal","og_description":"Mo\u00e7ambique registou 18 casos de sarampo no in\u00edcio de mar\u00e7o, elevando o total para 697 doentes. Houve uma morte associada ao surto. O surto j\u00e1 decorre h\u00e1 cerca de sete meses. Os dados s\u00e3o oficiais e foram consultados pela ag\u00eancia Lusa.","og_url":"https:\/\/portaltela.pt\/noticias\/2026\/03\/10\/surto-de-sarampo-em-mocambique-ja-atinge-quase-700-casos-em-sete-meses\/","og_site_name":"Portal Tela Portugal","article_published_time":"2026-03-10T07:54:00+00:00","author":"Telinha","twitter_card":"summary_large_image","twitter_misc":{"Escrito por":"Telinha","Tempo estimado de leitura":"1 minuto"},"schema":{"@context":"https:\/\/schema.org","@graph":[{"@type":"Article","@id":"https:\/\/portaltela.pt\/noticias\/2026\/03\/10\/surto-de-sarampo-em-mocambique-ja-atinge-quase-700-casos-em-sete-meses\/#article","isPartOf":{"@id":"https:\/\/portaltela.pt\/noticias\/2026\/03\/10\/surto-de-sarampo-em-mocambique-ja-atinge-quase-700-casos-em-sete-meses\/"},"author":{"name":"Telinha","@id":"https:\/\/portaltela.pt\/#\/schema\/person\/c4278d4a6028830caff9ee44b42d32ed"},"headline":"Surto de sarampo em Mo\u00e7ambique j\u00e1 atinge quase 700 casos em sete meses","datePublished":"2026-03-10T07:54:00+00:00","mainEntityOfPage":{"@id":"https:\/\/portaltela.pt\/noticias\/2026\/03\/10\/surto-de-sarampo-em-mocambique-ja-atinge-quase-700-casos-em-sete-meses\/"},"wordCount":200,"image":{"@id":"https:\/\/portaltela.pt\/noticias\/2026\/03\/10\/surto-de-sarampo-em-mocambique-ja-atinge-quase-700-casos-em-sete-meses\/#primaryimage"},"thumbnailUrl":"https:\/\/portaltela.pt\/s.01k8rhncp4jt1\/2026\/03\/CACHE_780X1200_ANALOG_WATERMARKED_44506353_593904319428791.jpg","keywords":["doen\u00e7as","epidemiologia","infec\u00e7\u00f5es","Mo\u00e7ambique","sa\u00fade","vacina\u00e7\u00f5es"],"articleSection":["Not\u00edcias","Sa\u00fade"],"inLanguage":"pt-PT"},{"@type":"WebPage","@id":"https:\/\/portaltela.pt\/noticias\/2026\/03\/10\/surto-de-sarampo-em-mocambique-ja-atinge-quase-700-casos-em-sete-meses\/","url":"https:\/\/portaltela.pt\/noticias\/2026\/03\/10\/surto-de-sarampo-em-mocambique-ja-atinge-quase-700-casos-em-sete-meses\/","name":"Surto de sarampo em Mo\u00e7ambique j\u00e1 atinge quase 700 casos em sete meses - Portal Tela Portugal","isPartOf":{"@id":"https:\/\/portaltela.pt\/#website"},"primaryImageOfPage":{"@id":"https:\/\/portaltela.pt\/noticias\/2026\/03\/10\/surto-de-sarampo-em-mocambique-ja-atinge-quase-700-casos-em-sete-meses\/#primaryimage"},"image":{"@id":"https:\/\/portaltela.pt\/noticias\/2026\/03\/10\/surto-de-sarampo-em-mocambique-ja-atinge-quase-700-casos-em-sete-meses\/#primaryimage"},"thumbnailUrl":"https:\/\/portaltela.pt\/s.01k8rhncp4jt1\/2026\/03\/CACHE_780X1200_ANALOG_WATERMARKED_44506353_593904319428791.jpg","datePublished":"2026-03-10T07:54:00+00:00","author":{"@id":"https:\/\/portaltela.pt\/#\/schema\/person\/c4278d4a6028830caff9ee44b42d32ed"},"breadcrumb":{"@id":"https:\/\/portaltela.pt\/noticias\/2026\/03\/10\/surto-de-sarampo-em-mocambique-ja-atinge-quase-700-casos-em-sete-meses\/#breadcrumb"},"inLanguage":"pt-PT","potentialAction":[{"@type":"ReadAction","target":["https:\/\/portaltela.pt\/noticias\/2026\/03\/10\/surto-de-sarampo-em-mocambique-ja-atinge-quase-700-casos-em-sete-meses\/"]}]},{"@type":"ImageObject","inLanguage":"pt-PT","@id":"https:\/\/portaltela.pt\/noticias\/2026\/03\/10\/surto-de-sarampo-em-mocambique-ja-atinge-quase-700-casos-em-sete-meses\/#primaryimage","url":"https:\/\/portaltela.pt\/s.01k8rhncp4jt1\/2026\/03\/CACHE_780X1200_ANALOG_WATERMARKED_44506353_593904319428791.jpg","contentUrl":"https:\/\/portaltela.pt\/s.01k8rhncp4jt1\/2026\/03\/CACHE_780X1200_ANALOG_WATERMARKED_44506353_593904319428791.jpg","width":796,"height":448,"caption":"Surto de sarampo em Mo\u00e7ambique com quase 700 casos em sete meses"},{"@type":"BreadcrumbList","@id":"https:\/\/portaltela.pt\/noticias\/2026\/03\/10\/surto-de-sarampo-em-mocambique-ja-atinge-quase-700-casos-em-sete-meses\/#breadcrumb","itemListElement":[{"@type":"ListItem","position":1,"name":"In\u00edcio","item":"https:\/\/portaltela.pt\/"},{"@type":"ListItem","position":2,"name":"Surto de sarampo em Mo\u00e7ambique j\u00e1 atinge quase 700 casos em sete meses"}]},{"@type":"WebSite","@id":"https:\/\/portaltela.pt\/#website","url":"https:\/\/portaltela.pt\/","name":"Portal Tela Portugal","description":"","potentialAction":[{"@type":"SearchAction","target":{"@type":"EntryPoint","urlTemplate":"https:\/\/portaltela.pt\/?s={search_term_string}"},"query-input":{"@type":"PropertyValueSpecification","valueRequired":true,"valueName":"search_term_string"}}],"inLanguage":"pt-PT"},{"@type":"Person","@id":"https:\/\/portaltela.pt\/#\/schema\/person\/c4278d4a6028830caff9ee44b42d32ed","name":"Telinha","image":{"@type":"ImageObject","inLanguage":"pt-PT","@id":"https:\/\/portaltela.pt\/s.01k8rhncp4jt1\/2025\/11\/talking-bot-125x125.png","url":"https:\/\/portaltela.pt\/s.01k8rhncp4jt1\/2025\/11\/talking-bot-125x125.png","contentUrl":"https:\/\/portaltela.pt\/s.01k8rhncp4jt1\/2025\/11\/talking-bot-125x125.png","caption":"Telinha"},"sameAs":["https:\/\/portaltela.pt\/"],"url":"https:\/\/portaltela.pt\/por\/367410592786\/"}]}},"_links":{"self":[{"href":"https:\/\/portaltela.pt\/api\/wp\/v2\/posts\/404255","targetHints":{"allow":["GET"]}}],"collection":[{"href":"https:\/\/portaltela.pt\/api\/wp\/v2\/posts"}],"about":[{"href":"https:\/\/portaltela.pt\/api\/wp\/v2\/types\/post"}],"author":[{"embeddable":true,"href":"https:\/\/portaltela.pt\/api\/wp\/v2\/users\/2"}],"replies":[{"embeddable":true,"href":"https:\/\/portaltela.pt\/api\/wp\/v2\/comments?post=404255"}],"version-history":[{"count":0,"href":"https:\/\/portaltela.pt\/api\/wp\/v2\/posts\/404255\/revisions"}],"wp:featuredmedia":[{"embeddable":true,"href":"https:\/\/portaltela.pt\/api\/wp\/v2\/media\/404257"}],"wp:attachment":[{"href":"https:\/\/portaltela.pt\/api\/wp\/v2\/media?parent=404255"}],"wp:term":[{"taxonomy":"category","embeddable":true,"href":"https:\/\/portaltela.pt\/api\/wp\/v2\/categories?post=404255"},{"taxonomy":"post_tag","embeddable":true,"href":"https:\/\/portaltela.pt\/api\/wp\/v2\/tags?post=404255"}],"curies":[{"name":"wp","href":"https:\/\/api.w.org\/{rel}","templated":true}]}}