{"id":404244,"date":"2026-03-10T04:30:30","date_gmt":"2026-03-10T07:30:30","guid":{"rendered":"https:\/\/portaltela.pt\/noticias\/2026\/03\/10\/profissionais-de-cuidados-paliativos-denunciam-falta-de-rumo-e-desamparo\/"},"modified":"2026-03-10T04:30:30","modified_gmt":"2026-03-10T07:30:30","slug":"profissionais-de-cuidados-paliativos-denunciam-falta-de-rumo-e-desamparo","status":"publish","type":"post","link":"https:\/\/portaltela.pt\/saude\/2026\/03\/10\/profissionais-de-cuidados-paliativos-denunciam-falta-de-rumo-e-desamparo\/","title":{"rendered":"Profissionais de cuidados paliativos denunciam falta de rumo e desamparo"},"content":{"rendered":"<p>Numa carta enviada \u00e0 ministra da Sa\u00fade, ao primeiro-ministro e ao diretor executivo do SNS, profissionais de cuidados paliativos denunciam falta de rumo na gest\u00e3o, car\u00eancia de recursos humanos e apelam a investimento. A iniciativa re\u00fane equipas comunit\u00e1rias e intra-hospitalares e a APCP. O objetivo \u00e9 obter apoio central e coordena\u00e7\u00e3o nacional.<\/p>\n<p>As declara\u00e7\u00f5es \u00e0 Lusa destacam que, desde o in\u00edcio de 2025, n\u00e3o h\u00e1 uma coordena\u00e7\u00e3o que assegure um funcionamento uniforme em todo o territ\u00f3rio. Sem esse suporte, as equipas sentem-se esquecidas e sem voz junto da tutela, o que dificulta a implementa\u00e7\u00e3o de melhorias consistentes.<\/p>\n<p>Catarina Pazes, presidente da APCP, fala em desorganiza\u00e7\u00e3o e em necessidade de uma comiss\u00e3o que avalie, suporte e mobilize recursos para uma resposta de qualidade. O relat\u00f3rio da ERS indica que mais de metade dos utentes morre \u00e0 espera de vagas, evidenciando sofrimento n\u00e3o atendido e maior uso de urg\u00eancias.<\/p>\n<p>O grupo aponta que, sem comiss\u00e3o nacional, a \u00e1rea n\u00e3o \u00e9 refletida como prioridade na pr\u00e1tica di\u00e1ria. Segundo Pazes, a prioridade varia entre servi\u00e7os, e muitos profissionais mudam de \u00e1rea para condi\u00e7\u00f5es melhores, agravando a car\u00eancia de m\u00e9dicos e enfermeiros.<\/p>\n<p>A carta, j\u00e1 com mais de 150 signat\u00e1rios, defende uma estrat\u00e9gia nacional atualizada que reflita as necessidades das equipas e servi\u00e7os. Al\u00e9m de exigir a nomea\u00e7\u00e3o da Comiss\u00e3o Nacional de Cuidados Paliativos, pedem que o Governo priorize o desenvolvimento destes cuidados nas ULS e nos institutos de oncologia, com refor\u00e7o de recursos humanos.<\/p>\n<p>Segundo a coordenadora da ECSCP de Cascais, a falta de condi\u00e7\u00f5es leva \u00e0 mobiliza\u00e7\u00e3o de profissionais para outras unidades do SNS. Quem fica fica sobrecarregado, o que favorece a sa\u00edda de pessoal quando surgem melhores condi\u00e7\u00f5es.<\/p>\n<p>O estudo de 2024 da ERS sobre acesso aos cuidados paliativos no SNS mostra que 53% dos utentes referenciados para a UCP morreram \u00e0 espera de vagas, acima de 2023. O relat\u00f3rio tamb\u00e9m sinaliza assimetrias territoriais e a import\u00e2ncia crescente dos cuidados paliativos.<\/p>\n<p>Este caso ressalta a press\u00e3o sobre unidades de cuidados paliativos e a necessidade de uma resposta integrada para enfrentar a demanda crescente e reduzir o sofrimento desassistido. Fontes confirmam que o Governo acompanha o tema, mas ainda n\u00e3o h\u00e1 nomea\u00e7\u00e3o da Comiss\u00e3o Nacional. Servicio Nacional de Salud continua sem defini\u00e7\u00e3o sobre coordena\u00e7\u00e3o central.<\/p>\n","protected":false},"excerpt":{"rendered":"<ul>\n<li>Profissionais dos cuidados paliativos enviaram uma carta \u00e0 ministra da Sa\u00fade e ao SNS a pedir nomea\u00e7\u00e3o urgente de uma Comiss\u00e3o Nacional de Cuidados Paliativos e a alertar para car\u00eancia extrema de recursos humanos.<\/li>\n<li>A carta, assinada por mais de 150 profissionais, exige uma estrat\u00e9gia nacional atualizada e mais investimento para garantir condi\u00e7\u00f5es equivalentes em todo o territ\u00f3rio.<\/li>\n<li>A coordenadora da Equipa Comunit\u00e1ria de Suporte em Cuidados Paliativos (ECSCP) de Cascais afirmou que, desde o in\u00edcio de 2025, h\u00e1 falta de coordena\u00e7\u00e3o nacional, levando a um sentimento de esquecimento por parte das autoridades.<\/li>\n<li>A presidente da Associa\u00e7\u00e3o Portuguesa de Cuidados Paliativos (APCP) criticou a gest\u00e3o do sector e destacou que mais da metade dos utentes referenciados para unidades de cuidados paliativos morre \u00e0 espera de vaga, segundo estudo da Entidade Reguladora da Sa\u00fade (ERS) de 2024.<\/li>\n<li>O relat\u00f3rio da ERS tamb\u00e9m aponta assimetrias territoriais e sublinha a necessidade de evitar desperd\u00edcio de recursos, refor\u00e7ar recursos humanos e priorizar cuidados paliativos nas Unidades Locais de Sa\u00fade e nos institutos portugueses de oncologia.<\/li>\n<\/ul>\n","protected":false},"author":2,"featured_media":404246,"comment_status":"closed","ping_status":"closed","sticky":false,"template":"","format":"standard","meta":{"footnotes":""},"categories":[1,6745],"tags":[3035,2415,3691,1014,5577,172],"class_list":["post-404244","post","type-post","status-publish","format-standard","has-post-thumbnail","hentry","category-noticias","category-saude","tag-comunidade","tag-gestao","tag-paliativos","tag-portugal","tag-recursos","tag-saude"],"yoast_head":"<!-- This site is optimized with the Yoast SEO plugin v27.2 - https:\/\/yoast.com\/product\/yoast-seo-wordpress\/ -->\n<title>Profissionais de cuidados paliativos denunciam falta de rumo e desamparo - Portal Tela Portugal<\/title>\n<meta name=\"robots\" content=\"index, follow, max-snippet:-1, max-image-preview:large, max-video-preview:-1\" \/>\n<meta property=\"og:locale\" content=\"pt_PT\" \/>\n<meta property=\"og:type\" content=\"article\" \/>\n<meta property=\"og:title\" content=\"Profissionais de cuidados paliativos denunciam falta de rumo e desamparo - Portal Tela Portugal\" \/>\n<meta property=\"og:description\" content=\"Profissionais dos cuidados paliativos enviaram uma carta \u00e0 ministra da Sa\u00fade e ao SNS a pedir nomea\u00e7\u00e3o urgente de uma Comiss\u00e3o Nacional de Cuidados Paliativos e a alertar para car\u00eancia extrema de recursos humanos. A carta, assinada por mais de 150 profissionais, exige uma estrat\u00e9gia nacional atualizada e mais investimento para garantir condi\u00e7\u00f5es equivalentes em todo o territ\u00f3rio. A coordenadora da Equipa Comunit\u00e1ria de Suporte em Cuidados Paliativos (ECSCP) de Cascais afirmou que, desde o in\u00edcio de 2025, h\u00e1 falta de coordena\u00e7\u00e3o nacional, levando a um sentimento de esquecimento por parte das autoridades. A presidente da Associa\u00e7\u00e3o Portuguesa de Cuidados Paliativos (APCP) criticou a gest\u00e3o do sector e destacou que mais da metade dos utentes referenciados para unidades de cuidados paliativos morre \u00e0 espera de vaga, segundo estudo da Entidade Reguladora da Sa\u00fade (ERS) de 2024. O relat\u00f3rio da ERS tamb\u00e9m aponta assimetrias territoriais e sublinha a necessidade de evitar desperd\u00edcio de recursos, refor\u00e7ar recursos humanos e priorizar cuidados paliativos nas Unidades Locais de Sa\u00fade e nos institutos portugueses de oncologia.\" \/>\n<meta property=\"og:url\" content=\"https:\/\/portaltela.pt\/noticias\/2026\/03\/10\/profissionais-de-cuidados-paliativos-denunciam-falta-de-rumo-e-desamparo\/\" \/>\n<meta property=\"og:site_name\" content=\"Portal Tela Portugal\" \/>\n<meta property=\"article:published_time\" content=\"2026-03-10T07:30:30+00:00\" \/>\n<meta name=\"author\" content=\"Telinha\" \/>\n<meta name=\"twitter:card\" content=\"summary_large_image\" \/>\n<meta name=\"twitter:label1\" content=\"Escrito por\" \/>\n\t<meta name=\"twitter:data1\" content=\"Telinha\" \/>\n\t<meta name=\"twitter:label2\" content=\"Tempo estimado de leitura\" \/>\n\t<meta name=\"twitter:data2\" content=\"2 minutos\" \/>\n<script type=\"application\/ld+json\" class=\"yoast-schema-graph\">{\"@context\":\"https:\/\/schema.org\",\"@graph\":[{\"@type\":\"Article\",\"@id\":\"https:\/\/portaltela.pt\/noticias\/2026\/03\/10\/profissionais-de-cuidados-paliativos-denunciam-falta-de-rumo-e-desamparo\/#article\",\"isPartOf\":{\"@id\":\"https:\/\/portaltela.pt\/noticias\/2026\/03\/10\/profissionais-de-cuidados-paliativos-denunciam-falta-de-rumo-e-desamparo\/\"},\"author\":{\"name\":\"Telinha\",\"@id\":\"https:\/\/portaltela.pt\/#\/schema\/person\/c4278d4a6028830caff9ee44b42d32ed\"},\"headline\":\"Profissionais de cuidados paliativos denunciam falta de rumo e desamparo\",\"datePublished\":\"2026-03-10T07:30:30+00:00\",\"mainEntityOfPage\":{\"@id\":\"https:\/\/portaltela.pt\/noticias\/2026\/03\/10\/profissionais-de-cuidados-paliativos-denunciam-falta-de-rumo-e-desamparo\/\"},\"wordCount\":415,\"image\":{\"@id\":\"https:\/\/portaltela.pt\/noticias\/2026\/03\/10\/profissionais-de-cuidados-paliativos-denunciam-falta-de-rumo-e-desamparo\/#primaryimage\"},\"thumbnailUrl\":\"https:\/\/portaltela.pt\/s.01k8rhncp4jt1\/2026\/03\/img_1500x1000uu2024-08-14-23-20-24-1725720-im-639077363237285937.jpg\",\"keywords\":[\"comunidade\",\"gest\u00e3o\",\"paliativos\",\"Portugal\",\"recursos\",\"sa\u00fade\"],\"articleSection\":[\"Not\u00edcias\",\"Sa\u00fade\"],\"inLanguage\":\"pt-PT\"},{\"@type\":\"WebPage\",\"@id\":\"https:\/\/portaltela.pt\/noticias\/2026\/03\/10\/profissionais-de-cuidados-paliativos-denunciam-falta-de-rumo-e-desamparo\/\",\"url\":\"https:\/\/portaltela.pt\/noticias\/2026\/03\/10\/profissionais-de-cuidados-paliativos-denunciam-falta-de-rumo-e-desamparo\/\",\"name\":\"Profissionais de cuidados paliativos denunciam falta de rumo e desamparo - Portal Tela Portugal\",\"isPartOf\":{\"@id\":\"https:\/\/portaltela.pt\/#website\"},\"primaryImageOfPage\":{\"@id\":\"https:\/\/portaltela.pt\/noticias\/2026\/03\/10\/profissionais-de-cuidados-paliativos-denunciam-falta-de-rumo-e-desamparo\/#primaryimage\"},\"image\":{\"@id\":\"https:\/\/portaltela.pt\/noticias\/2026\/03\/10\/profissionais-de-cuidados-paliativos-denunciam-falta-de-rumo-e-desamparo\/#primaryimage\"},\"thumbnailUrl\":\"https:\/\/portaltela.pt\/s.01k8rhncp4jt1\/2026\/03\/img_1500x1000uu2024-08-14-23-20-24-1725720-im-639077363237285937.jpg\",\"datePublished\":\"2026-03-10T07:30:30+00:00\",\"author\":{\"@id\":\"https:\/\/portaltela.pt\/#\/schema\/person\/c4278d4a6028830caff9ee44b42d32ed\"},\"breadcrumb\":{\"@id\":\"https:\/\/portaltela.pt\/noticias\/2026\/03\/10\/profissionais-de-cuidados-paliativos-denunciam-falta-de-rumo-e-desamparo\/#breadcrumb\"},\"inLanguage\":\"pt-PT\",\"potentialAction\":[{\"@type\":\"ReadAction\",\"target\":[\"https:\/\/portaltela.pt\/noticias\/2026\/03\/10\/profissionais-de-cuidados-paliativos-denunciam-falta-de-rumo-e-desamparo\/\"]}]},{\"@type\":\"ImageObject\",\"inLanguage\":\"pt-PT\",\"@id\":\"https:\/\/portaltela.pt\/noticias\/2026\/03\/10\/profissionais-de-cuidados-paliativos-denunciam-falta-de-rumo-e-desamparo\/#primaryimage\",\"url\":\"https:\/\/portaltela.pt\/s.01k8rhncp4jt1\/2026\/03\/img_1500x1000uu2024-08-14-23-20-24-1725720-im-639077363237285937.jpg\",\"contentUrl\":\"https:\/\/portaltela.pt\/s.01k8rhncp4jt1\/2026\/03\/img_1500x1000uu2024-08-14-23-20-24-1725720-im-639077363237285937.jpg\",\"width\":796,\"height\":448,\"caption\":\"Cuidados paliativos\"},{\"@type\":\"BreadcrumbList\",\"@id\":\"https:\/\/portaltela.pt\/noticias\/2026\/03\/10\/profissionais-de-cuidados-paliativos-denunciam-falta-de-rumo-e-desamparo\/#breadcrumb\",\"itemListElement\":[{\"@type\":\"ListItem\",\"position\":1,\"name\":\"In\u00edcio\",\"item\":\"https:\/\/portaltela.pt\/\"},{\"@type\":\"ListItem\",\"position\":2,\"name\":\"Profissionais de cuidados paliativos denunciam falta de rumo e desamparo\"}]},{\"@type\":\"WebSite\",\"@id\":\"https:\/\/portaltela.pt\/#website\",\"url\":\"https:\/\/portaltela.pt\/\",\"name\":\"Portal Tela Portugal\",\"description\":\"\",\"potentialAction\":[{\"@type\":\"SearchAction\",\"target\":{\"@type\":\"EntryPoint\",\"urlTemplate\":\"https:\/\/portaltela.pt\/?s={search_term_string}\"},\"query-input\":{\"@type\":\"PropertyValueSpecification\",\"valueRequired\":true,\"valueName\":\"search_term_string\"}}],\"inLanguage\":\"pt-PT\"},{\"@type\":\"Person\",\"@id\":\"https:\/\/portaltela.pt\/#\/schema\/person\/c4278d4a6028830caff9ee44b42d32ed\",\"name\":\"Telinha\",\"image\":{\"@type\":\"ImageObject\",\"inLanguage\":\"pt-PT\",\"@id\":\"https:\/\/portaltela.pt\/s.01k8rhncp4jt1\/2025\/11\/talking-bot-125x125.png\",\"url\":\"https:\/\/portaltela.pt\/s.01k8rhncp4jt1\/2025\/11\/talking-bot-125x125.png\",\"contentUrl\":\"https:\/\/portaltela.pt\/s.01k8rhncp4jt1\/2025\/11\/talking-bot-125x125.png\",\"caption\":\"Telinha\"},\"sameAs\":[\"https:\/\/portaltela.pt\/\"],\"url\":\"https:\/\/portaltela.pt\/por\/367410592786\/\"}]}<\/script>\n<!-- \/ Yoast SEO plugin. -->","yoast_head_json":{"title":"Profissionais de cuidados paliativos denunciam falta de rumo e desamparo - Portal Tela Portugal","robots":{"index":"index","follow":"follow","max-snippet":"max-snippet:-1","max-image-preview":"max-image-preview:large","max-video-preview":"max-video-preview:-1"},"og_locale":"pt_PT","og_type":"article","og_title":"Profissionais de cuidados paliativos denunciam falta de rumo e desamparo - Portal Tela Portugal","og_description":"Profissionais dos cuidados paliativos enviaram uma carta \u00e0 ministra da Sa\u00fade e ao SNS a pedir nomea\u00e7\u00e3o urgente de uma Comiss\u00e3o Nacional de Cuidados Paliativos e a alertar para car\u00eancia extrema de recursos humanos. A carta, assinada por mais de 150 profissionais, exige uma estrat\u00e9gia nacional atualizada e mais investimento para garantir condi\u00e7\u00f5es equivalentes em todo o territ\u00f3rio. A coordenadora da Equipa Comunit\u00e1ria de Suporte em Cuidados Paliativos (ECSCP) de Cascais afirmou que, desde o in\u00edcio de 2025, h\u00e1 falta de coordena\u00e7\u00e3o nacional, levando a um sentimento de esquecimento por parte das autoridades. A presidente da Associa\u00e7\u00e3o Portuguesa de Cuidados Paliativos (APCP) criticou a gest\u00e3o do sector e destacou que mais da metade dos utentes referenciados para unidades de cuidados paliativos morre \u00e0 espera de vaga, segundo estudo da Entidade Reguladora da Sa\u00fade (ERS) de 2024. O relat\u00f3rio da ERS tamb\u00e9m aponta assimetrias territoriais e sublinha a necessidade de evitar desperd\u00edcio de recursos, refor\u00e7ar recursos humanos e priorizar cuidados paliativos nas Unidades Locais de Sa\u00fade e nos institutos portugueses de oncologia.","og_url":"https:\/\/portaltela.pt\/noticias\/2026\/03\/10\/profissionais-de-cuidados-paliativos-denunciam-falta-de-rumo-e-desamparo\/","og_site_name":"Portal Tela Portugal","article_published_time":"2026-03-10T07:30:30+00:00","author":"Telinha","twitter_card":"summary_large_image","twitter_misc":{"Escrito por":"Telinha","Tempo estimado de leitura":"2 minutos"},"schema":{"@context":"https:\/\/schema.org","@graph":[{"@type":"Article","@id":"https:\/\/portaltela.pt\/noticias\/2026\/03\/10\/profissionais-de-cuidados-paliativos-denunciam-falta-de-rumo-e-desamparo\/#article","isPartOf":{"@id":"https:\/\/portaltela.pt\/noticias\/2026\/03\/10\/profissionais-de-cuidados-paliativos-denunciam-falta-de-rumo-e-desamparo\/"},"author":{"name":"Telinha","@id":"https:\/\/portaltela.pt\/#\/schema\/person\/c4278d4a6028830caff9ee44b42d32ed"},"headline":"Profissionais de cuidados paliativos denunciam falta de rumo e desamparo","datePublished":"2026-03-10T07:30:30+00:00","mainEntityOfPage":{"@id":"https:\/\/portaltela.pt\/noticias\/2026\/03\/10\/profissionais-de-cuidados-paliativos-denunciam-falta-de-rumo-e-desamparo\/"},"wordCount":415,"image":{"@id":"https:\/\/portaltela.pt\/noticias\/2026\/03\/10\/profissionais-de-cuidados-paliativos-denunciam-falta-de-rumo-e-desamparo\/#primaryimage"},"thumbnailUrl":"https:\/\/portaltela.pt\/s.01k8rhncp4jt1\/2026\/03\/img_1500x1000uu2024-08-14-23-20-24-1725720-im-639077363237285937.jpg","keywords":["comunidade","gest\u00e3o","paliativos","Portugal","recursos","sa\u00fade"],"articleSection":["Not\u00edcias","Sa\u00fade"],"inLanguage":"pt-PT"},{"@type":"WebPage","@id":"https:\/\/portaltela.pt\/noticias\/2026\/03\/10\/profissionais-de-cuidados-paliativos-denunciam-falta-de-rumo-e-desamparo\/","url":"https:\/\/portaltela.pt\/noticias\/2026\/03\/10\/profissionais-de-cuidados-paliativos-denunciam-falta-de-rumo-e-desamparo\/","name":"Profissionais de cuidados paliativos denunciam falta de rumo e desamparo - Portal Tela Portugal","isPartOf":{"@id":"https:\/\/portaltela.pt\/#website"},"primaryImageOfPage":{"@id":"https:\/\/portaltela.pt\/noticias\/2026\/03\/10\/profissionais-de-cuidados-paliativos-denunciam-falta-de-rumo-e-desamparo\/#primaryimage"},"image":{"@id":"https:\/\/portaltela.pt\/noticias\/2026\/03\/10\/profissionais-de-cuidados-paliativos-denunciam-falta-de-rumo-e-desamparo\/#primaryimage"},"thumbnailUrl":"https:\/\/portaltela.pt\/s.01k8rhncp4jt1\/2026\/03\/img_1500x1000uu2024-08-14-23-20-24-1725720-im-639077363237285937.jpg","datePublished":"2026-03-10T07:30:30+00:00","author":{"@id":"https:\/\/portaltela.pt\/#\/schema\/person\/c4278d4a6028830caff9ee44b42d32ed"},"breadcrumb":{"@id":"https:\/\/portaltela.pt\/noticias\/2026\/03\/10\/profissionais-de-cuidados-paliativos-denunciam-falta-de-rumo-e-desamparo\/#breadcrumb"},"inLanguage":"pt-PT","potentialAction":[{"@type":"ReadAction","target":["https:\/\/portaltela.pt\/noticias\/2026\/03\/10\/profissionais-de-cuidados-paliativos-denunciam-falta-de-rumo-e-desamparo\/"]}]},{"@type":"ImageObject","inLanguage":"pt-PT","@id":"https:\/\/portaltela.pt\/noticias\/2026\/03\/10\/profissionais-de-cuidados-paliativos-denunciam-falta-de-rumo-e-desamparo\/#primaryimage","url":"https:\/\/portaltela.pt\/s.01k8rhncp4jt1\/2026\/03\/img_1500x1000uu2024-08-14-23-20-24-1725720-im-639077363237285937.jpg","contentUrl":"https:\/\/portaltela.pt\/s.01k8rhncp4jt1\/2026\/03\/img_1500x1000uu2024-08-14-23-20-24-1725720-im-639077363237285937.jpg","width":796,"height":448,"caption":"Cuidados paliativos"},{"@type":"BreadcrumbList","@id":"https:\/\/portaltela.pt\/noticias\/2026\/03\/10\/profissionais-de-cuidados-paliativos-denunciam-falta-de-rumo-e-desamparo\/#breadcrumb","itemListElement":[{"@type":"ListItem","position":1,"name":"In\u00edcio","item":"https:\/\/portaltela.pt\/"},{"@type":"ListItem","position":2,"name":"Profissionais de cuidados paliativos denunciam falta de rumo e desamparo"}]},{"@type":"WebSite","@id":"https:\/\/portaltela.pt\/#website","url":"https:\/\/portaltela.pt\/","name":"Portal Tela Portugal","description":"","potentialAction":[{"@type":"SearchAction","target":{"@type":"EntryPoint","urlTemplate":"https:\/\/portaltela.pt\/?s={search_term_string}"},"query-input":{"@type":"PropertyValueSpecification","valueRequired":true,"valueName":"search_term_string"}}],"inLanguage":"pt-PT"},{"@type":"Person","@id":"https:\/\/portaltela.pt\/#\/schema\/person\/c4278d4a6028830caff9ee44b42d32ed","name":"Telinha","image":{"@type":"ImageObject","inLanguage":"pt-PT","@id":"https:\/\/portaltela.pt\/s.01k8rhncp4jt1\/2025\/11\/talking-bot-125x125.png","url":"https:\/\/portaltela.pt\/s.01k8rhncp4jt1\/2025\/11\/talking-bot-125x125.png","contentUrl":"https:\/\/portaltela.pt\/s.01k8rhncp4jt1\/2025\/11\/talking-bot-125x125.png","caption":"Telinha"},"sameAs":["https:\/\/portaltela.pt\/"],"url":"https:\/\/portaltela.pt\/por\/367410592786\/"}]}},"_links":{"self":[{"href":"https:\/\/portaltela.pt\/api\/wp\/v2\/posts\/404244","targetHints":{"allow":["GET"]}}],"collection":[{"href":"https:\/\/portaltela.pt\/api\/wp\/v2\/posts"}],"about":[{"href":"https:\/\/portaltela.pt\/api\/wp\/v2\/types\/post"}],"author":[{"embeddable":true,"href":"https:\/\/portaltela.pt\/api\/wp\/v2\/users\/2"}],"replies":[{"embeddable":true,"href":"https:\/\/portaltela.pt\/api\/wp\/v2\/comments?post=404244"}],"version-history":[{"count":0,"href":"https:\/\/portaltela.pt\/api\/wp\/v2\/posts\/404244\/revisions"}],"wp:featuredmedia":[{"embeddable":true,"href":"https:\/\/portaltela.pt\/api\/wp\/v2\/media\/404246"}],"wp:attachment":[{"href":"https:\/\/portaltela.pt\/api\/wp\/v2\/media?parent=404244"}],"wp:term":[{"taxonomy":"category","embeddable":true,"href":"https:\/\/portaltela.pt\/api\/wp\/v2\/categories?post=404244"},{"taxonomy":"post_tag","embeddable":true,"href":"https:\/\/portaltela.pt\/api\/wp\/v2\/tags?post=404244"}],"curies":[{"name":"wp","href":"https:\/\/api.w.org\/{rel}","templated":true}]}}