{"id":404212,"date":"2026-03-10T04:05:29","date_gmt":"2026-03-10T07:05:29","guid":{"rendered":"https:\/\/portaltela.pt\/noticias\/2026\/03\/10\/posse-de-antonio-jose-seguro-prossegue-terca-em-arganil-guimaraes-e-porto\/"},"modified":"2026-03-10T04:05:29","modified_gmt":"2026-03-10T07:05:29","slug":"posse-de-antonio-jose-seguro-prossegue-terca-em-arganil-guimaraes-e-porto","status":"publish","type":"post","link":"https:\/\/portaltela.pt\/noticias\/politica\/2026\/03\/10\/posse-de-antonio-jose-seguro-prossegue-terca-em-arganil-guimaraes-e-porto\/","title":{"rendered":"Posse de Ant\u00f3nio Jos\u00e9 Seguro prossegue ter\u00e7a em Arganil, Guimar\u00e3es e Porto"},"content":{"rendered":"<p>O Programa da posse de Ant\u00f3nio Jos\u00e9 Seguro como Presidente da Rep\u00fablica continua nesta ter\u00e7a-feira, ap\u00f3s a cerim\u00f3nia de tomada de posse realizada na Assembleia da Rep\u00fablica. O l\u00edder socialista prometeu ser o \u201cPresidente de Portugal inteiro\u201d e aproximar-se das preocupa\u00e7\u00f5es das pessoas.<\/p>\n<p>Seguro iniciou a atividade com uma promessa de estabilidade pol\u00edtica, defendendo o combate ao frenesi eleitoral recente. O antigo secret\u00e1rio-geral do PS destacou a necessidade de um compromisso claro entre as for\u00e7as pol\u00edticas para manter a estabilidade parlamentar.<\/p>\n<p>A sess\u00e3o solene de segunda-feira marcou o in\u00edcio do mandato, com a leitura de votos e a promessa de cumprir as fun\u00e7\u00f5es oficiais. O chefe de Estado expressou-se em tom institucional, sem indicar posi\u00e7\u00f5es partid\u00e1rias.<\/p>\n<h3>Programa da posse em Arganil, Guimar\u00e3es e Porto<\/h3>\n<p>\u00c0s 11h00, Ant\u00f3nio Jos\u00e9 Seguro desloca-se a Mour\u00edsia, Arganil (Coimbra), \u00e1rea que esteve rodeada de fogo em 2025, numa visita j\u00e1 prevista no programa alargado. A visita de ver\u00e3o passado integrou o interior da regi\u00e3o.<\/p>\n<p>\u00c0s 16h00, o Presidente visita o Laborat\u00f3rio da Paisagem de Guimar\u00e3es, associa\u00e7\u00e3o criada pela C\u00e2mara, pela Universidade do Minho e pela UTAD. A iniciativa insere-se no contextual da Capital Verde Europeia 2026.<\/p>\n<p>Em Guimar\u00e3es estar\u00e3o presentes a ministra do Ambiente e Energia, Maria da Gra\u00e7a Carvalho, e o presidente da C\u00e2mara, Ricardo Ara\u00fajo, numa a\u00e7\u00e3o ligada ao desenvolvimento sustent\u00e1vel local.<\/p>\n<p>O programa de ter\u00e7a-feira encerra no Porto, com uma rece\u00e7\u00e3o no Sal\u00e3o Nobre dos Pa\u00e7os do Concelho, presidida pelo edil Pedro Duarte, seguida de interven\u00e7\u00e3o do Presidente.<\/p>\n<p>Um concerto na Casa da M\u00fasica fecha a agenda, com a Orquestra Juvenil da Bonj\u00f3ia e Pedro Abrunhosa em atua\u00e7\u00e3o. O conjunto de atividades integra o conjunto de festejos da posse.<\/p>\n<h3>Contexto pol\u00edtico e resultados eleitorais<\/h3>\n<p>Ant\u00f3nio Jos\u00e9 Seguro foi eleito na segunda volta das presidenciais de 8 de fevereiro, com mais de 3,5 milh\u00f5es de votos, cerca de 66,84% dos v\u00e1lidos, frente a Andr\u00e9 Ventura, l\u00edder do Chega. A vit\u00f3ria foi marcada por uma campa\u00f1a de reconcilia\u00e7\u00e3o institucional.<\/p>\n<p>Na tomada de posse, Seguro comprometeu-se a ouvir as preocupa\u00e7\u00f5es dos cidad\u00e3os e a agir em defesa da justi\u00e7a social e da dignidade humana. O presidente afirmou buscar estabilidade pol\u00edtica e afastar ciclos eleitorais curtos.<\/p>\n","protected":false},"excerpt":{"rendered":"<ul>\n<li>O programa da posse de Ant\u00f3nio Jos\u00e9 Seguro como Presidente da Rep\u00fablica prossegue esta ter\u00e7a-feira em Arganil, Guimar\u00e3es e Porto, depois da cerim\u00f3nia de tomada de posse na segunda-feira.<\/li>\n<li>\u00c0s 11h00, Seguro visita Mour\u00edsia, em Arganil (Coimbra), aldeia que j\u00e1 tinha estado rodeada de chamas em 2025 e que visitou no ver\u00e3o passado.<\/li>\n<li>Pelas 16h00, realiza uma visita ao Laborat\u00f3rio da Paisagem de Guimar\u00e3es, com a presen\u00e7a da ministra do Ambiente e Energia, Maria da Gra\u00e7a Carvalho, e do presidente da C\u00e2mara, Ricardo Ara\u00fajo.<\/li>\n<li>Em Guimar\u00e3es, Capital Verde Europeia em 2026, participa na iniciativa da Associa\u00e7\u00e3o para Promo\u00e7\u00e3o do Desenvolvimento Sustent\u00e1vel.<\/li>\n<li>O encerramento ocorre no Porto, com rece\u00e7\u00e3o no Sal\u00e3o Nobre dos Pa\u00e7os do Concelho pelo presidente da C\u00e2mara, Pedro Duarte, e concerto na Casa da M\u00fasica pela Orquestra Juvenil da Bonj\u00f3ia e por Pedro Abrunhosa; Seguro foi eleito com 66,84% dos votos.<\/li>\n<\/ul>\n","protected":false},"author":2,"featured_media":404218,"comment_status":"closed","ping_status":"closed","sticky":false,"template":"","format":"standard","meta":{"footnotes":""},"categories":[1,5],"tags":[167,1340,6470,2832,1014,30],"class_list":["post-404212","post","type-post","status-publish","format-standard","has-post-thumbnail","hentry","category-noticias","category-politica","tag-ambiente","tag-arganil","tag-capital-verde-europeia-2026","tag-politica","tag-portugal","tag-presidente"],"yoast_head":"<!-- This site is optimized with the Yoast SEO plugin v27.2 - https:\/\/yoast.com\/product\/yoast-seo-wordpress\/ -->\n<title>Posse de Ant\u00f3nio Jos\u00e9 Seguro prossegue ter\u00e7a em Arganil, Guimar\u00e3es e Porto - Portal Tela Portugal<\/title>\n<meta name=\"robots\" content=\"index, follow, max-snippet:-1, max-image-preview:large, max-video-preview:-1\" \/>\n<meta property=\"og:locale\" content=\"pt_PT\" \/>\n<meta property=\"og:type\" content=\"article\" \/>\n<meta property=\"og:title\" content=\"Posse de Ant\u00f3nio Jos\u00e9 Seguro prossegue ter\u00e7a em Arganil, Guimar\u00e3es e Porto - Portal Tela Portugal\" \/>\n<meta property=\"og:description\" content=\"O programa da posse de Ant\u00f3nio Jos\u00e9 Seguro como Presidente da Rep\u00fablica prossegue esta ter\u00e7a-feira em Arganil, Guimar\u00e3es e Porto, depois da cerim\u00f3nia de tomada de posse na segunda-feira. \u00c0s 11h00, Seguro visita Mour\u00edsia, em Arganil (Coimbra), aldeia que j\u00e1 tinha estado rodeada de chamas em 2025 e que visitou no ver\u00e3o passado. Pelas 16h00, realiza uma visita ao Laborat\u00f3rio da Paisagem de Guimar\u00e3es, com a presen\u00e7a da ministra do Ambiente e Energia, Maria da Gra\u00e7a Carvalho, e do presidente da C\u00e2mara, Ricardo Ara\u00fajo. Em Guimar\u00e3es, Capital Verde Europeia em 2026, participa na iniciativa da Associa\u00e7\u00e3o para Promo\u00e7\u00e3o do Desenvolvimento Sustent\u00e1vel. O encerramento ocorre no Porto, com rece\u00e7\u00e3o no Sal\u00e3o Nobre dos Pa\u00e7os do Concelho pelo presidente da C\u00e2mara, Pedro Duarte, e concerto na Casa da M\u00fasica pela Orquestra Juvenil da Bonj\u00f3ia e por Pedro Abrunhosa; Seguro foi eleito com 66,84% dos votos.\" \/>\n<meta property=\"og:url\" content=\"https:\/\/portaltela.pt\/noticias\/2026\/03\/10\/posse-de-antonio-jose-seguro-prossegue-terca-em-arganil-guimaraes-e-porto\/\" \/>\n<meta property=\"og:site_name\" content=\"Portal Tela Portugal\" \/>\n<meta property=\"article:published_time\" content=\"2026-03-10T07:05:29+00:00\" \/>\n<meta name=\"author\" content=\"Telinha\" \/>\n<meta name=\"twitter:card\" content=\"summary_large_image\" \/>\n<meta name=\"twitter:label1\" content=\"Escrito por\" \/>\n\t<meta name=\"twitter:data1\" content=\"Telinha\" \/>\n\t<meta name=\"twitter:label2\" content=\"Tempo estimado de leitura\" \/>\n\t<meta name=\"twitter:data2\" content=\"2 minutos\" \/>\n<script type=\"application\/ld+json\" class=\"yoast-schema-graph\">{\"@context\":\"https:\/\/schema.org\",\"@graph\":[{\"@type\":\"Article\",\"@id\":\"https:\/\/portaltela.pt\/noticias\/2026\/03\/10\/posse-de-antonio-jose-seguro-prossegue-terca-em-arganil-guimaraes-e-porto\/#article\",\"isPartOf\":{\"@id\":\"https:\/\/portaltela.pt\/noticias\/2026\/03\/10\/posse-de-antonio-jose-seguro-prossegue-terca-em-arganil-guimaraes-e-porto\/\"},\"author\":{\"name\":\"Telinha\",\"@id\":\"https:\/\/portaltela.pt\/#\/schema\/person\/c4278d4a6028830caff9ee44b42d32ed\"},\"headline\":\"Posse de Ant\u00f3nio Jos\u00e9 Seguro prossegue ter\u00e7a em Arganil, Guimar\u00e3es e Porto\",\"datePublished\":\"2026-03-10T07:05:29+00:00\",\"mainEntityOfPage\":{\"@id\":\"https:\/\/portaltela.pt\/noticias\/2026\/03\/10\/posse-de-antonio-jose-seguro-prossegue-terca-em-arganil-guimaraes-e-porto\/\"},\"wordCount\":423,\"image\":{\"@id\":\"https:\/\/portaltela.pt\/noticias\/2026\/03\/10\/posse-de-antonio-jose-seguro-prossegue-terca-em-arganil-guimaraes-e-porto\/#primaryimage\"},\"thumbnailUrl\":\"https:\/\/portaltela.pt\/s.01k8rhncp4jt1\/2026\/03\/img_1500x1000uu2026-03-09-19-00-28-2271392.jpg\",\"keywords\":[\"ambiente\",\"Arganil\",\"Capital Verde Europeia 2026\",\"pol\u00edtica\",\"Portugal\",\"presidente\"],\"articleSection\":[\"Not\u00edcias\",\"Pol\u00edtica\"],\"inLanguage\":\"pt-PT\"},{\"@type\":\"WebPage\",\"@id\":\"https:\/\/portaltela.pt\/noticias\/2026\/03\/10\/posse-de-antonio-jose-seguro-prossegue-terca-em-arganil-guimaraes-e-porto\/\",\"url\":\"https:\/\/portaltela.pt\/noticias\/2026\/03\/10\/posse-de-antonio-jose-seguro-prossegue-terca-em-arganil-guimaraes-e-porto\/\",\"name\":\"Posse de Ant\u00f3nio Jos\u00e9 Seguro prossegue ter\u00e7a em Arganil, Guimar\u00e3es e Porto - Portal Tela Portugal\",\"isPartOf\":{\"@id\":\"https:\/\/portaltela.pt\/#website\"},\"primaryImageOfPage\":{\"@id\":\"https:\/\/portaltela.pt\/noticias\/2026\/03\/10\/posse-de-antonio-jose-seguro-prossegue-terca-em-arganil-guimaraes-e-porto\/#primaryimage\"},\"image\":{\"@id\":\"https:\/\/portaltela.pt\/noticias\/2026\/03\/10\/posse-de-antonio-jose-seguro-prossegue-terca-em-arganil-guimaraes-e-porto\/#primaryimage\"},\"thumbnailUrl\":\"https:\/\/portaltela.pt\/s.01k8rhncp4jt1\/2026\/03\/img_1500x1000uu2026-03-09-19-00-28-2271392.jpg\",\"datePublished\":\"2026-03-10T07:05:29+00:00\",\"author\":{\"@id\":\"https:\/\/portaltela.pt\/#\/schema\/person\/c4278d4a6028830caff9ee44b42d32ed\"},\"breadcrumb\":{\"@id\":\"https:\/\/portaltela.pt\/noticias\/2026\/03\/10\/posse-de-antonio-jose-seguro-prossegue-terca-em-arganil-guimaraes-e-porto\/#breadcrumb\"},\"inLanguage\":\"pt-PT\",\"potentialAction\":[{\"@type\":\"ReadAction\",\"target\":[\"https:\/\/portaltela.pt\/noticias\/2026\/03\/10\/posse-de-antonio-jose-seguro-prossegue-terca-em-arganil-guimaraes-e-porto\/\"]}]},{\"@type\":\"ImageObject\",\"inLanguage\":\"pt-PT\",\"@id\":\"https:\/\/portaltela.pt\/noticias\/2026\/03\/10\/posse-de-antonio-jose-seguro-prossegue-terca-em-arganil-guimaraes-e-porto\/#primaryimage\",\"url\":\"https:\/\/portaltela.pt\/s.01k8rhncp4jt1\/2026\/03\/img_1500x1000uu2026-03-09-19-00-28-2271392.jpg\",\"contentUrl\":\"https:\/\/portaltela.pt\/s.01k8rhncp4jt1\/2026\/03\/img_1500x1000uu2026-03-09-19-00-28-2271392.jpg\",\"width\":796,\"height\":448,\"caption\":\"Ant\u00f3nio Jos\u00e9 Seguro ap\u00f3s a tomada de posse\"},{\"@type\":\"BreadcrumbList\",\"@id\":\"https:\/\/portaltela.pt\/noticias\/2026\/03\/10\/posse-de-antonio-jose-seguro-prossegue-terca-em-arganil-guimaraes-e-porto\/#breadcrumb\",\"itemListElement\":[{\"@type\":\"ListItem\",\"position\":1,\"name\":\"In\u00edcio\",\"item\":\"https:\/\/portaltela.pt\/\"},{\"@type\":\"ListItem\",\"position\":2,\"name\":\"Posse de Ant\u00f3nio Jos\u00e9 Seguro prossegue ter\u00e7a em Arganil, Guimar\u00e3es e Porto\"}]},{\"@type\":\"WebSite\",\"@id\":\"https:\/\/portaltela.pt\/#website\",\"url\":\"https:\/\/portaltela.pt\/\",\"name\":\"Portal Tela Portugal\",\"description\":\"\",\"potentialAction\":[{\"@type\":\"SearchAction\",\"target\":{\"@type\":\"EntryPoint\",\"urlTemplate\":\"https:\/\/portaltela.pt\/?s={search_term_string}\"},\"query-input\":{\"@type\":\"PropertyValueSpecification\",\"valueRequired\":true,\"valueName\":\"search_term_string\"}}],\"inLanguage\":\"pt-PT\"},{\"@type\":\"Person\",\"@id\":\"https:\/\/portaltela.pt\/#\/schema\/person\/c4278d4a6028830caff9ee44b42d32ed\",\"name\":\"Telinha\",\"image\":{\"@type\":\"ImageObject\",\"inLanguage\":\"pt-PT\",\"@id\":\"https:\/\/portaltela.pt\/s.01k8rhncp4jt1\/2025\/11\/talking-bot-125x125.png\",\"url\":\"https:\/\/portaltela.pt\/s.01k8rhncp4jt1\/2025\/11\/talking-bot-125x125.png\",\"contentUrl\":\"https:\/\/portaltela.pt\/s.01k8rhncp4jt1\/2025\/11\/talking-bot-125x125.png\",\"caption\":\"Telinha\"},\"sameAs\":[\"https:\/\/portaltela.pt\/\"],\"url\":\"https:\/\/portaltela.pt\/por\/367410592786\/\"}]}<\/script>\n<!-- \/ Yoast SEO plugin. -->","yoast_head_json":{"title":"Posse de Ant\u00f3nio Jos\u00e9 Seguro prossegue ter\u00e7a em Arganil, Guimar\u00e3es e Porto - Portal Tela Portugal","robots":{"index":"index","follow":"follow","max-snippet":"max-snippet:-1","max-image-preview":"max-image-preview:large","max-video-preview":"max-video-preview:-1"},"og_locale":"pt_PT","og_type":"article","og_title":"Posse de Ant\u00f3nio Jos\u00e9 Seguro prossegue ter\u00e7a em Arganil, Guimar\u00e3es e Porto - Portal Tela Portugal","og_description":"O programa da posse de Ant\u00f3nio Jos\u00e9 Seguro como Presidente da Rep\u00fablica prossegue esta ter\u00e7a-feira em Arganil, Guimar\u00e3es e Porto, depois da cerim\u00f3nia de tomada de posse na segunda-feira. \u00c0s 11h00, Seguro visita Mour\u00edsia, em Arganil (Coimbra), aldeia que j\u00e1 tinha estado rodeada de chamas em 2025 e que visitou no ver\u00e3o passado. Pelas 16h00, realiza uma visita ao Laborat\u00f3rio da Paisagem de Guimar\u00e3es, com a presen\u00e7a da ministra do Ambiente e Energia, Maria da Gra\u00e7a Carvalho, e do presidente da C\u00e2mara, Ricardo Ara\u00fajo. Em Guimar\u00e3es, Capital Verde Europeia em 2026, participa na iniciativa da Associa\u00e7\u00e3o para Promo\u00e7\u00e3o do Desenvolvimento Sustent\u00e1vel. O encerramento ocorre no Porto, com rece\u00e7\u00e3o no Sal\u00e3o Nobre dos Pa\u00e7os do Concelho pelo presidente da C\u00e2mara, Pedro Duarte, e concerto na Casa da M\u00fasica pela Orquestra Juvenil da Bonj\u00f3ia e por Pedro Abrunhosa; Seguro foi eleito com 66,84% dos votos.","og_url":"https:\/\/portaltela.pt\/noticias\/2026\/03\/10\/posse-de-antonio-jose-seguro-prossegue-terca-em-arganil-guimaraes-e-porto\/","og_site_name":"Portal Tela Portugal","article_published_time":"2026-03-10T07:05:29+00:00","author":"Telinha","twitter_card":"summary_large_image","twitter_misc":{"Escrito por":"Telinha","Tempo estimado de leitura":"2 minutos"},"schema":{"@context":"https:\/\/schema.org","@graph":[{"@type":"Article","@id":"https:\/\/portaltela.pt\/noticias\/2026\/03\/10\/posse-de-antonio-jose-seguro-prossegue-terca-em-arganil-guimaraes-e-porto\/#article","isPartOf":{"@id":"https:\/\/portaltela.pt\/noticias\/2026\/03\/10\/posse-de-antonio-jose-seguro-prossegue-terca-em-arganil-guimaraes-e-porto\/"},"author":{"name":"Telinha","@id":"https:\/\/portaltela.pt\/#\/schema\/person\/c4278d4a6028830caff9ee44b42d32ed"},"headline":"Posse de Ant\u00f3nio Jos\u00e9 Seguro prossegue ter\u00e7a em Arganil, Guimar\u00e3es e Porto","datePublished":"2026-03-10T07:05:29+00:00","mainEntityOfPage":{"@id":"https:\/\/portaltela.pt\/noticias\/2026\/03\/10\/posse-de-antonio-jose-seguro-prossegue-terca-em-arganil-guimaraes-e-porto\/"},"wordCount":423,"image":{"@id":"https:\/\/portaltela.pt\/noticias\/2026\/03\/10\/posse-de-antonio-jose-seguro-prossegue-terca-em-arganil-guimaraes-e-porto\/#primaryimage"},"thumbnailUrl":"https:\/\/portaltela.pt\/s.01k8rhncp4jt1\/2026\/03\/img_1500x1000uu2026-03-09-19-00-28-2271392.jpg","keywords":["ambiente","Arganil","Capital Verde Europeia 2026","pol\u00edtica","Portugal","presidente"],"articleSection":["Not\u00edcias","Pol\u00edtica"],"inLanguage":"pt-PT"},{"@type":"WebPage","@id":"https:\/\/portaltela.pt\/noticias\/2026\/03\/10\/posse-de-antonio-jose-seguro-prossegue-terca-em-arganil-guimaraes-e-porto\/","url":"https:\/\/portaltela.pt\/noticias\/2026\/03\/10\/posse-de-antonio-jose-seguro-prossegue-terca-em-arganil-guimaraes-e-porto\/","name":"Posse de Ant\u00f3nio Jos\u00e9 Seguro prossegue ter\u00e7a em Arganil, Guimar\u00e3es e Porto - Portal Tela Portugal","isPartOf":{"@id":"https:\/\/portaltela.pt\/#website"},"primaryImageOfPage":{"@id":"https:\/\/portaltela.pt\/noticias\/2026\/03\/10\/posse-de-antonio-jose-seguro-prossegue-terca-em-arganil-guimaraes-e-porto\/#primaryimage"},"image":{"@id":"https:\/\/portaltela.pt\/noticias\/2026\/03\/10\/posse-de-antonio-jose-seguro-prossegue-terca-em-arganil-guimaraes-e-porto\/#primaryimage"},"thumbnailUrl":"https:\/\/portaltela.pt\/s.01k8rhncp4jt1\/2026\/03\/img_1500x1000uu2026-03-09-19-00-28-2271392.jpg","datePublished":"2026-03-10T07:05:29+00:00","author":{"@id":"https:\/\/portaltela.pt\/#\/schema\/person\/c4278d4a6028830caff9ee44b42d32ed"},"breadcrumb":{"@id":"https:\/\/portaltela.pt\/noticias\/2026\/03\/10\/posse-de-antonio-jose-seguro-prossegue-terca-em-arganil-guimaraes-e-porto\/#breadcrumb"},"inLanguage":"pt-PT","potentialAction":[{"@type":"ReadAction","target":["https:\/\/portaltela.pt\/noticias\/2026\/03\/10\/posse-de-antonio-jose-seguro-prossegue-terca-em-arganil-guimaraes-e-porto\/"]}]},{"@type":"ImageObject","inLanguage":"pt-PT","@id":"https:\/\/portaltela.pt\/noticias\/2026\/03\/10\/posse-de-antonio-jose-seguro-prossegue-terca-em-arganil-guimaraes-e-porto\/#primaryimage","url":"https:\/\/portaltela.pt\/s.01k8rhncp4jt1\/2026\/03\/img_1500x1000uu2026-03-09-19-00-28-2271392.jpg","contentUrl":"https:\/\/portaltela.pt\/s.01k8rhncp4jt1\/2026\/03\/img_1500x1000uu2026-03-09-19-00-28-2271392.jpg","width":796,"height":448,"caption":"Ant\u00f3nio Jos\u00e9 Seguro ap\u00f3s a tomada de posse"},{"@type":"BreadcrumbList","@id":"https:\/\/portaltela.pt\/noticias\/2026\/03\/10\/posse-de-antonio-jose-seguro-prossegue-terca-em-arganil-guimaraes-e-porto\/#breadcrumb","itemListElement":[{"@type":"ListItem","position":1,"name":"In\u00edcio","item":"https:\/\/portaltela.pt\/"},{"@type":"ListItem","position":2,"name":"Posse de Ant\u00f3nio Jos\u00e9 Seguro prossegue ter\u00e7a em Arganil, Guimar\u00e3es e Porto"}]},{"@type":"WebSite","@id":"https:\/\/portaltela.pt\/#website","url":"https:\/\/portaltela.pt\/","name":"Portal Tela Portugal","description":"","potentialAction":[{"@type":"SearchAction","target":{"@type":"EntryPoint","urlTemplate":"https:\/\/portaltela.pt\/?s={search_term_string}"},"query-input":{"@type":"PropertyValueSpecification","valueRequired":true,"valueName":"search_term_string"}}],"inLanguage":"pt-PT"},{"@type":"Person","@id":"https:\/\/portaltela.pt\/#\/schema\/person\/c4278d4a6028830caff9ee44b42d32ed","name":"Telinha","image":{"@type":"ImageObject","inLanguage":"pt-PT","@id":"https:\/\/portaltela.pt\/s.01k8rhncp4jt1\/2025\/11\/talking-bot-125x125.png","url":"https:\/\/portaltela.pt\/s.01k8rhncp4jt1\/2025\/11\/talking-bot-125x125.png","contentUrl":"https:\/\/portaltela.pt\/s.01k8rhncp4jt1\/2025\/11\/talking-bot-125x125.png","caption":"Telinha"},"sameAs":["https:\/\/portaltela.pt\/"],"url":"https:\/\/portaltela.pt\/por\/367410592786\/"}]}},"_links":{"self":[{"href":"https:\/\/portaltela.pt\/api\/wp\/v2\/posts\/404212","targetHints":{"allow":["GET"]}}],"collection":[{"href":"https:\/\/portaltela.pt\/api\/wp\/v2\/posts"}],"about":[{"href":"https:\/\/portaltela.pt\/api\/wp\/v2\/types\/post"}],"author":[{"embeddable":true,"href":"https:\/\/portaltela.pt\/api\/wp\/v2\/users\/2"}],"replies":[{"embeddable":true,"href":"https:\/\/portaltela.pt\/api\/wp\/v2\/comments?post=404212"}],"version-history":[{"count":0,"href":"https:\/\/portaltela.pt\/api\/wp\/v2\/posts\/404212\/revisions"}],"wp:featuredmedia":[{"embeddable":true,"href":"https:\/\/portaltela.pt\/api\/wp\/v2\/media\/404218"}],"wp:attachment":[{"href":"https:\/\/portaltela.pt\/api\/wp\/v2\/media?parent=404212"}],"wp:term":[{"taxonomy":"category","embeddable":true,"href":"https:\/\/portaltela.pt\/api\/wp\/v2\/categories?post=404212"},{"taxonomy":"post_tag","embeddable":true,"href":"https:\/\/portaltela.pt\/api\/wp\/v2\/tags?post=404212"}],"curies":[{"name":"wp","href":"https:\/\/api.w.org\/{rel}","templated":true}]}}