{"id":404180,"date":"2026-03-10T03:10:00","date_gmt":"2026-03-10T06:10:00","guid":{"rendered":"https:\/\/portaltela.pt\/noticias\/2026\/03\/10\/psd-inicia-jornadas-parlamentares-com-paulo-portas-como-convidado\/"},"modified":"2026-03-10T03:10:00","modified_gmt":"2026-03-10T06:10:00","slug":"psd-inicia-jornadas-parlamentares-com-paulo-portas-como-convidado","status":"publish","type":"post","link":"https:\/\/portaltela.pt\/noticias\/politica\/2026\/03\/10\/psd-inicia-jornadas-parlamentares-com-paulo-portas-como-convidado\/","title":{"rendered":"PSD inicia jornadas parlamentares com Paulo Portas como convidado"},"content":{"rendered":"<p>O PSD iniciou as jornadas parlamentares com Paulo Portas, antigo vice-primeiro-ministro, como convidado. A not\u00edcia aponta a presen\u00e7a de Portas no arranque do ciclo, mas n\u00e3o divulga pormenores adicionais sobre o programa.<\/p>\n<p>Segundo a dire\u00e7\u00e3o do PSD, o convite foi confirmado, sem revelar detalhes sobre a agenda ou o local exato do encontro.<\/p>\n<p>O texto original indica ainda que o conte\u00fado completo est\u00e1 dispon\u00edvel apenas para subscritores, n\u00e3o sendo partilhadas informa\u00e7\u00f5es adicionais no resumo p\u00fablico disponibilizado.<\/p>\n","protected":false},"excerpt":{"rendered":"<ul>\n<li>O PSD iniciou as jornadas parlamentares com Paulo Portas, antigo vice-primeiro-ministro, como convidado.<\/li>\n<li>Portas participa como convidado de honra na abertura do ciclo de sess\u00f5es.<\/li>\n<li>A iniciativa marca o arranque oficial das jornadas parlamentares do PSD.<\/li>\n<li>O conte\u00fado completo da not\u00edcia est\u00e1 dispon\u00edvel apenas para subscritores.<\/li>\n<li>A informa\u00e7\u00e3o apresentada mant\u00e9m-se factual e neutra, sem avalia\u00e7\u00f5es.<\/li>\n<\/ul>\n","protected":false},"author":2,"featured_media":404182,"comment_status":"closed","ping_status":"closed","sticky":false,"template":"","format":"standard","meta":{"footnotes":""},"categories":[1,5],"tags":[34,1732,4655,2832,3695,2458],"class_list":["post-404180","post","type-post","status-publish","format-standard","has-post-thumbnail","hentry","category-noticias","category-politica","tag-governo","tag-partidos","tag-paulo-portas","tag-politica","tag-psd","tag-psd-cds"],"yoast_head":"<!-- This site is optimized with the Yoast SEO plugin v27.2 - https:\/\/yoast.com\/product\/yoast-seo-wordpress\/ -->\n<title>PSD inicia jornadas parlamentares com Paulo Portas como convidado - Portal Tela Portugal<\/title>\n<meta name=\"robots\" content=\"index, follow, max-snippet:-1, max-image-preview:large, max-video-preview:-1\" \/>\n<meta property=\"og:locale\" content=\"pt_PT\" \/>\n<meta property=\"og:type\" content=\"article\" \/>\n<meta property=\"og:title\" content=\"PSD inicia jornadas parlamentares com Paulo Portas como convidado - Portal Tela Portugal\" \/>\n<meta property=\"og:description\" content=\"O PSD iniciou as jornadas parlamentares com Paulo Portas, antigo vice-primeiro-ministro, como convidado. Portas participa como convidado de honra na abertura do ciclo de sess\u00f5es. A iniciativa marca o arranque oficial das jornadas parlamentares do PSD. O conte\u00fado completo da not\u00edcia est\u00e1 dispon\u00edvel apenas para subscritores. A informa\u00e7\u00e3o apresentada mant\u00e9m-se factual e neutra, sem avalia\u00e7\u00f5es.\" \/>\n<meta property=\"og:url\" content=\"https:\/\/portaltela.pt\/noticias\/2026\/03\/10\/psd-inicia-jornadas-parlamentares-com-paulo-portas-como-convidado\/\" \/>\n<meta property=\"og:site_name\" content=\"Portal Tela Portugal\" \/>\n<meta property=\"article:published_time\" content=\"2026-03-10T06:10:00+00:00\" \/>\n<meta name=\"author\" content=\"Telinha\" \/>\n<meta name=\"twitter:card\" content=\"summary_large_image\" \/>\n<meta name=\"twitter:label1\" content=\"Escrito por\" \/>\n\t<meta name=\"twitter:data1\" content=\"Telinha\" \/>\n<script type=\"application\/ld+json\" class=\"yoast-schema-graph\">{\"@context\":\"https:\/\/schema.org\",\"@graph\":[{\"@type\":\"Article\",\"@id\":\"https:\/\/portaltela.pt\/noticias\/2026\/03\/10\/psd-inicia-jornadas-parlamentares-com-paulo-portas-como-convidado\/#article\",\"isPartOf\":{\"@id\":\"https:\/\/portaltela.pt\/noticias\/2026\/03\/10\/psd-inicia-jornadas-parlamentares-com-paulo-portas-como-convidado\/\"},\"author\":{\"name\":\"Telinha\",\"@id\":\"https:\/\/portaltela.pt\/#\/schema\/person\/c4278d4a6028830caff9ee44b42d32ed\"},\"headline\":\"PSD inicia jornadas parlamentares com Paulo Portas como convidado\",\"datePublished\":\"2026-03-10T06:10:00+00:00\",\"mainEntityOfPage\":{\"@id\":\"https:\/\/portaltela.pt\/noticias\/2026\/03\/10\/psd-inicia-jornadas-parlamentares-com-paulo-portas-como-convidado\/\"},\"wordCount\":94,\"image\":{\"@id\":\"https:\/\/portaltela.pt\/noticias\/2026\/03\/10\/psd-inicia-jornadas-parlamentares-com-paulo-portas-como-convidado\/#primaryimage\"},\"thumbnailUrl\":\"https:\/\/portaltela.pt\/s.01k8rhncp4jt1\/2026\/03\/CACHE_780X1200_ANALOG_WATERMARKED_42187427_2620424_21012024020821.jpg\",\"keywords\":[\"governo\",\"partidos\",\"Paulo Portas\",\"pol\u00edtica\",\"PSD\",\"PSD\/CDS\"],\"articleSection\":[\"Not\u00edcias\",\"Pol\u00edtica\"],\"inLanguage\":\"pt-PT\"},{\"@type\":\"WebPage\",\"@id\":\"https:\/\/portaltela.pt\/noticias\/2026\/03\/10\/psd-inicia-jornadas-parlamentares-com-paulo-portas-como-convidado\/\",\"url\":\"https:\/\/portaltela.pt\/noticias\/2026\/03\/10\/psd-inicia-jornadas-parlamentares-com-paulo-portas-como-convidado\/\",\"name\":\"PSD inicia jornadas parlamentares com Paulo Portas como convidado - Portal Tela Portugal\",\"isPartOf\":{\"@id\":\"https:\/\/portaltela.pt\/#website\"},\"primaryImageOfPage\":{\"@id\":\"https:\/\/portaltela.pt\/noticias\/2026\/03\/10\/psd-inicia-jornadas-parlamentares-com-paulo-portas-como-convidado\/#primaryimage\"},\"image\":{\"@id\":\"https:\/\/portaltela.pt\/noticias\/2026\/03\/10\/psd-inicia-jornadas-parlamentares-com-paulo-portas-como-convidado\/#primaryimage\"},\"thumbnailUrl\":\"https:\/\/portaltela.pt\/s.01k8rhncp4jt1\/2026\/03\/CACHE_780X1200_ANALOG_WATERMARKED_42187427_2620424_21012024020821.jpg\",\"datePublished\":\"2026-03-10T06:10:00+00:00\",\"author\":{\"@id\":\"https:\/\/portaltela.pt\/#\/schema\/person\/c4278d4a6028830caff9ee44b42d32ed\"},\"breadcrumb\":{\"@id\":\"https:\/\/portaltela.pt\/noticias\/2026\/03\/10\/psd-inicia-jornadas-parlamentares-com-paulo-portas-como-convidado\/#breadcrumb\"},\"inLanguage\":\"pt-PT\",\"potentialAction\":[{\"@type\":\"ReadAction\",\"target\":[\"https:\/\/portaltela.pt\/noticias\/2026\/03\/10\/psd-inicia-jornadas-parlamentares-com-paulo-portas-como-convidado\/\"]}]},{\"@type\":\"ImageObject\",\"inLanguage\":\"pt-PT\",\"@id\":\"https:\/\/portaltela.pt\/noticias\/2026\/03\/10\/psd-inicia-jornadas-parlamentares-com-paulo-portas-como-convidado\/#primaryimage\",\"url\":\"https:\/\/portaltela.pt\/s.01k8rhncp4jt1\/2026\/03\/CACHE_780X1200_ANALOG_WATERMARKED_42187427_2620424_21012024020821.jpg\",\"contentUrl\":\"https:\/\/portaltela.pt\/s.01k8rhncp4jt1\/2026\/03\/CACHE_780X1200_ANALOG_WATERMARKED_42187427_2620424_21012024020821.jpg\",\"width\":768,\"height\":512,\"caption\":\"PSD inicia jornadas parlamentares com antigo vice-primeiro-ministro Paulo Portas como convidado\"},{\"@type\":\"BreadcrumbList\",\"@id\":\"https:\/\/portaltela.pt\/noticias\/2026\/03\/10\/psd-inicia-jornadas-parlamentares-com-paulo-portas-como-convidado\/#breadcrumb\",\"itemListElement\":[{\"@type\":\"ListItem\",\"position\":1,\"name\":\"In\u00edcio\",\"item\":\"https:\/\/portaltela.pt\/\"},{\"@type\":\"ListItem\",\"position\":2,\"name\":\"PSD inicia jornadas parlamentares com Paulo Portas como convidado\"}]},{\"@type\":\"WebSite\",\"@id\":\"https:\/\/portaltela.pt\/#website\",\"url\":\"https:\/\/portaltela.pt\/\",\"name\":\"Portal Tela Portugal\",\"description\":\"\",\"potentialAction\":[{\"@type\":\"SearchAction\",\"target\":{\"@type\":\"EntryPoint\",\"urlTemplate\":\"https:\/\/portaltela.pt\/?s={search_term_string}\"},\"query-input\":{\"@type\":\"PropertyValueSpecification\",\"valueRequired\":true,\"valueName\":\"search_term_string\"}}],\"inLanguage\":\"pt-PT\"},{\"@type\":\"Person\",\"@id\":\"https:\/\/portaltela.pt\/#\/schema\/person\/c4278d4a6028830caff9ee44b42d32ed\",\"name\":\"Telinha\",\"image\":{\"@type\":\"ImageObject\",\"inLanguage\":\"pt-PT\",\"@id\":\"https:\/\/portaltela.pt\/s.01k8rhncp4jt1\/2025\/11\/talking-bot-125x125.png\",\"url\":\"https:\/\/portaltela.pt\/s.01k8rhncp4jt1\/2025\/11\/talking-bot-125x125.png\",\"contentUrl\":\"https:\/\/portaltela.pt\/s.01k8rhncp4jt1\/2025\/11\/talking-bot-125x125.png\",\"caption\":\"Telinha\"},\"sameAs\":[\"https:\/\/portaltela.pt\/\"],\"url\":\"https:\/\/portaltela.pt\/por\/367410592786\/\"}]}<\/script>\n<!-- \/ Yoast SEO plugin. -->","yoast_head_json":{"title":"PSD inicia jornadas parlamentares com Paulo Portas como convidado - Portal Tela Portugal","robots":{"index":"index","follow":"follow","max-snippet":"max-snippet:-1","max-image-preview":"max-image-preview:large","max-video-preview":"max-video-preview:-1"},"og_locale":"pt_PT","og_type":"article","og_title":"PSD inicia jornadas parlamentares com Paulo Portas como convidado - Portal Tela Portugal","og_description":"O PSD iniciou as jornadas parlamentares com Paulo Portas, antigo vice-primeiro-ministro, como convidado. Portas participa como convidado de honra na abertura do ciclo de sess\u00f5es. A iniciativa marca o arranque oficial das jornadas parlamentares do PSD. O conte\u00fado completo da not\u00edcia est\u00e1 dispon\u00edvel apenas para subscritores. A informa\u00e7\u00e3o apresentada mant\u00e9m-se factual e neutra, sem avalia\u00e7\u00f5es.","og_url":"https:\/\/portaltela.pt\/noticias\/2026\/03\/10\/psd-inicia-jornadas-parlamentares-com-paulo-portas-como-convidado\/","og_site_name":"Portal Tela Portugal","article_published_time":"2026-03-10T06:10:00+00:00","author":"Telinha","twitter_card":"summary_large_image","twitter_misc":{"Escrito por":"Telinha"},"schema":{"@context":"https:\/\/schema.org","@graph":[{"@type":"Article","@id":"https:\/\/portaltela.pt\/noticias\/2026\/03\/10\/psd-inicia-jornadas-parlamentares-com-paulo-portas-como-convidado\/#article","isPartOf":{"@id":"https:\/\/portaltela.pt\/noticias\/2026\/03\/10\/psd-inicia-jornadas-parlamentares-com-paulo-portas-como-convidado\/"},"author":{"name":"Telinha","@id":"https:\/\/portaltela.pt\/#\/schema\/person\/c4278d4a6028830caff9ee44b42d32ed"},"headline":"PSD inicia jornadas parlamentares com Paulo Portas como convidado","datePublished":"2026-03-10T06:10:00+00:00","mainEntityOfPage":{"@id":"https:\/\/portaltela.pt\/noticias\/2026\/03\/10\/psd-inicia-jornadas-parlamentares-com-paulo-portas-como-convidado\/"},"wordCount":94,"image":{"@id":"https:\/\/portaltela.pt\/noticias\/2026\/03\/10\/psd-inicia-jornadas-parlamentares-com-paulo-portas-como-convidado\/#primaryimage"},"thumbnailUrl":"https:\/\/portaltela.pt\/s.01k8rhncp4jt1\/2026\/03\/CACHE_780X1200_ANALOG_WATERMARKED_42187427_2620424_21012024020821.jpg","keywords":["governo","partidos","Paulo Portas","pol\u00edtica","PSD","PSD\/CDS"],"articleSection":["Not\u00edcias","Pol\u00edtica"],"inLanguage":"pt-PT"},{"@type":"WebPage","@id":"https:\/\/portaltela.pt\/noticias\/2026\/03\/10\/psd-inicia-jornadas-parlamentares-com-paulo-portas-como-convidado\/","url":"https:\/\/portaltela.pt\/noticias\/2026\/03\/10\/psd-inicia-jornadas-parlamentares-com-paulo-portas-como-convidado\/","name":"PSD inicia jornadas parlamentares com Paulo Portas como convidado - Portal Tela Portugal","isPartOf":{"@id":"https:\/\/portaltela.pt\/#website"},"primaryImageOfPage":{"@id":"https:\/\/portaltela.pt\/noticias\/2026\/03\/10\/psd-inicia-jornadas-parlamentares-com-paulo-portas-como-convidado\/#primaryimage"},"image":{"@id":"https:\/\/portaltela.pt\/noticias\/2026\/03\/10\/psd-inicia-jornadas-parlamentares-com-paulo-portas-como-convidado\/#primaryimage"},"thumbnailUrl":"https:\/\/portaltela.pt\/s.01k8rhncp4jt1\/2026\/03\/CACHE_780X1200_ANALOG_WATERMARKED_42187427_2620424_21012024020821.jpg","datePublished":"2026-03-10T06:10:00+00:00","author":{"@id":"https:\/\/portaltela.pt\/#\/schema\/person\/c4278d4a6028830caff9ee44b42d32ed"},"breadcrumb":{"@id":"https:\/\/portaltela.pt\/noticias\/2026\/03\/10\/psd-inicia-jornadas-parlamentares-com-paulo-portas-como-convidado\/#breadcrumb"},"inLanguage":"pt-PT","potentialAction":[{"@type":"ReadAction","target":["https:\/\/portaltela.pt\/noticias\/2026\/03\/10\/psd-inicia-jornadas-parlamentares-com-paulo-portas-como-convidado\/"]}]},{"@type":"ImageObject","inLanguage":"pt-PT","@id":"https:\/\/portaltela.pt\/noticias\/2026\/03\/10\/psd-inicia-jornadas-parlamentares-com-paulo-portas-como-convidado\/#primaryimage","url":"https:\/\/portaltela.pt\/s.01k8rhncp4jt1\/2026\/03\/CACHE_780X1200_ANALOG_WATERMARKED_42187427_2620424_21012024020821.jpg","contentUrl":"https:\/\/portaltela.pt\/s.01k8rhncp4jt1\/2026\/03\/CACHE_780X1200_ANALOG_WATERMARKED_42187427_2620424_21012024020821.jpg","width":768,"height":512,"caption":"PSD inicia jornadas parlamentares com antigo vice-primeiro-ministro Paulo Portas como convidado"},{"@type":"BreadcrumbList","@id":"https:\/\/portaltela.pt\/noticias\/2026\/03\/10\/psd-inicia-jornadas-parlamentares-com-paulo-portas-como-convidado\/#breadcrumb","itemListElement":[{"@type":"ListItem","position":1,"name":"In\u00edcio","item":"https:\/\/portaltela.pt\/"},{"@type":"ListItem","position":2,"name":"PSD inicia jornadas parlamentares com Paulo Portas como convidado"}]},{"@type":"WebSite","@id":"https:\/\/portaltela.pt\/#website","url":"https:\/\/portaltela.pt\/","name":"Portal Tela Portugal","description":"","potentialAction":[{"@type":"SearchAction","target":{"@type":"EntryPoint","urlTemplate":"https:\/\/portaltela.pt\/?s={search_term_string}"},"query-input":{"@type":"PropertyValueSpecification","valueRequired":true,"valueName":"search_term_string"}}],"inLanguage":"pt-PT"},{"@type":"Person","@id":"https:\/\/portaltela.pt\/#\/schema\/person\/c4278d4a6028830caff9ee44b42d32ed","name":"Telinha","image":{"@type":"ImageObject","inLanguage":"pt-PT","@id":"https:\/\/portaltela.pt\/s.01k8rhncp4jt1\/2025\/11\/talking-bot-125x125.png","url":"https:\/\/portaltela.pt\/s.01k8rhncp4jt1\/2025\/11\/talking-bot-125x125.png","contentUrl":"https:\/\/portaltela.pt\/s.01k8rhncp4jt1\/2025\/11\/talking-bot-125x125.png","caption":"Telinha"},"sameAs":["https:\/\/portaltela.pt\/"],"url":"https:\/\/portaltela.pt\/por\/367410592786\/"}]}},"_links":{"self":[{"href":"https:\/\/portaltela.pt\/api\/wp\/v2\/posts\/404180","targetHints":{"allow":["GET"]}}],"collection":[{"href":"https:\/\/portaltela.pt\/api\/wp\/v2\/posts"}],"about":[{"href":"https:\/\/portaltela.pt\/api\/wp\/v2\/types\/post"}],"author":[{"embeddable":true,"href":"https:\/\/portaltela.pt\/api\/wp\/v2\/users\/2"}],"replies":[{"embeddable":true,"href":"https:\/\/portaltela.pt\/api\/wp\/v2\/comments?post=404180"}],"version-history":[{"count":0,"href":"https:\/\/portaltela.pt\/api\/wp\/v2\/posts\/404180\/revisions"}],"wp:featuredmedia":[{"embeddable":true,"href":"https:\/\/portaltela.pt\/api\/wp\/v2\/media\/404182"}],"wp:attachment":[{"href":"https:\/\/portaltela.pt\/api\/wp\/v2\/media?parent=404180"}],"wp:term":[{"taxonomy":"category","embeddable":true,"href":"https:\/\/portaltela.pt\/api\/wp\/v2\/categories?post=404180"},{"taxonomy":"post_tag","embeddable":true,"href":"https:\/\/portaltela.pt\/api\/wp\/v2\/tags?post=404180"}],"curies":[{"name":"wp","href":"https:\/\/api.w.org\/{rel}","templated":true}]}}