{"id":404168,"date":"2026-03-10T01:40:00","date_gmt":"2026-03-10T04:40:00","guid":{"rendered":"https:\/\/portaltela.pt\/noticias\/2026\/03\/10\/exercicios-entre-seul-e-washington-ameacam-estabilidade-afirma-pyongyang\/"},"modified":"2026-03-10T01:40:00","modified_gmt":"2026-03-10T04:40:00","slug":"exercicios-entre-seul-e-washington-ameacam-estabilidade-afirma-pyongyang","status":"publish","type":"post","link":"https:\/\/portaltela.pt\/noticias\/internacional\/2026\/03\/10\/exercicios-entre-seul-e-washington-ameacam-estabilidade-afirma-pyongyang\/","title":{"rendered":"Exerc\u00edcios entre Seul e Washington amea\u00e7am estabilidade, afirma Pyongyang"},"content":{"rendered":"<p>Kim Yo-jong, irm\u00e3 do l\u00edder norte-coreano Kim Jong-un, considerou que os exerc\u00edcios militares em curso entre a Coreia do Sul e os Estados Unidos amea\u00e7am a estabilidade regional. A rea\u00e7\u00e3o foi publicada pela imprensa estatal de Pyongyang.<\/p>\n<p>Segundo a nota de Pyongyang, as manobras conjuntas entre Seul e Washington elevam as tens\u00f5es e aproveitam-se de uma situa\u00e7\u00e3o j\u00e1 fr\u00e1gil na regi\u00e3o. O comunicado n\u00e3o detalha quais a\u00e7\u00f5es espec\u00edficas seriam prejudiciais.<\/p>\n<p>A posi\u00e7\u00e3o norte-coreana surge como resposta aos exerc\u00edcios, que, segundo o conte\u00fado dispon\u00edvel, s\u00e3o realizados de forma cont\u00ednua. Contudo, n\u00e3o h\u00e1 informa\u00e7\u00f5es adicionais sobre datas ou escalas no texto dispon\u00edvel.<\/p>\n<p>O conte\u00fado completo est\u00e1 dispon\u00edvel apenas para subscritores. O material foi veiculado pela ag\u00eancia Lusa, com base na nota oficial de Pyongyang.<\/p>\n","protected":false},"excerpt":{"rendered":"<ul>\n<li>Kim Yo-jong, irm\u00e3 do l\u00edder norte\u2011coreano Kim Jong\u2011un, afirmou que os exerc\u00edcios militares entre a Coreia do Sul e os Estados Unidos representam uma amea\u00e7a \u00e0 estabilidade regional.<\/li>\n<li>A declara\u00e7\u00e3o partiu de Pyongyang, em resposta \u00e0s manobras conjuntas.<\/li>\n<li>Os exerc\u00edcios em curso s\u00e3o entre Seul e Washington.<\/li>\n<li>N\u00e3o foram fornecidos detalhes adicionais sobre o treino.<\/li>\n<li>O conte\u00fado completo da not\u00edcia est\u00e1 dispon\u00edvel apenas para subscritores.<\/li>\n<\/ul>\n","protected":false},"author":2,"featured_media":404170,"comment_status":"closed","ping_status":"closed","sticky":false,"template":"","format":"standard","meta":{"footnotes":""},"categories":[6814,4],"tags":[2198,3006,6703,5193,5698,4222],"class_list":["post-404168","post","type-post","status-publish","format-standard","has-post-thumbnail","hentry","category-geopolitica","category-internacional","tag-conflitos-internacionais","tag-coreia-do-norte","tag-diplomacia-internacional","tag-exercicios-internacionais","tag-politica-internacional","tag-seguranca-internacional"],"yoast_head":"<!-- This site is optimized with the Yoast SEO plugin v27.2 - https:\/\/yoast.com\/product\/yoast-seo-wordpress\/ -->\n<title>Exerc\u00edcios entre Seul e Washington amea\u00e7am estabilidade, afirma Pyongyang - Portal Tela Portugal<\/title>\n<meta name=\"robots\" content=\"index, follow, max-snippet:-1, max-image-preview:large, max-video-preview:-1\" \/>\n<meta property=\"og:locale\" content=\"pt_PT\" \/>\n<meta property=\"og:type\" content=\"article\" \/>\n<meta property=\"og:title\" content=\"Exerc\u00edcios entre Seul e Washington amea\u00e7am estabilidade, afirma Pyongyang - Portal Tela Portugal\" \/>\n<meta property=\"og:description\" content=\"Kim Yo-jong, irm\u00e3 do l\u00edder norte\u2011coreano Kim Jong\u2011un, afirmou que os exerc\u00edcios militares entre a Coreia do Sul e os Estados Unidos representam uma amea\u00e7a \u00e0 estabilidade regional. A declara\u00e7\u00e3o partiu de Pyongyang, em resposta \u00e0s manobras conjuntas. Os exerc\u00edcios em curso s\u00e3o entre Seul e Washington. N\u00e3o foram fornecidos detalhes adicionais sobre o treino. O conte\u00fado completo da not\u00edcia est\u00e1 dispon\u00edvel apenas para subscritores.\" \/>\n<meta property=\"og:url\" content=\"https:\/\/portaltela.pt\/noticias\/2026\/03\/10\/exercicios-entre-seul-e-washington-ameacam-estabilidade-afirma-pyongyang\/\" \/>\n<meta property=\"og:site_name\" content=\"Portal Tela Portugal\" \/>\n<meta property=\"article:published_time\" content=\"2026-03-10T04:40:00+00:00\" \/>\n<meta name=\"author\" content=\"Telinha\" \/>\n<meta name=\"twitter:card\" content=\"summary_large_image\" \/>\n<meta name=\"twitter:label1\" content=\"Escrito por\" \/>\n\t<meta name=\"twitter:data1\" content=\"Telinha\" \/>\n\t<meta name=\"twitter:label2\" content=\"Tempo estimado de leitura\" \/>\n\t<meta name=\"twitter:data2\" content=\"1 minuto\" \/>\n<script type=\"application\/ld+json\" class=\"yoast-schema-graph\">{\"@context\":\"https:\/\/schema.org\",\"@graph\":[{\"@type\":\"Article\",\"@id\":\"https:\/\/portaltela.pt\/noticias\/2026\/03\/10\/exercicios-entre-seul-e-washington-ameacam-estabilidade-afirma-pyongyang\/#article\",\"isPartOf\":{\"@id\":\"https:\/\/portaltela.pt\/noticias\/2026\/03\/10\/exercicios-entre-seul-e-washington-ameacam-estabilidade-afirma-pyongyang\/\"},\"author\":{\"name\":\"Telinha\",\"@id\":\"https:\/\/portaltela.pt\/#\/schema\/person\/c4278d4a6028830caff9ee44b42d32ed\"},\"headline\":\"Exerc\u00edcios entre Seul e Washington amea\u00e7am estabilidade, afirma Pyongyang\",\"datePublished\":\"2026-03-10T04:40:00+00:00\",\"mainEntityOfPage\":{\"@id\":\"https:\/\/portaltela.pt\/noticias\/2026\/03\/10\/exercicios-entre-seul-e-washington-ameacam-estabilidade-afirma-pyongyang\/\"},\"wordCount\":156,\"image\":{\"@id\":\"https:\/\/portaltela.pt\/noticias\/2026\/03\/10\/exercicios-entre-seul-e-washington-ameacam-estabilidade-afirma-pyongyang\/#primaryimage\"},\"thumbnailUrl\":\"https:\/\/portaltela.pt\/s.01k8rhncp4jt1\/2026\/03\/CACHE_780X1200_ANALOG_WATERMARKED_46714314_575751811831585.jpg\",\"keywords\":[\"conflitos internacionais\",\"Coreia do Norte\",\"diplomacia internacional\",\"exerc\u00edcios internacionais\",\"pol\u00edtica internacional\",\"seguran\u00e7a internacional\"],\"articleSection\":[\"Geopol\u00edtica\",\"Internacional\"],\"inLanguage\":\"pt-PT\"},{\"@type\":\"WebPage\",\"@id\":\"https:\/\/portaltela.pt\/noticias\/2026\/03\/10\/exercicios-entre-seul-e-washington-ameacam-estabilidade-afirma-pyongyang\/\",\"url\":\"https:\/\/portaltela.pt\/noticias\/2026\/03\/10\/exercicios-entre-seul-e-washington-ameacam-estabilidade-afirma-pyongyang\/\",\"name\":\"Exerc\u00edcios entre Seul e Washington amea\u00e7am estabilidade, afirma Pyongyang - Portal Tela Portugal\",\"isPartOf\":{\"@id\":\"https:\/\/portaltela.pt\/#website\"},\"primaryImageOfPage\":{\"@id\":\"https:\/\/portaltela.pt\/noticias\/2026\/03\/10\/exercicios-entre-seul-e-washington-ameacam-estabilidade-afirma-pyongyang\/#primaryimage\"},\"image\":{\"@id\":\"https:\/\/portaltela.pt\/noticias\/2026\/03\/10\/exercicios-entre-seul-e-washington-ameacam-estabilidade-afirma-pyongyang\/#primaryimage\"},\"thumbnailUrl\":\"https:\/\/portaltela.pt\/s.01k8rhncp4jt1\/2026\/03\/CACHE_780X1200_ANALOG_WATERMARKED_46714314_575751811831585.jpg\",\"datePublished\":\"2026-03-10T04:40:00+00:00\",\"author\":{\"@id\":\"https:\/\/portaltela.pt\/#\/schema\/person\/c4278d4a6028830caff9ee44b42d32ed\"},\"breadcrumb\":{\"@id\":\"https:\/\/portaltela.pt\/noticias\/2026\/03\/10\/exercicios-entre-seul-e-washington-ameacam-estabilidade-afirma-pyongyang\/#breadcrumb\"},\"inLanguage\":\"pt-PT\",\"potentialAction\":[{\"@type\":\"ReadAction\",\"target\":[\"https:\/\/portaltela.pt\/noticias\/2026\/03\/10\/exercicios-entre-seul-e-washington-ameacam-estabilidade-afirma-pyongyang\/\"]}]},{\"@type\":\"ImageObject\",\"inLanguage\":\"pt-PT\",\"@id\":\"https:\/\/portaltela.pt\/noticias\/2026\/03\/10\/exercicios-entre-seul-e-washington-ameacam-estabilidade-afirma-pyongyang\/#primaryimage\",\"url\":\"https:\/\/portaltela.pt\/s.01k8rhncp4jt1\/2026\/03\/CACHE_780X1200_ANALOG_WATERMARKED_46714314_575751811831585.jpg\",\"contentUrl\":\"https:\/\/portaltela.pt\/s.01k8rhncp4jt1\/2026\/03\/CACHE_780X1200_ANALOG_WATERMARKED_46714314_575751811831585.jpg\",\"width\":796,\"height\":448,\"caption\":\"Exerc\u00edcios militares de Seul e Washington amea\u00e7am estabilidade - Pyongyang\"},{\"@type\":\"BreadcrumbList\",\"@id\":\"https:\/\/portaltela.pt\/noticias\/2026\/03\/10\/exercicios-entre-seul-e-washington-ameacam-estabilidade-afirma-pyongyang\/#breadcrumb\",\"itemListElement\":[{\"@type\":\"ListItem\",\"position\":1,\"name\":\"In\u00edcio\",\"item\":\"https:\/\/portaltela.pt\/\"},{\"@type\":\"ListItem\",\"position\":2,\"name\":\"Exerc\u00edcios entre Seul e Washington amea\u00e7am estabilidade, afirma Pyongyang\"}]},{\"@type\":\"WebSite\",\"@id\":\"https:\/\/portaltela.pt\/#website\",\"url\":\"https:\/\/portaltela.pt\/\",\"name\":\"Portal Tela Portugal\",\"description\":\"\",\"potentialAction\":[{\"@type\":\"SearchAction\",\"target\":{\"@type\":\"EntryPoint\",\"urlTemplate\":\"https:\/\/portaltela.pt\/?s={search_term_string}\"},\"query-input\":{\"@type\":\"PropertyValueSpecification\",\"valueRequired\":true,\"valueName\":\"search_term_string\"}}],\"inLanguage\":\"pt-PT\"},{\"@type\":\"Person\",\"@id\":\"https:\/\/portaltela.pt\/#\/schema\/person\/c4278d4a6028830caff9ee44b42d32ed\",\"name\":\"Telinha\",\"image\":{\"@type\":\"ImageObject\",\"inLanguage\":\"pt-PT\",\"@id\":\"https:\/\/portaltela.pt\/s.01k8rhncp4jt1\/2025\/11\/talking-bot-125x125.png\",\"url\":\"https:\/\/portaltela.pt\/s.01k8rhncp4jt1\/2025\/11\/talking-bot-125x125.png\",\"contentUrl\":\"https:\/\/portaltela.pt\/s.01k8rhncp4jt1\/2025\/11\/talking-bot-125x125.png\",\"caption\":\"Telinha\"},\"sameAs\":[\"https:\/\/portaltela.pt\/\"],\"url\":\"https:\/\/portaltela.pt\/por\/367410592786\/\"}]}<\/script>\n<!-- \/ Yoast SEO plugin. -->","yoast_head_json":{"title":"Exerc\u00edcios entre Seul e Washington amea\u00e7am estabilidade, afirma Pyongyang - Portal Tela Portugal","robots":{"index":"index","follow":"follow","max-snippet":"max-snippet:-1","max-image-preview":"max-image-preview:large","max-video-preview":"max-video-preview:-1"},"og_locale":"pt_PT","og_type":"article","og_title":"Exerc\u00edcios entre Seul e Washington amea\u00e7am estabilidade, afirma Pyongyang - Portal Tela Portugal","og_description":"Kim Yo-jong, irm\u00e3 do l\u00edder norte\u2011coreano Kim Jong\u2011un, afirmou que os exerc\u00edcios militares entre a Coreia do Sul e os Estados Unidos representam uma amea\u00e7a \u00e0 estabilidade regional. A declara\u00e7\u00e3o partiu de Pyongyang, em resposta \u00e0s manobras conjuntas. Os exerc\u00edcios em curso s\u00e3o entre Seul e Washington. N\u00e3o foram fornecidos detalhes adicionais sobre o treino. O conte\u00fado completo da not\u00edcia est\u00e1 dispon\u00edvel apenas para subscritores.","og_url":"https:\/\/portaltela.pt\/noticias\/2026\/03\/10\/exercicios-entre-seul-e-washington-ameacam-estabilidade-afirma-pyongyang\/","og_site_name":"Portal Tela Portugal","article_published_time":"2026-03-10T04:40:00+00:00","author":"Telinha","twitter_card":"summary_large_image","twitter_misc":{"Escrito por":"Telinha","Tempo estimado de leitura":"1 minuto"},"schema":{"@context":"https:\/\/schema.org","@graph":[{"@type":"Article","@id":"https:\/\/portaltela.pt\/noticias\/2026\/03\/10\/exercicios-entre-seul-e-washington-ameacam-estabilidade-afirma-pyongyang\/#article","isPartOf":{"@id":"https:\/\/portaltela.pt\/noticias\/2026\/03\/10\/exercicios-entre-seul-e-washington-ameacam-estabilidade-afirma-pyongyang\/"},"author":{"name":"Telinha","@id":"https:\/\/portaltela.pt\/#\/schema\/person\/c4278d4a6028830caff9ee44b42d32ed"},"headline":"Exerc\u00edcios entre Seul e Washington amea\u00e7am estabilidade, afirma Pyongyang","datePublished":"2026-03-10T04:40:00+00:00","mainEntityOfPage":{"@id":"https:\/\/portaltela.pt\/noticias\/2026\/03\/10\/exercicios-entre-seul-e-washington-ameacam-estabilidade-afirma-pyongyang\/"},"wordCount":156,"image":{"@id":"https:\/\/portaltela.pt\/noticias\/2026\/03\/10\/exercicios-entre-seul-e-washington-ameacam-estabilidade-afirma-pyongyang\/#primaryimage"},"thumbnailUrl":"https:\/\/portaltela.pt\/s.01k8rhncp4jt1\/2026\/03\/CACHE_780X1200_ANALOG_WATERMARKED_46714314_575751811831585.jpg","keywords":["conflitos internacionais","Coreia do Norte","diplomacia internacional","exerc\u00edcios internacionais","pol\u00edtica internacional","seguran\u00e7a internacional"],"articleSection":["Geopol\u00edtica","Internacional"],"inLanguage":"pt-PT"},{"@type":"WebPage","@id":"https:\/\/portaltela.pt\/noticias\/2026\/03\/10\/exercicios-entre-seul-e-washington-ameacam-estabilidade-afirma-pyongyang\/","url":"https:\/\/portaltela.pt\/noticias\/2026\/03\/10\/exercicios-entre-seul-e-washington-ameacam-estabilidade-afirma-pyongyang\/","name":"Exerc\u00edcios entre Seul e Washington amea\u00e7am estabilidade, afirma Pyongyang - Portal Tela Portugal","isPartOf":{"@id":"https:\/\/portaltela.pt\/#website"},"primaryImageOfPage":{"@id":"https:\/\/portaltela.pt\/noticias\/2026\/03\/10\/exercicios-entre-seul-e-washington-ameacam-estabilidade-afirma-pyongyang\/#primaryimage"},"image":{"@id":"https:\/\/portaltela.pt\/noticias\/2026\/03\/10\/exercicios-entre-seul-e-washington-ameacam-estabilidade-afirma-pyongyang\/#primaryimage"},"thumbnailUrl":"https:\/\/portaltela.pt\/s.01k8rhncp4jt1\/2026\/03\/CACHE_780X1200_ANALOG_WATERMARKED_46714314_575751811831585.jpg","datePublished":"2026-03-10T04:40:00+00:00","author":{"@id":"https:\/\/portaltela.pt\/#\/schema\/person\/c4278d4a6028830caff9ee44b42d32ed"},"breadcrumb":{"@id":"https:\/\/portaltela.pt\/noticias\/2026\/03\/10\/exercicios-entre-seul-e-washington-ameacam-estabilidade-afirma-pyongyang\/#breadcrumb"},"inLanguage":"pt-PT","potentialAction":[{"@type":"ReadAction","target":["https:\/\/portaltela.pt\/noticias\/2026\/03\/10\/exercicios-entre-seul-e-washington-ameacam-estabilidade-afirma-pyongyang\/"]}]},{"@type":"ImageObject","inLanguage":"pt-PT","@id":"https:\/\/portaltela.pt\/noticias\/2026\/03\/10\/exercicios-entre-seul-e-washington-ameacam-estabilidade-afirma-pyongyang\/#primaryimage","url":"https:\/\/portaltela.pt\/s.01k8rhncp4jt1\/2026\/03\/CACHE_780X1200_ANALOG_WATERMARKED_46714314_575751811831585.jpg","contentUrl":"https:\/\/portaltela.pt\/s.01k8rhncp4jt1\/2026\/03\/CACHE_780X1200_ANALOG_WATERMARKED_46714314_575751811831585.jpg","width":796,"height":448,"caption":"Exerc\u00edcios militares de Seul e Washington amea\u00e7am estabilidade - Pyongyang"},{"@type":"BreadcrumbList","@id":"https:\/\/portaltela.pt\/noticias\/2026\/03\/10\/exercicios-entre-seul-e-washington-ameacam-estabilidade-afirma-pyongyang\/#breadcrumb","itemListElement":[{"@type":"ListItem","position":1,"name":"In\u00edcio","item":"https:\/\/portaltela.pt\/"},{"@type":"ListItem","position":2,"name":"Exerc\u00edcios entre Seul e Washington amea\u00e7am estabilidade, afirma Pyongyang"}]},{"@type":"WebSite","@id":"https:\/\/portaltela.pt\/#website","url":"https:\/\/portaltela.pt\/","name":"Portal Tela Portugal","description":"","potentialAction":[{"@type":"SearchAction","target":{"@type":"EntryPoint","urlTemplate":"https:\/\/portaltela.pt\/?s={search_term_string}"},"query-input":{"@type":"PropertyValueSpecification","valueRequired":true,"valueName":"search_term_string"}}],"inLanguage":"pt-PT"},{"@type":"Person","@id":"https:\/\/portaltela.pt\/#\/schema\/person\/c4278d4a6028830caff9ee44b42d32ed","name":"Telinha","image":{"@type":"ImageObject","inLanguage":"pt-PT","@id":"https:\/\/portaltela.pt\/s.01k8rhncp4jt1\/2025\/11\/talking-bot-125x125.png","url":"https:\/\/portaltela.pt\/s.01k8rhncp4jt1\/2025\/11\/talking-bot-125x125.png","contentUrl":"https:\/\/portaltela.pt\/s.01k8rhncp4jt1\/2025\/11\/talking-bot-125x125.png","caption":"Telinha"},"sameAs":["https:\/\/portaltela.pt\/"],"url":"https:\/\/portaltela.pt\/por\/367410592786\/"}]}},"_links":{"self":[{"href":"https:\/\/portaltela.pt\/api\/wp\/v2\/posts\/404168","targetHints":{"allow":["GET"]}}],"collection":[{"href":"https:\/\/portaltela.pt\/api\/wp\/v2\/posts"}],"about":[{"href":"https:\/\/portaltela.pt\/api\/wp\/v2\/types\/post"}],"author":[{"embeddable":true,"href":"https:\/\/portaltela.pt\/api\/wp\/v2\/users\/2"}],"replies":[{"embeddable":true,"href":"https:\/\/portaltela.pt\/api\/wp\/v2\/comments?post=404168"}],"version-history":[{"count":0,"href":"https:\/\/portaltela.pt\/api\/wp\/v2\/posts\/404168\/revisions"}],"wp:featuredmedia":[{"embeddable":true,"href":"https:\/\/portaltela.pt\/api\/wp\/v2\/media\/404170"}],"wp:attachment":[{"href":"https:\/\/portaltela.pt\/api\/wp\/v2\/media?parent=404168"}],"wp:term":[{"taxonomy":"category","embeddable":true,"href":"https:\/\/portaltela.pt\/api\/wp\/v2\/categories?post=404168"},{"taxonomy":"post_tag","embeddable":true,"href":"https:\/\/portaltela.pt\/api\/wp\/v2\/tags?post=404168"}],"curies":[{"name":"wp","href":"https:\/\/api.w.org\/{rel}","templated":true}]}}