{"id":404124,"date":"2026-03-09T22:30:00","date_gmt":"2026-03-10T01:30:00","guid":{"rendered":"https:\/\/portaltela.pt\/noticias\/2026\/03\/09\/aluno-de-12-anos-que-sofria-bullying-levou-faca-a-escola-para-se-defender\/"},"modified":"2026-03-09T22:30:00","modified_gmt":"2026-03-10T01:30:00","slug":"aluno-de-12-anos-que-sofria-bullying-levou-faca-a-escola-para-se-defender","status":"publish","type":"post","link":"https:\/\/portaltela.pt\/noticias\/2026\/03\/09\/aluno-de-12-anos-que-sofria-bullying-levou-faca-a-escola-para-se-defender\/","title":{"rendered":"Aluno de 12 anos que sofria bullying levou faca \u00e0 escola para se defender"},"content":{"rendered":"<p>Um aluno de 12 anos foi detido com uma faca de cozinha de grandes dimens\u00f5es numa escola em Marvila, Lisboa. O incidente ocorreu na quarta-feira recente e a arma apresentava-se na mochila do menor, segundo a den\u00fancia feita pela coordena\u00e7\u00e3o \u00e0 PSP. A pol\u00edcia acionou uma equipa da Escola Segura para acompanhar a ocorr\u00eancia.<\/p>\n<p>O aluno alegou que a faca servia para se defender de agress\u00f5es no ambiente escolar, motivadas por bullying. N\u00e3o h\u00e1 indica\u00e7\u00e3o de que o menor tenha procurado causar danos, apenas defender-se.<\/p>\n<p>A PSP abriu o procedimento de rotina para apurar a situa\u00e7\u00e3o, com a escola a colaborar no esclarecimento dos factos. A Comiss\u00e3o de Prote\u00e7\u00e3o de Crian\u00e7as e Jovens n\u00e3o indicou qualquer registro contra o menor, e o Tribunal de Fam\u00edlia e Menores de Lisboa foi notificado para acompanhar o caso.<\/p>\n<p>Segundo fontes habituais da cobertura, n\u00e3o foram detetadas dificuldades familiares que pudessem ter contribu\u00eddo para o aparecimento da arma na escola. O processo segue em funcionamento, com monitoriza\u00e7\u00e3o institucional atribu\u00edda \u00e0s entidades competentes.<\/p>\n","protected":false},"excerpt":{"rendered":"<ul>\n<li>Um aluno de 12 anos foi apanhado com uma faca de cozinha de grandes dimens\u00f5es numa escola de Marvila, Lisboa, na passada quarta-feira.<\/li>\n<li>A arma era supostamente para se defender de agressores no bullying no ambiente escolar.<\/li>\n<li>A den\u00fancia \u00e0 PSP foi feita pela coordena\u00e7\u00e3o da escola, que detetou a faca na mochila e anunciou a pol\u00edcia.<\/li>\n<li>A PSP acionou uma equipa da Escola Segura; o menor n\u00e3o est\u00e1 referenciado na Comiss\u00e3o de Prote\u00e7\u00e3o de Crian\u00e7as e Jovens, e o Tribunal de Fam\u00edlia e Menores de Lisboa foi tamb\u00e9m acionado.<\/li>\n<li>Segundo o CM, n\u00e3o havia problemas familiares que pudessem antecipar o sucedido.<\/li>\n<\/ul>\n","protected":false},"author":2,"featured_media":404135,"comment_status":"closed","ping_status":"closed","sticky":false,"template":"","format":"standard","meta":{"footnotes":""},"categories":[1],"tags":[182,4823,163,981,250,939],"class_list":["post-404124","post","type-post","status-publish","format-standard","has-post-thumbnail","hentry","category-noticias","tag-armas","tag-armas-brancas","tag-educacao","tag-lisboa","tag-seguranca-publica","tag-violencia"],"yoast_head":"<!-- This site is optimized with the Yoast SEO plugin v27.2 - https:\/\/yoast.com\/product\/yoast-seo-wordpress\/ -->\n<title>Aluno de 12 anos que sofria bullying levou faca \u00e0 escola para se defender - Portal Tela Portugal<\/title>\n<meta name=\"robots\" content=\"index, follow, max-snippet:-1, max-image-preview:large, max-video-preview:-1\" \/>\n<meta property=\"og:locale\" content=\"pt_PT\" \/>\n<meta property=\"og:type\" content=\"article\" \/>\n<meta property=\"og:title\" content=\"Aluno de 12 anos que sofria bullying levou faca \u00e0 escola para se defender - Portal Tela Portugal\" \/>\n<meta property=\"og:description\" content=\"Um aluno de 12 anos foi apanhado com uma faca de cozinha de grandes dimens\u00f5es numa escola de Marvila, Lisboa, na passada quarta-feira. A arma era supostamente para se defender de agressores no bullying no ambiente escolar. A den\u00fancia \u00e0 PSP foi feita pela coordena\u00e7\u00e3o da escola, que detetou a faca na mochila e anunciou a pol\u00edcia. A PSP acionou uma equipa da Escola Segura; o menor n\u00e3o est\u00e1 referenciado na Comiss\u00e3o de Prote\u00e7\u00e3o de Crian\u00e7as e Jovens, e o Tribunal de Fam\u00edlia e Menores de Lisboa foi tamb\u00e9m acionado. Segundo o CM, n\u00e3o havia problemas familiares que pudessem antecipar o sucedido.\" \/>\n<meta property=\"og:url\" content=\"https:\/\/portaltela.pt\/noticias\/2026\/03\/09\/aluno-de-12-anos-que-sofria-bullying-levou-faca-a-escola-para-se-defender\/\" \/>\n<meta property=\"og:site_name\" content=\"Portal Tela Portugal\" \/>\n<meta property=\"article:published_time\" content=\"2026-03-10T01:30:00+00:00\" \/>\n<meta name=\"author\" content=\"Telinha\" \/>\n<meta name=\"twitter:card\" content=\"summary_large_image\" \/>\n<meta name=\"twitter:label1\" content=\"Escrito por\" \/>\n\t<meta name=\"twitter:data1\" content=\"Telinha\" \/>\n\t<meta name=\"twitter:label2\" content=\"Tempo estimado de leitura\" \/>\n\t<meta name=\"twitter:data2\" content=\"1 minuto\" \/>\n<script type=\"application\/ld+json\" class=\"yoast-schema-graph\">{\"@context\":\"https:\/\/schema.org\",\"@graph\":[{\"@type\":\"Article\",\"@id\":\"https:\/\/portaltela.pt\/noticias\/2026\/03\/09\/aluno-de-12-anos-que-sofria-bullying-levou-faca-a-escola-para-se-defender\/#article\",\"isPartOf\":{\"@id\":\"https:\/\/portaltela.pt\/noticias\/2026\/03\/09\/aluno-de-12-anos-que-sofria-bullying-levou-faca-a-escola-para-se-defender\/\"},\"author\":{\"name\":\"Telinha\",\"@id\":\"https:\/\/portaltela.pt\/#\/schema\/person\/c4278d4a6028830caff9ee44b42d32ed\"},\"headline\":\"Aluno de 12 anos que sofria bullying levou faca \u00e0 escola para se defender\",\"datePublished\":\"2026-03-10T01:30:00+00:00\",\"mainEntityOfPage\":{\"@id\":\"https:\/\/portaltela.pt\/noticias\/2026\/03\/09\/aluno-de-12-anos-que-sofria-bullying-levou-faca-a-escola-para-se-defender\/\"},\"wordCount\":196,\"image\":{\"@id\":\"https:\/\/portaltela.pt\/noticias\/2026\/03\/09\/aluno-de-12-anos-que-sofria-bullying-levou-faca-a-escola-para-se-defender\/#primaryimage\"},\"thumbnailUrl\":\"https:\/\/portaltela.pt\/s.01k8rhncp4jt1\/2026\/03\/img_1280x721uu2026-03-09-20-37-14-2271413.jpg\",\"keywords\":[\"armas\",\"armas brancas\",\"educa\u00e7\u00e3o\",\"Lisboa\",\"seguran\u00e7a p\u00fablica\",\"viol\u00eancia\"],\"articleSection\":[\"Not\u00edcias\"],\"inLanguage\":\"pt-PT\"},{\"@type\":\"WebPage\",\"@id\":\"https:\/\/portaltela.pt\/noticias\/2026\/03\/09\/aluno-de-12-anos-que-sofria-bullying-levou-faca-a-escola-para-se-defender\/\",\"url\":\"https:\/\/portaltela.pt\/noticias\/2026\/03\/09\/aluno-de-12-anos-que-sofria-bullying-levou-faca-a-escola-para-se-defender\/\",\"name\":\"Aluno de 12 anos que sofria bullying levou faca \u00e0 escola para se defender - Portal Tela Portugal\",\"isPartOf\":{\"@id\":\"https:\/\/portaltela.pt\/#website\"},\"primaryImageOfPage\":{\"@id\":\"https:\/\/portaltela.pt\/noticias\/2026\/03\/09\/aluno-de-12-anos-que-sofria-bullying-levou-faca-a-escola-para-se-defender\/#primaryimage\"},\"image\":{\"@id\":\"https:\/\/portaltela.pt\/noticias\/2026\/03\/09\/aluno-de-12-anos-que-sofria-bullying-levou-faca-a-escola-para-se-defender\/#primaryimage\"},\"thumbnailUrl\":\"https:\/\/portaltela.pt\/s.01k8rhncp4jt1\/2026\/03\/img_1280x721uu2026-03-09-20-37-14-2271413.jpg\",\"datePublished\":\"2026-03-10T01:30:00+00:00\",\"author\":{\"@id\":\"https:\/\/portaltela.pt\/#\/schema\/person\/c4278d4a6028830caff9ee44b42d32ed\"},\"breadcrumb\":{\"@id\":\"https:\/\/portaltela.pt\/noticias\/2026\/03\/09\/aluno-de-12-anos-que-sofria-bullying-levou-faca-a-escola-para-se-defender\/#breadcrumb\"},\"inLanguage\":\"pt-PT\",\"potentialAction\":[{\"@type\":\"ReadAction\",\"target\":[\"https:\/\/portaltela.pt\/noticias\/2026\/03\/09\/aluno-de-12-anos-que-sofria-bullying-levou-faca-a-escola-para-se-defender\/\"]}]},{\"@type\":\"ImageObject\",\"inLanguage\":\"pt-PT\",\"@id\":\"https:\/\/portaltela.pt\/noticias\/2026\/03\/09\/aluno-de-12-anos-que-sofria-bullying-levou-faca-a-escola-para-se-defender\/#primaryimage\",\"url\":\"https:\/\/portaltela.pt\/s.01k8rhncp4jt1\/2026\/03\/img_1280x721uu2026-03-09-20-37-14-2271413.jpg\",\"contentUrl\":\"https:\/\/portaltela.pt\/s.01k8rhncp4jt1\/2026\/03\/img_1280x721uu2026-03-09-20-37-14-2271413.jpg\",\"width\":796,\"height\":448,\"caption\":\"Caso foi reportado \u00e0 Escola Segura\"},{\"@type\":\"BreadcrumbList\",\"@id\":\"https:\/\/portaltela.pt\/noticias\/2026\/03\/09\/aluno-de-12-anos-que-sofria-bullying-levou-faca-a-escola-para-se-defender\/#breadcrumb\",\"itemListElement\":[{\"@type\":\"ListItem\",\"position\":1,\"name\":\"In\u00edcio\",\"item\":\"https:\/\/portaltela.pt\/\"},{\"@type\":\"ListItem\",\"position\":2,\"name\":\"Aluno de 12 anos que sofria bullying levou faca \u00e0 escola para se defender\"}]},{\"@type\":\"WebSite\",\"@id\":\"https:\/\/portaltela.pt\/#website\",\"url\":\"https:\/\/portaltela.pt\/\",\"name\":\"Portal Tela Portugal\",\"description\":\"\",\"potentialAction\":[{\"@type\":\"SearchAction\",\"target\":{\"@type\":\"EntryPoint\",\"urlTemplate\":\"https:\/\/portaltela.pt\/?s={search_term_string}\"},\"query-input\":{\"@type\":\"PropertyValueSpecification\",\"valueRequired\":true,\"valueName\":\"search_term_string\"}}],\"inLanguage\":\"pt-PT\"},{\"@type\":\"Person\",\"@id\":\"https:\/\/portaltela.pt\/#\/schema\/person\/c4278d4a6028830caff9ee44b42d32ed\",\"name\":\"Telinha\",\"image\":{\"@type\":\"ImageObject\",\"inLanguage\":\"pt-PT\",\"@id\":\"https:\/\/portaltela.pt\/s.01k8rhncp4jt1\/2025\/11\/talking-bot-125x125.png\",\"url\":\"https:\/\/portaltela.pt\/s.01k8rhncp4jt1\/2025\/11\/talking-bot-125x125.png\",\"contentUrl\":\"https:\/\/portaltela.pt\/s.01k8rhncp4jt1\/2025\/11\/talking-bot-125x125.png\",\"caption\":\"Telinha\"},\"sameAs\":[\"https:\/\/portaltela.pt\/\"],\"url\":\"https:\/\/portaltela.pt\/por\/367410592786\/\"}]}<\/script>\n<!-- \/ Yoast SEO plugin. -->","yoast_head_json":{"title":"Aluno de 12 anos que sofria bullying levou faca \u00e0 escola para se defender - Portal Tela Portugal","robots":{"index":"index","follow":"follow","max-snippet":"max-snippet:-1","max-image-preview":"max-image-preview:large","max-video-preview":"max-video-preview:-1"},"og_locale":"pt_PT","og_type":"article","og_title":"Aluno de 12 anos que sofria bullying levou faca \u00e0 escola para se defender - Portal Tela Portugal","og_description":"Um aluno de 12 anos foi apanhado com uma faca de cozinha de grandes dimens\u00f5es numa escola de Marvila, Lisboa, na passada quarta-feira. A arma era supostamente para se defender de agressores no bullying no ambiente escolar. A den\u00fancia \u00e0 PSP foi feita pela coordena\u00e7\u00e3o da escola, que detetou a faca na mochila e anunciou a pol\u00edcia. A PSP acionou uma equipa da Escola Segura; o menor n\u00e3o est\u00e1 referenciado na Comiss\u00e3o de Prote\u00e7\u00e3o de Crian\u00e7as e Jovens, e o Tribunal de Fam\u00edlia e Menores de Lisboa foi tamb\u00e9m acionado. Segundo o CM, n\u00e3o havia problemas familiares que pudessem antecipar o sucedido.","og_url":"https:\/\/portaltela.pt\/noticias\/2026\/03\/09\/aluno-de-12-anos-que-sofria-bullying-levou-faca-a-escola-para-se-defender\/","og_site_name":"Portal Tela Portugal","article_published_time":"2026-03-10T01:30:00+00:00","author":"Telinha","twitter_card":"summary_large_image","twitter_misc":{"Escrito por":"Telinha","Tempo estimado de leitura":"1 minuto"},"schema":{"@context":"https:\/\/schema.org","@graph":[{"@type":"Article","@id":"https:\/\/portaltela.pt\/noticias\/2026\/03\/09\/aluno-de-12-anos-que-sofria-bullying-levou-faca-a-escola-para-se-defender\/#article","isPartOf":{"@id":"https:\/\/portaltela.pt\/noticias\/2026\/03\/09\/aluno-de-12-anos-que-sofria-bullying-levou-faca-a-escola-para-se-defender\/"},"author":{"name":"Telinha","@id":"https:\/\/portaltela.pt\/#\/schema\/person\/c4278d4a6028830caff9ee44b42d32ed"},"headline":"Aluno de 12 anos que sofria bullying levou faca \u00e0 escola para se defender","datePublished":"2026-03-10T01:30:00+00:00","mainEntityOfPage":{"@id":"https:\/\/portaltela.pt\/noticias\/2026\/03\/09\/aluno-de-12-anos-que-sofria-bullying-levou-faca-a-escola-para-se-defender\/"},"wordCount":196,"image":{"@id":"https:\/\/portaltela.pt\/noticias\/2026\/03\/09\/aluno-de-12-anos-que-sofria-bullying-levou-faca-a-escola-para-se-defender\/#primaryimage"},"thumbnailUrl":"https:\/\/portaltela.pt\/s.01k8rhncp4jt1\/2026\/03\/img_1280x721uu2026-03-09-20-37-14-2271413.jpg","keywords":["armas","armas brancas","educa\u00e7\u00e3o","Lisboa","seguran\u00e7a p\u00fablica","viol\u00eancia"],"articleSection":["Not\u00edcias"],"inLanguage":"pt-PT"},{"@type":"WebPage","@id":"https:\/\/portaltela.pt\/noticias\/2026\/03\/09\/aluno-de-12-anos-que-sofria-bullying-levou-faca-a-escola-para-se-defender\/","url":"https:\/\/portaltela.pt\/noticias\/2026\/03\/09\/aluno-de-12-anos-que-sofria-bullying-levou-faca-a-escola-para-se-defender\/","name":"Aluno de 12 anos que sofria bullying levou faca \u00e0 escola para se defender - Portal Tela Portugal","isPartOf":{"@id":"https:\/\/portaltela.pt\/#website"},"primaryImageOfPage":{"@id":"https:\/\/portaltela.pt\/noticias\/2026\/03\/09\/aluno-de-12-anos-que-sofria-bullying-levou-faca-a-escola-para-se-defender\/#primaryimage"},"image":{"@id":"https:\/\/portaltela.pt\/noticias\/2026\/03\/09\/aluno-de-12-anos-que-sofria-bullying-levou-faca-a-escola-para-se-defender\/#primaryimage"},"thumbnailUrl":"https:\/\/portaltela.pt\/s.01k8rhncp4jt1\/2026\/03\/img_1280x721uu2026-03-09-20-37-14-2271413.jpg","datePublished":"2026-03-10T01:30:00+00:00","author":{"@id":"https:\/\/portaltela.pt\/#\/schema\/person\/c4278d4a6028830caff9ee44b42d32ed"},"breadcrumb":{"@id":"https:\/\/portaltela.pt\/noticias\/2026\/03\/09\/aluno-de-12-anos-que-sofria-bullying-levou-faca-a-escola-para-se-defender\/#breadcrumb"},"inLanguage":"pt-PT","potentialAction":[{"@type":"ReadAction","target":["https:\/\/portaltela.pt\/noticias\/2026\/03\/09\/aluno-de-12-anos-que-sofria-bullying-levou-faca-a-escola-para-se-defender\/"]}]},{"@type":"ImageObject","inLanguage":"pt-PT","@id":"https:\/\/portaltela.pt\/noticias\/2026\/03\/09\/aluno-de-12-anos-que-sofria-bullying-levou-faca-a-escola-para-se-defender\/#primaryimage","url":"https:\/\/portaltela.pt\/s.01k8rhncp4jt1\/2026\/03\/img_1280x721uu2026-03-09-20-37-14-2271413.jpg","contentUrl":"https:\/\/portaltela.pt\/s.01k8rhncp4jt1\/2026\/03\/img_1280x721uu2026-03-09-20-37-14-2271413.jpg","width":796,"height":448,"caption":"Caso foi reportado \u00e0 Escola Segura"},{"@type":"BreadcrumbList","@id":"https:\/\/portaltela.pt\/noticias\/2026\/03\/09\/aluno-de-12-anos-que-sofria-bullying-levou-faca-a-escola-para-se-defender\/#breadcrumb","itemListElement":[{"@type":"ListItem","position":1,"name":"In\u00edcio","item":"https:\/\/portaltela.pt\/"},{"@type":"ListItem","position":2,"name":"Aluno de 12 anos que sofria bullying levou faca \u00e0 escola para se defender"}]},{"@type":"WebSite","@id":"https:\/\/portaltela.pt\/#website","url":"https:\/\/portaltela.pt\/","name":"Portal Tela Portugal","description":"","potentialAction":[{"@type":"SearchAction","target":{"@type":"EntryPoint","urlTemplate":"https:\/\/portaltela.pt\/?s={search_term_string}"},"query-input":{"@type":"PropertyValueSpecification","valueRequired":true,"valueName":"search_term_string"}}],"inLanguage":"pt-PT"},{"@type":"Person","@id":"https:\/\/portaltela.pt\/#\/schema\/person\/c4278d4a6028830caff9ee44b42d32ed","name":"Telinha","image":{"@type":"ImageObject","inLanguage":"pt-PT","@id":"https:\/\/portaltela.pt\/s.01k8rhncp4jt1\/2025\/11\/talking-bot-125x125.png","url":"https:\/\/portaltela.pt\/s.01k8rhncp4jt1\/2025\/11\/talking-bot-125x125.png","contentUrl":"https:\/\/portaltela.pt\/s.01k8rhncp4jt1\/2025\/11\/talking-bot-125x125.png","caption":"Telinha"},"sameAs":["https:\/\/portaltela.pt\/"],"url":"https:\/\/portaltela.pt\/por\/367410592786\/"}]}},"_links":{"self":[{"href":"https:\/\/portaltela.pt\/api\/wp\/v2\/posts\/404124","targetHints":{"allow":["GET"]}}],"collection":[{"href":"https:\/\/portaltela.pt\/api\/wp\/v2\/posts"}],"about":[{"href":"https:\/\/portaltela.pt\/api\/wp\/v2\/types\/post"}],"author":[{"embeddable":true,"href":"https:\/\/portaltela.pt\/api\/wp\/v2\/users\/2"}],"replies":[{"embeddable":true,"href":"https:\/\/portaltela.pt\/api\/wp\/v2\/comments?post=404124"}],"version-history":[{"count":0,"href":"https:\/\/portaltela.pt\/api\/wp\/v2\/posts\/404124\/revisions"}],"wp:featuredmedia":[{"embeddable":true,"href":"https:\/\/portaltela.pt\/api\/wp\/v2\/media\/404135"}],"wp:attachment":[{"href":"https:\/\/portaltela.pt\/api\/wp\/v2\/media?parent=404124"}],"wp:term":[{"taxonomy":"category","embeddable":true,"href":"https:\/\/portaltela.pt\/api\/wp\/v2\/categories?post=404124"},{"taxonomy":"post_tag","embeddable":true,"href":"https:\/\/portaltela.pt\/api\/wp\/v2\/tags?post=404124"}],"curies":[{"name":"wp","href":"https:\/\/api.w.org\/{rel}","templated":true}]}}