{"id":404118,"date":"2026-03-09T22:30:00","date_gmt":"2026-03-10T01:30:00","guid":{"rendered":"https:\/\/portaltela.pt\/noticias\/2026\/03\/09\/ligacoes-de-epstein-com-gigantes-da-tecnologia-e-negocios-milionarios\/"},"modified":"2026-03-09T22:30:00","modified_gmt":"2026-03-10T01:30:00","slug":"ligacoes-de-epstein-com-gigantes-da-tecnologia-e-negocios-milionarios","status":"publish","type":"post","link":"https:\/\/portaltela.pt\/noticias\/economia\/2026\/03\/09\/ligacoes-de-epstein-com-gigantes-da-tecnologia-e-negocios-milionarios\/","title":{"rendered":"Liga\u00e7\u00f5es de Epstein com gigantes da tecnologia e neg\u00f3cios milion\u00e1rios"},"content":{"rendered":"<p>A 2019 ocorreu a pris\u00e3o de Jeffrey Epstein. Uma auditoria revelou ativos superiores a 515 milh\u00f5es de euros, grande parte proveniente de fundos e participa\u00e7\u00f5es no setor tecnol\u00f3gico.<\/p>\n<p>Da riqueza faziam parte ainda 320 milh\u00f5es de euros em dinheiro depositado na banca e duas ilhas privadas nas Cara\u00edbas, segundo a mesma auditoria. Os n\u00fameros integram o patrim\u00f3nio do empres\u00e1rio na altura da deten\u00e7\u00e3o.<\/p>\n<p>As informa\u00e7\u00f5es surgem com a divulga\u00e7\u00e3o de documentos do Departamento de Justi\u00e7a dos EUA, que detalham a fortuna de Epstein e a forma como investia. O material foi tornado p\u00fablico em sequ\u00eancia de investiga\u00e7\u00f5es.<\/p>\n<h3>Conex\u00f5es com a tecnologia<\/h3>\n<p>Epstein mantinha rela\u00e7\u00f5es pr\u00f3ximas com figuras proeminentes do setor, incluindo Elon Musk, Bill Gates e Reid Hoffman, conforme os documentos. Os relatos apontam para liga\u00e7\u00f5es contratuais e parcerias no mundo empresarial.<\/p>\n","protected":false},"excerpt":{"rendered":"<ul>\n<li>Em 2019, na altura da pris\u00e3o, Jeffrey Epstein tinha mais de 515 milh\u00f5es de euros em ativos.<\/li>\n<li>Grande parte da riqueza viu-se valorizada por fundos e participa\u00e7\u00f5es no setor tecnol\u00f3gico.<\/li>\n<li>Contavam-se ainda 320 milh\u00f5es de euros em dinheiro depositado na banca.<\/li>\n<li>Epstein possu\u00eda duas ilhas particulares nas Cara\u00edbas.<\/li>\n<li>Auditoria associada \u00e0 sua fortuna foi divulgada pelo Departamento de Justi\u00e7a dos EUA, com documentos publicados recentemente.<\/li>\n<\/ul>\n","protected":false},"author":2,"featured_media":404125,"comment_status":"closed","ping_status":"closed","sticky":false,"template":"","format":"standard","meta":{"footnotes":""},"categories":[2,6735],"tags":[4962,28,4972,2697,5818,153],"class_list":["post-404118","post","type-post","status-publish","format-standard","has-post-thumbnail","hentry","category-economia","category-negocios","tag-bill-gates","tag-economia","tag-elon-musk","tag-empresas","tag-reid-hoffman","tag-tecnologia"],"yoast_head":"<!-- This site is optimized with the Yoast SEO plugin v27.2 - https:\/\/yoast.com\/product\/yoast-seo-wordpress\/ -->\n<title>Liga\u00e7\u00f5es de Epstein com gigantes da tecnologia e neg\u00f3cios milion\u00e1rios - Portal Tela Portugal<\/title>\n<meta name=\"robots\" content=\"index, follow, max-snippet:-1, max-image-preview:large, max-video-preview:-1\" \/>\n<meta property=\"og:locale\" content=\"pt_PT\" \/>\n<meta property=\"og:type\" content=\"article\" \/>\n<meta property=\"og:title\" content=\"Liga\u00e7\u00f5es de Epstein com gigantes da tecnologia e neg\u00f3cios milion\u00e1rios - Portal Tela Portugal\" \/>\n<meta property=\"og:description\" content=\"Em 2019, na altura da pris\u00e3o, Jeffrey Epstein tinha mais de 515 milh\u00f5es de euros em ativos. Grande parte da riqueza viu-se valorizada por fundos e participa\u00e7\u00f5es no setor tecnol\u00f3gico. Contavam-se ainda 320 milh\u00f5es de euros em dinheiro depositado na banca. Epstein possu\u00eda duas ilhas particulares nas Cara\u00edbas. Auditoria associada \u00e0 sua fortuna foi divulgada pelo Departamento de Justi\u00e7a dos EUA, com documentos publicados recentemente.\" \/>\n<meta property=\"og:url\" content=\"https:\/\/portaltela.pt\/noticias\/2026\/03\/09\/ligacoes-de-epstein-com-gigantes-da-tecnologia-e-negocios-milionarios\/\" \/>\n<meta property=\"og:site_name\" content=\"Portal Tela Portugal\" \/>\n<meta property=\"article:published_time\" content=\"2026-03-10T01:30:00+00:00\" \/>\n<meta name=\"author\" content=\"Telinha\" \/>\n<meta name=\"twitter:card\" content=\"summary_large_image\" \/>\n<meta name=\"twitter:label1\" content=\"Escrito por\" \/>\n\t<meta name=\"twitter:data1\" content=\"Telinha\" \/>\n\t<meta name=\"twitter:label2\" content=\"Tempo estimado de leitura\" \/>\n\t<meta name=\"twitter:data2\" content=\"1 minuto\" \/>\n<script type=\"application\/ld+json\" class=\"yoast-schema-graph\">{\"@context\":\"https:\/\/schema.org\",\"@graph\":[{\"@type\":\"Article\",\"@id\":\"https:\/\/portaltela.pt\/noticias\/2026\/03\/09\/ligacoes-de-epstein-com-gigantes-da-tecnologia-e-negocios-milionarios\/#article\",\"isPartOf\":{\"@id\":\"https:\/\/portaltela.pt\/noticias\/2026\/03\/09\/ligacoes-de-epstein-com-gigantes-da-tecnologia-e-negocios-milionarios\/\"},\"author\":{\"name\":\"Telinha\",\"@id\":\"https:\/\/portaltela.pt\/#\/schema\/person\/c4278d4a6028830caff9ee44b42d32ed\"},\"headline\":\"Liga\u00e7\u00f5es de Epstein com gigantes da tecnologia e neg\u00f3cios milion\u00e1rios\",\"datePublished\":\"2026-03-10T01:30:00+00:00\",\"mainEntityOfPage\":{\"@id\":\"https:\/\/portaltela.pt\/noticias\/2026\/03\/09\/ligacoes-de-epstein-com-gigantes-da-tecnologia-e-negocios-milionarios\/\"},\"wordCount\":162,\"image\":{\"@id\":\"https:\/\/portaltela.pt\/noticias\/2026\/03\/09\/ligacoes-de-epstein-com-gigantes-da-tecnologia-e-negocios-milionarios\/#primaryimage\"},\"thumbnailUrl\":\"https:\/\/portaltela.pt\/s.01k8rhncp4jt1\/2026\/03\/img_1280x721uu2026-02-06-15-39-21-2265260.jpg\",\"keywords\":[\"Bill Gates\",\"economia\",\"Elon Musk\",\"empresas\",\"Reid Hoffman\",\"tecnologia\"],\"articleSection\":[\"Economia\",\"Neg\u00f3cios\"],\"inLanguage\":\"pt-PT\"},{\"@type\":\"WebPage\",\"@id\":\"https:\/\/portaltela.pt\/noticias\/2026\/03\/09\/ligacoes-de-epstein-com-gigantes-da-tecnologia-e-negocios-milionarios\/\",\"url\":\"https:\/\/portaltela.pt\/noticias\/2026\/03\/09\/ligacoes-de-epstein-com-gigantes-da-tecnologia-e-negocios-milionarios\/\",\"name\":\"Liga\u00e7\u00f5es de Epstein com gigantes da tecnologia e neg\u00f3cios milion\u00e1rios - Portal Tela Portugal\",\"isPartOf\":{\"@id\":\"https:\/\/portaltela.pt\/#website\"},\"primaryImageOfPage\":{\"@id\":\"https:\/\/portaltela.pt\/noticias\/2026\/03\/09\/ligacoes-de-epstein-com-gigantes-da-tecnologia-e-negocios-milionarios\/#primaryimage\"},\"image\":{\"@id\":\"https:\/\/portaltela.pt\/noticias\/2026\/03\/09\/ligacoes-de-epstein-com-gigantes-da-tecnologia-e-negocios-milionarios\/#primaryimage\"},\"thumbnailUrl\":\"https:\/\/portaltela.pt\/s.01k8rhncp4jt1\/2026\/03\/img_1280x721uu2026-02-06-15-39-21-2265260.jpg\",\"datePublished\":\"2026-03-10T01:30:00+00:00\",\"author\":{\"@id\":\"https:\/\/portaltela.pt\/#\/schema\/person\/c4278d4a6028830caff9ee44b42d32ed\"},\"breadcrumb\":{\"@id\":\"https:\/\/portaltela.pt\/noticias\/2026\/03\/09\/ligacoes-de-epstein-com-gigantes-da-tecnologia-e-negocios-milionarios\/#breadcrumb\"},\"inLanguage\":\"pt-PT\",\"potentialAction\":[{\"@type\":\"ReadAction\",\"target\":[\"https:\/\/portaltela.pt\/noticias\/2026\/03\/09\/ligacoes-de-epstein-com-gigantes-da-tecnologia-e-negocios-milionarios\/\"]}]},{\"@type\":\"ImageObject\",\"inLanguage\":\"pt-PT\",\"@id\":\"https:\/\/portaltela.pt\/noticias\/2026\/03\/09\/ligacoes-de-epstein-com-gigantes-da-tecnologia-e-negocios-milionarios\/#primaryimage\",\"url\":\"https:\/\/portaltela.pt\/s.01k8rhncp4jt1\/2026\/03\/img_1280x721uu2026-02-06-15-39-21-2265260.jpg\",\"contentUrl\":\"https:\/\/portaltela.pt\/s.01k8rhncp4jt1\/2026\/03\/img_1280x721uu2026-02-06-15-39-21-2265260.jpg\",\"width\":796,\"height\":448,\"caption\":\"Photo\"},{\"@type\":\"BreadcrumbList\",\"@id\":\"https:\/\/portaltela.pt\/noticias\/2026\/03\/09\/ligacoes-de-epstein-com-gigantes-da-tecnologia-e-negocios-milionarios\/#breadcrumb\",\"itemListElement\":[{\"@type\":\"ListItem\",\"position\":1,\"name\":\"In\u00edcio\",\"item\":\"https:\/\/portaltela.pt\/\"},{\"@type\":\"ListItem\",\"position\":2,\"name\":\"Liga\u00e7\u00f5es de Epstein com gigantes da tecnologia e neg\u00f3cios milion\u00e1rios\"}]},{\"@type\":\"WebSite\",\"@id\":\"https:\/\/portaltela.pt\/#website\",\"url\":\"https:\/\/portaltela.pt\/\",\"name\":\"Portal Tela Portugal\",\"description\":\"\",\"potentialAction\":[{\"@type\":\"SearchAction\",\"target\":{\"@type\":\"EntryPoint\",\"urlTemplate\":\"https:\/\/portaltela.pt\/?s={search_term_string}\"},\"query-input\":{\"@type\":\"PropertyValueSpecification\",\"valueRequired\":true,\"valueName\":\"search_term_string\"}}],\"inLanguage\":\"pt-PT\"},{\"@type\":\"Person\",\"@id\":\"https:\/\/portaltela.pt\/#\/schema\/person\/c4278d4a6028830caff9ee44b42d32ed\",\"name\":\"Telinha\",\"image\":{\"@type\":\"ImageObject\",\"inLanguage\":\"pt-PT\",\"@id\":\"https:\/\/portaltela.pt\/s.01k8rhncp4jt1\/2025\/11\/talking-bot-125x125.png\",\"url\":\"https:\/\/portaltela.pt\/s.01k8rhncp4jt1\/2025\/11\/talking-bot-125x125.png\",\"contentUrl\":\"https:\/\/portaltela.pt\/s.01k8rhncp4jt1\/2025\/11\/talking-bot-125x125.png\",\"caption\":\"Telinha\"},\"sameAs\":[\"https:\/\/portaltela.pt\/\"],\"url\":\"https:\/\/portaltela.pt\/por\/367410592786\/\"}]}<\/script>\n<!-- \/ Yoast SEO plugin. -->","yoast_head_json":{"title":"Liga\u00e7\u00f5es de Epstein com gigantes da tecnologia e neg\u00f3cios milion\u00e1rios - Portal Tela Portugal","robots":{"index":"index","follow":"follow","max-snippet":"max-snippet:-1","max-image-preview":"max-image-preview:large","max-video-preview":"max-video-preview:-1"},"og_locale":"pt_PT","og_type":"article","og_title":"Liga\u00e7\u00f5es de Epstein com gigantes da tecnologia e neg\u00f3cios milion\u00e1rios - Portal Tela Portugal","og_description":"Em 2019, na altura da pris\u00e3o, Jeffrey Epstein tinha mais de 515 milh\u00f5es de euros em ativos. Grande parte da riqueza viu-se valorizada por fundos e participa\u00e7\u00f5es no setor tecnol\u00f3gico. Contavam-se ainda 320 milh\u00f5es de euros em dinheiro depositado na banca. Epstein possu\u00eda duas ilhas particulares nas Cara\u00edbas. Auditoria associada \u00e0 sua fortuna foi divulgada pelo Departamento de Justi\u00e7a dos EUA, com documentos publicados recentemente.","og_url":"https:\/\/portaltela.pt\/noticias\/2026\/03\/09\/ligacoes-de-epstein-com-gigantes-da-tecnologia-e-negocios-milionarios\/","og_site_name":"Portal Tela Portugal","article_published_time":"2026-03-10T01:30:00+00:00","author":"Telinha","twitter_card":"summary_large_image","twitter_misc":{"Escrito por":"Telinha","Tempo estimado de leitura":"1 minuto"},"schema":{"@context":"https:\/\/schema.org","@graph":[{"@type":"Article","@id":"https:\/\/portaltela.pt\/noticias\/2026\/03\/09\/ligacoes-de-epstein-com-gigantes-da-tecnologia-e-negocios-milionarios\/#article","isPartOf":{"@id":"https:\/\/portaltela.pt\/noticias\/2026\/03\/09\/ligacoes-de-epstein-com-gigantes-da-tecnologia-e-negocios-milionarios\/"},"author":{"name":"Telinha","@id":"https:\/\/portaltela.pt\/#\/schema\/person\/c4278d4a6028830caff9ee44b42d32ed"},"headline":"Liga\u00e7\u00f5es de Epstein com gigantes da tecnologia e neg\u00f3cios milion\u00e1rios","datePublished":"2026-03-10T01:30:00+00:00","mainEntityOfPage":{"@id":"https:\/\/portaltela.pt\/noticias\/2026\/03\/09\/ligacoes-de-epstein-com-gigantes-da-tecnologia-e-negocios-milionarios\/"},"wordCount":162,"image":{"@id":"https:\/\/portaltela.pt\/noticias\/2026\/03\/09\/ligacoes-de-epstein-com-gigantes-da-tecnologia-e-negocios-milionarios\/#primaryimage"},"thumbnailUrl":"https:\/\/portaltela.pt\/s.01k8rhncp4jt1\/2026\/03\/img_1280x721uu2026-02-06-15-39-21-2265260.jpg","keywords":["Bill Gates","economia","Elon Musk","empresas","Reid Hoffman","tecnologia"],"articleSection":["Economia","Neg\u00f3cios"],"inLanguage":"pt-PT"},{"@type":"WebPage","@id":"https:\/\/portaltela.pt\/noticias\/2026\/03\/09\/ligacoes-de-epstein-com-gigantes-da-tecnologia-e-negocios-milionarios\/","url":"https:\/\/portaltela.pt\/noticias\/2026\/03\/09\/ligacoes-de-epstein-com-gigantes-da-tecnologia-e-negocios-milionarios\/","name":"Liga\u00e7\u00f5es de Epstein com gigantes da tecnologia e neg\u00f3cios milion\u00e1rios - Portal Tela Portugal","isPartOf":{"@id":"https:\/\/portaltela.pt\/#website"},"primaryImageOfPage":{"@id":"https:\/\/portaltela.pt\/noticias\/2026\/03\/09\/ligacoes-de-epstein-com-gigantes-da-tecnologia-e-negocios-milionarios\/#primaryimage"},"image":{"@id":"https:\/\/portaltela.pt\/noticias\/2026\/03\/09\/ligacoes-de-epstein-com-gigantes-da-tecnologia-e-negocios-milionarios\/#primaryimage"},"thumbnailUrl":"https:\/\/portaltela.pt\/s.01k8rhncp4jt1\/2026\/03\/img_1280x721uu2026-02-06-15-39-21-2265260.jpg","datePublished":"2026-03-10T01:30:00+00:00","author":{"@id":"https:\/\/portaltela.pt\/#\/schema\/person\/c4278d4a6028830caff9ee44b42d32ed"},"breadcrumb":{"@id":"https:\/\/portaltela.pt\/noticias\/2026\/03\/09\/ligacoes-de-epstein-com-gigantes-da-tecnologia-e-negocios-milionarios\/#breadcrumb"},"inLanguage":"pt-PT","potentialAction":[{"@type":"ReadAction","target":["https:\/\/portaltela.pt\/noticias\/2026\/03\/09\/ligacoes-de-epstein-com-gigantes-da-tecnologia-e-negocios-milionarios\/"]}]},{"@type":"ImageObject","inLanguage":"pt-PT","@id":"https:\/\/portaltela.pt\/noticias\/2026\/03\/09\/ligacoes-de-epstein-com-gigantes-da-tecnologia-e-negocios-milionarios\/#primaryimage","url":"https:\/\/portaltela.pt\/s.01k8rhncp4jt1\/2026\/03\/img_1280x721uu2026-02-06-15-39-21-2265260.jpg","contentUrl":"https:\/\/portaltela.pt\/s.01k8rhncp4jt1\/2026\/03\/img_1280x721uu2026-02-06-15-39-21-2265260.jpg","width":796,"height":448,"caption":"Photo"},{"@type":"BreadcrumbList","@id":"https:\/\/portaltela.pt\/noticias\/2026\/03\/09\/ligacoes-de-epstein-com-gigantes-da-tecnologia-e-negocios-milionarios\/#breadcrumb","itemListElement":[{"@type":"ListItem","position":1,"name":"In\u00edcio","item":"https:\/\/portaltela.pt\/"},{"@type":"ListItem","position":2,"name":"Liga\u00e7\u00f5es de Epstein com gigantes da tecnologia e neg\u00f3cios milion\u00e1rios"}]},{"@type":"WebSite","@id":"https:\/\/portaltela.pt\/#website","url":"https:\/\/portaltela.pt\/","name":"Portal Tela Portugal","description":"","potentialAction":[{"@type":"SearchAction","target":{"@type":"EntryPoint","urlTemplate":"https:\/\/portaltela.pt\/?s={search_term_string}"},"query-input":{"@type":"PropertyValueSpecification","valueRequired":true,"valueName":"search_term_string"}}],"inLanguage":"pt-PT"},{"@type":"Person","@id":"https:\/\/portaltela.pt\/#\/schema\/person\/c4278d4a6028830caff9ee44b42d32ed","name":"Telinha","image":{"@type":"ImageObject","inLanguage":"pt-PT","@id":"https:\/\/portaltela.pt\/s.01k8rhncp4jt1\/2025\/11\/talking-bot-125x125.png","url":"https:\/\/portaltela.pt\/s.01k8rhncp4jt1\/2025\/11\/talking-bot-125x125.png","contentUrl":"https:\/\/portaltela.pt\/s.01k8rhncp4jt1\/2025\/11\/talking-bot-125x125.png","caption":"Telinha"},"sameAs":["https:\/\/portaltela.pt\/"],"url":"https:\/\/portaltela.pt\/por\/367410592786\/"}]}},"_links":{"self":[{"href":"https:\/\/portaltela.pt\/api\/wp\/v2\/posts\/404118","targetHints":{"allow":["GET"]}}],"collection":[{"href":"https:\/\/portaltela.pt\/api\/wp\/v2\/posts"}],"about":[{"href":"https:\/\/portaltela.pt\/api\/wp\/v2\/types\/post"}],"author":[{"embeddable":true,"href":"https:\/\/portaltela.pt\/api\/wp\/v2\/users\/2"}],"replies":[{"embeddable":true,"href":"https:\/\/portaltela.pt\/api\/wp\/v2\/comments?post=404118"}],"version-history":[{"count":0,"href":"https:\/\/portaltela.pt\/api\/wp\/v2\/posts\/404118\/revisions"}],"wp:featuredmedia":[{"embeddable":true,"href":"https:\/\/portaltela.pt\/api\/wp\/v2\/media\/404125"}],"wp:attachment":[{"href":"https:\/\/portaltela.pt\/api\/wp\/v2\/media?parent=404118"}],"wp:term":[{"taxonomy":"category","embeddable":true,"href":"https:\/\/portaltela.pt\/api\/wp\/v2\/categories?post=404118"},{"taxonomy":"post_tag","embeddable":true,"href":"https:\/\/portaltela.pt\/api\/wp\/v2\/tags?post=404118"}],"curies":[{"name":"wp","href":"https:\/\/api.w.org\/{rel}","templated":true}]}}