{"id":404100,"date":"2026-03-09T21:40:00","date_gmt":"2026-03-10T00:40:00","guid":{"rendered":"https:\/\/portaltela.pt\/noticias\/2026\/03\/09\/nobel-da-paz-iraniano-rejeita-que-o-futuro-governo-seja-decidido-no-estrangeiro\/"},"modified":"2026-03-09T21:40:00","modified_gmt":"2026-03-10T00:40:00","slug":"nobel-da-paz-iraniano-rejeita-que-o-futuro-governo-seja-decidido-no-estrangeiro","status":"publish","type":"post","link":"https:\/\/portaltela.pt\/noticias\/politica\/2026\/03\/09\/nobel-da-paz-iraniano-rejeita-que-o-futuro-governo-seja-decidido-no-estrangeiro\/","title":{"rendered":"Nobel da Paz iraniano rejeita que o futuro governo seja decidido no estrangeiro"},"content":{"rendered":"<p>A advogada iraniana Shirin Ebadi, vencedora do Pr\u00e9mio Nobel da Paz em 2003, rejeitou que o futuro governo iraniano seja decidido no estrangeiro. A posi\u00e7\u00e3o foi partilhada numa videoconfer\u00eancia realizada na C\u00e2mara dos Representantes de It\u00e1lia, na segunda-feira, 9 de mar\u00e7o.<\/p>\n<p>Ebadi afirmou que o povo do Ir\u00e3o pretende o colapso do regime e a instaura\u00e7\u00e3o de um governo democr\u00e1tico e laico. Sublinhou tamb\u00e9m que o Ir\u00e3o possui milhares de anos de civiliza\u00e7\u00e3o e pediu que o pa\u00eds n\u00e3o seja julgado pelos 47 anos da Rep\u00fablica Isl\u00e2mica.<\/p>\n<p>A jurista, que vive em ex\u00edlio desde 2009, defende que os iranianos v\u00e3o resistir at\u00e9 ao fim pela liberdade e pela prosperidade. Acrescentou que, ap\u00f3s a queda do regime dos aiatolas, caber\u00e1 aos cidad\u00e3os decidir o futuro do pa\u00eds.<\/p>\n<p>N\u00e3o permitir\u00edamos que estrangeiros imponham um governo para o Ir\u00e3o, afirmou Ebadi. Segundo ela, os jovens do Ir\u00e3o ser\u00e3o guardi\u00f5es da independ\u00eancia e da integridade territorial da p\u00e1tria. Ebadi antev\u00ea uma vit\u00f3ria da luta pol\u00edtica interna.<\/p>\n<p>Contexto internacional e hist\u00f3rico recente<\/p>\n<p>Ebadi lembrou ainda a resist\u00eancia interna do Ir\u00e3o em face do atual regime. O pa\u00eds vive uma escalada de tens\u00e3o decorrente de ataques dos Estados Unidos e de Israel, conforme refere a apresenta\u00e7\u00e3o, que tamb\u00e9m menciona a morte do l\u00edder supremo aiatol\u00e1 Ali Khamenei e de outros dirigentes.<\/p>\n<p>A observadora enfatiza que o pr\u00f3prio povo iraniano deseja a liberdade, a prosperidade e o respeito pela soberania nacional. A advogada refor\u00e7a que o futuro do Ir\u00e3o deve ser decidido pelos iranianos, sem interfer\u00eancia externa.<\/p>\n<p>Sobre Ebadi<\/p>\n<p>Shirin Ebadi foi a primeira mulher mu\u00e7ulmana a receber o Pr\u00e9mio Nobel da Paz. A distin\u00e7\u00e3o reconheceu os seus esfor\u00e7os em defesa da democracia e dos direitos humanos, particularmente das mulheres e das crian\u00e7as. Ebadi integra uma lista de duas laureadas iranianas, ao lado de Narges Mohammadi, premiada em 2023.<\/p>\n","protected":false},"excerpt":{"rendered":"<ul>\n<li>Shirin Ebadi rejeitou que o futuro governo do Ir\u00e3o seja decidido no estrangeiro, durante uma videoconfer\u00eancia na C\u00e2mara dos Representantes de It\u00e1lia, em 9 de mar\u00e7o.<\/li>\n<li>A advogada afirmou que o povo iraniano quer o colapso do regime e o estabelecimento de um governo democr\u00e1tico e laico, pedindo para n\u00e3o serem julgados pelos 47 anos da Rep\u00fablica Isl\u00e2mica.<\/li>\n<li>Refor\u00e7ou que o Ir\u00e3o tem milhares de anos de civiliza\u00e7\u00e3o e pediu que o pa\u00eds n\u00e3o seja julgado pela revolu\u00e7\u00e3o de 1979, mantendo-se pac\u00edfico e sem desejar destrui\u00e7\u00e3o de outros pa\u00edses.<\/li>\n<li>Em contexto de guerra ap\u00f3s ataques dos Estados Unidos e de Israel que mataram o l\u00edder supremo aiatol Ali Khamenei, Ebadi disse que os iranianos v\u00e3o resistir pela liberdade e prosperidade.<\/li>\n<li>Afirmou que, ap\u00f3s a queda do regime dos aiatolas, caber\u00e1 aos cidad\u00e3os decidir o futuro do pa\u00eds, com os jovens a ser os guardi\u00f5es da independ\u00eancia e da integridade territorial; concluiu que os iranianos v\u00e3o vencer a luta pol\u00edtica interna.<\/li>\n<\/ul>\n","protected":false},"author":2,"featured_media":404101,"comment_status":"closed","ping_status":"closed","sticky":false,"template":"","format":"standard","meta":{"footnotes":""},"categories":[6912,5],"tags":[2795,6703,2633,1293,3327,5489],"class_list":["post-404100","post","type-post","status-publish","format-standard","has-post-thumbnail","hentry","category-internacionais","category-politica","tag-democracia","tag-diplomacia-internacional","tag-direitos-humanos","tag-independencia","tag-iran","tag-soberania-nacional"],"yoast_head":"<!-- This site is optimized with the Yoast SEO plugin v27.2 - https:\/\/yoast.com\/product\/yoast-seo-wordpress\/ -->\n<title>Nobel da Paz iraniano rejeita que o futuro governo seja decidido no estrangeiro - Portal Tela Portugal<\/title>\n<meta name=\"robots\" content=\"index, follow, max-snippet:-1, max-image-preview:large, max-video-preview:-1\" \/>\n<meta property=\"og:locale\" content=\"pt_PT\" \/>\n<meta property=\"og:type\" content=\"article\" \/>\n<meta property=\"og:title\" content=\"Nobel da Paz iraniano rejeita que o futuro governo seja decidido no estrangeiro - Portal Tela Portugal\" \/>\n<meta property=\"og:description\" content=\"Shirin Ebadi rejeitou que o futuro governo do Ir\u00e3o seja decidido no estrangeiro, durante uma videoconfer\u00eancia na C\u00e2mara dos Representantes de It\u00e1lia, em 9 de mar\u00e7o. A advogada afirmou que o povo iraniano quer o colapso do regime e o estabelecimento de um governo democr\u00e1tico e laico, pedindo para n\u00e3o serem julgados pelos 47 anos da Rep\u00fablica Isl\u00e2mica. Refor\u00e7ou que o Ir\u00e3o tem milhares de anos de civiliza\u00e7\u00e3o e pediu que o pa\u00eds n\u00e3o seja julgado pela revolu\u00e7\u00e3o de 1979, mantendo-se pac\u00edfico e sem desejar destrui\u00e7\u00e3o de outros pa\u00edses. Em contexto de guerra ap\u00f3s ataques dos Estados Unidos e de Israel que mataram o l\u00edder supremo aiatol Ali Khamenei, Ebadi disse que os iranianos v\u00e3o resistir pela liberdade e prosperidade. Afirmou que, ap\u00f3s a queda do regime dos aiatolas, caber\u00e1 aos cidad\u00e3os decidir o futuro do pa\u00eds, com os jovens a ser os guardi\u00f5es da independ\u00eancia e da integridade territorial; concluiu que os iranianos v\u00e3o vencer a luta pol\u00edtica interna.\" \/>\n<meta property=\"og:url\" content=\"https:\/\/portaltela.pt\/noticias\/2026\/03\/09\/nobel-da-paz-iraniano-rejeita-que-o-futuro-governo-seja-decidido-no-estrangeiro\/\" \/>\n<meta property=\"og:site_name\" content=\"Portal Tela Portugal\" \/>\n<meta property=\"article:published_time\" content=\"2026-03-10T00:40:00+00:00\" \/>\n<meta name=\"author\" content=\"Telinha\" \/>\n<meta name=\"twitter:card\" content=\"summary_large_image\" \/>\n<meta name=\"twitter:label1\" content=\"Escrito por\" \/>\n\t<meta name=\"twitter:data1\" content=\"Telinha\" \/>\n\t<meta name=\"twitter:label2\" content=\"Tempo estimado de leitura\" \/>\n\t<meta name=\"twitter:data2\" content=\"2 minutos\" \/>\n<script type=\"application\/ld+json\" class=\"yoast-schema-graph\">{\"@context\":\"https:\/\/schema.org\",\"@graph\":[{\"@type\":\"Article\",\"@id\":\"https:\/\/portaltela.pt\/noticias\/2026\/03\/09\/nobel-da-paz-iraniano-rejeita-que-o-futuro-governo-seja-decidido-no-estrangeiro\/#article\",\"isPartOf\":{\"@id\":\"https:\/\/portaltela.pt\/noticias\/2026\/03\/09\/nobel-da-paz-iraniano-rejeita-que-o-futuro-governo-seja-decidido-no-estrangeiro\/\"},\"author\":{\"name\":\"Telinha\",\"@id\":\"https:\/\/portaltela.pt\/#\/schema\/person\/c4278d4a6028830caff9ee44b42d32ed\"},\"headline\":\"Nobel da Paz iraniano rejeita que o futuro governo seja decidido no estrangeiro\",\"datePublished\":\"2026-03-10T00:40:00+00:00\",\"mainEntityOfPage\":{\"@id\":\"https:\/\/portaltela.pt\/noticias\/2026\/03\/09\/nobel-da-paz-iraniano-rejeita-que-o-futuro-governo-seja-decidido-no-estrangeiro\/\"},\"wordCount\":358,\"image\":{\"@id\":\"https:\/\/portaltela.pt\/noticias\/2026\/03\/09\/nobel-da-paz-iraniano-rejeita-que-o-futuro-governo-seja-decidido-no-estrangeiro\/#primaryimage\"},\"thumbnailUrl\":\"https:\/\/portaltela.pt\/s.01k8rhncp4jt1\/2026\/03\/image-603.jpg\",\"keywords\":[\"democracia\",\"diplomacia internacional\",\"direitos humanos\",\"independ\u00eancia\",\"\u00cdr\u00e1n\",\"soberania nacional\"],\"articleSection\":[\"Internacionais\",\"Pol\u00edtica\"],\"inLanguage\":\"pt-PT\"},{\"@type\":\"WebPage\",\"@id\":\"https:\/\/portaltela.pt\/noticias\/2026\/03\/09\/nobel-da-paz-iraniano-rejeita-que-o-futuro-governo-seja-decidido-no-estrangeiro\/\",\"url\":\"https:\/\/portaltela.pt\/noticias\/2026\/03\/09\/nobel-da-paz-iraniano-rejeita-que-o-futuro-governo-seja-decidido-no-estrangeiro\/\",\"name\":\"Nobel da Paz iraniano rejeita que o futuro governo seja decidido no estrangeiro - Portal Tela Portugal\",\"isPartOf\":{\"@id\":\"https:\/\/portaltela.pt\/#website\"},\"primaryImageOfPage\":{\"@id\":\"https:\/\/portaltela.pt\/noticias\/2026\/03\/09\/nobel-da-paz-iraniano-rejeita-que-o-futuro-governo-seja-decidido-no-estrangeiro\/#primaryimage\"},\"image\":{\"@id\":\"https:\/\/portaltela.pt\/noticias\/2026\/03\/09\/nobel-da-paz-iraniano-rejeita-que-o-futuro-governo-seja-decidido-no-estrangeiro\/#primaryimage\"},\"thumbnailUrl\":\"https:\/\/portaltela.pt\/s.01k8rhncp4jt1\/2026\/03\/image-603.jpg\",\"datePublished\":\"2026-03-10T00:40:00+00:00\",\"author\":{\"@id\":\"https:\/\/portaltela.pt\/#\/schema\/person\/c4278d4a6028830caff9ee44b42d32ed\"},\"breadcrumb\":{\"@id\":\"https:\/\/portaltela.pt\/noticias\/2026\/03\/09\/nobel-da-paz-iraniano-rejeita-que-o-futuro-governo-seja-decidido-no-estrangeiro\/#breadcrumb\"},\"inLanguage\":\"pt-PT\",\"potentialAction\":[{\"@type\":\"ReadAction\",\"target\":[\"https:\/\/portaltela.pt\/noticias\/2026\/03\/09\/nobel-da-paz-iraniano-rejeita-que-o-futuro-governo-seja-decidido-no-estrangeiro\/\"]}]},{\"@type\":\"ImageObject\",\"inLanguage\":\"pt-PT\",\"@id\":\"https:\/\/portaltela.pt\/noticias\/2026\/03\/09\/nobel-da-paz-iraniano-rejeita-que-o-futuro-governo-seja-decidido-no-estrangeiro\/#primaryimage\",\"url\":\"https:\/\/portaltela.pt\/s.01k8rhncp4jt1\/2026\/03\/image-603.jpg\",\"contentUrl\":\"https:\/\/portaltela.pt\/s.01k8rhncp4jt1\/2026\/03\/image-603.jpg\",\"width\":796,\"height\":448,\"caption\":\"Advogada iraniana Shirin Ebadi e vencedora do Pr\u00e9mio Nobel da Paz de 2003\"},{\"@type\":\"BreadcrumbList\",\"@id\":\"https:\/\/portaltela.pt\/noticias\/2026\/03\/09\/nobel-da-paz-iraniano-rejeita-que-o-futuro-governo-seja-decidido-no-estrangeiro\/#breadcrumb\",\"itemListElement\":[{\"@type\":\"ListItem\",\"position\":1,\"name\":\"In\u00edcio\",\"item\":\"https:\/\/portaltela.pt\/\"},{\"@type\":\"ListItem\",\"position\":2,\"name\":\"Nobel da Paz iraniano rejeita que o futuro governo seja decidido no estrangeiro\"}]},{\"@type\":\"WebSite\",\"@id\":\"https:\/\/portaltela.pt\/#website\",\"url\":\"https:\/\/portaltela.pt\/\",\"name\":\"Portal Tela Portugal\",\"description\":\"\",\"potentialAction\":[{\"@type\":\"SearchAction\",\"target\":{\"@type\":\"EntryPoint\",\"urlTemplate\":\"https:\/\/portaltela.pt\/?s={search_term_string}\"},\"query-input\":{\"@type\":\"PropertyValueSpecification\",\"valueRequired\":true,\"valueName\":\"search_term_string\"}}],\"inLanguage\":\"pt-PT\"},{\"@type\":\"Person\",\"@id\":\"https:\/\/portaltela.pt\/#\/schema\/person\/c4278d4a6028830caff9ee44b42d32ed\",\"name\":\"Telinha\",\"image\":{\"@type\":\"ImageObject\",\"inLanguage\":\"pt-PT\",\"@id\":\"https:\/\/portaltela.pt\/s.01k8rhncp4jt1\/2025\/11\/talking-bot-125x125.png\",\"url\":\"https:\/\/portaltela.pt\/s.01k8rhncp4jt1\/2025\/11\/talking-bot-125x125.png\",\"contentUrl\":\"https:\/\/portaltela.pt\/s.01k8rhncp4jt1\/2025\/11\/talking-bot-125x125.png\",\"caption\":\"Telinha\"},\"sameAs\":[\"https:\/\/portaltela.pt\/\"],\"url\":\"https:\/\/portaltela.pt\/por\/367410592786\/\"}]}<\/script>\n<!-- \/ Yoast SEO plugin. -->","yoast_head_json":{"title":"Nobel da Paz iraniano rejeita que o futuro governo seja decidido no estrangeiro - Portal Tela Portugal","robots":{"index":"index","follow":"follow","max-snippet":"max-snippet:-1","max-image-preview":"max-image-preview:large","max-video-preview":"max-video-preview:-1"},"og_locale":"pt_PT","og_type":"article","og_title":"Nobel da Paz iraniano rejeita que o futuro governo seja decidido no estrangeiro - Portal Tela Portugal","og_description":"Shirin Ebadi rejeitou que o futuro governo do Ir\u00e3o seja decidido no estrangeiro, durante uma videoconfer\u00eancia na C\u00e2mara dos Representantes de It\u00e1lia, em 9 de mar\u00e7o. A advogada afirmou que o povo iraniano quer o colapso do regime e o estabelecimento de um governo democr\u00e1tico e laico, pedindo para n\u00e3o serem julgados pelos 47 anos da Rep\u00fablica Isl\u00e2mica. Refor\u00e7ou que o Ir\u00e3o tem milhares de anos de civiliza\u00e7\u00e3o e pediu que o pa\u00eds n\u00e3o seja julgado pela revolu\u00e7\u00e3o de 1979, mantendo-se pac\u00edfico e sem desejar destrui\u00e7\u00e3o de outros pa\u00edses. Em contexto de guerra ap\u00f3s ataques dos Estados Unidos e de Israel que mataram o l\u00edder supremo aiatol Ali Khamenei, Ebadi disse que os iranianos v\u00e3o resistir pela liberdade e prosperidade. Afirmou que, ap\u00f3s a queda do regime dos aiatolas, caber\u00e1 aos cidad\u00e3os decidir o futuro do pa\u00eds, com os jovens a ser os guardi\u00f5es da independ\u00eancia e da integridade territorial; concluiu que os iranianos v\u00e3o vencer a luta pol\u00edtica interna.","og_url":"https:\/\/portaltela.pt\/noticias\/2026\/03\/09\/nobel-da-paz-iraniano-rejeita-que-o-futuro-governo-seja-decidido-no-estrangeiro\/","og_site_name":"Portal Tela Portugal","article_published_time":"2026-03-10T00:40:00+00:00","author":"Telinha","twitter_card":"summary_large_image","twitter_misc":{"Escrito por":"Telinha","Tempo estimado de leitura":"2 minutos"},"schema":{"@context":"https:\/\/schema.org","@graph":[{"@type":"Article","@id":"https:\/\/portaltela.pt\/noticias\/2026\/03\/09\/nobel-da-paz-iraniano-rejeita-que-o-futuro-governo-seja-decidido-no-estrangeiro\/#article","isPartOf":{"@id":"https:\/\/portaltela.pt\/noticias\/2026\/03\/09\/nobel-da-paz-iraniano-rejeita-que-o-futuro-governo-seja-decidido-no-estrangeiro\/"},"author":{"name":"Telinha","@id":"https:\/\/portaltela.pt\/#\/schema\/person\/c4278d4a6028830caff9ee44b42d32ed"},"headline":"Nobel da Paz iraniano rejeita que o futuro governo seja decidido no estrangeiro","datePublished":"2026-03-10T00:40:00+00:00","mainEntityOfPage":{"@id":"https:\/\/portaltela.pt\/noticias\/2026\/03\/09\/nobel-da-paz-iraniano-rejeita-que-o-futuro-governo-seja-decidido-no-estrangeiro\/"},"wordCount":358,"image":{"@id":"https:\/\/portaltela.pt\/noticias\/2026\/03\/09\/nobel-da-paz-iraniano-rejeita-que-o-futuro-governo-seja-decidido-no-estrangeiro\/#primaryimage"},"thumbnailUrl":"https:\/\/portaltela.pt\/s.01k8rhncp4jt1\/2026\/03\/image-603.jpg","keywords":["democracia","diplomacia internacional","direitos humanos","independ\u00eancia","\u00cdr\u00e1n","soberania nacional"],"articleSection":["Internacionais","Pol\u00edtica"],"inLanguage":"pt-PT"},{"@type":"WebPage","@id":"https:\/\/portaltela.pt\/noticias\/2026\/03\/09\/nobel-da-paz-iraniano-rejeita-que-o-futuro-governo-seja-decidido-no-estrangeiro\/","url":"https:\/\/portaltela.pt\/noticias\/2026\/03\/09\/nobel-da-paz-iraniano-rejeita-que-o-futuro-governo-seja-decidido-no-estrangeiro\/","name":"Nobel da Paz iraniano rejeita que o futuro governo seja decidido no estrangeiro - Portal Tela Portugal","isPartOf":{"@id":"https:\/\/portaltela.pt\/#website"},"primaryImageOfPage":{"@id":"https:\/\/portaltela.pt\/noticias\/2026\/03\/09\/nobel-da-paz-iraniano-rejeita-que-o-futuro-governo-seja-decidido-no-estrangeiro\/#primaryimage"},"image":{"@id":"https:\/\/portaltela.pt\/noticias\/2026\/03\/09\/nobel-da-paz-iraniano-rejeita-que-o-futuro-governo-seja-decidido-no-estrangeiro\/#primaryimage"},"thumbnailUrl":"https:\/\/portaltela.pt\/s.01k8rhncp4jt1\/2026\/03\/image-603.jpg","datePublished":"2026-03-10T00:40:00+00:00","author":{"@id":"https:\/\/portaltela.pt\/#\/schema\/person\/c4278d4a6028830caff9ee44b42d32ed"},"breadcrumb":{"@id":"https:\/\/portaltela.pt\/noticias\/2026\/03\/09\/nobel-da-paz-iraniano-rejeita-que-o-futuro-governo-seja-decidido-no-estrangeiro\/#breadcrumb"},"inLanguage":"pt-PT","potentialAction":[{"@type":"ReadAction","target":["https:\/\/portaltela.pt\/noticias\/2026\/03\/09\/nobel-da-paz-iraniano-rejeita-que-o-futuro-governo-seja-decidido-no-estrangeiro\/"]}]},{"@type":"ImageObject","inLanguage":"pt-PT","@id":"https:\/\/portaltela.pt\/noticias\/2026\/03\/09\/nobel-da-paz-iraniano-rejeita-que-o-futuro-governo-seja-decidido-no-estrangeiro\/#primaryimage","url":"https:\/\/portaltela.pt\/s.01k8rhncp4jt1\/2026\/03\/image-603.jpg","contentUrl":"https:\/\/portaltela.pt\/s.01k8rhncp4jt1\/2026\/03\/image-603.jpg","width":796,"height":448,"caption":"Advogada iraniana Shirin Ebadi e vencedora do Pr\u00e9mio Nobel da Paz de 2003"},{"@type":"BreadcrumbList","@id":"https:\/\/portaltela.pt\/noticias\/2026\/03\/09\/nobel-da-paz-iraniano-rejeita-que-o-futuro-governo-seja-decidido-no-estrangeiro\/#breadcrumb","itemListElement":[{"@type":"ListItem","position":1,"name":"In\u00edcio","item":"https:\/\/portaltela.pt\/"},{"@type":"ListItem","position":2,"name":"Nobel da Paz iraniano rejeita que o futuro governo seja decidido no estrangeiro"}]},{"@type":"WebSite","@id":"https:\/\/portaltela.pt\/#website","url":"https:\/\/portaltela.pt\/","name":"Portal Tela Portugal","description":"","potentialAction":[{"@type":"SearchAction","target":{"@type":"EntryPoint","urlTemplate":"https:\/\/portaltela.pt\/?s={search_term_string}"},"query-input":{"@type":"PropertyValueSpecification","valueRequired":true,"valueName":"search_term_string"}}],"inLanguage":"pt-PT"},{"@type":"Person","@id":"https:\/\/portaltela.pt\/#\/schema\/person\/c4278d4a6028830caff9ee44b42d32ed","name":"Telinha","image":{"@type":"ImageObject","inLanguage":"pt-PT","@id":"https:\/\/portaltela.pt\/s.01k8rhncp4jt1\/2025\/11\/talking-bot-125x125.png","url":"https:\/\/portaltela.pt\/s.01k8rhncp4jt1\/2025\/11\/talking-bot-125x125.png","contentUrl":"https:\/\/portaltela.pt\/s.01k8rhncp4jt1\/2025\/11\/talking-bot-125x125.png","caption":"Telinha"},"sameAs":["https:\/\/portaltela.pt\/"],"url":"https:\/\/portaltela.pt\/por\/367410592786\/"}]}},"_links":{"self":[{"href":"https:\/\/portaltela.pt\/api\/wp\/v2\/posts\/404100","targetHints":{"allow":["GET"]}}],"collection":[{"href":"https:\/\/portaltela.pt\/api\/wp\/v2\/posts"}],"about":[{"href":"https:\/\/portaltela.pt\/api\/wp\/v2\/types\/post"}],"author":[{"embeddable":true,"href":"https:\/\/portaltela.pt\/api\/wp\/v2\/users\/2"}],"replies":[{"embeddable":true,"href":"https:\/\/portaltela.pt\/api\/wp\/v2\/comments?post=404100"}],"version-history":[{"count":0,"href":"https:\/\/portaltela.pt\/api\/wp\/v2\/posts\/404100\/revisions"}],"wp:featuredmedia":[{"embeddable":true,"href":"https:\/\/portaltela.pt\/api\/wp\/v2\/media\/404101"}],"wp:attachment":[{"href":"https:\/\/portaltela.pt\/api\/wp\/v2\/media?parent=404100"}],"wp:term":[{"taxonomy":"category","embeddable":true,"href":"https:\/\/portaltela.pt\/api\/wp\/v2\/categories?post=404100"},{"taxonomy":"post_tag","embeddable":true,"href":"https:\/\/portaltela.pt\/api\/wp\/v2\/tags?post=404100"}],"curies":[{"name":"wp","href":"https:\/\/api.w.org\/{rel}","templated":true}]}}