{"id":404086,"date":"2026-03-09T21:00:00","date_gmt":"2026-03-10T00:00:00","guid":{"rendered":"https:\/\/portaltela.pt\/noticias\/2026\/03\/09\/com-norte-uma-revolucao-historica-em-curso\/"},"modified":"2026-03-09T21:00:00","modified_gmt":"2026-03-10T00:00:00","slug":"com-norte-uma-revolucao-historica-em-curso","status":"publish","type":"post","link":"https:\/\/portaltela.pt\/noticias\/2026\/03\/09\/com-norte-uma-revolucao-historica-em-curso\/","title":{"rendered":"Com Norte: uma revolu\u00e7\u00e3o hist\u00f3rica em curso"},"content":{"rendered":"<p>A digitaliza\u00e7\u00e3o e a intelig\u00eancia artificial est\u00e3o a criar uma nova camada cognitiva sobre a realidade, acelerando mudan\u00e7as r\u00e1pidas, interligadas e interdependentes. A ideia de Popper, de que nada \u00e9 definitivo, ganha atualidade pr\u00e1tica.<\/p>\n<p>Especialistas analisam a converg\u00eancia entre IA, biotecnologia, materiais avan\u00e7ados e computa\u00e7\u00e3o qu\u00e2ntica como motor de uma revolu\u00e7\u00e3o em curso. O ritmo, segundo a leitura atual, supera transforma\u00e7\u00f5es anteriores pela escala e pela ubiquidade.<\/p>\n<h3>IA, dados e conhecimento<\/h3>\n<p>Algoritmos que aprendem e geram conhecimento expandem os limites da imagina\u00e7\u00e3o humana, ao mesmo tempo que otimizam processos em diferentes \u00e1reas. A leitura contempor\u00e2nea assenta na integra\u00e7\u00e3o entre dados, modelos e aplica\u00e7\u00f5es.<\/p>\n<h3>Biotecnologia e vida<\/h3>\n<p>A edi\u00e7\u00e3o gen\u00e9tica, a bioimpress\u00e3o e a biologia sint\u00e9tica alteram conceitos de vida e de interven\u00e7\u00e3o biol\u00f3gica. Enquanto isso, zonas de troca entre f\u00edsica, qu\u00edmica, engenharia e computa\u00e7\u00e3o criam novas plataformas de produ\u00e7\u00e3o.<\/p>\n<h3>Materiais, qu\u00e2ntica e infraestrutura<\/h3>\n<p>Materiais avan\u00e7ados e sistemas autorrepar\u00e1veis emergem em zonas h\u00edbridas, que visualizam infraestruturas mais sustent\u00e1veis. A computa\u00e7\u00e3o e a criptografia qu\u00e2nticas prometem simula\u00e7\u00f5es cada vez mais precisas de mol\u00e9culas e sistemas complexos.<\/p>\n<h3>Organiza\u00e7\u00e3o do trabalho e territ\u00f3rio<\/h3>\n<p>A coopera\u00e7\u00e3o entre humanos e m\u00e1quinas transforma modelos de trabalho e estruturas organizacionais. Redes interligadas mant\u00eam o territ\u00f3rio f\u00edsico relevante, acrescentando uma dimens\u00e3o digital.<\/p>\n<p>Esta conflu\u00eancia de IA, biotecnologia, materiais e qu\u00e2ntica redefine o modo como conhecemos, vivemos e entendemos a humanidade no s\u00e9culo XXI, segundo a leitura de especialistas.<\/p>\n","protected":false},"excerpt":{"rendered":"<ul>\n<li>A digitaliza\u00e7\u00e3o e a intelig\u00eancia artificial criam uma nova camada cognitiva sobre a realidade, com realidades virtuais e h\u00edbridas que coexistem e interagem com o f\u00edsico.<\/li>\n<li>Algoritmos que aprendem, inferem e geram conhecimento expandem a imagina\u00e7\u00e3o humana, numa leitura da realidade que lembra o impulso baconiano de dominar a natureza.<\/li>\n<li>A biotecnologia redefine a vida: edi\u00e7\u00e3o gen\u00e9tica, bioimpress\u00e3o e biologia sint\u00e9tica diluem fronteiras entre natural e artificial, enquanto a converg\u00eancia com materiais avan\u00e7ados resulta em zonas de troca para metamateriais e infraestruturas futuras.<\/li>\n<li>A ci\u00eancia e a tecnologia qu\u00e2nticas reabrem o debate sobre a mat\u00e9ria; computa\u00e7\u00e3o e criptografia qu\u00e2nticas permitem modelar mol\u00e9culas e sistemas complexos, expandindo os horizontes da inova\u00e7\u00e3o.<\/li>\n<li>IA, materiais, biotecnologia e qu\u00e2ntica interagem numa coevolu\u00e7\u00e3o que redefine informa\u00e7\u00e3o, mat\u00e9ria e vida, alterando modelos de trabalho, organiza\u00e7\u00e3o territorial e a pr\u00f3pria no\u00e7\u00e3o de humanidades no s\u00e9culo XXI.<\/li>\n<\/ul>\n","protected":false},"author":2,"featured_media":404090,"comment_status":"closed","ping_status":"closed","sticky":false,"template":"","format":"standard","meta":{"footnotes":""},"categories":[1],"tags":[241,6938,1615,51,6937,153],"class_list":["post-404086","post","type-post","status-publish","format-standard","has-post-thumbnail","hentry","category-noticias","tag-biotecnologia","tag-computacao-quanticas","tag-infraestrutura","tag-inteligencia-artificial","tag-materiais","tag-tecnologia"],"yoast_head":"<!-- This site is optimized with the Yoast SEO plugin v27.2 - https:\/\/yoast.com\/product\/yoast-seo-wordpress\/ -->\n<title>Com Norte: uma revolu\u00e7\u00e3o hist\u00f3rica em curso - Portal Tela Portugal<\/title>\n<meta name=\"robots\" content=\"index, follow, max-snippet:-1, max-image-preview:large, max-video-preview:-1\" \/>\n<meta property=\"og:locale\" content=\"pt_PT\" \/>\n<meta property=\"og:type\" content=\"article\" \/>\n<meta property=\"og:title\" content=\"Com Norte: uma revolu\u00e7\u00e3o hist\u00f3rica em curso - Portal Tela Portugal\" \/>\n<meta property=\"og:description\" content=\"A digitaliza\u00e7\u00e3o e a intelig\u00eancia artificial criam uma nova camada cognitiva sobre a realidade, com realidades virtuais e h\u00edbridas que coexistem e interagem com o f\u00edsico. Algoritmos que aprendem, inferem e geram conhecimento expandem a imagina\u00e7\u00e3o humana, numa leitura da realidade que lembra o impulso baconiano de dominar a natureza. A biotecnologia redefine a vida: edi\u00e7\u00e3o gen\u00e9tica, bioimpress\u00e3o e biologia sint\u00e9tica diluem fronteiras entre natural e artificial, enquanto a converg\u00eancia com materiais avan\u00e7ados resulta em zonas de troca para metamateriais e infraestruturas futuras. A ci\u00eancia e a tecnologia qu\u00e2nticas reabrem o debate sobre a mat\u00e9ria; computa\u00e7\u00e3o e criptografia qu\u00e2nticas permitem modelar mol\u00e9culas e sistemas complexos, expandindo os horizontes da inova\u00e7\u00e3o. IA, materiais, biotecnologia e qu\u00e2ntica interagem numa coevolu\u00e7\u00e3o que redefine informa\u00e7\u00e3o, mat\u00e9ria e vida, alterando modelos de trabalho, organiza\u00e7\u00e3o territorial e a pr\u00f3pria no\u00e7\u00e3o de humanidades no s\u00e9culo XXI.\" \/>\n<meta property=\"og:url\" content=\"https:\/\/portaltela.pt\/noticias\/2026\/03\/09\/com-norte-uma-revolucao-historica-em-curso\/\" \/>\n<meta property=\"og:site_name\" content=\"Portal Tela Portugal\" \/>\n<meta property=\"article:published_time\" content=\"2026-03-10T00:00:00+00:00\" \/>\n<meta name=\"author\" content=\"Telinha\" \/>\n<meta name=\"twitter:card\" content=\"summary_large_image\" \/>\n<meta name=\"twitter:label1\" content=\"Escrito por\" \/>\n\t<meta name=\"twitter:data1\" content=\"Telinha\" \/>\n\t<meta name=\"twitter:label2\" content=\"Tempo estimado de leitura\" \/>\n\t<meta name=\"twitter:data2\" content=\"1 minuto\" \/>\n<script type=\"application\/ld+json\" class=\"yoast-schema-graph\">{\"@context\":\"https:\/\/schema.org\",\"@graph\":[{\"@type\":\"Article\",\"@id\":\"https:\/\/portaltela.pt\/noticias\/2026\/03\/09\/com-norte-uma-revolucao-historica-em-curso\/#article\",\"isPartOf\":{\"@id\":\"https:\/\/portaltela.pt\/noticias\/2026\/03\/09\/com-norte-uma-revolucao-historica-em-curso\/\"},\"author\":{\"name\":\"Telinha\",\"@id\":\"https:\/\/portaltela.pt\/#\/schema\/person\/c4278d4a6028830caff9ee44b42d32ed\"},\"headline\":\"Com Norte: uma revolu\u00e7\u00e3o hist\u00f3rica em curso\",\"datePublished\":\"2026-03-10T00:00:00+00:00\",\"mainEntityOfPage\":{\"@id\":\"https:\/\/portaltela.pt\/noticias\/2026\/03\/09\/com-norte-uma-revolucao-historica-em-curso\/\"},\"wordCount\":283,\"image\":{\"@id\":\"https:\/\/portaltela.pt\/noticias\/2026\/03\/09\/com-norte-uma-revolucao-historica-em-curso\/#primaryimage\"},\"thumbnailUrl\":\"https:\/\/portaltela.pt\/s.01k8rhncp4jt1\/2026\/03\/d2226f16-e128-4f66-b122-b77a5fcbe38c_1200x675.jpg\",\"keywords\":[\"biotecnologia\",\"computa\u00e7\u00e3o qu\u00e2nticas\",\"infraestrutura\",\"intelig\u00eancia artificial\",\"materiais\",\"tecnologia\"],\"articleSection\":[\"Not\u00edcias\"],\"inLanguage\":\"pt-PT\"},{\"@type\":\"WebPage\",\"@id\":\"https:\/\/portaltela.pt\/noticias\/2026\/03\/09\/com-norte-uma-revolucao-historica-em-curso\/\",\"url\":\"https:\/\/portaltela.pt\/noticias\/2026\/03\/09\/com-norte-uma-revolucao-historica-em-curso\/\",\"name\":\"Com Norte: uma revolu\u00e7\u00e3o hist\u00f3rica em curso - Portal Tela Portugal\",\"isPartOf\":{\"@id\":\"https:\/\/portaltela.pt\/#website\"},\"primaryImageOfPage\":{\"@id\":\"https:\/\/portaltela.pt\/noticias\/2026\/03\/09\/com-norte-uma-revolucao-historica-em-curso\/#primaryimage\"},\"image\":{\"@id\":\"https:\/\/portaltela.pt\/noticias\/2026\/03\/09\/com-norte-uma-revolucao-historica-em-curso\/#primaryimage\"},\"thumbnailUrl\":\"https:\/\/portaltela.pt\/s.01k8rhncp4jt1\/2026\/03\/d2226f16-e128-4f66-b122-b77a5fcbe38c_1200x675.jpg\",\"datePublished\":\"2026-03-10T00:00:00+00:00\",\"author\":{\"@id\":\"https:\/\/portaltela.pt\/#\/schema\/person\/c4278d4a6028830caff9ee44b42d32ed\"},\"breadcrumb\":{\"@id\":\"https:\/\/portaltela.pt\/noticias\/2026\/03\/09\/com-norte-uma-revolucao-historica-em-curso\/#breadcrumb\"},\"inLanguage\":\"pt-PT\",\"potentialAction\":[{\"@type\":\"ReadAction\",\"target\":[\"https:\/\/portaltela.pt\/noticias\/2026\/03\/09\/com-norte-uma-revolucao-historica-em-curso\/\"]}]},{\"@type\":\"ImageObject\",\"inLanguage\":\"pt-PT\",\"@id\":\"https:\/\/portaltela.pt\/noticias\/2026\/03\/09\/com-norte-uma-revolucao-historica-em-curso\/#primaryimage\",\"url\":\"https:\/\/portaltela.pt\/s.01k8rhncp4jt1\/2026\/03\/d2226f16-e128-4f66-b122-b77a5fcbe38c_1200x675.jpg\",\"contentUrl\":\"https:\/\/portaltela.pt\/s.01k8rhncp4jt1\/2026\/03\/d2226f16-e128-4f66-b122-b77a5fcbe38c_1200x675.jpg\",\"width\":796,\"height\":448,\"caption\":\"Photo\"},{\"@type\":\"BreadcrumbList\",\"@id\":\"https:\/\/portaltela.pt\/noticias\/2026\/03\/09\/com-norte-uma-revolucao-historica-em-curso\/#breadcrumb\",\"itemListElement\":[{\"@type\":\"ListItem\",\"position\":1,\"name\":\"In\u00edcio\",\"item\":\"https:\/\/portaltela.pt\/\"},{\"@type\":\"ListItem\",\"position\":2,\"name\":\"Com Norte: uma revolu\u00e7\u00e3o hist\u00f3rica em curso\"}]},{\"@type\":\"WebSite\",\"@id\":\"https:\/\/portaltela.pt\/#website\",\"url\":\"https:\/\/portaltela.pt\/\",\"name\":\"Portal Tela Portugal\",\"description\":\"\",\"potentialAction\":[{\"@type\":\"SearchAction\",\"target\":{\"@type\":\"EntryPoint\",\"urlTemplate\":\"https:\/\/portaltela.pt\/?s={search_term_string}\"},\"query-input\":{\"@type\":\"PropertyValueSpecification\",\"valueRequired\":true,\"valueName\":\"search_term_string\"}}],\"inLanguage\":\"pt-PT\"},{\"@type\":\"Person\",\"@id\":\"https:\/\/portaltela.pt\/#\/schema\/person\/c4278d4a6028830caff9ee44b42d32ed\",\"name\":\"Telinha\",\"image\":{\"@type\":\"ImageObject\",\"inLanguage\":\"pt-PT\",\"@id\":\"https:\/\/portaltela.pt\/s.01k8rhncp4jt1\/2025\/11\/talking-bot-125x125.png\",\"url\":\"https:\/\/portaltela.pt\/s.01k8rhncp4jt1\/2025\/11\/talking-bot-125x125.png\",\"contentUrl\":\"https:\/\/portaltela.pt\/s.01k8rhncp4jt1\/2025\/11\/talking-bot-125x125.png\",\"caption\":\"Telinha\"},\"sameAs\":[\"https:\/\/portaltela.pt\/\"],\"url\":\"https:\/\/portaltela.pt\/por\/367410592786\/\"}]}<\/script>\n<!-- \/ Yoast SEO plugin. -->","yoast_head_json":{"title":"Com Norte: uma revolu\u00e7\u00e3o hist\u00f3rica em curso - Portal Tela Portugal","robots":{"index":"index","follow":"follow","max-snippet":"max-snippet:-1","max-image-preview":"max-image-preview:large","max-video-preview":"max-video-preview:-1"},"og_locale":"pt_PT","og_type":"article","og_title":"Com Norte: uma revolu\u00e7\u00e3o hist\u00f3rica em curso - Portal Tela Portugal","og_description":"A digitaliza\u00e7\u00e3o e a intelig\u00eancia artificial criam uma nova camada cognitiva sobre a realidade, com realidades virtuais e h\u00edbridas que coexistem e interagem com o f\u00edsico. Algoritmos que aprendem, inferem e geram conhecimento expandem a imagina\u00e7\u00e3o humana, numa leitura da realidade que lembra o impulso baconiano de dominar a natureza. A biotecnologia redefine a vida: edi\u00e7\u00e3o gen\u00e9tica, bioimpress\u00e3o e biologia sint\u00e9tica diluem fronteiras entre natural e artificial, enquanto a converg\u00eancia com materiais avan\u00e7ados resulta em zonas de troca para metamateriais e infraestruturas futuras. A ci\u00eancia e a tecnologia qu\u00e2nticas reabrem o debate sobre a mat\u00e9ria; computa\u00e7\u00e3o e criptografia qu\u00e2nticas permitem modelar mol\u00e9culas e sistemas complexos, expandindo os horizontes da inova\u00e7\u00e3o. IA, materiais, biotecnologia e qu\u00e2ntica interagem numa coevolu\u00e7\u00e3o que redefine informa\u00e7\u00e3o, mat\u00e9ria e vida, alterando modelos de trabalho, organiza\u00e7\u00e3o territorial e a pr\u00f3pria no\u00e7\u00e3o de humanidades no s\u00e9culo XXI.","og_url":"https:\/\/portaltela.pt\/noticias\/2026\/03\/09\/com-norte-uma-revolucao-historica-em-curso\/","og_site_name":"Portal Tela Portugal","article_published_time":"2026-03-10T00:00:00+00:00","author":"Telinha","twitter_card":"summary_large_image","twitter_misc":{"Escrito por":"Telinha","Tempo estimado de leitura":"1 minuto"},"schema":{"@context":"https:\/\/schema.org","@graph":[{"@type":"Article","@id":"https:\/\/portaltela.pt\/noticias\/2026\/03\/09\/com-norte-uma-revolucao-historica-em-curso\/#article","isPartOf":{"@id":"https:\/\/portaltela.pt\/noticias\/2026\/03\/09\/com-norte-uma-revolucao-historica-em-curso\/"},"author":{"name":"Telinha","@id":"https:\/\/portaltela.pt\/#\/schema\/person\/c4278d4a6028830caff9ee44b42d32ed"},"headline":"Com Norte: uma revolu\u00e7\u00e3o hist\u00f3rica em curso","datePublished":"2026-03-10T00:00:00+00:00","mainEntityOfPage":{"@id":"https:\/\/portaltela.pt\/noticias\/2026\/03\/09\/com-norte-uma-revolucao-historica-em-curso\/"},"wordCount":283,"image":{"@id":"https:\/\/portaltela.pt\/noticias\/2026\/03\/09\/com-norte-uma-revolucao-historica-em-curso\/#primaryimage"},"thumbnailUrl":"https:\/\/portaltela.pt\/s.01k8rhncp4jt1\/2026\/03\/d2226f16-e128-4f66-b122-b77a5fcbe38c_1200x675.jpg","keywords":["biotecnologia","computa\u00e7\u00e3o qu\u00e2nticas","infraestrutura","intelig\u00eancia artificial","materiais","tecnologia"],"articleSection":["Not\u00edcias"],"inLanguage":"pt-PT"},{"@type":"WebPage","@id":"https:\/\/portaltela.pt\/noticias\/2026\/03\/09\/com-norte-uma-revolucao-historica-em-curso\/","url":"https:\/\/portaltela.pt\/noticias\/2026\/03\/09\/com-norte-uma-revolucao-historica-em-curso\/","name":"Com Norte: uma revolu\u00e7\u00e3o hist\u00f3rica em curso - Portal Tela Portugal","isPartOf":{"@id":"https:\/\/portaltela.pt\/#website"},"primaryImageOfPage":{"@id":"https:\/\/portaltela.pt\/noticias\/2026\/03\/09\/com-norte-uma-revolucao-historica-em-curso\/#primaryimage"},"image":{"@id":"https:\/\/portaltela.pt\/noticias\/2026\/03\/09\/com-norte-uma-revolucao-historica-em-curso\/#primaryimage"},"thumbnailUrl":"https:\/\/portaltela.pt\/s.01k8rhncp4jt1\/2026\/03\/d2226f16-e128-4f66-b122-b77a5fcbe38c_1200x675.jpg","datePublished":"2026-03-10T00:00:00+00:00","author":{"@id":"https:\/\/portaltela.pt\/#\/schema\/person\/c4278d4a6028830caff9ee44b42d32ed"},"breadcrumb":{"@id":"https:\/\/portaltela.pt\/noticias\/2026\/03\/09\/com-norte-uma-revolucao-historica-em-curso\/#breadcrumb"},"inLanguage":"pt-PT","potentialAction":[{"@type":"ReadAction","target":["https:\/\/portaltela.pt\/noticias\/2026\/03\/09\/com-norte-uma-revolucao-historica-em-curso\/"]}]},{"@type":"ImageObject","inLanguage":"pt-PT","@id":"https:\/\/portaltela.pt\/noticias\/2026\/03\/09\/com-norte-uma-revolucao-historica-em-curso\/#primaryimage","url":"https:\/\/portaltela.pt\/s.01k8rhncp4jt1\/2026\/03\/d2226f16-e128-4f66-b122-b77a5fcbe38c_1200x675.jpg","contentUrl":"https:\/\/portaltela.pt\/s.01k8rhncp4jt1\/2026\/03\/d2226f16-e128-4f66-b122-b77a5fcbe38c_1200x675.jpg","width":796,"height":448,"caption":"Photo"},{"@type":"BreadcrumbList","@id":"https:\/\/portaltela.pt\/noticias\/2026\/03\/09\/com-norte-uma-revolucao-historica-em-curso\/#breadcrumb","itemListElement":[{"@type":"ListItem","position":1,"name":"In\u00edcio","item":"https:\/\/portaltela.pt\/"},{"@type":"ListItem","position":2,"name":"Com Norte: uma revolu\u00e7\u00e3o hist\u00f3rica em curso"}]},{"@type":"WebSite","@id":"https:\/\/portaltela.pt\/#website","url":"https:\/\/portaltela.pt\/","name":"Portal Tela Portugal","description":"","potentialAction":[{"@type":"SearchAction","target":{"@type":"EntryPoint","urlTemplate":"https:\/\/portaltela.pt\/?s={search_term_string}"},"query-input":{"@type":"PropertyValueSpecification","valueRequired":true,"valueName":"search_term_string"}}],"inLanguage":"pt-PT"},{"@type":"Person","@id":"https:\/\/portaltela.pt\/#\/schema\/person\/c4278d4a6028830caff9ee44b42d32ed","name":"Telinha","image":{"@type":"ImageObject","inLanguage":"pt-PT","@id":"https:\/\/portaltela.pt\/s.01k8rhncp4jt1\/2025\/11\/talking-bot-125x125.png","url":"https:\/\/portaltela.pt\/s.01k8rhncp4jt1\/2025\/11\/talking-bot-125x125.png","contentUrl":"https:\/\/portaltela.pt\/s.01k8rhncp4jt1\/2025\/11\/talking-bot-125x125.png","caption":"Telinha"},"sameAs":["https:\/\/portaltela.pt\/"],"url":"https:\/\/portaltela.pt\/por\/367410592786\/"}]}},"_links":{"self":[{"href":"https:\/\/portaltela.pt\/api\/wp\/v2\/posts\/404086","targetHints":{"allow":["GET"]}}],"collection":[{"href":"https:\/\/portaltela.pt\/api\/wp\/v2\/posts"}],"about":[{"href":"https:\/\/portaltela.pt\/api\/wp\/v2\/types\/post"}],"author":[{"embeddable":true,"href":"https:\/\/portaltela.pt\/api\/wp\/v2\/users\/2"}],"replies":[{"embeddable":true,"href":"https:\/\/portaltela.pt\/api\/wp\/v2\/comments?post=404086"}],"version-history":[{"count":0,"href":"https:\/\/portaltela.pt\/api\/wp\/v2\/posts\/404086\/revisions"}],"wp:featuredmedia":[{"embeddable":true,"href":"https:\/\/portaltela.pt\/api\/wp\/v2\/media\/404090"}],"wp:attachment":[{"href":"https:\/\/portaltela.pt\/api\/wp\/v2\/media?parent=404086"}],"wp:term":[{"taxonomy":"category","embeddable":true,"href":"https:\/\/portaltela.pt\/api\/wp\/v2\/categories?post=404086"},{"taxonomy":"post_tag","embeddable":true,"href":"https:\/\/portaltela.pt\/api\/wp\/v2\/tags?post=404086"}],"curies":[{"name":"wp","href":"https:\/\/api.w.org\/{rel}","templated":true}]}}