{"id":404070,"date":"2026-03-09T20:00:00","date_gmt":"2026-03-09T23:00:00","guid":{"rendered":"https:\/\/portaltela.pt\/noticias\/2026\/03\/09\/julgamento-de-pais-acusados-de-manter-filhos-trancados-na-casa-dos-horrores\/"},"modified":"2026-03-09T20:00:00","modified_gmt":"2026-03-09T23:00:00","slug":"julgamento-de-pais-acusados-de-manter-filhos-trancados-na-casa-dos-horrores","status":"publish","type":"post","link":"https:\/\/portaltela.pt\/noticias\/2026\/03\/09\/julgamento-de-pais-acusados-de-manter-filhos-trancados-na-casa-dos-horrores\/","title":{"rendered":"Julgamento de pais acusados de manter filhos trancados na casa dos horrores"},"content":{"rendered":"<p>O julgamento de um casal acusado de manter os filhos presos em casa come\u00e7a na ter\u00e7a-feira, em Oviedo, Espanha. O processo decorre \u00e0 porta fechada, devido \u00e0 gravidade dos crimes imputados.<\/p>\n<p>O pai tem 53 anos e \u00e9 alem\u00e3o; a m\u00e3e, de 48 anos, tem dupla cidadania alem\u00e3 e americana. Ambos enfrentam penas que podem chegar a 25 anos e quatro meses de pris\u00e3o, caso sejam condenados.<\/p>\n<p>Os Crimes imputados s\u00e3o viol\u00eancia psicol\u00f3gica no \u00e2mbito familiar, deten\u00e7\u00e3o ilegal e abandono da fam\u00edlia. A deten\u00e7\u00e3o ocorreu h\u00e1 quase quatro anos, \u00e0 espera de um desfecho judicial.<\/p>\n<p>A investiga\u00e7\u00e3o come\u00e7ou ap\u00f3s uma den\u00fancia de vizinho, em 28 de abril de 2025. Ao entrarem na resid\u00eancia, as autoridades encontraram tr\u00eas menores sem escolaridade e rodeados de lixo.<\/p>\n<p>As crian\u00e7as eram g\u00e9meos de 8 anos e um rapaz de 10. A habita\u00e7\u00e3o, alugada desde outubro de 2021, apresentava condi\u00e7\u00f5es insalubres e falta de higiene, segundo a pol\u00edcia.<\/p>\n<p>Medica\u00e7\u00e3o armazenada no interior era de grande quantidade; as crian\u00e7as usavam fraldas e m\u00e1scaras. Os agentes chegaram a pedir aos pais que colocassem uma m\u00e1scara antes da entrada.<\/p>\n<p>O local apresentava persianas fechadas e um odor intenso. Ao sa\u00edrem, os meninos demonstraram entusiasmo ao tocar na relva, indicando terem ficado muito tempo em ambiente fechado.<\/p>\n<p>Ap\u00f3s a interven\u00e7\u00e3o, as crian\u00e7as receberam assist\u00eancia m\u00e9dica e foram encaminhadas para um centro de menores. O tribunal decidiu manter o julgamento \u00e0 porta fechada por causa da idade das v\u00edtimas.<\/p>\n","protected":false},"excerpt":{"rendered":"<ul>\n<li>O julgamento do casal acusado de manter os filhos presos em casa come\u00e7a na ter\u00e7a-feira, em Oviedo, \u00e0 porta fechada.<\/li>\n<li>Os pais s\u00e3o um homem alem\u00e3o, de 53 anos, e uma mulher de 48 anos com dupla cidadania alem\u00e3 e norte-americana; enfrentam penas que podem chegar a 25 anos de pris\u00e3o.<\/li>\n<li>Est\u00e3o acusados de viol\u00eancia psicol\u00f3gica no \u00e2mbito familiar, deten\u00e7\u00e3o ilegal e abandono da fam\u00edlia; as penas somam at\u00e9 25 anos e quatro meses.<\/li>\n<li>A deten\u00e7\u00e3o foi descoberta ap\u00f3s uma den\u00fancia de vizinho, em 28 de abril de 2025, quando tr\u00eas menores estavam presos durante quase quatro anos na chamada \u201ccasa dos horrores\u201d.<\/li>\n<li>As crian\u00e7as \u2014 g\u00e9meos de oito anos e um menino de dez \u2014 n\u00e3o frequentavam escola, viviam em ambiente insalubre e receberam assist\u00eancia m\u00e9dica, sendo encaminhadas para um centro de menores; o julgamento ocorre a porta fechada devido \u00e0 gravidade dos crimes.<\/li>\n<\/ul>\n","protected":false},"author":2,"featured_media":404076,"comment_status":"closed","ping_status":"closed","sticky":false,"template":"","format":"standard","meta":{"footnotes":""},"categories":[6815,1],"tags":[1455,3953,4139,5194,214,2244],"class_list":["post-404070","post","type-post","status-publish","format-standard","has-post-thumbnail","hentry","category-justica","category-noticias","tag-abuso-de-menor-dependente","tag-criancas","tag-detencao","tag-exploracao-de-menores","tag-violencia-domestica","tag-violencia-psicologica"],"yoast_head":"<!-- This site is optimized with the Yoast SEO plugin v27.2 - https:\/\/yoast.com\/product\/yoast-seo-wordpress\/ -->\n<title>Julgamento de pais acusados de manter filhos trancados na casa dos horrores - Portal Tela Portugal<\/title>\n<meta name=\"robots\" content=\"index, follow, max-snippet:-1, max-image-preview:large, max-video-preview:-1\" \/>\n<meta property=\"og:locale\" content=\"pt_PT\" \/>\n<meta property=\"og:type\" content=\"article\" \/>\n<meta property=\"og:title\" content=\"Julgamento de pais acusados de manter filhos trancados na casa dos horrores - Portal Tela Portugal\" \/>\n<meta property=\"og:description\" content=\"O julgamento do casal acusado de manter os filhos presos em casa come\u00e7a na ter\u00e7a-feira, em Oviedo, \u00e0 porta fechada. Os pais s\u00e3o um homem alem\u00e3o, de 53 anos, e uma mulher de 48 anos com dupla cidadania alem\u00e3 e norte-americana; enfrentam penas que podem chegar a 25 anos de pris\u00e3o. Est\u00e3o acusados de viol\u00eancia psicol\u00f3gica no \u00e2mbito familiar, deten\u00e7\u00e3o ilegal e abandono da fam\u00edlia; as penas somam at\u00e9 25 anos e quatro meses. A deten\u00e7\u00e3o foi descoberta ap\u00f3s uma den\u00fancia de vizinho, em 28 de abril de 2025, quando tr\u00eas menores estavam presos durante quase quatro anos na chamada \u201ccasa dos horrores\u201d. As crian\u00e7as \u2014 g\u00e9meos de oito anos e um menino de dez \u2014 n\u00e3o frequentavam escola, viviam em ambiente insalubre e receberam assist\u00eancia m\u00e9dica, sendo encaminhadas para um centro de menores; o julgamento ocorre a porta fechada devido \u00e0 gravidade dos crimes.\" \/>\n<meta property=\"og:url\" content=\"https:\/\/portaltela.pt\/noticias\/2026\/03\/09\/julgamento-de-pais-acusados-de-manter-filhos-trancados-na-casa-dos-horrores\/\" \/>\n<meta property=\"og:site_name\" content=\"Portal Tela Portugal\" \/>\n<meta property=\"article:published_time\" content=\"2026-03-09T23:00:00+00:00\" \/>\n<meta name=\"author\" content=\"Telinha\" \/>\n<meta name=\"twitter:card\" content=\"summary_large_image\" \/>\n<meta name=\"twitter:label1\" content=\"Escrito por\" \/>\n\t<meta name=\"twitter:data1\" content=\"Telinha\" \/>\n\t<meta name=\"twitter:label2\" content=\"Tempo estimado de leitura\" \/>\n\t<meta name=\"twitter:data2\" content=\"1 minuto\" \/>\n<script type=\"application\/ld+json\" class=\"yoast-schema-graph\">{\"@context\":\"https:\/\/schema.org\",\"@graph\":[{\"@type\":\"Article\",\"@id\":\"https:\/\/portaltela.pt\/noticias\/2026\/03\/09\/julgamento-de-pais-acusados-de-manter-filhos-trancados-na-casa-dos-horrores\/#article\",\"isPartOf\":{\"@id\":\"https:\/\/portaltela.pt\/noticias\/2026\/03\/09\/julgamento-de-pais-acusados-de-manter-filhos-trancados-na-casa-dos-horrores\/\"},\"author\":{\"name\":\"Telinha\",\"@id\":\"https:\/\/portaltela.pt\/#\/schema\/person\/c4278d4a6028830caff9ee44b42d32ed\"},\"headline\":\"Julgamento de pais acusados de manter filhos trancados na casa dos horrores\",\"datePublished\":\"2026-03-09T23:00:00+00:00\",\"mainEntityOfPage\":{\"@id\":\"https:\/\/portaltela.pt\/noticias\/2026\/03\/09\/julgamento-de-pais-acusados-de-manter-filhos-trancados-na-casa-dos-horrores\/\"},\"wordCount\":271,\"image\":{\"@id\":\"https:\/\/portaltela.pt\/noticias\/2026\/03\/09\/julgamento-de-pais-acusados-de-manter-filhos-trancados-na-casa-dos-horrores\/#primaryimage\"},\"thumbnailUrl\":\"https:\/\/portaltela.pt\/s.01k8rhncp4jt1\/2026\/03\/image-602.jpg\",\"keywords\":[\"abuso de menor dependente\",\"crian\u00e7as\",\"deten\u00e7\u00e3o\",\"explora\u00e7\u00e3o de menores\",\"viol\u00eancia dom\u00e9stica\",\"viol\u00eancia psicol\u00f3gica\"],\"articleSection\":[\"Justi\u00e7a\",\"Not\u00edcias\"],\"inLanguage\":\"pt-PT\"},{\"@type\":\"WebPage\",\"@id\":\"https:\/\/portaltela.pt\/noticias\/2026\/03\/09\/julgamento-de-pais-acusados-de-manter-filhos-trancados-na-casa-dos-horrores\/\",\"url\":\"https:\/\/portaltela.pt\/noticias\/2026\/03\/09\/julgamento-de-pais-acusados-de-manter-filhos-trancados-na-casa-dos-horrores\/\",\"name\":\"Julgamento de pais acusados de manter filhos trancados na casa dos horrores - Portal Tela Portugal\",\"isPartOf\":{\"@id\":\"https:\/\/portaltela.pt\/#website\"},\"primaryImageOfPage\":{\"@id\":\"https:\/\/portaltela.pt\/noticias\/2026\/03\/09\/julgamento-de-pais-acusados-de-manter-filhos-trancados-na-casa-dos-horrores\/#primaryimage\"},\"image\":{\"@id\":\"https:\/\/portaltela.pt\/noticias\/2026\/03\/09\/julgamento-de-pais-acusados-de-manter-filhos-trancados-na-casa-dos-horrores\/#primaryimage\"},\"thumbnailUrl\":\"https:\/\/portaltela.pt\/s.01k8rhncp4jt1\/2026\/03\/image-602.jpg\",\"datePublished\":\"2026-03-09T23:00:00+00:00\",\"author\":{\"@id\":\"https:\/\/portaltela.pt\/#\/schema\/person\/c4278d4a6028830caff9ee44b42d32ed\"},\"breadcrumb\":{\"@id\":\"https:\/\/portaltela.pt\/noticias\/2026\/03\/09\/julgamento-de-pais-acusados-de-manter-filhos-trancados-na-casa-dos-horrores\/#breadcrumb\"},\"inLanguage\":\"pt-PT\",\"potentialAction\":[{\"@type\":\"ReadAction\",\"target\":[\"https:\/\/portaltela.pt\/noticias\/2026\/03\/09\/julgamento-de-pais-acusados-de-manter-filhos-trancados-na-casa-dos-horrores\/\"]}]},{\"@type\":\"ImageObject\",\"inLanguage\":\"pt-PT\",\"@id\":\"https:\/\/portaltela.pt\/noticias\/2026\/03\/09\/julgamento-de-pais-acusados-de-manter-filhos-trancados-na-casa-dos-horrores\/#primaryimage\",\"url\":\"https:\/\/portaltela.pt\/s.01k8rhncp4jt1\/2026\/03\/image-602.jpg\",\"contentUrl\":\"https:\/\/portaltela.pt\/s.01k8rhncp4jt1\/2026\/03\/image-602.jpg\",\"width\":796,\"height\":448,\"caption\":\"Autoridades encontraram as tr\u00eas crian\u00e7as trancadas numa casa \\\"rodeadas de lixo\\\"\"},{\"@type\":\"BreadcrumbList\",\"@id\":\"https:\/\/portaltela.pt\/noticias\/2026\/03\/09\/julgamento-de-pais-acusados-de-manter-filhos-trancados-na-casa-dos-horrores\/#breadcrumb\",\"itemListElement\":[{\"@type\":\"ListItem\",\"position\":1,\"name\":\"In\u00edcio\",\"item\":\"https:\/\/portaltela.pt\/\"},{\"@type\":\"ListItem\",\"position\":2,\"name\":\"Julgamento de pais acusados de manter filhos trancados na casa dos horrores\"}]},{\"@type\":\"WebSite\",\"@id\":\"https:\/\/portaltela.pt\/#website\",\"url\":\"https:\/\/portaltela.pt\/\",\"name\":\"Portal Tela Portugal\",\"description\":\"\",\"potentialAction\":[{\"@type\":\"SearchAction\",\"target\":{\"@type\":\"EntryPoint\",\"urlTemplate\":\"https:\/\/portaltela.pt\/?s={search_term_string}\"},\"query-input\":{\"@type\":\"PropertyValueSpecification\",\"valueRequired\":true,\"valueName\":\"search_term_string\"}}],\"inLanguage\":\"pt-PT\"},{\"@type\":\"Person\",\"@id\":\"https:\/\/portaltela.pt\/#\/schema\/person\/c4278d4a6028830caff9ee44b42d32ed\",\"name\":\"Telinha\",\"image\":{\"@type\":\"ImageObject\",\"inLanguage\":\"pt-PT\",\"@id\":\"https:\/\/portaltela.pt\/s.01k8rhncp4jt1\/2025\/11\/talking-bot-125x125.png\",\"url\":\"https:\/\/portaltela.pt\/s.01k8rhncp4jt1\/2025\/11\/talking-bot-125x125.png\",\"contentUrl\":\"https:\/\/portaltela.pt\/s.01k8rhncp4jt1\/2025\/11\/talking-bot-125x125.png\",\"caption\":\"Telinha\"},\"sameAs\":[\"https:\/\/portaltela.pt\/\"],\"url\":\"https:\/\/portaltela.pt\/por\/367410592786\/\"}]}<\/script>\n<!-- \/ Yoast SEO plugin. -->","yoast_head_json":{"title":"Julgamento de pais acusados de manter filhos trancados na casa dos horrores - Portal Tela Portugal","robots":{"index":"index","follow":"follow","max-snippet":"max-snippet:-1","max-image-preview":"max-image-preview:large","max-video-preview":"max-video-preview:-1"},"og_locale":"pt_PT","og_type":"article","og_title":"Julgamento de pais acusados de manter filhos trancados na casa dos horrores - Portal Tela Portugal","og_description":"O julgamento do casal acusado de manter os filhos presos em casa come\u00e7a na ter\u00e7a-feira, em Oviedo, \u00e0 porta fechada. Os pais s\u00e3o um homem alem\u00e3o, de 53 anos, e uma mulher de 48 anos com dupla cidadania alem\u00e3 e norte-americana; enfrentam penas que podem chegar a 25 anos de pris\u00e3o. Est\u00e3o acusados de viol\u00eancia psicol\u00f3gica no \u00e2mbito familiar, deten\u00e7\u00e3o ilegal e abandono da fam\u00edlia; as penas somam at\u00e9 25 anos e quatro meses. A deten\u00e7\u00e3o foi descoberta ap\u00f3s uma den\u00fancia de vizinho, em 28 de abril de 2025, quando tr\u00eas menores estavam presos durante quase quatro anos na chamada \u201ccasa dos horrores\u201d. As crian\u00e7as \u2014 g\u00e9meos de oito anos e um menino de dez \u2014 n\u00e3o frequentavam escola, viviam em ambiente insalubre e receberam assist\u00eancia m\u00e9dica, sendo encaminhadas para um centro de menores; o julgamento ocorre a porta fechada devido \u00e0 gravidade dos crimes.","og_url":"https:\/\/portaltela.pt\/noticias\/2026\/03\/09\/julgamento-de-pais-acusados-de-manter-filhos-trancados-na-casa-dos-horrores\/","og_site_name":"Portal Tela Portugal","article_published_time":"2026-03-09T23:00:00+00:00","author":"Telinha","twitter_card":"summary_large_image","twitter_misc":{"Escrito por":"Telinha","Tempo estimado de leitura":"1 minuto"},"schema":{"@context":"https:\/\/schema.org","@graph":[{"@type":"Article","@id":"https:\/\/portaltela.pt\/noticias\/2026\/03\/09\/julgamento-de-pais-acusados-de-manter-filhos-trancados-na-casa-dos-horrores\/#article","isPartOf":{"@id":"https:\/\/portaltela.pt\/noticias\/2026\/03\/09\/julgamento-de-pais-acusados-de-manter-filhos-trancados-na-casa-dos-horrores\/"},"author":{"name":"Telinha","@id":"https:\/\/portaltela.pt\/#\/schema\/person\/c4278d4a6028830caff9ee44b42d32ed"},"headline":"Julgamento de pais acusados de manter filhos trancados na casa dos horrores","datePublished":"2026-03-09T23:00:00+00:00","mainEntityOfPage":{"@id":"https:\/\/portaltela.pt\/noticias\/2026\/03\/09\/julgamento-de-pais-acusados-de-manter-filhos-trancados-na-casa-dos-horrores\/"},"wordCount":271,"image":{"@id":"https:\/\/portaltela.pt\/noticias\/2026\/03\/09\/julgamento-de-pais-acusados-de-manter-filhos-trancados-na-casa-dos-horrores\/#primaryimage"},"thumbnailUrl":"https:\/\/portaltela.pt\/s.01k8rhncp4jt1\/2026\/03\/image-602.jpg","keywords":["abuso de menor dependente","crian\u00e7as","deten\u00e7\u00e3o","explora\u00e7\u00e3o de menores","viol\u00eancia dom\u00e9stica","viol\u00eancia psicol\u00f3gica"],"articleSection":["Justi\u00e7a","Not\u00edcias"],"inLanguage":"pt-PT"},{"@type":"WebPage","@id":"https:\/\/portaltela.pt\/noticias\/2026\/03\/09\/julgamento-de-pais-acusados-de-manter-filhos-trancados-na-casa-dos-horrores\/","url":"https:\/\/portaltela.pt\/noticias\/2026\/03\/09\/julgamento-de-pais-acusados-de-manter-filhos-trancados-na-casa-dos-horrores\/","name":"Julgamento de pais acusados de manter filhos trancados na casa dos horrores - Portal Tela Portugal","isPartOf":{"@id":"https:\/\/portaltela.pt\/#website"},"primaryImageOfPage":{"@id":"https:\/\/portaltela.pt\/noticias\/2026\/03\/09\/julgamento-de-pais-acusados-de-manter-filhos-trancados-na-casa-dos-horrores\/#primaryimage"},"image":{"@id":"https:\/\/portaltela.pt\/noticias\/2026\/03\/09\/julgamento-de-pais-acusados-de-manter-filhos-trancados-na-casa-dos-horrores\/#primaryimage"},"thumbnailUrl":"https:\/\/portaltela.pt\/s.01k8rhncp4jt1\/2026\/03\/image-602.jpg","datePublished":"2026-03-09T23:00:00+00:00","author":{"@id":"https:\/\/portaltela.pt\/#\/schema\/person\/c4278d4a6028830caff9ee44b42d32ed"},"breadcrumb":{"@id":"https:\/\/portaltela.pt\/noticias\/2026\/03\/09\/julgamento-de-pais-acusados-de-manter-filhos-trancados-na-casa-dos-horrores\/#breadcrumb"},"inLanguage":"pt-PT","potentialAction":[{"@type":"ReadAction","target":["https:\/\/portaltela.pt\/noticias\/2026\/03\/09\/julgamento-de-pais-acusados-de-manter-filhos-trancados-na-casa-dos-horrores\/"]}]},{"@type":"ImageObject","inLanguage":"pt-PT","@id":"https:\/\/portaltela.pt\/noticias\/2026\/03\/09\/julgamento-de-pais-acusados-de-manter-filhos-trancados-na-casa-dos-horrores\/#primaryimage","url":"https:\/\/portaltela.pt\/s.01k8rhncp4jt1\/2026\/03\/image-602.jpg","contentUrl":"https:\/\/portaltela.pt\/s.01k8rhncp4jt1\/2026\/03\/image-602.jpg","width":796,"height":448,"caption":"Autoridades encontraram as tr\u00eas crian\u00e7as trancadas numa casa \"rodeadas de lixo\""},{"@type":"BreadcrumbList","@id":"https:\/\/portaltela.pt\/noticias\/2026\/03\/09\/julgamento-de-pais-acusados-de-manter-filhos-trancados-na-casa-dos-horrores\/#breadcrumb","itemListElement":[{"@type":"ListItem","position":1,"name":"In\u00edcio","item":"https:\/\/portaltela.pt\/"},{"@type":"ListItem","position":2,"name":"Julgamento de pais acusados de manter filhos trancados na casa dos horrores"}]},{"@type":"WebSite","@id":"https:\/\/portaltela.pt\/#website","url":"https:\/\/portaltela.pt\/","name":"Portal Tela Portugal","description":"","potentialAction":[{"@type":"SearchAction","target":{"@type":"EntryPoint","urlTemplate":"https:\/\/portaltela.pt\/?s={search_term_string}"},"query-input":{"@type":"PropertyValueSpecification","valueRequired":true,"valueName":"search_term_string"}}],"inLanguage":"pt-PT"},{"@type":"Person","@id":"https:\/\/portaltela.pt\/#\/schema\/person\/c4278d4a6028830caff9ee44b42d32ed","name":"Telinha","image":{"@type":"ImageObject","inLanguage":"pt-PT","@id":"https:\/\/portaltela.pt\/s.01k8rhncp4jt1\/2025\/11\/talking-bot-125x125.png","url":"https:\/\/portaltela.pt\/s.01k8rhncp4jt1\/2025\/11\/talking-bot-125x125.png","contentUrl":"https:\/\/portaltela.pt\/s.01k8rhncp4jt1\/2025\/11\/talking-bot-125x125.png","caption":"Telinha"},"sameAs":["https:\/\/portaltela.pt\/"],"url":"https:\/\/portaltela.pt\/por\/367410592786\/"}]}},"_links":{"self":[{"href":"https:\/\/portaltela.pt\/api\/wp\/v2\/posts\/404070","targetHints":{"allow":["GET"]}}],"collection":[{"href":"https:\/\/portaltela.pt\/api\/wp\/v2\/posts"}],"about":[{"href":"https:\/\/portaltela.pt\/api\/wp\/v2\/types\/post"}],"author":[{"embeddable":true,"href":"https:\/\/portaltela.pt\/api\/wp\/v2\/users\/2"}],"replies":[{"embeddable":true,"href":"https:\/\/portaltela.pt\/api\/wp\/v2\/comments?post=404070"}],"version-history":[{"count":0,"href":"https:\/\/portaltela.pt\/api\/wp\/v2\/posts\/404070\/revisions"}],"wp:featuredmedia":[{"embeddable":true,"href":"https:\/\/portaltela.pt\/api\/wp\/v2\/media\/404076"}],"wp:attachment":[{"href":"https:\/\/portaltela.pt\/api\/wp\/v2\/media?parent=404070"}],"wp:term":[{"taxonomy":"category","embeddable":true,"href":"https:\/\/portaltela.pt\/api\/wp\/v2\/categories?post=404070"},{"taxonomy":"post_tag","embeddable":true,"href":"https:\/\/portaltela.pt\/api\/wp\/v2\/tags?post=404070"}],"curies":[{"name":"wp","href":"https:\/\/api.w.org\/{rel}","templated":true}]}}