{"id":404030,"date":"2026-03-09T18:40:21","date_gmt":"2026-03-09T21:40:21","guid":{"rendered":"https:\/\/portaltela.pt\/noticias\/2026\/03\/09\/ataque-iraniano-provoca-incendio-na-unica-refinaria-de-petroleo-do-bahrein\/"},"modified":"2026-03-09T18:40:21","modified_gmt":"2026-03-09T21:40:21","slug":"ataque-iraniano-provoca-incendio-na-unica-refinaria-de-petroleo-do-bahrein","status":"publish","type":"post","link":"https:\/\/portaltela.pt\/noticias\/2026\/03\/09\/ataque-iraniano-provoca-incendio-na-unica-refinaria-de-petroleo-do-bahrein\/","title":{"rendered":"Ataque iraniano provoca inc\u00eandio na \u00fanica refinaria de petr\u00f3leo do Bahrein"},"content":{"rendered":"<p>Um ataque, atribu\u00eddo ao Ir\u00e3o, provocou um inc\u00eandio na \u00fanica refinaria de petr\u00f3leo do Bahrein. O fogo deflagrou na noite de 9 de mar\u00e7o de 2026, \u00e0s 21:40, numa instala\u00e7\u00e3o localizada na ilha de Sitra, perto de Manama. Imagens mostram colunas densas de fumo no complexo industrial.<\/p>\n<p>As autoridades ba in &#8211; ainda n\u00e3o confirmaram feridos. A refina\u00e7\u00e3o \u00e9 descrita como a principal infraestrutura energ\u00e9tica do pa\u00eds, com danos materiais reportados pela gest\u00e3o da refinaria e pela for\u00e7a de prote\u00e7\u00e3o de instala\u00e7\u00f5es.<\/p>\n<p>O incidente ocorre num momento de tens\u00f5es regionais envolvendo o Ir\u00e3o. N\u00e3o foram divulgados detalhes sobre a origem do fogo ou sobre eventuais impactos na produ\u00e7\u00e3o de petr\u00f3leo do Bahrein.<\/p>\n<h3>Contexto<\/h3>\n<p>Analistas destacam que ataques contra infraestruturas energ\u00e9ticas elevam o risco de interrup\u00e7\u00f5es no fornecimento regional. O governo do Bahrein n\u00e3o divulgou n\u00fameros oficiais sobre danos ou sobre a recupera\u00e7\u00e3o da atividade da refinaria.<\/p>\n<h3>Desdobramentos<\/h3>\n<p>Ainda n\u00e3o existem informa\u00e7\u00f5es oficiais sobre investiga\u00e7\u00f5es ou sobre medidas para estabilizar a produ\u00e7\u00e3o. Autoridades locais prometem atualiza\u00e7\u00f5es \u00e0 medida que estejam dispon\u00edveis.<\/p>\n","protected":false},"excerpt":{"rendered":"<ul>\n<li>Um ataque atribu\u00eddo ao Ir\u00e3o provocou um inc\u00eandio na \u00fanica refinaria de petr\u00f3leo do Bahrein, com colunas de fumo vis\u00edveis sobre o complexo.<\/li>\n<li>As autoridades indicam danos materiais na instala\u00e7\u00e3o energ\u00e9tica.<\/li>\n<li>A refinaria \u00e9 a \u00fanica do pa\u00eds.<\/li>\n<li>O incidente ocorreu a 09 de mar\u00e7o de 2026, \u00e0s 21:40.<\/li>\n<\/ul>\n","protected":false},"author":2,"featured_media":404033,"comment_status":"closed","ping_status":"closed","sticky":false,"template":"","format":"standard","meta":{"footnotes":""},"categories":[6790,1],"tags":[6492,2198,174,1438,3153,250],"class_list":["post-404030","post","type-post","status-publish","format-standard","has-post-thumbnail","hentry","category-conflitos","category-noticias","tag-bahrein","tag-conflitos-internacionais","tag-energia","tag-incendio","tag-ira","tag-seguranca-publica"],"yoast_head":"<!-- This site is optimized with the Yoast SEO plugin v27.2 - https:\/\/yoast.com\/product\/yoast-seo-wordpress\/ -->\n<title>Ataque iraniano provoca inc\u00eandio na \u00fanica refinaria de petr\u00f3leo do Bahrein - Portal Tela Portugal<\/title>\n<meta name=\"robots\" content=\"index, follow, max-snippet:-1, max-image-preview:large, max-video-preview:-1\" \/>\n<meta property=\"og:locale\" content=\"pt_PT\" \/>\n<meta property=\"og:type\" content=\"article\" \/>\n<meta property=\"og:title\" content=\"Ataque iraniano provoca inc\u00eandio na \u00fanica refinaria de petr\u00f3leo do Bahrein - Portal Tela Portugal\" \/>\n<meta property=\"og:description\" content=\"Um ataque atribu\u00eddo ao Ir\u00e3o provocou um inc\u00eandio na \u00fanica refinaria de petr\u00f3leo do Bahrein, com colunas de fumo vis\u00edveis sobre o complexo. As autoridades indicam danos materiais na instala\u00e7\u00e3o energ\u00e9tica. A refinaria \u00e9 a \u00fanica do pa\u00eds. O incidente ocorreu a 09 de mar\u00e7o de 2026, \u00e0s 21:40.\" \/>\n<meta property=\"og:url\" content=\"https:\/\/portaltela.pt\/noticias\/2026\/03\/09\/ataque-iraniano-provoca-incendio-na-unica-refinaria-de-petroleo-do-bahrein\/\" \/>\n<meta property=\"og:site_name\" content=\"Portal Tela Portugal\" \/>\n<meta property=\"article:published_time\" content=\"2026-03-09T21:40:21+00:00\" \/>\n<meta name=\"author\" content=\"Telinha\" \/>\n<meta name=\"twitter:card\" content=\"summary_large_image\" \/>\n<meta name=\"twitter:label1\" content=\"Escrito por\" \/>\n\t<meta name=\"twitter:data1\" content=\"Telinha\" \/>\n\t<meta name=\"twitter:label2\" content=\"Tempo estimado de leitura\" \/>\n\t<meta name=\"twitter:data2\" content=\"1 minuto\" \/>\n<script type=\"application\/ld+json\" class=\"yoast-schema-graph\">{\"@context\":\"https:\/\/schema.org\",\"@graph\":[{\"@type\":\"Article\",\"@id\":\"https:\/\/portaltela.pt\/noticias\/2026\/03\/09\/ataque-iraniano-provoca-incendio-na-unica-refinaria-de-petroleo-do-bahrein\/#article\",\"isPartOf\":{\"@id\":\"https:\/\/portaltela.pt\/noticias\/2026\/03\/09\/ataque-iraniano-provoca-incendio-na-unica-refinaria-de-petroleo-do-bahrein\/\"},\"author\":{\"name\":\"Telinha\",\"@id\":\"https:\/\/portaltela.pt\/#\/schema\/person\/c4278d4a6028830caff9ee44b42d32ed\"},\"headline\":\"Ataque iraniano provoca inc\u00eandio na \u00fanica refinaria de petr\u00f3leo do Bahrein\",\"datePublished\":\"2026-03-09T21:40:21+00:00\",\"mainEntityOfPage\":{\"@id\":\"https:\/\/portaltela.pt\/noticias\/2026\/03\/09\/ataque-iraniano-provoca-incendio-na-unica-refinaria-de-petroleo-do-bahrein\/\"},\"wordCount\":208,\"image\":{\"@id\":\"https:\/\/portaltela.pt\/noticias\/2026\/03\/09\/ataque-iraniano-provoca-incendio-na-unica-refinaria-de-petroleo-do-bahrein\/#primaryimage\"},\"thumbnailUrl\":\"https:\/\/portaltela.pt\/s.01k8rhncp4jt1\/2026\/03\/img_1280x722uu2026-03-09-21-37-49-2271436.jpg\",\"keywords\":[\"Bahrein\",\"conflitos internacionais\",\"energia\",\"inc\u00eandio\",\"Ir\u00e3\",\"seguran\u00e7a p\u00fablica\"],\"articleSection\":[\"Conflitos\",\"Not\u00edcias\"],\"inLanguage\":\"pt-PT\"},{\"@type\":\"WebPage\",\"@id\":\"https:\/\/portaltela.pt\/noticias\/2026\/03\/09\/ataque-iraniano-provoca-incendio-na-unica-refinaria-de-petroleo-do-bahrein\/\",\"url\":\"https:\/\/portaltela.pt\/noticias\/2026\/03\/09\/ataque-iraniano-provoca-incendio-na-unica-refinaria-de-petroleo-do-bahrein\/\",\"name\":\"Ataque iraniano provoca inc\u00eandio na \u00fanica refinaria de petr\u00f3leo do Bahrein - Portal Tela Portugal\",\"isPartOf\":{\"@id\":\"https:\/\/portaltela.pt\/#website\"},\"primaryImageOfPage\":{\"@id\":\"https:\/\/portaltela.pt\/noticias\/2026\/03\/09\/ataque-iraniano-provoca-incendio-na-unica-refinaria-de-petroleo-do-bahrein\/#primaryimage\"},\"image\":{\"@id\":\"https:\/\/portaltela.pt\/noticias\/2026\/03\/09\/ataque-iraniano-provoca-incendio-na-unica-refinaria-de-petroleo-do-bahrein\/#primaryimage\"},\"thumbnailUrl\":\"https:\/\/portaltela.pt\/s.01k8rhncp4jt1\/2026\/03\/img_1280x722uu2026-03-09-21-37-49-2271436.jpg\",\"datePublished\":\"2026-03-09T21:40:21+00:00\",\"author\":{\"@id\":\"https:\/\/portaltela.pt\/#\/schema\/person\/c4278d4a6028830caff9ee44b42d32ed\"},\"breadcrumb\":{\"@id\":\"https:\/\/portaltela.pt\/noticias\/2026\/03\/09\/ataque-iraniano-provoca-incendio-na-unica-refinaria-de-petroleo-do-bahrein\/#breadcrumb\"},\"inLanguage\":\"pt-PT\",\"potentialAction\":[{\"@type\":\"ReadAction\",\"target\":[\"https:\/\/portaltela.pt\/noticias\/2026\/03\/09\/ataque-iraniano-provoca-incendio-na-unica-refinaria-de-petroleo-do-bahrein\/\"]}]},{\"@type\":\"ImageObject\",\"inLanguage\":\"pt-PT\",\"@id\":\"https:\/\/portaltela.pt\/noticias\/2026\/03\/09\/ataque-iraniano-provoca-incendio-na-unica-refinaria-de-petroleo-do-bahrein\/#primaryimage\",\"url\":\"https:\/\/portaltela.pt\/s.01k8rhncp4jt1\/2026\/03\/img_1280x722uu2026-03-09-21-37-49-2271436.jpg\",\"contentUrl\":\"https:\/\/portaltela.pt\/s.01k8rhncp4jt1\/2026\/03\/img_1280x722uu2026-03-09-21-37-49-2271436.jpg\",\"width\":1280,\"height\":722,\"caption\":\"Inc\u00eandio na refinaria do Bahrein\"},{\"@type\":\"BreadcrumbList\",\"@id\":\"https:\/\/portaltela.pt\/noticias\/2026\/03\/09\/ataque-iraniano-provoca-incendio-na-unica-refinaria-de-petroleo-do-bahrein\/#breadcrumb\",\"itemListElement\":[{\"@type\":\"ListItem\",\"position\":1,\"name\":\"In\u00edcio\",\"item\":\"https:\/\/portaltela.pt\/\"},{\"@type\":\"ListItem\",\"position\":2,\"name\":\"Ataque iraniano provoca inc\u00eandio na \u00fanica refinaria de petr\u00f3leo do Bahrein\"}]},{\"@type\":\"WebSite\",\"@id\":\"https:\/\/portaltela.pt\/#website\",\"url\":\"https:\/\/portaltela.pt\/\",\"name\":\"Portal Tela Portugal\",\"description\":\"\",\"potentialAction\":[{\"@type\":\"SearchAction\",\"target\":{\"@type\":\"EntryPoint\",\"urlTemplate\":\"https:\/\/portaltela.pt\/?s={search_term_string}\"},\"query-input\":{\"@type\":\"PropertyValueSpecification\",\"valueRequired\":true,\"valueName\":\"search_term_string\"}}],\"inLanguage\":\"pt-PT\"},{\"@type\":\"Person\",\"@id\":\"https:\/\/portaltela.pt\/#\/schema\/person\/c4278d4a6028830caff9ee44b42d32ed\",\"name\":\"Telinha\",\"image\":{\"@type\":\"ImageObject\",\"inLanguage\":\"pt-PT\",\"@id\":\"https:\/\/portaltela.pt\/s.01k8rhncp4jt1\/2025\/11\/talking-bot-125x125.png\",\"url\":\"https:\/\/portaltela.pt\/s.01k8rhncp4jt1\/2025\/11\/talking-bot-125x125.png\",\"contentUrl\":\"https:\/\/portaltela.pt\/s.01k8rhncp4jt1\/2025\/11\/talking-bot-125x125.png\",\"caption\":\"Telinha\"},\"sameAs\":[\"https:\/\/portaltela.pt\/\"],\"url\":\"https:\/\/portaltela.pt\/por\/367410592786\/\"}]}<\/script>\n<!-- \/ Yoast SEO plugin. -->","yoast_head_json":{"title":"Ataque iraniano provoca inc\u00eandio na \u00fanica refinaria de petr\u00f3leo do Bahrein - Portal Tela Portugal","robots":{"index":"index","follow":"follow","max-snippet":"max-snippet:-1","max-image-preview":"max-image-preview:large","max-video-preview":"max-video-preview:-1"},"og_locale":"pt_PT","og_type":"article","og_title":"Ataque iraniano provoca inc\u00eandio na \u00fanica refinaria de petr\u00f3leo do Bahrein - Portal Tela Portugal","og_description":"Um ataque atribu\u00eddo ao Ir\u00e3o provocou um inc\u00eandio na \u00fanica refinaria de petr\u00f3leo do Bahrein, com colunas de fumo vis\u00edveis sobre o complexo. As autoridades indicam danos materiais na instala\u00e7\u00e3o energ\u00e9tica. A refinaria \u00e9 a \u00fanica do pa\u00eds. O incidente ocorreu a 09 de mar\u00e7o de 2026, \u00e0s 21:40.","og_url":"https:\/\/portaltela.pt\/noticias\/2026\/03\/09\/ataque-iraniano-provoca-incendio-na-unica-refinaria-de-petroleo-do-bahrein\/","og_site_name":"Portal Tela Portugal","article_published_time":"2026-03-09T21:40:21+00:00","author":"Telinha","twitter_card":"summary_large_image","twitter_misc":{"Escrito por":"Telinha","Tempo estimado de leitura":"1 minuto"},"schema":{"@context":"https:\/\/schema.org","@graph":[{"@type":"Article","@id":"https:\/\/portaltela.pt\/noticias\/2026\/03\/09\/ataque-iraniano-provoca-incendio-na-unica-refinaria-de-petroleo-do-bahrein\/#article","isPartOf":{"@id":"https:\/\/portaltela.pt\/noticias\/2026\/03\/09\/ataque-iraniano-provoca-incendio-na-unica-refinaria-de-petroleo-do-bahrein\/"},"author":{"name":"Telinha","@id":"https:\/\/portaltela.pt\/#\/schema\/person\/c4278d4a6028830caff9ee44b42d32ed"},"headline":"Ataque iraniano provoca inc\u00eandio na \u00fanica refinaria de petr\u00f3leo do Bahrein","datePublished":"2026-03-09T21:40:21+00:00","mainEntityOfPage":{"@id":"https:\/\/portaltela.pt\/noticias\/2026\/03\/09\/ataque-iraniano-provoca-incendio-na-unica-refinaria-de-petroleo-do-bahrein\/"},"wordCount":208,"image":{"@id":"https:\/\/portaltela.pt\/noticias\/2026\/03\/09\/ataque-iraniano-provoca-incendio-na-unica-refinaria-de-petroleo-do-bahrein\/#primaryimage"},"thumbnailUrl":"https:\/\/portaltela.pt\/s.01k8rhncp4jt1\/2026\/03\/img_1280x722uu2026-03-09-21-37-49-2271436.jpg","keywords":["Bahrein","conflitos internacionais","energia","inc\u00eandio","Ir\u00e3","seguran\u00e7a p\u00fablica"],"articleSection":["Conflitos","Not\u00edcias"],"inLanguage":"pt-PT"},{"@type":"WebPage","@id":"https:\/\/portaltela.pt\/noticias\/2026\/03\/09\/ataque-iraniano-provoca-incendio-na-unica-refinaria-de-petroleo-do-bahrein\/","url":"https:\/\/portaltela.pt\/noticias\/2026\/03\/09\/ataque-iraniano-provoca-incendio-na-unica-refinaria-de-petroleo-do-bahrein\/","name":"Ataque iraniano provoca inc\u00eandio na \u00fanica refinaria de petr\u00f3leo do Bahrein - Portal Tela Portugal","isPartOf":{"@id":"https:\/\/portaltela.pt\/#website"},"primaryImageOfPage":{"@id":"https:\/\/portaltela.pt\/noticias\/2026\/03\/09\/ataque-iraniano-provoca-incendio-na-unica-refinaria-de-petroleo-do-bahrein\/#primaryimage"},"image":{"@id":"https:\/\/portaltela.pt\/noticias\/2026\/03\/09\/ataque-iraniano-provoca-incendio-na-unica-refinaria-de-petroleo-do-bahrein\/#primaryimage"},"thumbnailUrl":"https:\/\/portaltela.pt\/s.01k8rhncp4jt1\/2026\/03\/img_1280x722uu2026-03-09-21-37-49-2271436.jpg","datePublished":"2026-03-09T21:40:21+00:00","author":{"@id":"https:\/\/portaltela.pt\/#\/schema\/person\/c4278d4a6028830caff9ee44b42d32ed"},"breadcrumb":{"@id":"https:\/\/portaltela.pt\/noticias\/2026\/03\/09\/ataque-iraniano-provoca-incendio-na-unica-refinaria-de-petroleo-do-bahrein\/#breadcrumb"},"inLanguage":"pt-PT","potentialAction":[{"@type":"ReadAction","target":["https:\/\/portaltela.pt\/noticias\/2026\/03\/09\/ataque-iraniano-provoca-incendio-na-unica-refinaria-de-petroleo-do-bahrein\/"]}]},{"@type":"ImageObject","inLanguage":"pt-PT","@id":"https:\/\/portaltela.pt\/noticias\/2026\/03\/09\/ataque-iraniano-provoca-incendio-na-unica-refinaria-de-petroleo-do-bahrein\/#primaryimage","url":"https:\/\/portaltela.pt\/s.01k8rhncp4jt1\/2026\/03\/img_1280x722uu2026-03-09-21-37-49-2271436.jpg","contentUrl":"https:\/\/portaltela.pt\/s.01k8rhncp4jt1\/2026\/03\/img_1280x722uu2026-03-09-21-37-49-2271436.jpg","width":1280,"height":722,"caption":"Inc\u00eandio na refinaria do Bahrein"},{"@type":"BreadcrumbList","@id":"https:\/\/portaltela.pt\/noticias\/2026\/03\/09\/ataque-iraniano-provoca-incendio-na-unica-refinaria-de-petroleo-do-bahrein\/#breadcrumb","itemListElement":[{"@type":"ListItem","position":1,"name":"In\u00edcio","item":"https:\/\/portaltela.pt\/"},{"@type":"ListItem","position":2,"name":"Ataque iraniano provoca inc\u00eandio na \u00fanica refinaria de petr\u00f3leo do Bahrein"}]},{"@type":"WebSite","@id":"https:\/\/portaltela.pt\/#website","url":"https:\/\/portaltela.pt\/","name":"Portal Tela Portugal","description":"","potentialAction":[{"@type":"SearchAction","target":{"@type":"EntryPoint","urlTemplate":"https:\/\/portaltela.pt\/?s={search_term_string}"},"query-input":{"@type":"PropertyValueSpecification","valueRequired":true,"valueName":"search_term_string"}}],"inLanguage":"pt-PT"},{"@type":"Person","@id":"https:\/\/portaltela.pt\/#\/schema\/person\/c4278d4a6028830caff9ee44b42d32ed","name":"Telinha","image":{"@type":"ImageObject","inLanguage":"pt-PT","@id":"https:\/\/portaltela.pt\/s.01k8rhncp4jt1\/2025\/11\/talking-bot-125x125.png","url":"https:\/\/portaltela.pt\/s.01k8rhncp4jt1\/2025\/11\/talking-bot-125x125.png","contentUrl":"https:\/\/portaltela.pt\/s.01k8rhncp4jt1\/2025\/11\/talking-bot-125x125.png","caption":"Telinha"},"sameAs":["https:\/\/portaltela.pt\/"],"url":"https:\/\/portaltela.pt\/por\/367410592786\/"}]}},"_links":{"self":[{"href":"https:\/\/portaltela.pt\/api\/wp\/v2\/posts\/404030","targetHints":{"allow":["GET"]}}],"collection":[{"href":"https:\/\/portaltela.pt\/api\/wp\/v2\/posts"}],"about":[{"href":"https:\/\/portaltela.pt\/api\/wp\/v2\/types\/post"}],"author":[{"embeddable":true,"href":"https:\/\/portaltela.pt\/api\/wp\/v2\/users\/2"}],"replies":[{"embeddable":true,"href":"https:\/\/portaltela.pt\/api\/wp\/v2\/comments?post=404030"}],"version-history":[{"count":0,"href":"https:\/\/portaltela.pt\/api\/wp\/v2\/posts\/404030\/revisions"}],"wp:featuredmedia":[{"embeddable":true,"href":"https:\/\/portaltela.pt\/api\/wp\/v2\/media\/404033"}],"wp:attachment":[{"href":"https:\/\/portaltela.pt\/api\/wp\/v2\/media?parent=404030"}],"wp:term":[{"taxonomy":"category","embeddable":true,"href":"https:\/\/portaltela.pt\/api\/wp\/v2\/categories?post=404030"},{"taxonomy":"post_tag","embeddable":true,"href":"https:\/\/portaltela.pt\/api\/wp\/v2\/tags?post=404030"}],"curies":[{"name":"wp","href":"https:\/\/api.w.org\/{rel}","templated":true}]}}