{"id":404021,"date":"2026-03-09T18:28:33","date_gmt":"2026-03-09T21:28:33","guid":{"rendered":"https:\/\/portaltela.pt\/noticias\/2026\/03\/09\/trafico-de-droga-e-violencia-em-lisboa-ligado-ao-rei-do-crack\/"},"modified":"2026-03-09T18:28:33","modified_gmt":"2026-03-09T21:28:33","slug":"trafico-de-droga-e-violencia-em-lisboa-ligado-ao-rei-do-crack","status":"publish","type":"post","link":"https:\/\/portaltela.pt\/seguranca\/2026\/03\/09\/trafico-de-droga-e-violencia-em-lisboa-ligado-ao-rei-do-crack\/","title":{"rendered":"Tr\u00e1fico de droga e viol\u00eancia em Lisboa ligado ao &#8216;rei do crack&#8217;"},"content":{"rendered":"<p>O crime organizado domina parte das ruas de Lisboa. Samir, conhecido como o rei do crack, foi um dos narcotraficantes mais proeminentes da cidade e da hist\u00f3ria do pa\u00eds. Fundou o Grupo de Chelas, que atuava principalmente no bairro de Chelas, na Zona J, e ganhou influ\u00eancia na capital.<\/p>\n<p>O l\u00edder \u00e9 portugu\u00eas-Guineense, tem 45 anos e est\u00e1 preso desde 2023, cumprindo uma pena de 19 anos. Mesmo encarcerado, a perce\u00e7\u00e3o \u00e9 de que mant\u00e9m alguma influ\u00eancia nas rotas e nas opera\u00e7\u00f5es de tr\u00e1fico que atuam em Lisboa.<\/p>\n<p>Recentemente, um homem ligado \u00e0 rede de Samir foi baleado num tiroteio no Benformoso, \u00e1rea de Chelas. O acontecimento ilustra a continuidade da disputa entre fac\u00e7\u00f5es pela lideran\u00e7a e pelo controlo do neg\u00f3cio ilegal.<\/p>\n<h3>Conflito e impacto nas ruas<\/h3>\n<p>A viol\u00eancia associada ao tr\u00e1fico inclui tiroteios, esfaqueamentos e agress\u00f5es, configurando uma guerra de terreno para assegurar o lucro do narcotr\u00e1fico. Comunidades pr\u00f3ximas convivem com o medo e com interrup\u00e7\u00f5es na vida quotidiana.<\/p>\n<p>A venda de droga \u00e9 observada \u00e0 vista de todos e a circula\u00e7\u00e3o de consumidores aumenta em zonas problem\u00e1ticas da cidade. As autoridades t\u00eam feito esfor\u00e7os para restringir o mercado negro e reduzir a press\u00e3o da rede liderada por Samir.<\/p>\n<p>Os n\u00fameros sobre consumo e tr\u00e1fico de droga em Portugal apontam para uma tend\u00eancia de subida, com consequ\u00eancias significativas para a seguran\u00e7a p\u00fablica e para o funcionamento de bairros onde o problema persiste.<\/p>\n","protected":false},"excerpt":{"rendered":"<ul>\n<li>Samir, conhecido como o &#8216;rei do crack&#8217;, liderou o Grupo de Chelas, uma rede de tr\u00e1fico que se estendeu por Lisboa; est\u00e1 preso desde 2023 a cumprir 19 anos de pris\u00e3o, mantendo alegadamente influ\u00eancia na cidade.<\/li>\n<li>O arresto n\u00e3o impediu que a atua\u00e7\u00e3o da rede tivesse repercuss\u00f5es fora de pris\u00f5es, com a viol\u00eancia associada ao tr\u00e1fico a continuar presente nas ruas de Lisboa.<\/li>\n<li>Recentemente, um homem ligado \u00e0 rede de Samir foi baleado no Benformoso, uma \u00e1rea de Chelas onde se verifica controlo de territ\u00f3rio por grupos rivais.<\/li>\n<li>A viol\u00eancia associada ao tr\u00e1fico inclui tiroteios, esfaqueamentos e agress\u00f5es, refletindo uma guerra entre grupos pelo produto e pelo espa\u00e7o de venda.<\/li>\n<li>O consumo e o tr\u00e1fico de droga em Portugal continuam a aumentar, com venda a c\u00e9u aberto em zonas problem\u00e1ticas de Lisboa e maior n\u00famero de toxicodependentes, segundo as autoridades.<\/li>\n<\/ul>\n","protected":false},"author":2,"featured_media":404022,"comment_status":"closed","ping_status":"closed","sticky":false,"template":"","format":"standard","meta":{"footnotes":""},"categories":[6907,6779],"tags":[4978,981,352,1014,96,939],"class_list":["post-404021","post","type-post","status-publish","format-standard","has-post-thumbnail","hentry","category-crime","category-seguranca","tag-chelas","tag-lisboa","tag-organizacao-criminosa","tag-portugal","tag-trafico-de-droga","tag-violencia"],"yoast_head":"<!-- This site is optimized with the Yoast SEO plugin v27.2 - https:\/\/yoast.com\/product\/yoast-seo-wordpress\/ -->\n<title>Tr\u00e1fico de droga e viol\u00eancia em Lisboa ligado ao &#039;rei do crack&#039; - Portal Tela Portugal<\/title>\n<meta name=\"robots\" content=\"index, follow, max-snippet:-1, max-image-preview:large, max-video-preview:-1\" \/>\n<meta property=\"og:locale\" content=\"pt_PT\" \/>\n<meta property=\"og:type\" content=\"article\" \/>\n<meta property=\"og:title\" content=\"Tr\u00e1fico de droga e viol\u00eancia em Lisboa ligado ao &#039;rei do crack&#039; - Portal Tela Portugal\" \/>\n<meta property=\"og:description\" content=\"Samir, conhecido como o &#039;rei do crack&#039;, liderou o Grupo de Chelas, uma rede de tr\u00e1fico que se estendeu por Lisboa; est\u00e1 preso desde 2023 a cumprir 19 anos de pris\u00e3o, mantendo alegadamente influ\u00eancia na cidade. O arresto n\u00e3o impediu que a atua\u00e7\u00e3o da rede tivesse repercuss\u00f5es fora de pris\u00f5es, com a viol\u00eancia associada ao tr\u00e1fico a continuar presente nas ruas de Lisboa. Recentemente, um homem ligado \u00e0 rede de Samir foi baleado no Benformoso, uma \u00e1rea de Chelas onde se verifica controlo de territ\u00f3rio por grupos rivais. A viol\u00eancia associada ao tr\u00e1fico inclui tiroteios, esfaqueamentos e agress\u00f5es, refletindo uma guerra entre grupos pelo produto e pelo espa\u00e7o de venda. O consumo e o tr\u00e1fico de droga em Portugal continuam a aumentar, com venda a c\u00e9u aberto em zonas problem\u00e1ticas de Lisboa e maior n\u00famero de toxicodependentes, segundo as autoridades.\" \/>\n<meta property=\"og:url\" content=\"https:\/\/portaltela.pt\/noticias\/2026\/03\/09\/trafico-de-droga-e-violencia-em-lisboa-ligado-ao-rei-do-crack\/\" \/>\n<meta property=\"og:site_name\" content=\"Portal Tela Portugal\" \/>\n<meta property=\"article:published_time\" content=\"2026-03-09T21:28:33+00:00\" \/>\n<meta name=\"author\" content=\"Telinha\" \/>\n<meta name=\"twitter:card\" content=\"summary_large_image\" \/>\n<meta name=\"twitter:label1\" content=\"Escrito por\" \/>\n\t<meta name=\"twitter:data1\" content=\"Telinha\" \/>\n\t<meta name=\"twitter:label2\" content=\"Tempo estimado de leitura\" \/>\n\t<meta name=\"twitter:data2\" content=\"1 minuto\" \/>\n<script type=\"application\/ld+json\" class=\"yoast-schema-graph\">{\"@context\":\"https:\/\/schema.org\",\"@graph\":[{\"@type\":\"Article\",\"@id\":\"https:\/\/portaltela.pt\/noticias\/2026\/03\/09\/trafico-de-droga-e-violencia-em-lisboa-ligado-ao-rei-do-crack\/#article\",\"isPartOf\":{\"@id\":\"https:\/\/portaltela.pt\/noticias\/2026\/03\/09\/trafico-de-droga-e-violencia-em-lisboa-ligado-ao-rei-do-crack\/\"},\"author\":{\"name\":\"Telinha\",\"@id\":\"https:\/\/portaltela.pt\/#\/schema\/person\/c4278d4a6028830caff9ee44b42d32ed\"},\"headline\":\"Tr\u00e1fico de droga e viol\u00eancia em Lisboa ligado ao &#8216;rei do crack&#8217;\",\"datePublished\":\"2026-03-09T21:28:33+00:00\",\"mainEntityOfPage\":{\"@id\":\"https:\/\/portaltela.pt\/noticias\/2026\/03\/09\/trafico-de-droga-e-violencia-em-lisboa-ligado-ao-rei-do-crack\/\"},\"wordCount\":269,\"image\":{\"@id\":\"https:\/\/portaltela.pt\/noticias\/2026\/03\/09\/trafico-de-droga-e-violencia-em-lisboa-ligado-ao-rei-do-crack\/#primaryimage\"},\"thumbnailUrl\":\"https:\/\/portaltela.pt\/s.01k8rhncp4jt1\/2026\/03\/img_1500x1000uu2025-02-25-23-13-30-2195144.jpg\",\"keywords\":[\"Chelas\",\"Lisboa\",\"organiza\u00e7\u00e3o criminosa\",\"Portugal\",\"tr\u00e1fico de droga\",\"viol\u00eancia\"],\"articleSection\":[\"Crime\",\"Seguran\u00e7a\"],\"inLanguage\":\"pt-PT\"},{\"@type\":\"WebPage\",\"@id\":\"https:\/\/portaltela.pt\/noticias\/2026\/03\/09\/trafico-de-droga-e-violencia-em-lisboa-ligado-ao-rei-do-crack\/\",\"url\":\"https:\/\/portaltela.pt\/noticias\/2026\/03\/09\/trafico-de-droga-e-violencia-em-lisboa-ligado-ao-rei-do-crack\/\",\"name\":\"Tr\u00e1fico de droga e viol\u00eancia em Lisboa ligado ao 'rei do crack' - Portal Tela Portugal\",\"isPartOf\":{\"@id\":\"https:\/\/portaltela.pt\/#website\"},\"primaryImageOfPage\":{\"@id\":\"https:\/\/portaltela.pt\/noticias\/2026\/03\/09\/trafico-de-droga-e-violencia-em-lisboa-ligado-ao-rei-do-crack\/#primaryimage\"},\"image\":{\"@id\":\"https:\/\/portaltela.pt\/noticias\/2026\/03\/09\/trafico-de-droga-e-violencia-em-lisboa-ligado-ao-rei-do-crack\/#primaryimage\"},\"thumbnailUrl\":\"https:\/\/portaltela.pt\/s.01k8rhncp4jt1\/2026\/03\/img_1500x1000uu2025-02-25-23-13-30-2195144.jpg\",\"datePublished\":\"2026-03-09T21:28:33+00:00\",\"author\":{\"@id\":\"https:\/\/portaltela.pt\/#\/schema\/person\/c4278d4a6028830caff9ee44b42d32ed\"},\"breadcrumb\":{\"@id\":\"https:\/\/portaltela.pt\/noticias\/2026\/03\/09\/trafico-de-droga-e-violencia-em-lisboa-ligado-ao-rei-do-crack\/#breadcrumb\"},\"inLanguage\":\"pt-PT\",\"potentialAction\":[{\"@type\":\"ReadAction\",\"target\":[\"https:\/\/portaltela.pt\/noticias\/2026\/03\/09\/trafico-de-droga-e-violencia-em-lisboa-ligado-ao-rei-do-crack\/\"]}]},{\"@type\":\"ImageObject\",\"inLanguage\":\"pt-PT\",\"@id\":\"https:\/\/portaltela.pt\/noticias\/2026\/03\/09\/trafico-de-droga-e-violencia-em-lisboa-ligado-ao-rei-do-crack\/#primaryimage\",\"url\":\"https:\/\/portaltela.pt\/s.01k8rhncp4jt1\/2026\/03\/img_1500x1000uu2025-02-25-23-13-30-2195144.jpg\",\"contentUrl\":\"https:\/\/portaltela.pt\/s.01k8rhncp4jt1\/2026\/03\/img_1500x1000uu2025-02-25-23-13-30-2195144.jpg\",\"width\":1500,\"height\":1000,\"caption\":\"Samir Fernandes\"},{\"@type\":\"BreadcrumbList\",\"@id\":\"https:\/\/portaltela.pt\/noticias\/2026\/03\/09\/trafico-de-droga-e-violencia-em-lisboa-ligado-ao-rei-do-crack\/#breadcrumb\",\"itemListElement\":[{\"@type\":\"ListItem\",\"position\":1,\"name\":\"In\u00edcio\",\"item\":\"https:\/\/portaltela.pt\/\"},{\"@type\":\"ListItem\",\"position\":2,\"name\":\"Tr\u00e1fico de droga e viol\u00eancia em Lisboa ligado ao &#8216;rei do crack&#8217;\"}]},{\"@type\":\"WebSite\",\"@id\":\"https:\/\/portaltela.pt\/#website\",\"url\":\"https:\/\/portaltela.pt\/\",\"name\":\"Portal Tela Portugal\",\"description\":\"\",\"potentialAction\":[{\"@type\":\"SearchAction\",\"target\":{\"@type\":\"EntryPoint\",\"urlTemplate\":\"https:\/\/portaltela.pt\/?s={search_term_string}\"},\"query-input\":{\"@type\":\"PropertyValueSpecification\",\"valueRequired\":true,\"valueName\":\"search_term_string\"}}],\"inLanguage\":\"pt-PT\"},{\"@type\":\"Person\",\"@id\":\"https:\/\/portaltela.pt\/#\/schema\/person\/c4278d4a6028830caff9ee44b42d32ed\",\"name\":\"Telinha\",\"image\":{\"@type\":\"ImageObject\",\"inLanguage\":\"pt-PT\",\"@id\":\"https:\/\/portaltela.pt\/s.01k8rhncp4jt1\/2025\/11\/talking-bot-125x125.png\",\"url\":\"https:\/\/portaltela.pt\/s.01k8rhncp4jt1\/2025\/11\/talking-bot-125x125.png\",\"contentUrl\":\"https:\/\/portaltela.pt\/s.01k8rhncp4jt1\/2025\/11\/talking-bot-125x125.png\",\"caption\":\"Telinha\"},\"sameAs\":[\"https:\/\/portaltela.pt\/\"],\"url\":\"https:\/\/portaltela.pt\/por\/367410592786\/\"}]}<\/script>\n<!-- \/ Yoast SEO plugin. -->","yoast_head_json":{"title":"Tr\u00e1fico de droga e viol\u00eancia em Lisboa ligado ao 'rei do crack' - Portal Tela Portugal","robots":{"index":"index","follow":"follow","max-snippet":"max-snippet:-1","max-image-preview":"max-image-preview:large","max-video-preview":"max-video-preview:-1"},"og_locale":"pt_PT","og_type":"article","og_title":"Tr\u00e1fico de droga e viol\u00eancia em Lisboa ligado ao 'rei do crack' - Portal Tela Portugal","og_description":"Samir, conhecido como o 'rei do crack', liderou o Grupo de Chelas, uma rede de tr\u00e1fico que se estendeu por Lisboa; est\u00e1 preso desde 2023 a cumprir 19 anos de pris\u00e3o, mantendo alegadamente influ\u00eancia na cidade. O arresto n\u00e3o impediu que a atua\u00e7\u00e3o da rede tivesse repercuss\u00f5es fora de pris\u00f5es, com a viol\u00eancia associada ao tr\u00e1fico a continuar presente nas ruas de Lisboa. Recentemente, um homem ligado \u00e0 rede de Samir foi baleado no Benformoso, uma \u00e1rea de Chelas onde se verifica controlo de territ\u00f3rio por grupos rivais. A viol\u00eancia associada ao tr\u00e1fico inclui tiroteios, esfaqueamentos e agress\u00f5es, refletindo uma guerra entre grupos pelo produto e pelo espa\u00e7o de venda. O consumo e o tr\u00e1fico de droga em Portugal continuam a aumentar, com venda a c\u00e9u aberto em zonas problem\u00e1ticas de Lisboa e maior n\u00famero de toxicodependentes, segundo as autoridades.","og_url":"https:\/\/portaltela.pt\/noticias\/2026\/03\/09\/trafico-de-droga-e-violencia-em-lisboa-ligado-ao-rei-do-crack\/","og_site_name":"Portal Tela Portugal","article_published_time":"2026-03-09T21:28:33+00:00","author":"Telinha","twitter_card":"summary_large_image","twitter_misc":{"Escrito por":"Telinha","Tempo estimado de leitura":"1 minuto"},"schema":{"@context":"https:\/\/schema.org","@graph":[{"@type":"Article","@id":"https:\/\/portaltela.pt\/noticias\/2026\/03\/09\/trafico-de-droga-e-violencia-em-lisboa-ligado-ao-rei-do-crack\/#article","isPartOf":{"@id":"https:\/\/portaltela.pt\/noticias\/2026\/03\/09\/trafico-de-droga-e-violencia-em-lisboa-ligado-ao-rei-do-crack\/"},"author":{"name":"Telinha","@id":"https:\/\/portaltela.pt\/#\/schema\/person\/c4278d4a6028830caff9ee44b42d32ed"},"headline":"Tr\u00e1fico de droga e viol\u00eancia em Lisboa ligado ao &#8216;rei do crack&#8217;","datePublished":"2026-03-09T21:28:33+00:00","mainEntityOfPage":{"@id":"https:\/\/portaltela.pt\/noticias\/2026\/03\/09\/trafico-de-droga-e-violencia-em-lisboa-ligado-ao-rei-do-crack\/"},"wordCount":269,"image":{"@id":"https:\/\/portaltela.pt\/noticias\/2026\/03\/09\/trafico-de-droga-e-violencia-em-lisboa-ligado-ao-rei-do-crack\/#primaryimage"},"thumbnailUrl":"https:\/\/portaltela.pt\/s.01k8rhncp4jt1\/2026\/03\/img_1500x1000uu2025-02-25-23-13-30-2195144.jpg","keywords":["Chelas","Lisboa","organiza\u00e7\u00e3o criminosa","Portugal","tr\u00e1fico de droga","viol\u00eancia"],"articleSection":["Crime","Seguran\u00e7a"],"inLanguage":"pt-PT"},{"@type":"WebPage","@id":"https:\/\/portaltela.pt\/noticias\/2026\/03\/09\/trafico-de-droga-e-violencia-em-lisboa-ligado-ao-rei-do-crack\/","url":"https:\/\/portaltela.pt\/noticias\/2026\/03\/09\/trafico-de-droga-e-violencia-em-lisboa-ligado-ao-rei-do-crack\/","name":"Tr\u00e1fico de droga e viol\u00eancia em Lisboa ligado ao 'rei do crack' - Portal Tela Portugal","isPartOf":{"@id":"https:\/\/portaltela.pt\/#website"},"primaryImageOfPage":{"@id":"https:\/\/portaltela.pt\/noticias\/2026\/03\/09\/trafico-de-droga-e-violencia-em-lisboa-ligado-ao-rei-do-crack\/#primaryimage"},"image":{"@id":"https:\/\/portaltela.pt\/noticias\/2026\/03\/09\/trafico-de-droga-e-violencia-em-lisboa-ligado-ao-rei-do-crack\/#primaryimage"},"thumbnailUrl":"https:\/\/portaltela.pt\/s.01k8rhncp4jt1\/2026\/03\/img_1500x1000uu2025-02-25-23-13-30-2195144.jpg","datePublished":"2026-03-09T21:28:33+00:00","author":{"@id":"https:\/\/portaltela.pt\/#\/schema\/person\/c4278d4a6028830caff9ee44b42d32ed"},"breadcrumb":{"@id":"https:\/\/portaltela.pt\/noticias\/2026\/03\/09\/trafico-de-droga-e-violencia-em-lisboa-ligado-ao-rei-do-crack\/#breadcrumb"},"inLanguage":"pt-PT","potentialAction":[{"@type":"ReadAction","target":["https:\/\/portaltela.pt\/noticias\/2026\/03\/09\/trafico-de-droga-e-violencia-em-lisboa-ligado-ao-rei-do-crack\/"]}]},{"@type":"ImageObject","inLanguage":"pt-PT","@id":"https:\/\/portaltela.pt\/noticias\/2026\/03\/09\/trafico-de-droga-e-violencia-em-lisboa-ligado-ao-rei-do-crack\/#primaryimage","url":"https:\/\/portaltela.pt\/s.01k8rhncp4jt1\/2026\/03\/img_1500x1000uu2025-02-25-23-13-30-2195144.jpg","contentUrl":"https:\/\/portaltela.pt\/s.01k8rhncp4jt1\/2026\/03\/img_1500x1000uu2025-02-25-23-13-30-2195144.jpg","width":1500,"height":1000,"caption":"Samir Fernandes"},{"@type":"BreadcrumbList","@id":"https:\/\/portaltela.pt\/noticias\/2026\/03\/09\/trafico-de-droga-e-violencia-em-lisboa-ligado-ao-rei-do-crack\/#breadcrumb","itemListElement":[{"@type":"ListItem","position":1,"name":"In\u00edcio","item":"https:\/\/portaltela.pt\/"},{"@type":"ListItem","position":2,"name":"Tr\u00e1fico de droga e viol\u00eancia em Lisboa ligado ao &#8216;rei do crack&#8217;"}]},{"@type":"WebSite","@id":"https:\/\/portaltela.pt\/#website","url":"https:\/\/portaltela.pt\/","name":"Portal Tela Portugal","description":"","potentialAction":[{"@type":"SearchAction","target":{"@type":"EntryPoint","urlTemplate":"https:\/\/portaltela.pt\/?s={search_term_string}"},"query-input":{"@type":"PropertyValueSpecification","valueRequired":true,"valueName":"search_term_string"}}],"inLanguage":"pt-PT"},{"@type":"Person","@id":"https:\/\/portaltela.pt\/#\/schema\/person\/c4278d4a6028830caff9ee44b42d32ed","name":"Telinha","image":{"@type":"ImageObject","inLanguage":"pt-PT","@id":"https:\/\/portaltela.pt\/s.01k8rhncp4jt1\/2025\/11\/talking-bot-125x125.png","url":"https:\/\/portaltela.pt\/s.01k8rhncp4jt1\/2025\/11\/talking-bot-125x125.png","contentUrl":"https:\/\/portaltela.pt\/s.01k8rhncp4jt1\/2025\/11\/talking-bot-125x125.png","caption":"Telinha"},"sameAs":["https:\/\/portaltela.pt\/"],"url":"https:\/\/portaltela.pt\/por\/367410592786\/"}]}},"_links":{"self":[{"href":"https:\/\/portaltela.pt\/api\/wp\/v2\/posts\/404021","targetHints":{"allow":["GET"]}}],"collection":[{"href":"https:\/\/portaltela.pt\/api\/wp\/v2\/posts"}],"about":[{"href":"https:\/\/portaltela.pt\/api\/wp\/v2\/types\/post"}],"author":[{"embeddable":true,"href":"https:\/\/portaltela.pt\/api\/wp\/v2\/users\/2"}],"replies":[{"embeddable":true,"href":"https:\/\/portaltela.pt\/api\/wp\/v2\/comments?post=404021"}],"version-history":[{"count":0,"href":"https:\/\/portaltela.pt\/api\/wp\/v2\/posts\/404021\/revisions"}],"wp:featuredmedia":[{"embeddable":true,"href":"https:\/\/portaltela.pt\/api\/wp\/v2\/media\/404022"}],"wp:attachment":[{"href":"https:\/\/portaltela.pt\/api\/wp\/v2\/media?parent=404021"}],"wp:term":[{"taxonomy":"category","embeddable":true,"href":"https:\/\/portaltela.pt\/api\/wp\/v2\/categories?post=404021"},{"taxonomy":"post_tag","embeddable":true,"href":"https:\/\/portaltela.pt\/api\/wp\/v2\/tags?post=404021"}],"curies":[{"name":"wp","href":"https:\/\/api.w.org\/{rel}","templated":true}]}}