{"id":404015,"date":"2026-03-09T18:27:00","date_gmt":"2026-03-09T21:27:00","guid":{"rendered":"https:\/\/portaltela.pt\/noticias\/2026\/03\/09\/samir-fundou-o-grupo-de-chelas-e-tornou-se-um-dos-narcotraficantes-de-lisboa\/"},"modified":"2026-03-09T18:27:00","modified_gmt":"2026-03-09T21:27:00","slug":"samir-fundou-o-grupo-de-chelas-e-tornou-se-um-dos-narcotraficantes-de-lisboa","status":"publish","type":"post","link":"https:\/\/portaltela.pt\/policia\/2026\/03\/09\/samir-fundou-o-grupo-de-chelas-e-tornou-se-um-dos-narcotraficantes-de-lisboa\/","title":{"rendered":"Samir fundou o Grupo de Chelas e tornou-se um dos narcotraficantes de Lisboa"},"content":{"rendered":"<p>Segundo a investiga\u00e7\u00e3o CM publicada a 9 de mar\u00e7o de 2026, Samir fundou o Grupo de Chelas e tornou-se um dos maiores narcotraficantes de Lisboa. A an\u00e1lise foca na g\u00eanese do grupo e no seu crescimento ao longo do tempo.<\/p>\n<p>A reportagem descreve o funcionamento do grupo, incluindo estruturas e pr\u00e1ticas associadas ao tr\u00e1fico de droga na regi\u00e3o de Lisboa. N\u00e3o se pretende apresentar ju\u00edzos, apenas indicar os factos reportados pela investiga\u00e7\u00e3o.<\/p>\n<p>O texto \u00e9 apresentado como a primeira parte de uma s\u00e9rie da Investiga\u00e7\u00e3o CM. Mant\u00e9m o objetivo de esclarecer quem esteve envolvido, quando surgiram as primeiras opera\u00e7\u00f5es e quais as din\u00e2micas que caracterizam o grupo na capital.<\/p>\n<p>A publica\u00e7\u00e3o sublinha ainda a necessidade de contextualizar o fen\u00f3meno no territ\u00f3rio, apontando para impactos na seguran\u00e7a p\u00fablica e nas comunidades locais. As informa\u00e7\u00f5es baseiam-se na investiga\u00e7\u00e3o em curso e em fontes direta e oficial.<\/p>\n","protected":false},"excerpt":{"rendered":"<ul>\n<li>A primeira parte da Investiga\u00e7\u00e3o CM, publicada a 9 de mar\u00e7o de 2026, envolve Samir.<\/li>\n<li>Samir \u00e9 apontado como fundador do &#8220;Grupo de Chelas&#8221;.<\/li>\n<li>O grupo \u00e9 descrito como um dos maiores narcotraficantes de Lisboa.<\/li>\n<li>A reportagem \u00e9 a primeira de uma s\u00e9rie, com continuidade prevista.<\/li>\n<\/ul>\n","protected":false},"author":2,"featured_media":404016,"comment_status":"closed","ping_status":"closed","sticky":false,"template":"","format":"standard","meta":{"footnotes":""},"categories":[6907,6781],"tags":[4978,147,215,981,352,96],"class_list":["post-404015","post","type-post","status-publish","format-standard","has-post-thumbnail","hentry","category-crime","category-policia","tag-chelas","tag-crime","tag-investigacao","tag-lisboa","tag-organizacao-criminosa","tag-trafico-de-droga"],"yoast_head":"<!-- This site is optimized with the Yoast SEO plugin v27.2 - https:\/\/yoast.com\/product\/yoast-seo-wordpress\/ -->\n<title>Samir fundou o Grupo de Chelas e tornou-se um dos narcotraficantes de Lisboa - Portal Tela Portugal<\/title>\n<meta name=\"robots\" content=\"index, follow, max-snippet:-1, max-image-preview:large, max-video-preview:-1\" \/>\n<meta property=\"og:locale\" content=\"pt_PT\" \/>\n<meta property=\"og:type\" content=\"article\" \/>\n<meta property=\"og:title\" content=\"Samir fundou o Grupo de Chelas e tornou-se um dos narcotraficantes de Lisboa - Portal Tela Portugal\" \/>\n<meta property=\"og:description\" content=\"A primeira parte da Investiga\u00e7\u00e3o CM, publicada a 9 de mar\u00e7o de 2026, envolve Samir. Samir \u00e9 apontado como fundador do &quot;Grupo de Chelas&quot;. O grupo \u00e9 descrito como um dos maiores narcotraficantes de Lisboa. A reportagem \u00e9 a primeira de uma s\u00e9rie, com continuidade prevista.\" \/>\n<meta property=\"og:url\" content=\"https:\/\/portaltela.pt\/noticias\/2026\/03\/09\/samir-fundou-o-grupo-de-chelas-e-tornou-se-um-dos-narcotraficantes-de-lisboa\/\" \/>\n<meta property=\"og:site_name\" content=\"Portal Tela Portugal\" \/>\n<meta property=\"article:published_time\" content=\"2026-03-09T21:27:00+00:00\" \/>\n<meta name=\"author\" content=\"Telinha\" \/>\n<meta name=\"twitter:card\" content=\"summary_large_image\" \/>\n<meta name=\"twitter:label1\" content=\"Escrito por\" \/>\n\t<meta name=\"twitter:data1\" content=\"Telinha\" \/>\n\t<meta name=\"twitter:label2\" content=\"Tempo estimado de leitura\" \/>\n\t<meta name=\"twitter:data2\" content=\"1 minuto\" \/>\n<script type=\"application\/ld+json\" class=\"yoast-schema-graph\">{\"@context\":\"https:\/\/schema.org\",\"@graph\":[{\"@type\":\"Article\",\"@id\":\"https:\/\/portaltela.pt\/noticias\/2026\/03\/09\/samir-fundou-o-grupo-de-chelas-e-tornou-se-um-dos-narcotraficantes-de-lisboa\/#article\",\"isPartOf\":{\"@id\":\"https:\/\/portaltela.pt\/noticias\/2026\/03\/09\/samir-fundou-o-grupo-de-chelas-e-tornou-se-um-dos-narcotraficantes-de-lisboa\/\"},\"author\":{\"name\":\"Telinha\",\"@id\":\"https:\/\/portaltela.pt\/#\/schema\/person\/c4278d4a6028830caff9ee44b42d32ed\"},\"headline\":\"Samir fundou o Grupo de Chelas e tornou-se um dos narcotraficantes de Lisboa\",\"datePublished\":\"2026-03-09T21:27:00+00:00\",\"mainEntityOfPage\":{\"@id\":\"https:\/\/portaltela.pt\/noticias\/2026\/03\/09\/samir-fundou-o-grupo-de-chelas-e-tornou-se-um-dos-narcotraficantes-de-lisboa\/\"},\"wordCount\":176,\"image\":{\"@id\":\"https:\/\/portaltela.pt\/noticias\/2026\/03\/09\/samir-fundou-o-grupo-de-chelas-e-tornou-se-um-dos-narcotraficantes-de-lisboa\/#primaryimage\"},\"thumbnailUrl\":\"https:\/\/portaltela.pt\/s.01k8rhncp4jt1\/2026\/03\/img_1280x722uu2026-03-09-18-53-41-2271375.jpg\",\"keywords\":[\"Chelas\",\"crime\",\"investiga\u00e7\u00e3o\",\"Lisboa\",\"organiza\u00e7\u00e3o criminosa\",\"tr\u00e1fico de droga\"],\"articleSection\":[\"Crime\",\"Pol\u00edcia\"],\"inLanguage\":\"pt-PT\"},{\"@type\":\"WebPage\",\"@id\":\"https:\/\/portaltela.pt\/noticias\/2026\/03\/09\/samir-fundou-o-grupo-de-chelas-e-tornou-se-um-dos-narcotraficantes-de-lisboa\/\",\"url\":\"https:\/\/portaltela.pt\/noticias\/2026\/03\/09\/samir-fundou-o-grupo-de-chelas-e-tornou-se-um-dos-narcotraficantes-de-lisboa\/\",\"name\":\"Samir fundou o Grupo de Chelas e tornou-se um dos narcotraficantes de Lisboa - Portal Tela Portugal\",\"isPartOf\":{\"@id\":\"https:\/\/portaltela.pt\/#website\"},\"primaryImageOfPage\":{\"@id\":\"https:\/\/portaltela.pt\/noticias\/2026\/03\/09\/samir-fundou-o-grupo-de-chelas-e-tornou-se-um-dos-narcotraficantes-de-lisboa\/#primaryimage\"},\"image\":{\"@id\":\"https:\/\/portaltela.pt\/noticias\/2026\/03\/09\/samir-fundou-o-grupo-de-chelas-e-tornou-se-um-dos-narcotraficantes-de-lisboa\/#primaryimage\"},\"thumbnailUrl\":\"https:\/\/portaltela.pt\/s.01k8rhncp4jt1\/2026\/03\/img_1280x722uu2026-03-09-18-53-41-2271375.jpg\",\"datePublished\":\"2026-03-09T21:27:00+00:00\",\"author\":{\"@id\":\"https:\/\/portaltela.pt\/#\/schema\/person\/c4278d4a6028830caff9ee44b42d32ed\"},\"breadcrumb\":{\"@id\":\"https:\/\/portaltela.pt\/noticias\/2026\/03\/09\/samir-fundou-o-grupo-de-chelas-e-tornou-se-um-dos-narcotraficantes-de-lisboa\/#breadcrumb\"},\"inLanguage\":\"pt-PT\",\"potentialAction\":[{\"@type\":\"ReadAction\",\"target\":[\"https:\/\/portaltela.pt\/noticias\/2026\/03\/09\/samir-fundou-o-grupo-de-chelas-e-tornou-se-um-dos-narcotraficantes-de-lisboa\/\"]}]},{\"@type\":\"ImageObject\",\"inLanguage\":\"pt-PT\",\"@id\":\"https:\/\/portaltela.pt\/noticias\/2026\/03\/09\/samir-fundou-o-grupo-de-chelas-e-tornou-se-um-dos-narcotraficantes-de-lisboa\/#primaryimage\",\"url\":\"https:\/\/portaltela.pt\/s.01k8rhncp4jt1\/2026\/03\/img_1280x722uu2026-03-09-18-53-41-2271375.jpg\",\"contentUrl\":\"https:\/\/portaltela.pt\/s.01k8rhncp4jt1\/2026\/03\/img_1280x722uu2026-03-09-18-53-41-2271375.jpg\",\"width\":796,\"height\":448,\"caption\":\"Photo\"},{\"@type\":\"BreadcrumbList\",\"@id\":\"https:\/\/portaltela.pt\/noticias\/2026\/03\/09\/samir-fundou-o-grupo-de-chelas-e-tornou-se-um-dos-narcotraficantes-de-lisboa\/#breadcrumb\",\"itemListElement\":[{\"@type\":\"ListItem\",\"position\":1,\"name\":\"In\u00edcio\",\"item\":\"https:\/\/portaltela.pt\/\"},{\"@type\":\"ListItem\",\"position\":2,\"name\":\"Samir fundou o Grupo de Chelas e tornou-se um dos narcotraficantes de Lisboa\"}]},{\"@type\":\"WebSite\",\"@id\":\"https:\/\/portaltela.pt\/#website\",\"url\":\"https:\/\/portaltela.pt\/\",\"name\":\"Portal Tela Portugal\",\"description\":\"\",\"potentialAction\":[{\"@type\":\"SearchAction\",\"target\":{\"@type\":\"EntryPoint\",\"urlTemplate\":\"https:\/\/portaltela.pt\/?s={search_term_string}\"},\"query-input\":{\"@type\":\"PropertyValueSpecification\",\"valueRequired\":true,\"valueName\":\"search_term_string\"}}],\"inLanguage\":\"pt-PT\"},{\"@type\":\"Person\",\"@id\":\"https:\/\/portaltela.pt\/#\/schema\/person\/c4278d4a6028830caff9ee44b42d32ed\",\"name\":\"Telinha\",\"image\":{\"@type\":\"ImageObject\",\"inLanguage\":\"pt-PT\",\"@id\":\"https:\/\/portaltela.pt\/s.01k8rhncp4jt1\/2025\/11\/talking-bot-125x125.png\",\"url\":\"https:\/\/portaltela.pt\/s.01k8rhncp4jt1\/2025\/11\/talking-bot-125x125.png\",\"contentUrl\":\"https:\/\/portaltela.pt\/s.01k8rhncp4jt1\/2025\/11\/talking-bot-125x125.png\",\"caption\":\"Telinha\"},\"sameAs\":[\"https:\/\/portaltela.pt\/\"],\"url\":\"https:\/\/portaltela.pt\/por\/367410592786\/\"}]}<\/script>\n<!-- \/ Yoast SEO plugin. -->","yoast_head_json":{"title":"Samir fundou o Grupo de Chelas e tornou-se um dos narcotraficantes de Lisboa - Portal Tela Portugal","robots":{"index":"index","follow":"follow","max-snippet":"max-snippet:-1","max-image-preview":"max-image-preview:large","max-video-preview":"max-video-preview:-1"},"og_locale":"pt_PT","og_type":"article","og_title":"Samir fundou o Grupo de Chelas e tornou-se um dos narcotraficantes de Lisboa - Portal Tela Portugal","og_description":"A primeira parte da Investiga\u00e7\u00e3o CM, publicada a 9 de mar\u00e7o de 2026, envolve Samir. Samir \u00e9 apontado como fundador do \"Grupo de Chelas\". O grupo \u00e9 descrito como um dos maiores narcotraficantes de Lisboa. A reportagem \u00e9 a primeira de uma s\u00e9rie, com continuidade prevista.","og_url":"https:\/\/portaltela.pt\/noticias\/2026\/03\/09\/samir-fundou-o-grupo-de-chelas-e-tornou-se-um-dos-narcotraficantes-de-lisboa\/","og_site_name":"Portal Tela Portugal","article_published_time":"2026-03-09T21:27:00+00:00","author":"Telinha","twitter_card":"summary_large_image","twitter_misc":{"Escrito por":"Telinha","Tempo estimado de leitura":"1 minuto"},"schema":{"@context":"https:\/\/schema.org","@graph":[{"@type":"Article","@id":"https:\/\/portaltela.pt\/noticias\/2026\/03\/09\/samir-fundou-o-grupo-de-chelas-e-tornou-se-um-dos-narcotraficantes-de-lisboa\/#article","isPartOf":{"@id":"https:\/\/portaltela.pt\/noticias\/2026\/03\/09\/samir-fundou-o-grupo-de-chelas-e-tornou-se-um-dos-narcotraficantes-de-lisboa\/"},"author":{"name":"Telinha","@id":"https:\/\/portaltela.pt\/#\/schema\/person\/c4278d4a6028830caff9ee44b42d32ed"},"headline":"Samir fundou o Grupo de Chelas e tornou-se um dos narcotraficantes de Lisboa","datePublished":"2026-03-09T21:27:00+00:00","mainEntityOfPage":{"@id":"https:\/\/portaltela.pt\/noticias\/2026\/03\/09\/samir-fundou-o-grupo-de-chelas-e-tornou-se-um-dos-narcotraficantes-de-lisboa\/"},"wordCount":176,"image":{"@id":"https:\/\/portaltela.pt\/noticias\/2026\/03\/09\/samir-fundou-o-grupo-de-chelas-e-tornou-se-um-dos-narcotraficantes-de-lisboa\/#primaryimage"},"thumbnailUrl":"https:\/\/portaltela.pt\/s.01k8rhncp4jt1\/2026\/03\/img_1280x722uu2026-03-09-18-53-41-2271375.jpg","keywords":["Chelas","crime","investiga\u00e7\u00e3o","Lisboa","organiza\u00e7\u00e3o criminosa","tr\u00e1fico de droga"],"articleSection":["Crime","Pol\u00edcia"],"inLanguage":"pt-PT"},{"@type":"WebPage","@id":"https:\/\/portaltela.pt\/noticias\/2026\/03\/09\/samir-fundou-o-grupo-de-chelas-e-tornou-se-um-dos-narcotraficantes-de-lisboa\/","url":"https:\/\/portaltela.pt\/noticias\/2026\/03\/09\/samir-fundou-o-grupo-de-chelas-e-tornou-se-um-dos-narcotraficantes-de-lisboa\/","name":"Samir fundou o Grupo de Chelas e tornou-se um dos narcotraficantes de Lisboa - Portal Tela Portugal","isPartOf":{"@id":"https:\/\/portaltela.pt\/#website"},"primaryImageOfPage":{"@id":"https:\/\/portaltela.pt\/noticias\/2026\/03\/09\/samir-fundou-o-grupo-de-chelas-e-tornou-se-um-dos-narcotraficantes-de-lisboa\/#primaryimage"},"image":{"@id":"https:\/\/portaltela.pt\/noticias\/2026\/03\/09\/samir-fundou-o-grupo-de-chelas-e-tornou-se-um-dos-narcotraficantes-de-lisboa\/#primaryimage"},"thumbnailUrl":"https:\/\/portaltela.pt\/s.01k8rhncp4jt1\/2026\/03\/img_1280x722uu2026-03-09-18-53-41-2271375.jpg","datePublished":"2026-03-09T21:27:00+00:00","author":{"@id":"https:\/\/portaltela.pt\/#\/schema\/person\/c4278d4a6028830caff9ee44b42d32ed"},"breadcrumb":{"@id":"https:\/\/portaltela.pt\/noticias\/2026\/03\/09\/samir-fundou-o-grupo-de-chelas-e-tornou-se-um-dos-narcotraficantes-de-lisboa\/#breadcrumb"},"inLanguage":"pt-PT","potentialAction":[{"@type":"ReadAction","target":["https:\/\/portaltela.pt\/noticias\/2026\/03\/09\/samir-fundou-o-grupo-de-chelas-e-tornou-se-um-dos-narcotraficantes-de-lisboa\/"]}]},{"@type":"ImageObject","inLanguage":"pt-PT","@id":"https:\/\/portaltela.pt\/noticias\/2026\/03\/09\/samir-fundou-o-grupo-de-chelas-e-tornou-se-um-dos-narcotraficantes-de-lisboa\/#primaryimage","url":"https:\/\/portaltela.pt\/s.01k8rhncp4jt1\/2026\/03\/img_1280x722uu2026-03-09-18-53-41-2271375.jpg","contentUrl":"https:\/\/portaltela.pt\/s.01k8rhncp4jt1\/2026\/03\/img_1280x722uu2026-03-09-18-53-41-2271375.jpg","width":796,"height":448,"caption":"Photo"},{"@type":"BreadcrumbList","@id":"https:\/\/portaltela.pt\/noticias\/2026\/03\/09\/samir-fundou-o-grupo-de-chelas-e-tornou-se-um-dos-narcotraficantes-de-lisboa\/#breadcrumb","itemListElement":[{"@type":"ListItem","position":1,"name":"In\u00edcio","item":"https:\/\/portaltela.pt\/"},{"@type":"ListItem","position":2,"name":"Samir fundou o Grupo de Chelas e tornou-se um dos narcotraficantes de Lisboa"}]},{"@type":"WebSite","@id":"https:\/\/portaltela.pt\/#website","url":"https:\/\/portaltela.pt\/","name":"Portal Tela Portugal","description":"","potentialAction":[{"@type":"SearchAction","target":{"@type":"EntryPoint","urlTemplate":"https:\/\/portaltela.pt\/?s={search_term_string}"},"query-input":{"@type":"PropertyValueSpecification","valueRequired":true,"valueName":"search_term_string"}}],"inLanguage":"pt-PT"},{"@type":"Person","@id":"https:\/\/portaltela.pt\/#\/schema\/person\/c4278d4a6028830caff9ee44b42d32ed","name":"Telinha","image":{"@type":"ImageObject","inLanguage":"pt-PT","@id":"https:\/\/portaltela.pt\/s.01k8rhncp4jt1\/2025\/11\/talking-bot-125x125.png","url":"https:\/\/portaltela.pt\/s.01k8rhncp4jt1\/2025\/11\/talking-bot-125x125.png","contentUrl":"https:\/\/portaltela.pt\/s.01k8rhncp4jt1\/2025\/11\/talking-bot-125x125.png","caption":"Telinha"},"sameAs":["https:\/\/portaltela.pt\/"],"url":"https:\/\/portaltela.pt\/por\/367410592786\/"}]}},"_links":{"self":[{"href":"https:\/\/portaltela.pt\/api\/wp\/v2\/posts\/404015","targetHints":{"allow":["GET"]}}],"collection":[{"href":"https:\/\/portaltela.pt\/api\/wp\/v2\/posts"}],"about":[{"href":"https:\/\/portaltela.pt\/api\/wp\/v2\/types\/post"}],"author":[{"embeddable":true,"href":"https:\/\/portaltela.pt\/api\/wp\/v2\/users\/2"}],"replies":[{"embeddable":true,"href":"https:\/\/portaltela.pt\/api\/wp\/v2\/comments?post=404015"}],"version-history":[{"count":0,"href":"https:\/\/portaltela.pt\/api\/wp\/v2\/posts\/404015\/revisions"}],"wp:featuredmedia":[{"embeddable":true,"href":"https:\/\/portaltela.pt\/api\/wp\/v2\/media\/404016"}],"wp:attachment":[{"href":"https:\/\/portaltela.pt\/api\/wp\/v2\/media?parent=404015"}],"wp:term":[{"taxonomy":"category","embeddable":true,"href":"https:\/\/portaltela.pt\/api\/wp\/v2\/categories?post=404015"},{"taxonomy":"post_tag","embeddable":true,"href":"https:\/\/portaltela.pt\/api\/wp\/v2\/tags?post=404015"}],"curies":[{"name":"wp","href":"https:\/\/api.w.org\/{rel}","templated":true}]}}