{"id":403969,"date":"2026-03-09T17:27:33","date_gmt":"2026-03-09T20:27:33","guid":{"rendered":"https:\/\/portaltela.pt\/noticias\/2026\/03\/09\/confederacao-do-comercio-diz-que-negociacao-da-proposta-laboral-nao-devera-avancar\/"},"modified":"2026-03-09T17:27:33","modified_gmt":"2026-03-09T20:27:33","slug":"confederacao-do-comercio-diz-que-negociacao-da-proposta-laboral-nao-devera-avancar","status":"publish","type":"post","link":"https:\/\/portaltela.pt\/noticias\/2026\/03\/09\/confederacao-do-comercio-diz-que-negociacao-da-proposta-laboral-nao-devera-avancar\/","title":{"rendered":"Confedera\u00e7\u00e3o do Com\u00e9rcio diz que negocia\u00e7\u00e3o da proposta laboral n\u00e3o dever\u00e1 avan\u00e7ar"},"content":{"rendered":"<p>A Confedera\u00e7\u00e3o do Com\u00e9rcio e Servi\u00e7os de Portugal (CCP) anunciou, nesta segunda-feira, que as negocia\u00e7\u00f5es sobre a proposta de legisla\u00e7\u00e3o laboral n\u00e3o v\u00e3o continuar. O Governo ter\u00e1 de decidir se leva a lei \u00e0 Assembleia da Rep\u00fablica e em que formato, inicial ou com altera\u00e7\u00f5es. O an\u00fancio veio ap\u00f3s n\u00e3o se ter chegado a acordo.<\/p>\n<p>O presidente da CCP, Jo\u00e3o Vieira Lopes, afirmou \u00e0 Lusa que n\u00e3o est\u00e1 prevista a continuidade do processo, cabendo ao Governo definir uma posi\u00e7\u00e3o. Acrescentou que, se o Governo decidir reabrir as negocia\u00e7\u00f5es, a CCP est\u00e1 dispon\u00edvel para avan\u00e7ar.<\/p>\n<p>A CCP defendeu que, com base na experi\u00eancia hist\u00f3rica, acordos laborais aprovados na concerta\u00e7\u00e3o t\u00eam maior probabilidade de passar sem altera\u00e7\u00f5es na Assembleia. Vieira Lopes disse ainda que houve concess\u00f5es de v\u00e1rias partes, gerando pontos de equil\u00edbrio entre as partes.<\/p>\n<h3>Rea\u00e7\u00f5es dos parceiros sociais<\/h3>\n<p>O secret\u00e1rio-geral da UGT informou que os avan\u00e7os n\u00e3o foram suficientes e que n\u00e3o faz sentido continuar a negocia\u00e7\u00e3o. A CIP indicou que as negocia\u00e7\u00f5es terminaram sem acordo e responsabilizou a UGT pela aus\u00eancia de entendimento, numa reuni\u00e3o t\u00e9cnica realizada no Minist\u00e9rio do Trabalho.<\/p>\n<p>O Governo classificou a postura da UGT como intransigente, assegurando que continuar\u00e1 a tentar chegar a um acordo e a promover esfor\u00e7os para desbloquear a reforma laboral. A posi\u00e7\u00e3o foi transmitida a Lusa por fonte oficial do Executivo.<\/p>\n","protected":false},"excerpt":{"rendered":"<ul>\n<li>A Confedera\u00e7\u00e3o do Com\u00e9rcio e Servi\u00e7os de Portugal (CCP) anunciou que n\u00e3o est\u00e1 prevista a continuidade das negocia\u00e7\u00f5es sobre a proposta de legisla\u00e7\u00e3o laboral, cabendo ao Governo definir os pr\u00f3ximos passos.<\/li>\n<li>O Governo dever\u00e1 decidir se leva a legisla\u00e7\u00e3o \u00e0 Assembleia da Rep\u00fablica e em que formato, se no texto inicial ou com eventuais incorpora\u00e7\u00f5es de contribui\u00e7\u00f5es.<\/li>\n<li>A CCP afirmou estar dispon\u00edvel para reabrir o processo negocial caso o Governo decida avan\u00e7ar.<\/li>\n<li>A UGT afirmou que os avan\u00e7os n\u00e3o foram suficientes e que n\u00e3o faz sentido continuar as negocia\u00e7\u00f5es, referindo concess\u00f5es j\u00e1 feitas mas sem acordo.<\/li>\n<li>O Governo acusou a UGT de estar intransigente, enquanto a CIP responsabilizou a UGT pela falta de entendimento entre os parceiros.<\/li>\n<\/ul>\n","protected":false},"author":2,"featured_media":403976,"comment_status":"closed","ping_status":"closed","sticky":false,"template":"","format":"standard","meta":{"footnotes":""},"categories":[1],"tags":[2609,34,5539,3897,966,2201],"class_list":["post-403969","post","type-post","status-publish","format-standard","has-post-thumbnail","hentry","category-noticias","tag-ccp","tag-governo","tag-lei","tag-negociacoes","tag-sindicatos","tag-trabalho"],"yoast_head":"<!-- This site is optimized with the Yoast SEO plugin v27.2 - https:\/\/yoast.com\/product\/yoast-seo-wordpress\/ -->\n<title>Confedera\u00e7\u00e3o do Com\u00e9rcio diz que negocia\u00e7\u00e3o da proposta laboral n\u00e3o dever\u00e1 avan\u00e7ar - Portal Tela Portugal<\/title>\n<meta name=\"robots\" content=\"index, follow, max-snippet:-1, max-image-preview:large, max-video-preview:-1\" \/>\n<meta property=\"og:locale\" content=\"pt_PT\" \/>\n<meta property=\"og:type\" content=\"article\" \/>\n<meta property=\"og:title\" content=\"Confedera\u00e7\u00e3o do Com\u00e9rcio diz que negocia\u00e7\u00e3o da proposta laboral n\u00e3o dever\u00e1 avan\u00e7ar - Portal Tela Portugal\" \/>\n<meta property=\"og:description\" content=\"A Confedera\u00e7\u00e3o do Com\u00e9rcio e Servi\u00e7os de Portugal (CCP) anunciou que n\u00e3o est\u00e1 prevista a continuidade das negocia\u00e7\u00f5es sobre a proposta de legisla\u00e7\u00e3o laboral, cabendo ao Governo definir os pr\u00f3ximos passos. O Governo dever\u00e1 decidir se leva a legisla\u00e7\u00e3o \u00e0 Assembleia da Rep\u00fablica e em que formato, se no texto inicial ou com eventuais incorpora\u00e7\u00f5es de contribui\u00e7\u00f5es. A CCP afirmou estar dispon\u00edvel para reabrir o processo negocial caso o Governo decida avan\u00e7ar. A UGT afirmou que os avan\u00e7os n\u00e3o foram suficientes e que n\u00e3o faz sentido continuar as negocia\u00e7\u00f5es, referindo concess\u00f5es j\u00e1 feitas mas sem acordo. O Governo acusou a UGT de estar intransigente, enquanto a CIP responsabilizou a UGT pela falta de entendimento entre os parceiros.\" \/>\n<meta property=\"og:url\" content=\"https:\/\/portaltela.pt\/noticias\/2026\/03\/09\/confederacao-do-comercio-diz-que-negociacao-da-proposta-laboral-nao-devera-avancar\/\" \/>\n<meta property=\"og:site_name\" content=\"Portal Tela Portugal\" \/>\n<meta property=\"article:published_time\" content=\"2026-03-09T20:27:33+00:00\" \/>\n<meta name=\"author\" content=\"Telinha\" \/>\n<meta name=\"twitter:card\" content=\"summary_large_image\" \/>\n<meta name=\"twitter:label1\" content=\"Escrito por\" \/>\n\t<meta name=\"twitter:data1\" content=\"Telinha\" \/>\n\t<meta name=\"twitter:label2\" content=\"Tempo estimado de leitura\" \/>\n\t<meta name=\"twitter:data2\" content=\"1 minuto\" \/>\n<script type=\"application\/ld+json\" class=\"yoast-schema-graph\">{\"@context\":\"https:\/\/schema.org\",\"@graph\":[{\"@type\":\"Article\",\"@id\":\"https:\/\/portaltela.pt\/noticias\/2026\/03\/09\/confederacao-do-comercio-diz-que-negociacao-da-proposta-laboral-nao-devera-avancar\/#article\",\"isPartOf\":{\"@id\":\"https:\/\/portaltela.pt\/noticias\/2026\/03\/09\/confederacao-do-comercio-diz-que-negociacao-da-proposta-laboral-nao-devera-avancar\/\"},\"author\":{\"name\":\"Telinha\",\"@id\":\"https:\/\/portaltela.pt\/#\/schema\/person\/c4278d4a6028830caff9ee44b42d32ed\"},\"headline\":\"Confedera\u00e7\u00e3o do Com\u00e9rcio diz que negocia\u00e7\u00e3o da proposta laboral n\u00e3o dever\u00e1 avan\u00e7ar\",\"datePublished\":\"2026-03-09T20:27:33+00:00\",\"mainEntityOfPage\":{\"@id\":\"https:\/\/portaltela.pt\/noticias\/2026\/03\/09\/confederacao-do-comercio-diz-que-negociacao-da-proposta-laboral-nao-devera-avancar\/\"},\"wordCount\":274,\"image\":{\"@id\":\"https:\/\/portaltela.pt\/noticias\/2026\/03\/09\/confederacao-do-comercio-diz-que-negociacao-da-proposta-laboral-nao-devera-avancar\/#primaryimage\"},\"thumbnailUrl\":\"https:\/\/portaltela.pt\/s.01k8rhncp4jt1\/2026\/03\/img_1500x1000uu2026-03-01-07-52-18-2269691.jpg\",\"keywords\":[\"CCP\",\"governo\",\"lei\",\"negocia\u00e7\u00f5es\",\"sindicatos\",\"trabalho\"],\"articleSection\":[\"Not\u00edcias\"],\"inLanguage\":\"pt-PT\"},{\"@type\":\"WebPage\",\"@id\":\"https:\/\/portaltela.pt\/noticias\/2026\/03\/09\/confederacao-do-comercio-diz-que-negociacao-da-proposta-laboral-nao-devera-avancar\/\",\"url\":\"https:\/\/portaltela.pt\/noticias\/2026\/03\/09\/confederacao-do-comercio-diz-que-negociacao-da-proposta-laboral-nao-devera-avancar\/\",\"name\":\"Confedera\u00e7\u00e3o do Com\u00e9rcio diz que negocia\u00e7\u00e3o da proposta laboral n\u00e3o dever\u00e1 avan\u00e7ar - Portal Tela Portugal\",\"isPartOf\":{\"@id\":\"https:\/\/portaltela.pt\/#website\"},\"primaryImageOfPage\":{\"@id\":\"https:\/\/portaltela.pt\/noticias\/2026\/03\/09\/confederacao-do-comercio-diz-que-negociacao-da-proposta-laboral-nao-devera-avancar\/#primaryimage\"},\"image\":{\"@id\":\"https:\/\/portaltela.pt\/noticias\/2026\/03\/09\/confederacao-do-comercio-diz-que-negociacao-da-proposta-laboral-nao-devera-avancar\/#primaryimage\"},\"thumbnailUrl\":\"https:\/\/portaltela.pt\/s.01k8rhncp4jt1\/2026\/03\/img_1500x1000uu2026-03-01-07-52-18-2269691.jpg\",\"datePublished\":\"2026-03-09T20:27:33+00:00\",\"author\":{\"@id\":\"https:\/\/portaltela.pt\/#\/schema\/person\/c4278d4a6028830caff9ee44b42d32ed\"},\"breadcrumb\":{\"@id\":\"https:\/\/portaltela.pt\/noticias\/2026\/03\/09\/confederacao-do-comercio-diz-que-negociacao-da-proposta-laboral-nao-devera-avancar\/#breadcrumb\"},\"inLanguage\":\"pt-PT\",\"potentialAction\":[{\"@type\":\"ReadAction\",\"target\":[\"https:\/\/portaltela.pt\/noticias\/2026\/03\/09\/confederacao-do-comercio-diz-que-negociacao-da-proposta-laboral-nao-devera-avancar\/\"]}]},{\"@type\":\"ImageObject\",\"inLanguage\":\"pt-PT\",\"@id\":\"https:\/\/portaltela.pt\/noticias\/2026\/03\/09\/confederacao-do-comercio-diz-que-negociacao-da-proposta-laboral-nao-devera-avancar\/#primaryimage\",\"url\":\"https:\/\/portaltela.pt\/s.01k8rhncp4jt1\/2026\/03\/img_1500x1000uu2026-03-01-07-52-18-2269691.jpg\",\"contentUrl\":\"https:\/\/portaltela.pt\/s.01k8rhncp4jt1\/2026\/03\/img_1500x1000uu2026-03-01-07-52-18-2269691.jpg\",\"width\":796,\"height\":448,\"caption\":\"Negocia\u00e7\u00e3o da proposta laboral n\u00e3o dever\u00e1 continuar, diz Confedera\u00e7\u00e3o do Com\u00e9rcio\"},{\"@type\":\"BreadcrumbList\",\"@id\":\"https:\/\/portaltela.pt\/noticias\/2026\/03\/09\/confederacao-do-comercio-diz-que-negociacao-da-proposta-laboral-nao-devera-avancar\/#breadcrumb\",\"itemListElement\":[{\"@type\":\"ListItem\",\"position\":1,\"name\":\"In\u00edcio\",\"item\":\"https:\/\/portaltela.pt\/\"},{\"@type\":\"ListItem\",\"position\":2,\"name\":\"Confedera\u00e7\u00e3o do Com\u00e9rcio diz que negocia\u00e7\u00e3o da proposta laboral n\u00e3o dever\u00e1 avan\u00e7ar\"}]},{\"@type\":\"WebSite\",\"@id\":\"https:\/\/portaltela.pt\/#website\",\"url\":\"https:\/\/portaltela.pt\/\",\"name\":\"Portal Tela Portugal\",\"description\":\"\",\"potentialAction\":[{\"@type\":\"SearchAction\",\"target\":{\"@type\":\"EntryPoint\",\"urlTemplate\":\"https:\/\/portaltela.pt\/?s={search_term_string}\"},\"query-input\":{\"@type\":\"PropertyValueSpecification\",\"valueRequired\":true,\"valueName\":\"search_term_string\"}}],\"inLanguage\":\"pt-PT\"},{\"@type\":\"Person\",\"@id\":\"https:\/\/portaltela.pt\/#\/schema\/person\/c4278d4a6028830caff9ee44b42d32ed\",\"name\":\"Telinha\",\"image\":{\"@type\":\"ImageObject\",\"inLanguage\":\"pt-PT\",\"@id\":\"https:\/\/portaltela.pt\/s.01k8rhncp4jt1\/2025\/11\/talking-bot-125x125.png\",\"url\":\"https:\/\/portaltela.pt\/s.01k8rhncp4jt1\/2025\/11\/talking-bot-125x125.png\",\"contentUrl\":\"https:\/\/portaltela.pt\/s.01k8rhncp4jt1\/2025\/11\/talking-bot-125x125.png\",\"caption\":\"Telinha\"},\"sameAs\":[\"https:\/\/portaltela.pt\/\"],\"url\":\"https:\/\/portaltela.pt\/por\/367410592786\/\"}]}<\/script>\n<!-- \/ Yoast SEO plugin. -->","yoast_head_json":{"title":"Confedera\u00e7\u00e3o do Com\u00e9rcio diz que negocia\u00e7\u00e3o da proposta laboral n\u00e3o dever\u00e1 avan\u00e7ar - Portal Tela Portugal","robots":{"index":"index","follow":"follow","max-snippet":"max-snippet:-1","max-image-preview":"max-image-preview:large","max-video-preview":"max-video-preview:-1"},"og_locale":"pt_PT","og_type":"article","og_title":"Confedera\u00e7\u00e3o do Com\u00e9rcio diz que negocia\u00e7\u00e3o da proposta laboral n\u00e3o dever\u00e1 avan\u00e7ar - Portal Tela Portugal","og_description":"A Confedera\u00e7\u00e3o do Com\u00e9rcio e Servi\u00e7os de Portugal (CCP) anunciou que n\u00e3o est\u00e1 prevista a continuidade das negocia\u00e7\u00f5es sobre a proposta de legisla\u00e7\u00e3o laboral, cabendo ao Governo definir os pr\u00f3ximos passos. O Governo dever\u00e1 decidir se leva a legisla\u00e7\u00e3o \u00e0 Assembleia da Rep\u00fablica e em que formato, se no texto inicial ou com eventuais incorpora\u00e7\u00f5es de contribui\u00e7\u00f5es. A CCP afirmou estar dispon\u00edvel para reabrir o processo negocial caso o Governo decida avan\u00e7ar. A UGT afirmou que os avan\u00e7os n\u00e3o foram suficientes e que n\u00e3o faz sentido continuar as negocia\u00e7\u00f5es, referindo concess\u00f5es j\u00e1 feitas mas sem acordo. O Governo acusou a UGT de estar intransigente, enquanto a CIP responsabilizou a UGT pela falta de entendimento entre os parceiros.","og_url":"https:\/\/portaltela.pt\/noticias\/2026\/03\/09\/confederacao-do-comercio-diz-que-negociacao-da-proposta-laboral-nao-devera-avancar\/","og_site_name":"Portal Tela Portugal","article_published_time":"2026-03-09T20:27:33+00:00","author":"Telinha","twitter_card":"summary_large_image","twitter_misc":{"Escrito por":"Telinha","Tempo estimado de leitura":"1 minuto"},"schema":{"@context":"https:\/\/schema.org","@graph":[{"@type":"Article","@id":"https:\/\/portaltela.pt\/noticias\/2026\/03\/09\/confederacao-do-comercio-diz-que-negociacao-da-proposta-laboral-nao-devera-avancar\/#article","isPartOf":{"@id":"https:\/\/portaltela.pt\/noticias\/2026\/03\/09\/confederacao-do-comercio-diz-que-negociacao-da-proposta-laboral-nao-devera-avancar\/"},"author":{"name":"Telinha","@id":"https:\/\/portaltela.pt\/#\/schema\/person\/c4278d4a6028830caff9ee44b42d32ed"},"headline":"Confedera\u00e7\u00e3o do Com\u00e9rcio diz que negocia\u00e7\u00e3o da proposta laboral n\u00e3o dever\u00e1 avan\u00e7ar","datePublished":"2026-03-09T20:27:33+00:00","mainEntityOfPage":{"@id":"https:\/\/portaltela.pt\/noticias\/2026\/03\/09\/confederacao-do-comercio-diz-que-negociacao-da-proposta-laboral-nao-devera-avancar\/"},"wordCount":274,"image":{"@id":"https:\/\/portaltela.pt\/noticias\/2026\/03\/09\/confederacao-do-comercio-diz-que-negociacao-da-proposta-laboral-nao-devera-avancar\/#primaryimage"},"thumbnailUrl":"https:\/\/portaltela.pt\/s.01k8rhncp4jt1\/2026\/03\/img_1500x1000uu2026-03-01-07-52-18-2269691.jpg","keywords":["CCP","governo","lei","negocia\u00e7\u00f5es","sindicatos","trabalho"],"articleSection":["Not\u00edcias"],"inLanguage":"pt-PT"},{"@type":"WebPage","@id":"https:\/\/portaltela.pt\/noticias\/2026\/03\/09\/confederacao-do-comercio-diz-que-negociacao-da-proposta-laboral-nao-devera-avancar\/","url":"https:\/\/portaltela.pt\/noticias\/2026\/03\/09\/confederacao-do-comercio-diz-que-negociacao-da-proposta-laboral-nao-devera-avancar\/","name":"Confedera\u00e7\u00e3o do Com\u00e9rcio diz que negocia\u00e7\u00e3o da proposta laboral n\u00e3o dever\u00e1 avan\u00e7ar - Portal Tela Portugal","isPartOf":{"@id":"https:\/\/portaltela.pt\/#website"},"primaryImageOfPage":{"@id":"https:\/\/portaltela.pt\/noticias\/2026\/03\/09\/confederacao-do-comercio-diz-que-negociacao-da-proposta-laboral-nao-devera-avancar\/#primaryimage"},"image":{"@id":"https:\/\/portaltela.pt\/noticias\/2026\/03\/09\/confederacao-do-comercio-diz-que-negociacao-da-proposta-laboral-nao-devera-avancar\/#primaryimage"},"thumbnailUrl":"https:\/\/portaltela.pt\/s.01k8rhncp4jt1\/2026\/03\/img_1500x1000uu2026-03-01-07-52-18-2269691.jpg","datePublished":"2026-03-09T20:27:33+00:00","author":{"@id":"https:\/\/portaltela.pt\/#\/schema\/person\/c4278d4a6028830caff9ee44b42d32ed"},"breadcrumb":{"@id":"https:\/\/portaltela.pt\/noticias\/2026\/03\/09\/confederacao-do-comercio-diz-que-negociacao-da-proposta-laboral-nao-devera-avancar\/#breadcrumb"},"inLanguage":"pt-PT","potentialAction":[{"@type":"ReadAction","target":["https:\/\/portaltela.pt\/noticias\/2026\/03\/09\/confederacao-do-comercio-diz-que-negociacao-da-proposta-laboral-nao-devera-avancar\/"]}]},{"@type":"ImageObject","inLanguage":"pt-PT","@id":"https:\/\/portaltela.pt\/noticias\/2026\/03\/09\/confederacao-do-comercio-diz-que-negociacao-da-proposta-laboral-nao-devera-avancar\/#primaryimage","url":"https:\/\/portaltela.pt\/s.01k8rhncp4jt1\/2026\/03\/img_1500x1000uu2026-03-01-07-52-18-2269691.jpg","contentUrl":"https:\/\/portaltela.pt\/s.01k8rhncp4jt1\/2026\/03\/img_1500x1000uu2026-03-01-07-52-18-2269691.jpg","width":796,"height":448,"caption":"Negocia\u00e7\u00e3o da proposta laboral n\u00e3o dever\u00e1 continuar, diz Confedera\u00e7\u00e3o do Com\u00e9rcio"},{"@type":"BreadcrumbList","@id":"https:\/\/portaltela.pt\/noticias\/2026\/03\/09\/confederacao-do-comercio-diz-que-negociacao-da-proposta-laboral-nao-devera-avancar\/#breadcrumb","itemListElement":[{"@type":"ListItem","position":1,"name":"In\u00edcio","item":"https:\/\/portaltela.pt\/"},{"@type":"ListItem","position":2,"name":"Confedera\u00e7\u00e3o do Com\u00e9rcio diz que negocia\u00e7\u00e3o da proposta laboral n\u00e3o dever\u00e1 avan\u00e7ar"}]},{"@type":"WebSite","@id":"https:\/\/portaltela.pt\/#website","url":"https:\/\/portaltela.pt\/","name":"Portal Tela Portugal","description":"","potentialAction":[{"@type":"SearchAction","target":{"@type":"EntryPoint","urlTemplate":"https:\/\/portaltela.pt\/?s={search_term_string}"},"query-input":{"@type":"PropertyValueSpecification","valueRequired":true,"valueName":"search_term_string"}}],"inLanguage":"pt-PT"},{"@type":"Person","@id":"https:\/\/portaltela.pt\/#\/schema\/person\/c4278d4a6028830caff9ee44b42d32ed","name":"Telinha","image":{"@type":"ImageObject","inLanguage":"pt-PT","@id":"https:\/\/portaltela.pt\/s.01k8rhncp4jt1\/2025\/11\/talking-bot-125x125.png","url":"https:\/\/portaltela.pt\/s.01k8rhncp4jt1\/2025\/11\/talking-bot-125x125.png","contentUrl":"https:\/\/portaltela.pt\/s.01k8rhncp4jt1\/2025\/11\/talking-bot-125x125.png","caption":"Telinha"},"sameAs":["https:\/\/portaltela.pt\/"],"url":"https:\/\/portaltela.pt\/por\/367410592786\/"}]}},"_links":{"self":[{"href":"https:\/\/portaltela.pt\/api\/wp\/v2\/posts\/403969","targetHints":{"allow":["GET"]}}],"collection":[{"href":"https:\/\/portaltela.pt\/api\/wp\/v2\/posts"}],"about":[{"href":"https:\/\/portaltela.pt\/api\/wp\/v2\/types\/post"}],"author":[{"embeddable":true,"href":"https:\/\/portaltela.pt\/api\/wp\/v2\/users\/2"}],"replies":[{"embeddable":true,"href":"https:\/\/portaltela.pt\/api\/wp\/v2\/comments?post=403969"}],"version-history":[{"count":0,"href":"https:\/\/portaltela.pt\/api\/wp\/v2\/posts\/403969\/revisions"}],"wp:featuredmedia":[{"embeddable":true,"href":"https:\/\/portaltela.pt\/api\/wp\/v2\/media\/403976"}],"wp:attachment":[{"href":"https:\/\/portaltela.pt\/api\/wp\/v2\/media?parent=403969"}],"wp:term":[{"taxonomy":"category","embeddable":true,"href":"https:\/\/portaltela.pt\/api\/wp\/v2\/categories?post=403969"},{"taxonomy":"post_tag","embeddable":true,"href":"https:\/\/portaltela.pt\/api\/wp\/v2\/tags?post=403969"}],"curies":[{"name":"wp","href":"https:\/\/api.w.org\/{rel}","templated":true}]}}