{"id":403935,"date":"2026-03-09T16:52:07","date_gmt":"2026-03-09T19:52:07","guid":{"rendered":"https:\/\/portaltela.pt\/noticias\/2026\/03\/09\/presidente-do-eurogrupo-alerta-que-a-zona-euro-enfrenta-longa-instabilidade\/"},"modified":"2026-03-09T16:52:07","modified_gmt":"2026-03-09T19:52:07","slug":"presidente-do-eurogrupo-alerta-que-a-zona-euro-enfrenta-longa-instabilidade","status":"publish","type":"post","link":"https:\/\/portaltela.pt\/noticias\/economia\/2026\/03\/09\/presidente-do-eurogrupo-alerta-que-a-zona-euro-enfrenta-longa-instabilidade\/","title":{"rendered":"Presidente do Eurogrupo alerta que a zona euro enfrenta longa instabilidade"},"content":{"rendered":"<p>O Eurogrupo reuniu-se em Bruxelas pela primeira vez desde o in\u00edcio da guerra no M\u00e9dio Oriente. A sess\u00e3o analisou impactos econ\u00f3micos do conflito, especialmente no setor energ\u00e9tico e na infla\u00e7\u00e3o. O objetivo foi compreender riscos para a zona euro.<\/p>\n<p>Kyriakos Pierrakakis, presidente do Eurogrupo, alertou que a zona euro deve preparar-se para uma longa instabilidade. A instabilidade pode afetar cadeias de abastecimento, aumentar o pre\u00e7o da energia e pressionar a infla\u00e7\u00e3o.<\/p>\n<p>O organismo acompanha de perto as rea\u00e7\u00f5es dos mercados aos desenvolvimentos no M\u00e9dio Oriente, que dominam as manchetes internacionais. O ano de 2025 foi positivo, mas hoje o cen\u00e1rio \u00e9 mais vol\u00e1til, afirmou Pierrakakis.<\/p>\n<h3>Perspetivas para o consumo e a energia<\/h3>\n<p>A Europa teme uma recupera\u00e7\u00e3o de crises energ\u00e9ticas, semelhante a 2022, dada a depend\u00eancia de importa\u00e7\u00f5es globais. A escalada militar que afete produ\u00e7\u00e3o ou transporte de energia pode provocar choques nos mercados.<\/p>\n<p>A energia continua no foco de aten\u00e7\u00e3o dos Estados-membros. O Eurogrupo discutiu medidas nacionais e a necessidade de coordena\u00e7\u00e3o para enfrentar potenciais aumentos de pre\u00e7os, mantendo vigil\u00e2ncia sobre a situa\u00e7\u00e3o no terreno.<\/p>\n<p>A refer\u00eancia quanto ao estreito de Ormuz, por onde passa uma parcela significativa do petr\u00f3leo, foi destacada como fator de vulnerabilidade. Os ministros analisaram impactos em pre\u00e7os e disponibilidade energ\u00e9tica.<\/p>\n<p>Outros avisos apontam para poss\u00edveis perturba\u00e7\u00f5es no transporte mar\u00edtimo e na procura interna. A dialogue sobre respostas pol\u00edticas visa assegurar condi\u00e7\u00f5es de financiamento est\u00e1veis e apoiar o consumo.<\/p>\n<p>Entre as medidas discutidas est\u00e3o estrat\u00e9gias para mitigar eleva\u00e7\u00f5es de pre\u00e7os da energia e refor\u00e7ar resili\u00eancia econ\u00f3mica. O objetivo \u00e9 manter a estabilidade macroecon\u00f3mica da zona euro.<\/p>\n","protected":false},"excerpt":{"rendered":"<ul>\n<li>O Eurogrupo reuniu-se pela primeira vez em Bruxelas desde o in\u00edcio do conflito no M\u00e9dio Oriente para analisar impactos econ\u00f3micos, sobretudo energ\u00e9ticos e inflacionistas.<\/li>\n<li>O presidente Kyriakos Pierrakakis alertou que a zona euro deve preparar-se para uma \u201clonga instabilidade\u201d, com potenciais perturba\u00e7\u00f5es no transporte mar\u00edtimo, aumentos dos pre\u00e7os da energia e impactos na infla\u00e7\u00e3o.<\/li>\n<li>O \u00f3rg\u00e3o acompanha de perto as rea\u00e7\u00f5es dos mercados aos desenvolvimentos na regi\u00e3o, ap\u00f3s o ano de 2025 ter sido positivo para a economia europeia, com crescimento acima do esperado.<\/li>\n<li>Existem temores de repeti\u00e7\u00e3o de crises energ\u00e9ticas semelhantes \u00e0 de 2022, devido \u00e0 depend\u00eancia de importa\u00e7\u00f5es europeias de mercados globais fortemente influenciados pelo M\u00e9dio Oriente.<\/li>\n<li>O eurogrupo discutiu medidas que os Estados-membros podem considerar para mitigar a subida dos pre\u00e7os da energia e manteve a ideia de uma atua\u00e7\u00e3o coordenada, enquanto monitoriza a situa\u00e7\u00e3o no terreno.<\/li>\n<\/ul>\n","protected":false},"author":2,"featured_media":403937,"comment_status":"closed","ping_status":"closed","sticky":false,"template":"","format":"standard","meta":{"footnotes":""},"categories":[2,1],"tags":[6026,4991,28,174,2487,6562],"class_list":["post-403935","post","type-post","status-publish","format-standard","has-post-thumbnail","hentry","category-economia","category-noticias","tag-cadeias","tag-consumo","tag-economia","tag-energia","tag-europa","tag-mercados-internacionais"],"yoast_head":"<!-- This site is optimized with the Yoast SEO plugin v27.2 - https:\/\/yoast.com\/product\/yoast-seo-wordpress\/ -->\n<title>Presidente do Eurogrupo alerta que a zona euro enfrenta longa instabilidade - Portal Tela Portugal<\/title>\n<meta name=\"robots\" content=\"index, follow, max-snippet:-1, max-image-preview:large, max-video-preview:-1\" \/>\n<meta property=\"og:locale\" content=\"pt_PT\" \/>\n<meta property=\"og:type\" content=\"article\" \/>\n<meta property=\"og:title\" content=\"Presidente do Eurogrupo alerta que a zona euro enfrenta longa instabilidade - Portal Tela Portugal\" \/>\n<meta property=\"og:description\" content=\"O Eurogrupo reuniu-se pela primeira vez em Bruxelas desde o in\u00edcio do conflito no M\u00e9dio Oriente para analisar impactos econ\u00f3micos, sobretudo energ\u00e9ticos e inflacionistas. O presidente Kyriakos Pierrakakis alertou que a zona euro deve preparar-se para uma \u201clonga instabilidade\u201d, com potenciais perturba\u00e7\u00f5es no transporte mar\u00edtimo, aumentos dos pre\u00e7os da energia e impactos na infla\u00e7\u00e3o. O \u00f3rg\u00e3o acompanha de perto as rea\u00e7\u00f5es dos mercados aos desenvolvimentos na regi\u00e3o, ap\u00f3s o ano de 2025 ter sido positivo para a economia europeia, com crescimento acima do esperado. Existem temores de repeti\u00e7\u00e3o de crises energ\u00e9ticas semelhantes \u00e0 de 2022, devido \u00e0 depend\u00eancia de importa\u00e7\u00f5es europeias de mercados globais fortemente influenciados pelo M\u00e9dio Oriente. O eurogrupo discutiu medidas que os Estados-membros podem considerar para mitigar a subida dos pre\u00e7os da energia e manteve a ideia de uma atua\u00e7\u00e3o coordenada, enquanto monitoriza a situa\u00e7\u00e3o no terreno.\" \/>\n<meta property=\"og:url\" content=\"https:\/\/portaltela.pt\/noticias\/2026\/03\/09\/presidente-do-eurogrupo-alerta-que-a-zona-euro-enfrenta-longa-instabilidade\/\" \/>\n<meta property=\"og:site_name\" content=\"Portal Tela Portugal\" \/>\n<meta property=\"article:published_time\" content=\"2026-03-09T19:52:07+00:00\" \/>\n<meta name=\"author\" content=\"Telinha\" \/>\n<meta name=\"twitter:card\" content=\"summary_large_image\" \/>\n<meta name=\"twitter:label1\" content=\"Escrito por\" \/>\n\t<meta name=\"twitter:data1\" content=\"Telinha\" \/>\n\t<meta name=\"twitter:label2\" content=\"Tempo estimado de leitura\" \/>\n\t<meta name=\"twitter:data2\" content=\"1 minuto\" \/>\n<script type=\"application\/ld+json\" class=\"yoast-schema-graph\">{\"@context\":\"https:\/\/schema.org\",\"@graph\":[{\"@type\":\"Article\",\"@id\":\"https:\/\/portaltela.pt\/noticias\/2026\/03\/09\/presidente-do-eurogrupo-alerta-que-a-zona-euro-enfrenta-longa-instabilidade\/#article\",\"isPartOf\":{\"@id\":\"https:\/\/portaltela.pt\/noticias\/2026\/03\/09\/presidente-do-eurogrupo-alerta-que-a-zona-euro-enfrenta-longa-instabilidade\/\"},\"author\":{\"name\":\"Telinha\",\"@id\":\"https:\/\/portaltela.pt\/#\/schema\/person\/c4278d4a6028830caff9ee44b42d32ed\"},\"headline\":\"Presidente do Eurogrupo alerta que a zona euro enfrenta longa instabilidade\",\"datePublished\":\"2026-03-09T19:52:07+00:00\",\"mainEntityOfPage\":{\"@id\":\"https:\/\/portaltela.pt\/noticias\/2026\/03\/09\/presidente-do-eurogrupo-alerta-que-a-zona-euro-enfrenta-longa-instabilidade\/\"},\"wordCount\":308,\"image\":{\"@id\":\"https:\/\/portaltela.pt\/noticias\/2026\/03\/09\/presidente-do-eurogrupo-alerta-que-a-zona-euro-enfrenta-longa-instabilidade\/#primaryimage\"},\"thumbnailUrl\":\"https:\/\/portaltela.pt\/s.01k8rhncp4jt1\/2026\/03\/img_1500x1000uu2026-01-19-21-58-33-2261400.jpg\",\"keywords\":[\"cadeias\",\"consumo\",\"economia\",\"energia\",\"Europa\",\"mercados internacionais\"],\"articleSection\":[\"Economia\",\"Not\u00edcias\"],\"inLanguage\":\"pt-PT\"},{\"@type\":\"WebPage\",\"@id\":\"https:\/\/portaltela.pt\/noticias\/2026\/03\/09\/presidente-do-eurogrupo-alerta-que-a-zona-euro-enfrenta-longa-instabilidade\/\",\"url\":\"https:\/\/portaltela.pt\/noticias\/2026\/03\/09\/presidente-do-eurogrupo-alerta-que-a-zona-euro-enfrenta-longa-instabilidade\/\",\"name\":\"Presidente do Eurogrupo alerta que a zona euro enfrenta longa instabilidade - Portal Tela Portugal\",\"isPartOf\":{\"@id\":\"https:\/\/portaltela.pt\/#website\"},\"primaryImageOfPage\":{\"@id\":\"https:\/\/portaltela.pt\/noticias\/2026\/03\/09\/presidente-do-eurogrupo-alerta-que-a-zona-euro-enfrenta-longa-instabilidade\/#primaryimage\"},\"image\":{\"@id\":\"https:\/\/portaltela.pt\/noticias\/2026\/03\/09\/presidente-do-eurogrupo-alerta-que-a-zona-euro-enfrenta-longa-instabilidade\/#primaryimage\"},\"thumbnailUrl\":\"https:\/\/portaltela.pt\/s.01k8rhncp4jt1\/2026\/03\/img_1500x1000uu2026-01-19-21-58-33-2261400.jpg\",\"datePublished\":\"2026-03-09T19:52:07+00:00\",\"author\":{\"@id\":\"https:\/\/portaltela.pt\/#\/schema\/person\/c4278d4a6028830caff9ee44b42d32ed\"},\"breadcrumb\":{\"@id\":\"https:\/\/portaltela.pt\/noticias\/2026\/03\/09\/presidente-do-eurogrupo-alerta-que-a-zona-euro-enfrenta-longa-instabilidade\/#breadcrumb\"},\"inLanguage\":\"pt-PT\",\"potentialAction\":[{\"@type\":\"ReadAction\",\"target\":[\"https:\/\/portaltela.pt\/noticias\/2026\/03\/09\/presidente-do-eurogrupo-alerta-que-a-zona-euro-enfrenta-longa-instabilidade\/\"]}]},{\"@type\":\"ImageObject\",\"inLanguage\":\"pt-PT\",\"@id\":\"https:\/\/portaltela.pt\/noticias\/2026\/03\/09\/presidente-do-eurogrupo-alerta-que-a-zona-euro-enfrenta-longa-instabilidade\/#primaryimage\",\"url\":\"https:\/\/portaltela.pt\/s.01k8rhncp4jt1\/2026\/03\/img_1500x1000uu2026-01-19-21-58-33-2261400.jpg\",\"contentUrl\":\"https:\/\/portaltela.pt\/s.01k8rhncp4jt1\/2026\/03\/img_1500x1000uu2026-01-19-21-58-33-2261400.jpg\",\"width\":796,\"height\":448,\"caption\":\"Kyriakos Pierrakakis, presidente do Eurogrupo\"},{\"@type\":\"BreadcrumbList\",\"@id\":\"https:\/\/portaltela.pt\/noticias\/2026\/03\/09\/presidente-do-eurogrupo-alerta-que-a-zona-euro-enfrenta-longa-instabilidade\/#breadcrumb\",\"itemListElement\":[{\"@type\":\"ListItem\",\"position\":1,\"name\":\"In\u00edcio\",\"item\":\"https:\/\/portaltela.pt\/\"},{\"@type\":\"ListItem\",\"position\":2,\"name\":\"Presidente do Eurogrupo alerta que a zona euro enfrenta longa instabilidade\"}]},{\"@type\":\"WebSite\",\"@id\":\"https:\/\/portaltela.pt\/#website\",\"url\":\"https:\/\/portaltela.pt\/\",\"name\":\"Portal Tela Portugal\",\"description\":\"\",\"potentialAction\":[{\"@type\":\"SearchAction\",\"target\":{\"@type\":\"EntryPoint\",\"urlTemplate\":\"https:\/\/portaltela.pt\/?s={search_term_string}\"},\"query-input\":{\"@type\":\"PropertyValueSpecification\",\"valueRequired\":true,\"valueName\":\"search_term_string\"}}],\"inLanguage\":\"pt-PT\"},{\"@type\":\"Person\",\"@id\":\"https:\/\/portaltela.pt\/#\/schema\/person\/c4278d4a6028830caff9ee44b42d32ed\",\"name\":\"Telinha\",\"image\":{\"@type\":\"ImageObject\",\"inLanguage\":\"pt-PT\",\"@id\":\"https:\/\/portaltela.pt\/s.01k8rhncp4jt1\/2025\/11\/talking-bot-125x125.png\",\"url\":\"https:\/\/portaltela.pt\/s.01k8rhncp4jt1\/2025\/11\/talking-bot-125x125.png\",\"contentUrl\":\"https:\/\/portaltela.pt\/s.01k8rhncp4jt1\/2025\/11\/talking-bot-125x125.png\",\"caption\":\"Telinha\"},\"sameAs\":[\"https:\/\/portaltela.pt\/\"],\"url\":\"https:\/\/portaltela.pt\/por\/367410592786\/\"}]}<\/script>\n<!-- \/ Yoast SEO plugin. -->","yoast_head_json":{"title":"Presidente do Eurogrupo alerta que a zona euro enfrenta longa instabilidade - Portal Tela Portugal","robots":{"index":"index","follow":"follow","max-snippet":"max-snippet:-1","max-image-preview":"max-image-preview:large","max-video-preview":"max-video-preview:-1"},"og_locale":"pt_PT","og_type":"article","og_title":"Presidente do Eurogrupo alerta que a zona euro enfrenta longa instabilidade - Portal Tela Portugal","og_description":"O Eurogrupo reuniu-se pela primeira vez em Bruxelas desde o in\u00edcio do conflito no M\u00e9dio Oriente para analisar impactos econ\u00f3micos, sobretudo energ\u00e9ticos e inflacionistas. O presidente Kyriakos Pierrakakis alertou que a zona euro deve preparar-se para uma \u201clonga instabilidade\u201d, com potenciais perturba\u00e7\u00f5es no transporte mar\u00edtimo, aumentos dos pre\u00e7os da energia e impactos na infla\u00e7\u00e3o. O \u00f3rg\u00e3o acompanha de perto as rea\u00e7\u00f5es dos mercados aos desenvolvimentos na regi\u00e3o, ap\u00f3s o ano de 2025 ter sido positivo para a economia europeia, com crescimento acima do esperado. Existem temores de repeti\u00e7\u00e3o de crises energ\u00e9ticas semelhantes \u00e0 de 2022, devido \u00e0 depend\u00eancia de importa\u00e7\u00f5es europeias de mercados globais fortemente influenciados pelo M\u00e9dio Oriente. O eurogrupo discutiu medidas que os Estados-membros podem considerar para mitigar a subida dos pre\u00e7os da energia e manteve a ideia de uma atua\u00e7\u00e3o coordenada, enquanto monitoriza a situa\u00e7\u00e3o no terreno.","og_url":"https:\/\/portaltela.pt\/noticias\/2026\/03\/09\/presidente-do-eurogrupo-alerta-que-a-zona-euro-enfrenta-longa-instabilidade\/","og_site_name":"Portal Tela Portugal","article_published_time":"2026-03-09T19:52:07+00:00","author":"Telinha","twitter_card":"summary_large_image","twitter_misc":{"Escrito por":"Telinha","Tempo estimado de leitura":"1 minuto"},"schema":{"@context":"https:\/\/schema.org","@graph":[{"@type":"Article","@id":"https:\/\/portaltela.pt\/noticias\/2026\/03\/09\/presidente-do-eurogrupo-alerta-que-a-zona-euro-enfrenta-longa-instabilidade\/#article","isPartOf":{"@id":"https:\/\/portaltela.pt\/noticias\/2026\/03\/09\/presidente-do-eurogrupo-alerta-que-a-zona-euro-enfrenta-longa-instabilidade\/"},"author":{"name":"Telinha","@id":"https:\/\/portaltela.pt\/#\/schema\/person\/c4278d4a6028830caff9ee44b42d32ed"},"headline":"Presidente do Eurogrupo alerta que a zona euro enfrenta longa instabilidade","datePublished":"2026-03-09T19:52:07+00:00","mainEntityOfPage":{"@id":"https:\/\/portaltela.pt\/noticias\/2026\/03\/09\/presidente-do-eurogrupo-alerta-que-a-zona-euro-enfrenta-longa-instabilidade\/"},"wordCount":308,"image":{"@id":"https:\/\/portaltela.pt\/noticias\/2026\/03\/09\/presidente-do-eurogrupo-alerta-que-a-zona-euro-enfrenta-longa-instabilidade\/#primaryimage"},"thumbnailUrl":"https:\/\/portaltela.pt\/s.01k8rhncp4jt1\/2026\/03\/img_1500x1000uu2026-01-19-21-58-33-2261400.jpg","keywords":["cadeias","consumo","economia","energia","Europa","mercados internacionais"],"articleSection":["Economia","Not\u00edcias"],"inLanguage":"pt-PT"},{"@type":"WebPage","@id":"https:\/\/portaltela.pt\/noticias\/2026\/03\/09\/presidente-do-eurogrupo-alerta-que-a-zona-euro-enfrenta-longa-instabilidade\/","url":"https:\/\/portaltela.pt\/noticias\/2026\/03\/09\/presidente-do-eurogrupo-alerta-que-a-zona-euro-enfrenta-longa-instabilidade\/","name":"Presidente do Eurogrupo alerta que a zona euro enfrenta longa instabilidade - Portal Tela Portugal","isPartOf":{"@id":"https:\/\/portaltela.pt\/#website"},"primaryImageOfPage":{"@id":"https:\/\/portaltela.pt\/noticias\/2026\/03\/09\/presidente-do-eurogrupo-alerta-que-a-zona-euro-enfrenta-longa-instabilidade\/#primaryimage"},"image":{"@id":"https:\/\/portaltela.pt\/noticias\/2026\/03\/09\/presidente-do-eurogrupo-alerta-que-a-zona-euro-enfrenta-longa-instabilidade\/#primaryimage"},"thumbnailUrl":"https:\/\/portaltela.pt\/s.01k8rhncp4jt1\/2026\/03\/img_1500x1000uu2026-01-19-21-58-33-2261400.jpg","datePublished":"2026-03-09T19:52:07+00:00","author":{"@id":"https:\/\/portaltela.pt\/#\/schema\/person\/c4278d4a6028830caff9ee44b42d32ed"},"breadcrumb":{"@id":"https:\/\/portaltela.pt\/noticias\/2026\/03\/09\/presidente-do-eurogrupo-alerta-que-a-zona-euro-enfrenta-longa-instabilidade\/#breadcrumb"},"inLanguage":"pt-PT","potentialAction":[{"@type":"ReadAction","target":["https:\/\/portaltela.pt\/noticias\/2026\/03\/09\/presidente-do-eurogrupo-alerta-que-a-zona-euro-enfrenta-longa-instabilidade\/"]}]},{"@type":"ImageObject","inLanguage":"pt-PT","@id":"https:\/\/portaltela.pt\/noticias\/2026\/03\/09\/presidente-do-eurogrupo-alerta-que-a-zona-euro-enfrenta-longa-instabilidade\/#primaryimage","url":"https:\/\/portaltela.pt\/s.01k8rhncp4jt1\/2026\/03\/img_1500x1000uu2026-01-19-21-58-33-2261400.jpg","contentUrl":"https:\/\/portaltela.pt\/s.01k8rhncp4jt1\/2026\/03\/img_1500x1000uu2026-01-19-21-58-33-2261400.jpg","width":796,"height":448,"caption":"Kyriakos Pierrakakis, presidente do Eurogrupo"},{"@type":"BreadcrumbList","@id":"https:\/\/portaltela.pt\/noticias\/2026\/03\/09\/presidente-do-eurogrupo-alerta-que-a-zona-euro-enfrenta-longa-instabilidade\/#breadcrumb","itemListElement":[{"@type":"ListItem","position":1,"name":"In\u00edcio","item":"https:\/\/portaltela.pt\/"},{"@type":"ListItem","position":2,"name":"Presidente do Eurogrupo alerta que a zona euro enfrenta longa instabilidade"}]},{"@type":"WebSite","@id":"https:\/\/portaltela.pt\/#website","url":"https:\/\/portaltela.pt\/","name":"Portal Tela Portugal","description":"","potentialAction":[{"@type":"SearchAction","target":{"@type":"EntryPoint","urlTemplate":"https:\/\/portaltela.pt\/?s={search_term_string}"},"query-input":{"@type":"PropertyValueSpecification","valueRequired":true,"valueName":"search_term_string"}}],"inLanguage":"pt-PT"},{"@type":"Person","@id":"https:\/\/portaltela.pt\/#\/schema\/person\/c4278d4a6028830caff9ee44b42d32ed","name":"Telinha","image":{"@type":"ImageObject","inLanguage":"pt-PT","@id":"https:\/\/portaltela.pt\/s.01k8rhncp4jt1\/2025\/11\/talking-bot-125x125.png","url":"https:\/\/portaltela.pt\/s.01k8rhncp4jt1\/2025\/11\/talking-bot-125x125.png","contentUrl":"https:\/\/portaltela.pt\/s.01k8rhncp4jt1\/2025\/11\/talking-bot-125x125.png","caption":"Telinha"},"sameAs":["https:\/\/portaltela.pt\/"],"url":"https:\/\/portaltela.pt\/por\/367410592786\/"}]}},"_links":{"self":[{"href":"https:\/\/portaltela.pt\/api\/wp\/v2\/posts\/403935","targetHints":{"allow":["GET"]}}],"collection":[{"href":"https:\/\/portaltela.pt\/api\/wp\/v2\/posts"}],"about":[{"href":"https:\/\/portaltela.pt\/api\/wp\/v2\/types\/post"}],"author":[{"embeddable":true,"href":"https:\/\/portaltela.pt\/api\/wp\/v2\/users\/2"}],"replies":[{"embeddable":true,"href":"https:\/\/portaltela.pt\/api\/wp\/v2\/comments?post=403935"}],"version-history":[{"count":0,"href":"https:\/\/portaltela.pt\/api\/wp\/v2\/posts\/403935\/revisions"}],"wp:featuredmedia":[{"embeddable":true,"href":"https:\/\/portaltela.pt\/api\/wp\/v2\/media\/403937"}],"wp:attachment":[{"href":"https:\/\/portaltela.pt\/api\/wp\/v2\/media?parent=403935"}],"wp:term":[{"taxonomy":"category","embeddable":true,"href":"https:\/\/portaltela.pt\/api\/wp\/v2\/categories?post=403935"},{"taxonomy":"post_tag","embeddable":true,"href":"https:\/\/portaltela.pt\/api\/wp\/v2\/tags?post=403935"}],"curies":[{"name":"wp","href":"https:\/\/api.w.org\/{rel}","templated":true}]}}