{"id":403904,"date":"2026-03-09T16:25:00","date_gmt":"2026-03-09T19:25:00","guid":{"rendered":"https:\/\/portaltela.pt\/noticias\/2026\/03\/09\/marcelo-agradece-a-paciencia-de-dez-anos-e-entra-no-deserto-eterno\/"},"modified":"2026-03-09T16:25:00","modified_gmt":"2026-03-09T19:25:00","slug":"marcelo-agradece-a-paciencia-de-dez-anos-e-entra-no-deserto-eterno","status":"publish","type":"post","link":"https:\/\/portaltela.pt\/sociedade\/2026\/03\/09\/marcelo-agradece-a-paciencia-de-dez-anos-e-entra-no-deserto-eterno\/","title":{"rendered":"Marcelo agradece a paci\u00eancia de dez anos e entra no deserto eterno"},"content":{"rendered":"<p>Marcelo Rebelo de Sousa, ainda presidente cessante, recusou today prestar declara\u00e7\u00f5es ao chegar ao Pal\u00e1cio Nacional da Ajuda. Atingiu o local \u00e0s 17h35 para receber o grande-colar da Ordem da Liberdade das m\u00e3os do novo Presidente, Ant\u00f3nio Jos\u00e9 Seguro. O l\u00edder cessante agradeceu aos jornalistas pela paci\u00eancia ao longo de uma d\u00e9cada.<\/p>\n<p>\u00c0 sa\u00edda, o Presidente cessante afirmou que entrou no prometido deserto eterno, express\u00e3o que usou em dezembro para descrever o seu futuro ap\u00f3s o fim do mandato. Reiterou que n\u00e3o iria falar, mantendo o sil\u00eancio, com exce\u00e7\u00e3o de um obrigado pela cobertura dos \u00faltimos anos.<\/p>\n<p>Marcelo Rebelo de Sousa saiu do pal\u00e1cio para o ve\u00edculo oficial, enquanto repetia que seria a sua \u00faltima palavra. Ao longo da tarde, foi fotografado pelos jornalistas, que o aguardavam no exterior, ap\u00f3s a cerim\u00f3nia de condecora\u00e7\u00e3o.<\/p>\n<h3>Condecora\u00e7\u00e3o e carreira<\/h3>\n<p>O antigo professor universit\u00e1rio de Direito terminou hoje o seu segundo mandato consecutivo como Presidente da Rep\u00fablica, aos 77 anos. Ficou conhecido pelo estilo pr\u00f3ximo e informal com os cidad\u00e3os durante o cargo.<\/p>\n<p>Marcelo Rebelo de Sousa foi eleito em 2016 com 52% dos votos na primeira volta e reeleito em 2021 com 60,67%. A cerim\u00f3nia de condecora\u00e7\u00e3o marca a transi\u00e7\u00e3o para o novo mandato sob Ant\u00f3nio Jos\u00e9 Seguro.<\/p>\n","protected":false},"excerpt":{"rendered":"<ul>\n<li>Marcelo Rebelo de Sousa agradeceu aos jornalistas pela \u201cpaci\u00eancia ao longo de dez anos\u201d e recusou declara\u00e7\u00f5es, dizendo que entrou no prometido \u201cdeserto eterno\u201d.<\/li>\n<li>Foi abordado \u00e0 entrada para o Pal\u00e1cio Nacional da Ajuda, onde seria condecorado pelo novo Presidente, Ant\u00f3nio Jos\u00e9 Seguro, com o grande-colar da Ordem da Liberdade.<\/li>\n<li>\u00c0 sa\u00edda, tirou uma selfie com jornalistas, dizendo: \u201cSelfie, sim, mas sem palavrinhas\u201d.<\/li>\n<li>Reiterou que n\u00e3o diria mais nada, com exce\u00e7\u00e3o do agradecimento pela paci\u00eancia, e confirmou que aquela era a sua \u00faltima palavra.<\/li>\n<li>O professor universit\u00e1rio de Direito encerra hoje o seu segundo e \u00faltimo mandato como Presidente da Rep\u00fablica aos 77 anos, tendo sido eleito em 2016 com 52% e reeleito em 2021 com 60,67%.<\/li>\n<\/ul>\n","protected":false},"author":2,"featured_media":403905,"comment_status":"closed","ping_status":"closed","sticky":false,"template":"","format":"standard","meta":{"footnotes":""},"categories":[1,6871],"tags":[6773,34,299,6659,2832,30],"class_list":["post-403904","post","type-post","status-publish","format-standard","has-post-thumbnail","hentry","category-noticias","category-sociedade","tag-condecoracoes","tag-governo","tag-historia","tag-ordem-da-liberdade","tag-politica","tag-presidente"],"yoast_head":"<!-- This site is optimized with the Yoast SEO plugin v27.2 - https:\/\/yoast.com\/product\/yoast-seo-wordpress\/ -->\n<title>Marcelo agradece a paci\u00eancia de dez anos e entra no deserto eterno - Portal Tela Portugal<\/title>\n<meta name=\"robots\" content=\"index, follow, max-snippet:-1, max-image-preview:large, max-video-preview:-1\" \/>\n<meta property=\"og:locale\" content=\"pt_PT\" \/>\n<meta property=\"og:type\" content=\"article\" \/>\n<meta property=\"og:title\" content=\"Marcelo agradece a paci\u00eancia de dez anos e entra no deserto eterno - Portal Tela Portugal\" \/>\n<meta property=\"og:description\" content=\"Marcelo Rebelo de Sousa agradeceu aos jornalistas pela \u201cpaci\u00eancia ao longo de dez anos\u201d e recusou declara\u00e7\u00f5es, dizendo que entrou no prometido \u201cdeserto eterno\u201d. Foi abordado \u00e0 entrada para o Pal\u00e1cio Nacional da Ajuda, onde seria condecorado pelo novo Presidente, Ant\u00f3nio Jos\u00e9 Seguro, com o grande-colar da Ordem da Liberdade. \u00c0 sa\u00edda, tirou uma selfie com jornalistas, dizendo: \u201cSelfie, sim, mas sem palavrinhas\u201d. Reiterou que n\u00e3o diria mais nada, com exce\u00e7\u00e3o do agradecimento pela paci\u00eancia, e confirmou que aquela era a sua \u00faltima palavra. O professor universit\u00e1rio de Direito encerra hoje o seu segundo e \u00faltimo mandato como Presidente da Rep\u00fablica aos 77 anos, tendo sido eleito em 2016 com 52% e reeleito em 2021 com 60,67%.\" \/>\n<meta property=\"og:url\" content=\"https:\/\/portaltela.pt\/noticias\/2026\/03\/09\/marcelo-agradece-a-paciencia-de-dez-anos-e-entra-no-deserto-eterno\/\" \/>\n<meta property=\"og:site_name\" content=\"Portal Tela Portugal\" \/>\n<meta property=\"article:published_time\" content=\"2026-03-09T19:25:00+00:00\" \/>\n<meta name=\"author\" content=\"Telinha\" \/>\n<meta name=\"twitter:card\" content=\"summary_large_image\" \/>\n<meta name=\"twitter:label1\" content=\"Escrito por\" \/>\n\t<meta name=\"twitter:data1\" content=\"Telinha\" \/>\n\t<meta name=\"twitter:label2\" content=\"Tempo estimado de leitura\" \/>\n\t<meta name=\"twitter:data2\" content=\"1 minuto\" \/>\n<script type=\"application\/ld+json\" class=\"yoast-schema-graph\">{\"@context\":\"https:\/\/schema.org\",\"@graph\":[{\"@type\":\"Article\",\"@id\":\"https:\/\/portaltela.pt\/noticias\/2026\/03\/09\/marcelo-agradece-a-paciencia-de-dez-anos-e-entra-no-deserto-eterno\/#article\",\"isPartOf\":{\"@id\":\"https:\/\/portaltela.pt\/noticias\/2026\/03\/09\/marcelo-agradece-a-paciencia-de-dez-anos-e-entra-no-deserto-eterno\/\"},\"author\":{\"name\":\"Telinha\",\"@id\":\"https:\/\/portaltela.pt\/#\/schema\/person\/c4278d4a6028830caff9ee44b42d32ed\"},\"headline\":\"Marcelo agradece a paci\u00eancia de dez anos e entra no deserto eterno\",\"datePublished\":\"2026-03-09T19:25:00+00:00\",\"mainEntityOfPage\":{\"@id\":\"https:\/\/portaltela.pt\/noticias\/2026\/03\/09\/marcelo-agradece-a-paciencia-de-dez-anos-e-entra-no-deserto-eterno\/\"},\"wordCount\":240,\"image\":{\"@id\":\"https:\/\/portaltela.pt\/noticias\/2026\/03\/09\/marcelo-agradece-a-paciencia-de-dez-anos-e-entra-no-deserto-eterno\/#primaryimage\"},\"thumbnailUrl\":\"https:\/\/portaltela.pt\/s.01k8rhncp4jt1\/2026\/03\/img_1500x1000uu2026-03-09-19-27-09-2271404.jpg\",\"keywords\":[\"Condecora\u00e7\u00f5es\",\"governo\",\"hist\u00f3ria\",\"Ordem da Liberdade\",\"pol\u00edtica\",\"presidente\"],\"articleSection\":[\"Not\u00edcias\",\"Sociedade\"],\"inLanguage\":\"pt-PT\"},{\"@type\":\"WebPage\",\"@id\":\"https:\/\/portaltela.pt\/noticias\/2026\/03\/09\/marcelo-agradece-a-paciencia-de-dez-anos-e-entra-no-deserto-eterno\/\",\"url\":\"https:\/\/portaltela.pt\/noticias\/2026\/03\/09\/marcelo-agradece-a-paciencia-de-dez-anos-e-entra-no-deserto-eterno\/\",\"name\":\"Marcelo agradece a paci\u00eancia de dez anos e entra no deserto eterno - Portal Tela Portugal\",\"isPartOf\":{\"@id\":\"https:\/\/portaltela.pt\/#website\"},\"primaryImageOfPage\":{\"@id\":\"https:\/\/portaltela.pt\/noticias\/2026\/03\/09\/marcelo-agradece-a-paciencia-de-dez-anos-e-entra-no-deserto-eterno\/#primaryimage\"},\"image\":{\"@id\":\"https:\/\/portaltela.pt\/noticias\/2026\/03\/09\/marcelo-agradece-a-paciencia-de-dez-anos-e-entra-no-deserto-eterno\/#primaryimage\"},\"thumbnailUrl\":\"https:\/\/portaltela.pt\/s.01k8rhncp4jt1\/2026\/03\/img_1500x1000uu2026-03-09-19-27-09-2271404.jpg\",\"datePublished\":\"2026-03-09T19:25:00+00:00\",\"author\":{\"@id\":\"https:\/\/portaltela.pt\/#\/schema\/person\/c4278d4a6028830caff9ee44b42d32ed\"},\"breadcrumb\":{\"@id\":\"https:\/\/portaltela.pt\/noticias\/2026\/03\/09\/marcelo-agradece-a-paciencia-de-dez-anos-e-entra-no-deserto-eterno\/#breadcrumb\"},\"inLanguage\":\"pt-PT\",\"potentialAction\":[{\"@type\":\"ReadAction\",\"target\":[\"https:\/\/portaltela.pt\/noticias\/2026\/03\/09\/marcelo-agradece-a-paciencia-de-dez-anos-e-entra-no-deserto-eterno\/\"]}]},{\"@type\":\"ImageObject\",\"inLanguage\":\"pt-PT\",\"@id\":\"https:\/\/portaltela.pt\/noticias\/2026\/03\/09\/marcelo-agradece-a-paciencia-de-dez-anos-e-entra-no-deserto-eterno\/#primaryimage\",\"url\":\"https:\/\/portaltela.pt\/s.01k8rhncp4jt1\/2026\/03\/img_1500x1000uu2026-03-09-19-27-09-2271404.jpg\",\"contentUrl\":\"https:\/\/portaltela.pt\/s.01k8rhncp4jt1\/2026\/03\/img_1500x1000uu2026-03-09-19-27-09-2271404.jpg\",\"width\":796,\"height\":448,\"caption\":\"Marcelo Rebelo de Sousa no dia da tomada de posse de Ant\u00f3nio Jos\u00e9 Seguro\"},{\"@type\":\"BreadcrumbList\",\"@id\":\"https:\/\/portaltela.pt\/noticias\/2026\/03\/09\/marcelo-agradece-a-paciencia-de-dez-anos-e-entra-no-deserto-eterno\/#breadcrumb\",\"itemListElement\":[{\"@type\":\"ListItem\",\"position\":1,\"name\":\"In\u00edcio\",\"item\":\"https:\/\/portaltela.pt\/\"},{\"@type\":\"ListItem\",\"position\":2,\"name\":\"Marcelo agradece a paci\u00eancia de dez anos e entra no deserto eterno\"}]},{\"@type\":\"WebSite\",\"@id\":\"https:\/\/portaltela.pt\/#website\",\"url\":\"https:\/\/portaltela.pt\/\",\"name\":\"Portal Tela Portugal\",\"description\":\"\",\"potentialAction\":[{\"@type\":\"SearchAction\",\"target\":{\"@type\":\"EntryPoint\",\"urlTemplate\":\"https:\/\/portaltela.pt\/?s={search_term_string}\"},\"query-input\":{\"@type\":\"PropertyValueSpecification\",\"valueRequired\":true,\"valueName\":\"search_term_string\"}}],\"inLanguage\":\"pt-PT\"},{\"@type\":\"Person\",\"@id\":\"https:\/\/portaltela.pt\/#\/schema\/person\/c4278d4a6028830caff9ee44b42d32ed\",\"name\":\"Telinha\",\"image\":{\"@type\":\"ImageObject\",\"inLanguage\":\"pt-PT\",\"@id\":\"https:\/\/portaltela.pt\/s.01k8rhncp4jt1\/2025\/11\/talking-bot-125x125.png\",\"url\":\"https:\/\/portaltela.pt\/s.01k8rhncp4jt1\/2025\/11\/talking-bot-125x125.png\",\"contentUrl\":\"https:\/\/portaltela.pt\/s.01k8rhncp4jt1\/2025\/11\/talking-bot-125x125.png\",\"caption\":\"Telinha\"},\"sameAs\":[\"https:\/\/portaltela.pt\/\"],\"url\":\"https:\/\/portaltela.pt\/por\/367410592786\/\"}]}<\/script>\n<!-- \/ Yoast SEO plugin. -->","yoast_head_json":{"title":"Marcelo agradece a paci\u00eancia de dez anos e entra no deserto eterno - Portal Tela Portugal","robots":{"index":"index","follow":"follow","max-snippet":"max-snippet:-1","max-image-preview":"max-image-preview:large","max-video-preview":"max-video-preview:-1"},"og_locale":"pt_PT","og_type":"article","og_title":"Marcelo agradece a paci\u00eancia de dez anos e entra no deserto eterno - Portal Tela Portugal","og_description":"Marcelo Rebelo de Sousa agradeceu aos jornalistas pela \u201cpaci\u00eancia ao longo de dez anos\u201d e recusou declara\u00e7\u00f5es, dizendo que entrou no prometido \u201cdeserto eterno\u201d. Foi abordado \u00e0 entrada para o Pal\u00e1cio Nacional da Ajuda, onde seria condecorado pelo novo Presidente, Ant\u00f3nio Jos\u00e9 Seguro, com o grande-colar da Ordem da Liberdade. \u00c0 sa\u00edda, tirou uma selfie com jornalistas, dizendo: \u201cSelfie, sim, mas sem palavrinhas\u201d. Reiterou que n\u00e3o diria mais nada, com exce\u00e7\u00e3o do agradecimento pela paci\u00eancia, e confirmou que aquela era a sua \u00faltima palavra. O professor universit\u00e1rio de Direito encerra hoje o seu segundo e \u00faltimo mandato como Presidente da Rep\u00fablica aos 77 anos, tendo sido eleito em 2016 com 52% e reeleito em 2021 com 60,67%.","og_url":"https:\/\/portaltela.pt\/noticias\/2026\/03\/09\/marcelo-agradece-a-paciencia-de-dez-anos-e-entra-no-deserto-eterno\/","og_site_name":"Portal Tela Portugal","article_published_time":"2026-03-09T19:25:00+00:00","author":"Telinha","twitter_card":"summary_large_image","twitter_misc":{"Escrito por":"Telinha","Tempo estimado de leitura":"1 minuto"},"schema":{"@context":"https:\/\/schema.org","@graph":[{"@type":"Article","@id":"https:\/\/portaltela.pt\/noticias\/2026\/03\/09\/marcelo-agradece-a-paciencia-de-dez-anos-e-entra-no-deserto-eterno\/#article","isPartOf":{"@id":"https:\/\/portaltela.pt\/noticias\/2026\/03\/09\/marcelo-agradece-a-paciencia-de-dez-anos-e-entra-no-deserto-eterno\/"},"author":{"name":"Telinha","@id":"https:\/\/portaltela.pt\/#\/schema\/person\/c4278d4a6028830caff9ee44b42d32ed"},"headline":"Marcelo agradece a paci\u00eancia de dez anos e entra no deserto eterno","datePublished":"2026-03-09T19:25:00+00:00","mainEntityOfPage":{"@id":"https:\/\/portaltela.pt\/noticias\/2026\/03\/09\/marcelo-agradece-a-paciencia-de-dez-anos-e-entra-no-deserto-eterno\/"},"wordCount":240,"image":{"@id":"https:\/\/portaltela.pt\/noticias\/2026\/03\/09\/marcelo-agradece-a-paciencia-de-dez-anos-e-entra-no-deserto-eterno\/#primaryimage"},"thumbnailUrl":"https:\/\/portaltela.pt\/s.01k8rhncp4jt1\/2026\/03\/img_1500x1000uu2026-03-09-19-27-09-2271404.jpg","keywords":["Condecora\u00e7\u00f5es","governo","hist\u00f3ria","Ordem da Liberdade","pol\u00edtica","presidente"],"articleSection":["Not\u00edcias","Sociedade"],"inLanguage":"pt-PT"},{"@type":"WebPage","@id":"https:\/\/portaltela.pt\/noticias\/2026\/03\/09\/marcelo-agradece-a-paciencia-de-dez-anos-e-entra-no-deserto-eterno\/","url":"https:\/\/portaltela.pt\/noticias\/2026\/03\/09\/marcelo-agradece-a-paciencia-de-dez-anos-e-entra-no-deserto-eterno\/","name":"Marcelo agradece a paci\u00eancia de dez anos e entra no deserto eterno - Portal Tela Portugal","isPartOf":{"@id":"https:\/\/portaltela.pt\/#website"},"primaryImageOfPage":{"@id":"https:\/\/portaltela.pt\/noticias\/2026\/03\/09\/marcelo-agradece-a-paciencia-de-dez-anos-e-entra-no-deserto-eterno\/#primaryimage"},"image":{"@id":"https:\/\/portaltela.pt\/noticias\/2026\/03\/09\/marcelo-agradece-a-paciencia-de-dez-anos-e-entra-no-deserto-eterno\/#primaryimage"},"thumbnailUrl":"https:\/\/portaltela.pt\/s.01k8rhncp4jt1\/2026\/03\/img_1500x1000uu2026-03-09-19-27-09-2271404.jpg","datePublished":"2026-03-09T19:25:00+00:00","author":{"@id":"https:\/\/portaltela.pt\/#\/schema\/person\/c4278d4a6028830caff9ee44b42d32ed"},"breadcrumb":{"@id":"https:\/\/portaltela.pt\/noticias\/2026\/03\/09\/marcelo-agradece-a-paciencia-de-dez-anos-e-entra-no-deserto-eterno\/#breadcrumb"},"inLanguage":"pt-PT","potentialAction":[{"@type":"ReadAction","target":["https:\/\/portaltela.pt\/noticias\/2026\/03\/09\/marcelo-agradece-a-paciencia-de-dez-anos-e-entra-no-deserto-eterno\/"]}]},{"@type":"ImageObject","inLanguage":"pt-PT","@id":"https:\/\/portaltela.pt\/noticias\/2026\/03\/09\/marcelo-agradece-a-paciencia-de-dez-anos-e-entra-no-deserto-eterno\/#primaryimage","url":"https:\/\/portaltela.pt\/s.01k8rhncp4jt1\/2026\/03\/img_1500x1000uu2026-03-09-19-27-09-2271404.jpg","contentUrl":"https:\/\/portaltela.pt\/s.01k8rhncp4jt1\/2026\/03\/img_1500x1000uu2026-03-09-19-27-09-2271404.jpg","width":796,"height":448,"caption":"Marcelo Rebelo de Sousa no dia da tomada de posse de Ant\u00f3nio Jos\u00e9 Seguro"},{"@type":"BreadcrumbList","@id":"https:\/\/portaltela.pt\/noticias\/2026\/03\/09\/marcelo-agradece-a-paciencia-de-dez-anos-e-entra-no-deserto-eterno\/#breadcrumb","itemListElement":[{"@type":"ListItem","position":1,"name":"In\u00edcio","item":"https:\/\/portaltela.pt\/"},{"@type":"ListItem","position":2,"name":"Marcelo agradece a paci\u00eancia de dez anos e entra no deserto eterno"}]},{"@type":"WebSite","@id":"https:\/\/portaltela.pt\/#website","url":"https:\/\/portaltela.pt\/","name":"Portal Tela Portugal","description":"","potentialAction":[{"@type":"SearchAction","target":{"@type":"EntryPoint","urlTemplate":"https:\/\/portaltela.pt\/?s={search_term_string}"},"query-input":{"@type":"PropertyValueSpecification","valueRequired":true,"valueName":"search_term_string"}}],"inLanguage":"pt-PT"},{"@type":"Person","@id":"https:\/\/portaltela.pt\/#\/schema\/person\/c4278d4a6028830caff9ee44b42d32ed","name":"Telinha","image":{"@type":"ImageObject","inLanguage":"pt-PT","@id":"https:\/\/portaltela.pt\/s.01k8rhncp4jt1\/2025\/11\/talking-bot-125x125.png","url":"https:\/\/portaltela.pt\/s.01k8rhncp4jt1\/2025\/11\/talking-bot-125x125.png","contentUrl":"https:\/\/portaltela.pt\/s.01k8rhncp4jt1\/2025\/11\/talking-bot-125x125.png","caption":"Telinha"},"sameAs":["https:\/\/portaltela.pt\/"],"url":"https:\/\/portaltela.pt\/por\/367410592786\/"}]}},"_links":{"self":[{"href":"https:\/\/portaltela.pt\/api\/wp\/v2\/posts\/403904","targetHints":{"allow":["GET"]}}],"collection":[{"href":"https:\/\/portaltela.pt\/api\/wp\/v2\/posts"}],"about":[{"href":"https:\/\/portaltela.pt\/api\/wp\/v2\/types\/post"}],"author":[{"embeddable":true,"href":"https:\/\/portaltela.pt\/api\/wp\/v2\/users\/2"}],"replies":[{"embeddable":true,"href":"https:\/\/portaltela.pt\/api\/wp\/v2\/comments?post=403904"}],"version-history":[{"count":0,"href":"https:\/\/portaltela.pt\/api\/wp\/v2\/posts\/403904\/revisions"}],"wp:featuredmedia":[{"embeddable":true,"href":"https:\/\/portaltela.pt\/api\/wp\/v2\/media\/403905"}],"wp:attachment":[{"href":"https:\/\/portaltela.pt\/api\/wp\/v2\/media?parent=403904"}],"wp:term":[{"taxonomy":"category","embeddable":true,"href":"https:\/\/portaltela.pt\/api\/wp\/v2\/categories?post=403904"},{"taxonomy":"post_tag","embeddable":true,"href":"https:\/\/portaltela.pt\/api\/wp\/v2\/tags?post=403904"}],"curies":[{"name":"wp","href":"https:\/\/api.w.org\/{rel}","templated":true}]}}