{"id":403888,"date":"2026-03-09T16:27:51","date_gmt":"2026-03-09T19:27:51","guid":{"rendered":"https:\/\/portaltela.pt\/noticias\/2026\/03\/09\/sao-paulo-encerra-o-vinculo-com-hernan-crespo\/"},"modified":"2026-03-09T16:27:51","modified_gmt":"2026-03-09T19:27:51","slug":"sao-paulo-encerra-o-vinculo-com-hernan-crespo","status":"publish","type":"post","link":"https:\/\/portaltela.pt\/desporto\/futebol\/2026\/03\/09\/sao-paulo-encerra-o-vinculo-com-hernan-crespo\/","title":{"rendered":"S\u00e3o Paulo encerra o v\u00ednculo com Hern\u00e1n Crespo"},"content":{"rendered":"<p>O S\u00e3o Paulo confirmou nesta segunda-feira a demiss\u00e3o de Hern\u00e1n Crespo do cargo de treinador, juntamente com os seus adjuntos e preparadores. O argentino encerra assim oito meses \u00e0 frente do clube paulista. Crespo chegou em julho de 2025, na segunda passagem pelo clube.<\/p>\n<p>O t\u00e9cnico dirigiu 46 jogos pelo Tricolor, com 21 vit\u00f3rias. Na atual fase, o time ocupa a 2.\u00aa posi\u00e7\u00e3o do Brasileir\u00e3o, com 10 pontos em quatro jogos disputados. O afastamento no Paulist\u00e3o, na semana passada, tamb\u00e9m foi mencionado pela imprensa como parte do contexto.<\/p>\n<p>Segundo informa\u00e7\u00f5es da imprensa brasileira, a decis\u00e3o n\u00e3o se sustenta apenas nos resultados recentes, mas em decis\u00f5es recorrentes que n\u00e3o teriam agradado \u00e0 estrutura do clube. A diretoria n\u00e3o detalhou os pr\u00f3ximos passos, nem apresentou substituto imediato.<\/p>\n<h3>Contexto do desligamento<\/h3>\n<p>A sa\u00edda de Crespo abre espa\u00e7o para uma transi\u00e7\u00e3o t\u00e9cnica enquanto o S\u00e3o Paulo avalia op\u00e7\u00f5es internas e externas. A dire\u00e7\u00e3o afirmou que a mudan\u00e7a visa alinhar o planejamento esportivo e a condu\u00e7\u00e3o da equipe.<\/p>\n<p>Ainda n\u00e3o h\u00e1 an\u00fancio oficial sobre quem comandar\u00e1 a equipe interinamente ou qual ser\u00e1 o caminho para a escolha de um substituto definitivo. Detalhes adicionais devem ser comunicados pelo clube nos pr\u00f3ximos dias.<\/p>\n","protected":false},"excerpt":{"rendered":"<ul>\n<li>O S\u00e3o Paulo anunciou a demiss\u00e3o de Hern\u00e1n Crespo do cargo de treinador, acompanhado pelos seus adjuntos e preparadores.<\/li>\n<li>O argentino iniciou a sua segunda passagem no clube em julho de 2025 e dirigiu 46 jogos, com 21 vit\u00f3rias.<\/li>\n<li>Crespo deixou o clube na segunda posi\u00e7\u00e3o do Brasileir\u00e3o, com 10 pontos em quatro jogos.<\/li>\n<li>Segundo a imprensa brasileira, o despedimento n\u00e3o est\u00e1 tanto relacionado com os resultados recentes \u2014 apesar de ter sido afastado no Paulist\u00e3o na semana passada \u2014 mas por decis\u00f5es recorrentes que n\u00e3o agradaram \u00e0 estrutura.<\/li>\n<\/ul>\n","protected":false},"author":2,"featured_media":403892,"comment_status":"closed","ping_status":"closed","sticky":false,"template":"","format":"standard","meta":{"footnotes":""},"categories":[21,24],"tags":[2732,2547,89,5682,32,2477],"class_list":["post-403888","post","type-post","status-publish","format-standard","has-post-thumbnail","hentry","category-desporto","category-futebol","tag-argentina","tag-brasil","tag-brasileirao","tag-demissoes","tag-futebol","tag-treinadores"],"yoast_head":"<!-- This site is optimized with the Yoast SEO plugin v27.2 - https:\/\/yoast.com\/product\/yoast-seo-wordpress\/ -->\n<title>S\u00e3o Paulo encerra o v\u00ednculo com Hern\u00e1n Crespo - Portal Tela Portugal<\/title>\n<meta name=\"robots\" content=\"index, follow, max-snippet:-1, max-image-preview:large, max-video-preview:-1\" \/>\n<meta property=\"og:locale\" content=\"pt_PT\" \/>\n<meta property=\"og:type\" content=\"article\" \/>\n<meta property=\"og:title\" content=\"S\u00e3o Paulo encerra o v\u00ednculo com Hern\u00e1n Crespo - Portal Tela Portugal\" \/>\n<meta property=\"og:description\" content=\"O S\u00e3o Paulo anunciou a demiss\u00e3o de Hern\u00e1n Crespo do cargo de treinador, acompanhado pelos seus adjuntos e preparadores. O argentino iniciou a sua segunda passagem no clube em julho de 2025 e dirigiu 46 jogos, com 21 vit\u00f3rias. Crespo deixou o clube na segunda posi\u00e7\u00e3o do Brasileir\u00e3o, com 10 pontos em quatro jogos. Segundo a imprensa brasileira, o despedimento n\u00e3o est\u00e1 tanto relacionado com os resultados recentes \u2014 apesar de ter sido afastado no Paulist\u00e3o na semana passada \u2014 mas por decis\u00f5es recorrentes que n\u00e3o agradaram \u00e0 estrutura.\" \/>\n<meta property=\"og:url\" content=\"https:\/\/portaltela.pt\/noticias\/2026\/03\/09\/sao-paulo-encerra-o-vinculo-com-hernan-crespo\/\" \/>\n<meta property=\"og:site_name\" content=\"Portal Tela Portugal\" \/>\n<meta property=\"article:published_time\" content=\"2026-03-09T19:27:51+00:00\" \/>\n<meta name=\"author\" content=\"Telinha\" \/>\n<meta name=\"twitter:card\" content=\"summary_large_image\" \/>\n<meta name=\"twitter:label1\" content=\"Escrito por\" \/>\n\t<meta name=\"twitter:data1\" content=\"Telinha\" \/>\n\t<meta name=\"twitter:label2\" content=\"Tempo estimado de leitura\" \/>\n\t<meta name=\"twitter:data2\" content=\"1 minuto\" \/>\n<script type=\"application\/ld+json\" class=\"yoast-schema-graph\">{\"@context\":\"https:\/\/schema.org\",\"@graph\":[{\"@type\":\"Article\",\"@id\":\"https:\/\/portaltela.pt\/noticias\/2026\/03\/09\/sao-paulo-encerra-o-vinculo-com-hernan-crespo\/#article\",\"isPartOf\":{\"@id\":\"https:\/\/portaltela.pt\/noticias\/2026\/03\/09\/sao-paulo-encerra-o-vinculo-com-hernan-crespo\/\"},\"author\":{\"name\":\"Telinha\",\"@id\":\"https:\/\/portaltela.pt\/#\/schema\/person\/c4278d4a6028830caff9ee44b42d32ed\"},\"headline\":\"S\u00e3o Paulo encerra o v\u00ednculo com Hern\u00e1n Crespo\",\"datePublished\":\"2026-03-09T19:27:51+00:00\",\"mainEntityOfPage\":{\"@id\":\"https:\/\/portaltela.pt\/noticias\/2026\/03\/09\/sao-paulo-encerra-o-vinculo-com-hernan-crespo\/\"},\"wordCount\":228,\"image\":{\"@id\":\"https:\/\/portaltela.pt\/noticias\/2026\/03\/09\/sao-paulo-encerra-o-vinculo-com-hernan-crespo\/#primaryimage\"},\"thumbnailUrl\":\"https:\/\/portaltela.pt\/s.01k8rhncp4jt1\/2026\/03\/img_920x518uu2026-03-09-18-54-38-2425904.jpg\",\"keywords\":[\"Argentina\",\"Brasil\",\"brasileir\u00e3o\",\"demiss\u00f5es\",\"futebol\",\"treinadores\"],\"articleSection\":[\"Desporto\",\"Futebol\"],\"inLanguage\":\"pt-PT\"},{\"@type\":\"WebPage\",\"@id\":\"https:\/\/portaltela.pt\/noticias\/2026\/03\/09\/sao-paulo-encerra-o-vinculo-com-hernan-crespo\/\",\"url\":\"https:\/\/portaltela.pt\/noticias\/2026\/03\/09\/sao-paulo-encerra-o-vinculo-com-hernan-crespo\/\",\"name\":\"S\u00e3o Paulo encerra o v\u00ednculo com Hern\u00e1n Crespo - Portal Tela Portugal\",\"isPartOf\":{\"@id\":\"https:\/\/portaltela.pt\/#website\"},\"primaryImageOfPage\":{\"@id\":\"https:\/\/portaltela.pt\/noticias\/2026\/03\/09\/sao-paulo-encerra-o-vinculo-com-hernan-crespo\/#primaryimage\"},\"image\":{\"@id\":\"https:\/\/portaltela.pt\/noticias\/2026\/03\/09\/sao-paulo-encerra-o-vinculo-com-hernan-crespo\/#primaryimage\"},\"thumbnailUrl\":\"https:\/\/portaltela.pt\/s.01k8rhncp4jt1\/2026\/03\/img_920x518uu2026-03-09-18-54-38-2425904.jpg\",\"datePublished\":\"2026-03-09T19:27:51+00:00\",\"author\":{\"@id\":\"https:\/\/portaltela.pt\/#\/schema\/person\/c4278d4a6028830caff9ee44b42d32ed\"},\"breadcrumb\":{\"@id\":\"https:\/\/portaltela.pt\/noticias\/2026\/03\/09\/sao-paulo-encerra-o-vinculo-com-hernan-crespo\/#breadcrumb\"},\"inLanguage\":\"pt-PT\",\"potentialAction\":[{\"@type\":\"ReadAction\",\"target\":[\"https:\/\/portaltela.pt\/noticias\/2026\/03\/09\/sao-paulo-encerra-o-vinculo-com-hernan-crespo\/\"]}]},{\"@type\":\"ImageObject\",\"inLanguage\":\"pt-PT\",\"@id\":\"https:\/\/portaltela.pt\/noticias\/2026\/03\/09\/sao-paulo-encerra-o-vinculo-com-hernan-crespo\/#primaryimage\",\"url\":\"https:\/\/portaltela.pt\/s.01k8rhncp4jt1\/2026\/03\/img_920x518uu2026-03-09-18-54-38-2425904.jpg\",\"contentUrl\":\"https:\/\/portaltela.pt\/s.01k8rhncp4jt1\/2026\/03\/img_920x518uu2026-03-09-18-54-38-2425904.jpg\",\"width\":796,\"height\":448,\"caption\":\"Hern\u00e1n Crespo deixa o comando t\u00e9cnico do S\u00e3o Paulo ap\u00f3s oito meses\"},{\"@type\":\"BreadcrumbList\",\"@id\":\"https:\/\/portaltela.pt\/noticias\/2026\/03\/09\/sao-paulo-encerra-o-vinculo-com-hernan-crespo\/#breadcrumb\",\"itemListElement\":[{\"@type\":\"ListItem\",\"position\":1,\"name\":\"In\u00edcio\",\"item\":\"https:\/\/portaltela.pt\/\"},{\"@type\":\"ListItem\",\"position\":2,\"name\":\"S\u00e3o Paulo encerra o v\u00ednculo com Hern\u00e1n Crespo\"}]},{\"@type\":\"WebSite\",\"@id\":\"https:\/\/portaltela.pt\/#website\",\"url\":\"https:\/\/portaltela.pt\/\",\"name\":\"Portal Tela Portugal\",\"description\":\"\",\"potentialAction\":[{\"@type\":\"SearchAction\",\"target\":{\"@type\":\"EntryPoint\",\"urlTemplate\":\"https:\/\/portaltela.pt\/?s={search_term_string}\"},\"query-input\":{\"@type\":\"PropertyValueSpecification\",\"valueRequired\":true,\"valueName\":\"search_term_string\"}}],\"inLanguage\":\"pt-PT\"},{\"@type\":\"Person\",\"@id\":\"https:\/\/portaltela.pt\/#\/schema\/person\/c4278d4a6028830caff9ee44b42d32ed\",\"name\":\"Telinha\",\"image\":{\"@type\":\"ImageObject\",\"inLanguage\":\"pt-PT\",\"@id\":\"https:\/\/portaltela.pt\/s.01k8rhncp4jt1\/2025\/11\/talking-bot-125x125.png\",\"url\":\"https:\/\/portaltela.pt\/s.01k8rhncp4jt1\/2025\/11\/talking-bot-125x125.png\",\"contentUrl\":\"https:\/\/portaltela.pt\/s.01k8rhncp4jt1\/2025\/11\/talking-bot-125x125.png\",\"caption\":\"Telinha\"},\"sameAs\":[\"https:\/\/portaltela.pt\/\"],\"url\":\"https:\/\/portaltela.pt\/por\/367410592786\/\"}]}<\/script>\n<!-- \/ Yoast SEO plugin. -->","yoast_head_json":{"title":"S\u00e3o Paulo encerra o v\u00ednculo com Hern\u00e1n Crespo - Portal Tela Portugal","robots":{"index":"index","follow":"follow","max-snippet":"max-snippet:-1","max-image-preview":"max-image-preview:large","max-video-preview":"max-video-preview:-1"},"og_locale":"pt_PT","og_type":"article","og_title":"S\u00e3o Paulo encerra o v\u00ednculo com Hern\u00e1n Crespo - Portal Tela Portugal","og_description":"O S\u00e3o Paulo anunciou a demiss\u00e3o de Hern\u00e1n Crespo do cargo de treinador, acompanhado pelos seus adjuntos e preparadores. O argentino iniciou a sua segunda passagem no clube em julho de 2025 e dirigiu 46 jogos, com 21 vit\u00f3rias. Crespo deixou o clube na segunda posi\u00e7\u00e3o do Brasileir\u00e3o, com 10 pontos em quatro jogos. Segundo a imprensa brasileira, o despedimento n\u00e3o est\u00e1 tanto relacionado com os resultados recentes \u2014 apesar de ter sido afastado no Paulist\u00e3o na semana passada \u2014 mas por decis\u00f5es recorrentes que n\u00e3o agradaram \u00e0 estrutura.","og_url":"https:\/\/portaltela.pt\/noticias\/2026\/03\/09\/sao-paulo-encerra-o-vinculo-com-hernan-crespo\/","og_site_name":"Portal Tela Portugal","article_published_time":"2026-03-09T19:27:51+00:00","author":"Telinha","twitter_card":"summary_large_image","twitter_misc":{"Escrito por":"Telinha","Tempo estimado de leitura":"1 minuto"},"schema":{"@context":"https:\/\/schema.org","@graph":[{"@type":"Article","@id":"https:\/\/portaltela.pt\/noticias\/2026\/03\/09\/sao-paulo-encerra-o-vinculo-com-hernan-crespo\/#article","isPartOf":{"@id":"https:\/\/portaltela.pt\/noticias\/2026\/03\/09\/sao-paulo-encerra-o-vinculo-com-hernan-crespo\/"},"author":{"name":"Telinha","@id":"https:\/\/portaltela.pt\/#\/schema\/person\/c4278d4a6028830caff9ee44b42d32ed"},"headline":"S\u00e3o Paulo encerra o v\u00ednculo com Hern\u00e1n Crespo","datePublished":"2026-03-09T19:27:51+00:00","mainEntityOfPage":{"@id":"https:\/\/portaltela.pt\/noticias\/2026\/03\/09\/sao-paulo-encerra-o-vinculo-com-hernan-crespo\/"},"wordCount":228,"image":{"@id":"https:\/\/portaltela.pt\/noticias\/2026\/03\/09\/sao-paulo-encerra-o-vinculo-com-hernan-crespo\/#primaryimage"},"thumbnailUrl":"https:\/\/portaltela.pt\/s.01k8rhncp4jt1\/2026\/03\/img_920x518uu2026-03-09-18-54-38-2425904.jpg","keywords":["Argentina","Brasil","brasileir\u00e3o","demiss\u00f5es","futebol","treinadores"],"articleSection":["Desporto","Futebol"],"inLanguage":"pt-PT"},{"@type":"WebPage","@id":"https:\/\/portaltela.pt\/noticias\/2026\/03\/09\/sao-paulo-encerra-o-vinculo-com-hernan-crespo\/","url":"https:\/\/portaltela.pt\/noticias\/2026\/03\/09\/sao-paulo-encerra-o-vinculo-com-hernan-crespo\/","name":"S\u00e3o Paulo encerra o v\u00ednculo com Hern\u00e1n Crespo - Portal Tela Portugal","isPartOf":{"@id":"https:\/\/portaltela.pt\/#website"},"primaryImageOfPage":{"@id":"https:\/\/portaltela.pt\/noticias\/2026\/03\/09\/sao-paulo-encerra-o-vinculo-com-hernan-crespo\/#primaryimage"},"image":{"@id":"https:\/\/portaltela.pt\/noticias\/2026\/03\/09\/sao-paulo-encerra-o-vinculo-com-hernan-crespo\/#primaryimage"},"thumbnailUrl":"https:\/\/portaltela.pt\/s.01k8rhncp4jt1\/2026\/03\/img_920x518uu2026-03-09-18-54-38-2425904.jpg","datePublished":"2026-03-09T19:27:51+00:00","author":{"@id":"https:\/\/portaltela.pt\/#\/schema\/person\/c4278d4a6028830caff9ee44b42d32ed"},"breadcrumb":{"@id":"https:\/\/portaltela.pt\/noticias\/2026\/03\/09\/sao-paulo-encerra-o-vinculo-com-hernan-crespo\/#breadcrumb"},"inLanguage":"pt-PT","potentialAction":[{"@type":"ReadAction","target":["https:\/\/portaltela.pt\/noticias\/2026\/03\/09\/sao-paulo-encerra-o-vinculo-com-hernan-crespo\/"]}]},{"@type":"ImageObject","inLanguage":"pt-PT","@id":"https:\/\/portaltela.pt\/noticias\/2026\/03\/09\/sao-paulo-encerra-o-vinculo-com-hernan-crespo\/#primaryimage","url":"https:\/\/portaltela.pt\/s.01k8rhncp4jt1\/2026\/03\/img_920x518uu2026-03-09-18-54-38-2425904.jpg","contentUrl":"https:\/\/portaltela.pt\/s.01k8rhncp4jt1\/2026\/03\/img_920x518uu2026-03-09-18-54-38-2425904.jpg","width":796,"height":448,"caption":"Hern\u00e1n Crespo deixa o comando t\u00e9cnico do S\u00e3o Paulo ap\u00f3s oito meses"},{"@type":"BreadcrumbList","@id":"https:\/\/portaltela.pt\/noticias\/2026\/03\/09\/sao-paulo-encerra-o-vinculo-com-hernan-crespo\/#breadcrumb","itemListElement":[{"@type":"ListItem","position":1,"name":"In\u00edcio","item":"https:\/\/portaltela.pt\/"},{"@type":"ListItem","position":2,"name":"S\u00e3o Paulo encerra o v\u00ednculo com Hern\u00e1n Crespo"}]},{"@type":"WebSite","@id":"https:\/\/portaltela.pt\/#website","url":"https:\/\/portaltela.pt\/","name":"Portal Tela Portugal","description":"","potentialAction":[{"@type":"SearchAction","target":{"@type":"EntryPoint","urlTemplate":"https:\/\/portaltela.pt\/?s={search_term_string}"},"query-input":{"@type":"PropertyValueSpecification","valueRequired":true,"valueName":"search_term_string"}}],"inLanguage":"pt-PT"},{"@type":"Person","@id":"https:\/\/portaltela.pt\/#\/schema\/person\/c4278d4a6028830caff9ee44b42d32ed","name":"Telinha","image":{"@type":"ImageObject","inLanguage":"pt-PT","@id":"https:\/\/portaltela.pt\/s.01k8rhncp4jt1\/2025\/11\/talking-bot-125x125.png","url":"https:\/\/portaltela.pt\/s.01k8rhncp4jt1\/2025\/11\/talking-bot-125x125.png","contentUrl":"https:\/\/portaltela.pt\/s.01k8rhncp4jt1\/2025\/11\/talking-bot-125x125.png","caption":"Telinha"},"sameAs":["https:\/\/portaltela.pt\/"],"url":"https:\/\/portaltela.pt\/por\/367410592786\/"}]}},"_links":{"self":[{"href":"https:\/\/portaltela.pt\/api\/wp\/v2\/posts\/403888","targetHints":{"allow":["GET"]}}],"collection":[{"href":"https:\/\/portaltela.pt\/api\/wp\/v2\/posts"}],"about":[{"href":"https:\/\/portaltela.pt\/api\/wp\/v2\/types\/post"}],"author":[{"embeddable":true,"href":"https:\/\/portaltela.pt\/api\/wp\/v2\/users\/2"}],"replies":[{"embeddable":true,"href":"https:\/\/portaltela.pt\/api\/wp\/v2\/comments?post=403888"}],"version-history":[{"count":0,"href":"https:\/\/portaltela.pt\/api\/wp\/v2\/posts\/403888\/revisions"}],"wp:featuredmedia":[{"embeddable":true,"href":"https:\/\/portaltela.pt\/api\/wp\/v2\/media\/403892"}],"wp:attachment":[{"href":"https:\/\/portaltela.pt\/api\/wp\/v2\/media?parent=403888"}],"wp:term":[{"taxonomy":"category","embeddable":true,"href":"https:\/\/portaltela.pt\/api\/wp\/v2\/categories?post=403888"},{"taxonomy":"post_tag","embeddable":true,"href":"https:\/\/portaltela.pt\/api\/wp\/v2\/tags?post=403888"}],"curies":[{"name":"wp","href":"https:\/\/api.w.org\/{rel}","templated":true}]}}