{"id":403868,"date":"2026-03-09T16:02:19","date_gmt":"2026-03-09T19:02:19","guid":{"rendered":"https:\/\/portaltela.pt\/noticias\/2026\/03\/09\/rui-borges-nao-previu-o-cansaco-da-equipa-na-segunda-parte\/"},"modified":"2026-03-09T16:02:19","modified_gmt":"2026-03-09T19:02:19","slug":"rui-borges-nao-previu-o-cansaco-da-equipa-na-segunda-parte","status":"publish","type":"post","link":"https:\/\/portaltela.pt\/desporto\/futebol\/2026\/03\/09\/rui-borges-nao-previu-o-cansaco-da-equipa-na-segunda-parte\/","title":{"rendered":"Rui Borges n\u00e3o previu o cansa\u00e7o da equipa na segunda parte"},"content":{"rendered":"<p>O Sporting empatou em Braga, num encontro marcado pelo desgaste da equipa na segunda parte. O treinador Rui Borges \u00e9 apontado como respons\u00e1vel por n\u00e3o antever esse cansa\u00e7o, o que ter\u00e1 influenciado o desfecho da partida. O empate coloca press\u00e3o sobre o t\u00e9cnico e a estrat\u00e9gia utilizada at\u00e9 ao silenciar do apito final.<\/p>\n<p>Bernardo Ribeiro, jornalista e diretor do Record, questiona as escolhas de substitui\u00e7\u00f5es de Rui Borges. Segundo a an\u00e1lise do director, houve duas altera\u00e7\u00f5es que ficaram por realizar pelos le\u00f5es, apelando a uma gest\u00e3o diferente do plantel no encontro frente aos arsenalistas.<\/p>\n<h3>An\u00e1lise e leitura do jogo<\/h3>\n<p>O encontro realizado em Braga colocou em foco a gest\u00e3o f\u00edsica da equipa na segunda parte. A cr\u00edtica de Ribeiro incide sobre a necessidade de mexidas que pudessem manter o equil\u00edbrio entre defesa e ataque, reduzindo o desgaste dos jogadores-chave. O empate, assim, \u00e9 interpretado como reflexo das decis\u00f5es tomadas durante o jogo.<\/p>\n","protected":false},"excerpt":{"rendered":"<ul>\n<li>O Sporting empatou em Braga.<\/li>\n<li>Rui Borges foi criticado por n\u00e3o antever o cansa\u00e7o da equipa na segunda parte.<\/li>\n<li>Bernardo Ribeiro, diretor do Record, comenta o empate.<\/li>\n<li>Ribeiro questiona as duas substitui\u00e7\u00f5es que ficaram por fazer pelos le\u00f5es.<\/li>\n<\/ul>\n","protected":false},"author":2,"featured_media":403869,"comment_status":"closed","ping_status":"closed","sticky":false,"template":"","format":"standard","meta":{"footnotes":""},"categories":[21,24],"tags":[1207,32,4159,2635,1652,5709],"class_list":["post-403868","post","type-post","status-publish","format-standard","has-post-thumbnail","hentry","category-desporto","category-futebol","tag-braga","tag-futebol","tag-jogo","tag-rui-borges","tag-sporting","tag-substituicoes"],"yoast_head":"<!-- This site is optimized with the Yoast SEO plugin v27.2 - https:\/\/yoast.com\/product\/yoast-seo-wordpress\/ -->\n<title>Rui Borges n\u00e3o previu o cansa\u00e7o da equipa na segunda parte - Portal Tela Portugal<\/title>\n<meta name=\"robots\" content=\"index, follow, max-snippet:-1, max-image-preview:large, max-video-preview:-1\" \/>\n<meta property=\"og:locale\" content=\"pt_PT\" \/>\n<meta property=\"og:type\" content=\"article\" \/>\n<meta property=\"og:title\" content=\"Rui Borges n\u00e3o previu o cansa\u00e7o da equipa na segunda parte - Portal Tela Portugal\" \/>\n<meta property=\"og:description\" content=\"O Sporting empatou em Braga. Rui Borges foi criticado por n\u00e3o antever o cansa\u00e7o da equipa na segunda parte. Bernardo Ribeiro, diretor do Record, comenta o empate. Ribeiro questiona as duas substitui\u00e7\u00f5es que ficaram por fazer pelos le\u00f5es.\" \/>\n<meta property=\"og:url\" content=\"https:\/\/portaltela.pt\/noticias\/2026\/03\/09\/rui-borges-nao-previu-o-cansaco-da-equipa-na-segunda-parte\/\" \/>\n<meta property=\"og:site_name\" content=\"Portal Tela Portugal\" \/>\n<meta property=\"article:published_time\" content=\"2026-03-09T19:02:19+00:00\" \/>\n<meta name=\"author\" content=\"Telinha\" \/>\n<meta name=\"twitter:card\" content=\"summary_large_image\" \/>\n<meta name=\"twitter:label1\" content=\"Escrito por\" \/>\n\t<meta name=\"twitter:data1\" content=\"Telinha\" \/>\n\t<meta name=\"twitter:label2\" content=\"Tempo estimado de leitura\" \/>\n\t<meta name=\"twitter:data2\" content=\"1 minuto\" \/>\n<script type=\"application\/ld+json\" class=\"yoast-schema-graph\">{\"@context\":\"https:\/\/schema.org\",\"@graph\":[{\"@type\":\"Article\",\"@id\":\"https:\/\/portaltela.pt\/noticias\/2026\/03\/09\/rui-borges-nao-previu-o-cansaco-da-equipa-na-segunda-parte\/#article\",\"isPartOf\":{\"@id\":\"https:\/\/portaltela.pt\/noticias\/2026\/03\/09\/rui-borges-nao-previu-o-cansaco-da-equipa-na-segunda-parte\/\"},\"author\":{\"name\":\"Telinha\",\"@id\":\"https:\/\/portaltela.pt\/#\/schema\/person\/c4278d4a6028830caff9ee44b42d32ed\"},\"headline\":\"Rui Borges n\u00e3o previu o cansa\u00e7o da equipa na segunda parte\",\"datePublished\":\"2026-03-09T19:02:19+00:00\",\"mainEntityOfPage\":{\"@id\":\"https:\/\/portaltela.pt\/noticias\/2026\/03\/09\/rui-borges-nao-previu-o-cansaco-da-equipa-na-segunda-parte\/\"},\"wordCount\":180,\"image\":{\"@id\":\"https:\/\/portaltela.pt\/noticias\/2026\/03\/09\/rui-borges-nao-previu-o-cansaco-da-equipa-na-segunda-parte\/#primaryimage\"},\"thumbnailUrl\":\"https:\/\/portaltela.pt\/s.01k8rhncp4jt1\/2026\/03\/img_1200x721uu2026-03-09-19-01-43-2425905.jpg\",\"keywords\":[\"Braga\",\"futebol\",\"jogo\",\"Rui Borges\",\"Sporting\",\"substitui\u00e7\u00f5es\"],\"articleSection\":[\"Desporto\",\"Futebol\"],\"inLanguage\":\"pt-PT\"},{\"@type\":\"WebPage\",\"@id\":\"https:\/\/portaltela.pt\/noticias\/2026\/03\/09\/rui-borges-nao-previu-o-cansaco-da-equipa-na-segunda-parte\/\",\"url\":\"https:\/\/portaltela.pt\/noticias\/2026\/03\/09\/rui-borges-nao-previu-o-cansaco-da-equipa-na-segunda-parte\/\",\"name\":\"Rui Borges n\u00e3o previu o cansa\u00e7o da equipa na segunda parte - Portal Tela Portugal\",\"isPartOf\":{\"@id\":\"https:\/\/portaltela.pt\/#website\"},\"primaryImageOfPage\":{\"@id\":\"https:\/\/portaltela.pt\/noticias\/2026\/03\/09\/rui-borges-nao-previu-o-cansaco-da-equipa-na-segunda-parte\/#primaryimage\"},\"image\":{\"@id\":\"https:\/\/portaltela.pt\/noticias\/2026\/03\/09\/rui-borges-nao-previu-o-cansaco-da-equipa-na-segunda-parte\/#primaryimage\"},\"thumbnailUrl\":\"https:\/\/portaltela.pt\/s.01k8rhncp4jt1\/2026\/03\/img_1200x721uu2026-03-09-19-01-43-2425905.jpg\",\"datePublished\":\"2026-03-09T19:02:19+00:00\",\"author\":{\"@id\":\"https:\/\/portaltela.pt\/#\/schema\/person\/c4278d4a6028830caff9ee44b42d32ed\"},\"breadcrumb\":{\"@id\":\"https:\/\/portaltela.pt\/noticias\/2026\/03\/09\/rui-borges-nao-previu-o-cansaco-da-equipa-na-segunda-parte\/#breadcrumb\"},\"inLanguage\":\"pt-PT\",\"potentialAction\":[{\"@type\":\"ReadAction\",\"target\":[\"https:\/\/portaltela.pt\/noticias\/2026\/03\/09\/rui-borges-nao-previu-o-cansaco-da-equipa-na-segunda-parte\/\"]}]},{\"@type\":\"ImageObject\",\"inLanguage\":\"pt-PT\",\"@id\":\"https:\/\/portaltela.pt\/noticias\/2026\/03\/09\/rui-borges-nao-previu-o-cansaco-da-equipa-na-segunda-parte\/#primaryimage\",\"url\":\"https:\/\/portaltela.pt\/s.01k8rhncp4jt1\/2026\/03\/img_1200x721uu2026-03-09-19-01-43-2425905.jpg\",\"contentUrl\":\"https:\/\/portaltela.pt\/s.01k8rhncp4jt1\/2026\/03\/img_1200x721uu2026-03-09-19-01-43-2425905.jpg\",\"width\":796,\"height\":448,\"caption\":\"\u00abRui Borges foi incapaz de antever o cansa\u00e7o da equipa na segunda parte\u00bb\"},{\"@type\":\"BreadcrumbList\",\"@id\":\"https:\/\/portaltela.pt\/noticias\/2026\/03\/09\/rui-borges-nao-previu-o-cansaco-da-equipa-na-segunda-parte\/#breadcrumb\",\"itemListElement\":[{\"@type\":\"ListItem\",\"position\":1,\"name\":\"In\u00edcio\",\"item\":\"https:\/\/portaltela.pt\/\"},{\"@type\":\"ListItem\",\"position\":2,\"name\":\"Rui Borges n\u00e3o previu o cansa\u00e7o da equipa na segunda parte\"}]},{\"@type\":\"WebSite\",\"@id\":\"https:\/\/portaltela.pt\/#website\",\"url\":\"https:\/\/portaltela.pt\/\",\"name\":\"Portal Tela Portugal\",\"description\":\"\",\"potentialAction\":[{\"@type\":\"SearchAction\",\"target\":{\"@type\":\"EntryPoint\",\"urlTemplate\":\"https:\/\/portaltela.pt\/?s={search_term_string}\"},\"query-input\":{\"@type\":\"PropertyValueSpecification\",\"valueRequired\":true,\"valueName\":\"search_term_string\"}}],\"inLanguage\":\"pt-PT\"},{\"@type\":\"Person\",\"@id\":\"https:\/\/portaltela.pt\/#\/schema\/person\/c4278d4a6028830caff9ee44b42d32ed\",\"name\":\"Telinha\",\"image\":{\"@type\":\"ImageObject\",\"inLanguage\":\"pt-PT\",\"@id\":\"https:\/\/portaltela.pt\/s.01k8rhncp4jt1\/2025\/11\/talking-bot-125x125.png\",\"url\":\"https:\/\/portaltela.pt\/s.01k8rhncp4jt1\/2025\/11\/talking-bot-125x125.png\",\"contentUrl\":\"https:\/\/portaltela.pt\/s.01k8rhncp4jt1\/2025\/11\/talking-bot-125x125.png\",\"caption\":\"Telinha\"},\"sameAs\":[\"https:\/\/portaltela.pt\/\"],\"url\":\"https:\/\/portaltela.pt\/por\/367410592786\/\"}]}<\/script>\n<!-- \/ Yoast SEO plugin. -->","yoast_head_json":{"title":"Rui Borges n\u00e3o previu o cansa\u00e7o da equipa na segunda parte - Portal Tela Portugal","robots":{"index":"index","follow":"follow","max-snippet":"max-snippet:-1","max-image-preview":"max-image-preview:large","max-video-preview":"max-video-preview:-1"},"og_locale":"pt_PT","og_type":"article","og_title":"Rui Borges n\u00e3o previu o cansa\u00e7o da equipa na segunda parte - Portal Tela Portugal","og_description":"O Sporting empatou em Braga. Rui Borges foi criticado por n\u00e3o antever o cansa\u00e7o da equipa na segunda parte. Bernardo Ribeiro, diretor do Record, comenta o empate. Ribeiro questiona as duas substitui\u00e7\u00f5es que ficaram por fazer pelos le\u00f5es.","og_url":"https:\/\/portaltela.pt\/noticias\/2026\/03\/09\/rui-borges-nao-previu-o-cansaco-da-equipa-na-segunda-parte\/","og_site_name":"Portal Tela Portugal","article_published_time":"2026-03-09T19:02:19+00:00","author":"Telinha","twitter_card":"summary_large_image","twitter_misc":{"Escrito por":"Telinha","Tempo estimado de leitura":"1 minuto"},"schema":{"@context":"https:\/\/schema.org","@graph":[{"@type":"Article","@id":"https:\/\/portaltela.pt\/noticias\/2026\/03\/09\/rui-borges-nao-previu-o-cansaco-da-equipa-na-segunda-parte\/#article","isPartOf":{"@id":"https:\/\/portaltela.pt\/noticias\/2026\/03\/09\/rui-borges-nao-previu-o-cansaco-da-equipa-na-segunda-parte\/"},"author":{"name":"Telinha","@id":"https:\/\/portaltela.pt\/#\/schema\/person\/c4278d4a6028830caff9ee44b42d32ed"},"headline":"Rui Borges n\u00e3o previu o cansa\u00e7o da equipa na segunda parte","datePublished":"2026-03-09T19:02:19+00:00","mainEntityOfPage":{"@id":"https:\/\/portaltela.pt\/noticias\/2026\/03\/09\/rui-borges-nao-previu-o-cansaco-da-equipa-na-segunda-parte\/"},"wordCount":180,"image":{"@id":"https:\/\/portaltela.pt\/noticias\/2026\/03\/09\/rui-borges-nao-previu-o-cansaco-da-equipa-na-segunda-parte\/#primaryimage"},"thumbnailUrl":"https:\/\/portaltela.pt\/s.01k8rhncp4jt1\/2026\/03\/img_1200x721uu2026-03-09-19-01-43-2425905.jpg","keywords":["Braga","futebol","jogo","Rui Borges","Sporting","substitui\u00e7\u00f5es"],"articleSection":["Desporto","Futebol"],"inLanguage":"pt-PT"},{"@type":"WebPage","@id":"https:\/\/portaltela.pt\/noticias\/2026\/03\/09\/rui-borges-nao-previu-o-cansaco-da-equipa-na-segunda-parte\/","url":"https:\/\/portaltela.pt\/noticias\/2026\/03\/09\/rui-borges-nao-previu-o-cansaco-da-equipa-na-segunda-parte\/","name":"Rui Borges n\u00e3o previu o cansa\u00e7o da equipa na segunda parte - Portal Tela Portugal","isPartOf":{"@id":"https:\/\/portaltela.pt\/#website"},"primaryImageOfPage":{"@id":"https:\/\/portaltela.pt\/noticias\/2026\/03\/09\/rui-borges-nao-previu-o-cansaco-da-equipa-na-segunda-parte\/#primaryimage"},"image":{"@id":"https:\/\/portaltela.pt\/noticias\/2026\/03\/09\/rui-borges-nao-previu-o-cansaco-da-equipa-na-segunda-parte\/#primaryimage"},"thumbnailUrl":"https:\/\/portaltela.pt\/s.01k8rhncp4jt1\/2026\/03\/img_1200x721uu2026-03-09-19-01-43-2425905.jpg","datePublished":"2026-03-09T19:02:19+00:00","author":{"@id":"https:\/\/portaltela.pt\/#\/schema\/person\/c4278d4a6028830caff9ee44b42d32ed"},"breadcrumb":{"@id":"https:\/\/portaltela.pt\/noticias\/2026\/03\/09\/rui-borges-nao-previu-o-cansaco-da-equipa-na-segunda-parte\/#breadcrumb"},"inLanguage":"pt-PT","potentialAction":[{"@type":"ReadAction","target":["https:\/\/portaltela.pt\/noticias\/2026\/03\/09\/rui-borges-nao-previu-o-cansaco-da-equipa-na-segunda-parte\/"]}]},{"@type":"ImageObject","inLanguage":"pt-PT","@id":"https:\/\/portaltela.pt\/noticias\/2026\/03\/09\/rui-borges-nao-previu-o-cansaco-da-equipa-na-segunda-parte\/#primaryimage","url":"https:\/\/portaltela.pt\/s.01k8rhncp4jt1\/2026\/03\/img_1200x721uu2026-03-09-19-01-43-2425905.jpg","contentUrl":"https:\/\/portaltela.pt\/s.01k8rhncp4jt1\/2026\/03\/img_1200x721uu2026-03-09-19-01-43-2425905.jpg","width":796,"height":448,"caption":"\u00abRui Borges foi incapaz de antever o cansa\u00e7o da equipa na segunda parte\u00bb"},{"@type":"BreadcrumbList","@id":"https:\/\/portaltela.pt\/noticias\/2026\/03\/09\/rui-borges-nao-previu-o-cansaco-da-equipa-na-segunda-parte\/#breadcrumb","itemListElement":[{"@type":"ListItem","position":1,"name":"In\u00edcio","item":"https:\/\/portaltela.pt\/"},{"@type":"ListItem","position":2,"name":"Rui Borges n\u00e3o previu o cansa\u00e7o da equipa na segunda parte"}]},{"@type":"WebSite","@id":"https:\/\/portaltela.pt\/#website","url":"https:\/\/portaltela.pt\/","name":"Portal Tela Portugal","description":"","potentialAction":[{"@type":"SearchAction","target":{"@type":"EntryPoint","urlTemplate":"https:\/\/portaltela.pt\/?s={search_term_string}"},"query-input":{"@type":"PropertyValueSpecification","valueRequired":true,"valueName":"search_term_string"}}],"inLanguage":"pt-PT"},{"@type":"Person","@id":"https:\/\/portaltela.pt\/#\/schema\/person\/c4278d4a6028830caff9ee44b42d32ed","name":"Telinha","image":{"@type":"ImageObject","inLanguage":"pt-PT","@id":"https:\/\/portaltela.pt\/s.01k8rhncp4jt1\/2025\/11\/talking-bot-125x125.png","url":"https:\/\/portaltela.pt\/s.01k8rhncp4jt1\/2025\/11\/talking-bot-125x125.png","contentUrl":"https:\/\/portaltela.pt\/s.01k8rhncp4jt1\/2025\/11\/talking-bot-125x125.png","caption":"Telinha"},"sameAs":["https:\/\/portaltela.pt\/"],"url":"https:\/\/portaltela.pt\/por\/367410592786\/"}]}},"_links":{"self":[{"href":"https:\/\/portaltela.pt\/api\/wp\/v2\/posts\/403868","targetHints":{"allow":["GET"]}}],"collection":[{"href":"https:\/\/portaltela.pt\/api\/wp\/v2\/posts"}],"about":[{"href":"https:\/\/portaltela.pt\/api\/wp\/v2\/types\/post"}],"author":[{"embeddable":true,"href":"https:\/\/portaltela.pt\/api\/wp\/v2\/users\/2"}],"replies":[{"embeddable":true,"href":"https:\/\/portaltela.pt\/api\/wp\/v2\/comments?post=403868"}],"version-history":[{"count":0,"href":"https:\/\/portaltela.pt\/api\/wp\/v2\/posts\/403868\/revisions"}],"wp:featuredmedia":[{"embeddable":true,"href":"https:\/\/portaltela.pt\/api\/wp\/v2\/media\/403869"}],"wp:attachment":[{"href":"https:\/\/portaltela.pt\/api\/wp\/v2\/media?parent=403868"}],"wp:term":[{"taxonomy":"category","embeddable":true,"href":"https:\/\/portaltela.pt\/api\/wp\/v2\/categories?post=403868"},{"taxonomy":"post_tag","embeddable":true,"href":"https:\/\/portaltela.pt\/api\/wp\/v2\/tags?post=403868"}],"curies":[{"name":"wp","href":"https:\/\/api.w.org\/{rel}","templated":true}]}}