{"id":403858,"date":"2026-03-09T16:00:40","date_gmt":"2026-03-09T19:00:40","guid":{"rendered":"https:\/\/portaltela.pt\/noticias\/2026\/03\/09\/be-acores-exige-esclarecimentos-sobre-atividade-espacial-em-santa-maria\/"},"modified":"2026-03-09T16:00:40","modified_gmt":"2026-03-09T19:00:40","slug":"be-acores-exige-esclarecimentos-sobre-atividade-espacial-em-santa-maria","status":"publish","type":"post","link":"https:\/\/portaltela.pt\/tecnologia\/2026\/03\/09\/be-acores-exige-esclarecimentos-sobre-atividade-espacial-em-santa-maria\/","title":{"rendered":"BE A\u00e7ores exige esclarecimentos sobre atividade espacial em Santa Maria"},"content":{"rendered":"<p>O BE A\u00e7ores pediu esclarecimentos ao Governo Regional sobre a atividade espacial em Santa Maria. O requerimento, apresentado nesta segunda-feira, questiona se j\u00e1 foram realizados estudos econ\u00f3mico-financeiros e de impacto ambiental relativos \u00e0s opera\u00e7\u00f5es de acesso e retorno de ve\u00edculos espaciais na ilha.<\/p>\n<p>O partido destaca que se aproximam eventos importantes, como lan\u00e7amentos de testes de voos suborbitais, o ve\u00edculo Perun da SpaceForest e a reentrada do Phoenix 2.1 pela ATMOS Space Cargo. Quer conhecer o conte\u00fado desses estudos ou o prazo para a sua conclus\u00e3o.<\/p>\n<p>O BE recorda que, em 2023, o executivo j\u00e1 informou que tais estudos seriam necess\u00e1rios apenas para um conceito de opera\u00e7\u00f5es definido. O partido tamb\u00e9m pede informa\u00e7\u00e3o sobre sess\u00f5es de esclarecimento \u00e0 popula\u00e7\u00e3o de Santa Maria e sobre o estado das infraestruturas necess\u00e1rias ao retorno de miss\u00f5es.<\/p>\n<h3>Licen\u00e7as e cronograma<\/h3>\n<p>A Ag\u00eancia Nacional de Comunica\u00e7\u00f5es (ANACOM) e a Ag\u00eancia Espacial Portuguesa anunciaram a atribui\u00e7\u00e3o da primeira licen\u00e7a de opera\u00e7\u00e3o de um centro de lan\u00e7amento espacial, na Malbusca, a uma entidade associada ao Atlantic Spaceport Consortium. A licen\u00e7a abrange apenas a opera\u00e7\u00e3o do centro, n\u00e3o as opera\u00e7\u00f5es de lan\u00e7amento.<\/p>\n<p>A ag\u00eancia indicou que os primeiros lan\u00e7amentos estavam previstos para a primavera de 2026, com voos suborbitais de teste. A ATMOS Space Cargo recebeu a primeira licen\u00e7a comercial para a reentrada e recupera\u00e7\u00e3o de um ve\u00edculo, a ser executada ao largo de Santa Maria no segundo semestre de 2026.<\/p>\n<p>A data final de lan\u00e7amento, o perfil de voo e os par\u00e2metros de recupera\u00e7\u00e3o continuam sujeitos a coordena\u00e7\u00e3o operacional. Hor\u00e1rios e coordenadas de recupera\u00e7\u00e3o ser\u00e3o comunicados mais perto do voo, conforme notifica\u00e7\u00f5es mar\u00edtimas e de avia\u00e7\u00e3o aplic\u00e1veis.<\/p>\n","protected":false},"excerpt":{"rendered":"<ul>\n<li>O BE\/A\u00e7ores questiona o Governo Regional sobre se j\u00e1 foram realizados estudos econ\u00f3mico-financeiros e de impacto ambiental referentes \u00e0s atividades de acesso e retorno de ve\u00edculos espaciais na ilha de Santa Maria.<\/li>\n<li>O requerimento, citado pelo BE, refere que se aproximam lan\u00e7amentos de teste de voos suborbitais, o lan\u00e7amento do ve\u00edculo Perun, pela SpaceForest, e a reentrada do Phoenix 2.1, pela ATMOS Space Cargo, e pergunta pelo conte\u00fado ou prazos desses estudos.<\/li>\n<li>O BE defende que a popula\u00e7\u00e3o de Santa Maria seja permanentemente informada sobre o desenvolvimento das atividades espaciais e pergunta se haver\u00e1 nova sess\u00e3o de esclarecimentos junto dos residentes sobre o porto espacial.<\/li>\n<li>Em agosto de 2025, a Ag\u00eancia Nacional de Comunica\u00e7\u00f5es e a Ag\u00eancia Espacial Portuguesa atribu\u00edram ao Atlantic Spaceport Consortium a primeira licen\u00e7a de opera\u00e7\u00e3o de um centro de lan\u00e7amento na Malbusca, que n\u00e3o abrange as opera\u00e7\u00f5es de lan\u00e7amento em si, que carecem de licenciamento espec\u00edfico.<\/li>\n<li>A Ag\u00eancia Espacial Portuguesa informou que Portugal concedeu a ATMOS Space Cargo a primeira licen\u00e7a comercial para a reentrada e recupera\u00e7\u00e3o de um ve\u00edculo espacial da miss\u00e3o Phoenix 2.1, com a janela prevista para o segundo semestre de 2026; hor\u00e1rios e coordenadas de recupera\u00e7\u00e3o ser\u00e3o confirmados mais perto do voo.<\/li>\n<\/ul>\n","protected":false},"author":2,"featured_media":403859,"comment_status":"closed","ping_status":"closed","sticky":false,"template":"","format":"standard","meta":{"footnotes":""},"categories":[1,6716],"tags":[822,2625,2982,258,215,559],"class_list":["post-403858","post","type-post","status-publish","format-standard","has-post-thumbnail","hentry","category-noticias","category-tecnologia","tag-acores","tag-aeronautica","tag-agencia-espacial-portuguesa","tag-infraestruturas","tag-investigacao","tag-licenciamento-ambiental"],"yoast_head":"<!-- This site is optimized with the Yoast SEO plugin v27.2 - https:\/\/yoast.com\/product\/yoast-seo-wordpress\/ -->\n<title>BE A\u00e7ores exige esclarecimentos sobre atividade espacial em Santa Maria - Portal Tela Portugal<\/title>\n<meta name=\"robots\" content=\"index, follow, max-snippet:-1, max-image-preview:large, max-video-preview:-1\" \/>\n<meta property=\"og:locale\" content=\"pt_PT\" \/>\n<meta property=\"og:type\" content=\"article\" \/>\n<meta property=\"og:title\" content=\"BE A\u00e7ores exige esclarecimentos sobre atividade espacial em Santa Maria - Portal Tela Portugal\" \/>\n<meta property=\"og:description\" content=\"O BE\/A\u00e7ores questiona o Governo Regional sobre se j\u00e1 foram realizados estudos econ\u00f3mico-financeiros e de impacto ambiental referentes \u00e0s atividades de acesso e retorno de ve\u00edculos espaciais na ilha de Santa Maria. O requerimento, citado pelo BE, refere que se aproximam lan\u00e7amentos de teste de voos suborbitais, o lan\u00e7amento do ve\u00edculo Perun, pela SpaceForest, e a reentrada do Phoenix 2.1, pela ATMOS Space Cargo, e pergunta pelo conte\u00fado ou prazos desses estudos. O BE defende que a popula\u00e7\u00e3o de Santa Maria seja permanentemente informada sobre o desenvolvimento das atividades espaciais e pergunta se haver\u00e1 nova sess\u00e3o de esclarecimentos junto dos residentes sobre o porto espacial. Em agosto de 2025, a Ag\u00eancia Nacional de Comunica\u00e7\u00f5es e a Ag\u00eancia Espacial Portuguesa atribu\u00edram ao Atlantic Spaceport Consortium a primeira licen\u00e7a de opera\u00e7\u00e3o de um centro de lan\u00e7amento na Malbusca, que n\u00e3o abrange as opera\u00e7\u00f5es de lan\u00e7amento em si, que carecem de licenciamento espec\u00edfico. A Ag\u00eancia Espacial Portuguesa informou que Portugal concedeu a ATMOS Space Cargo a primeira licen\u00e7a comercial para a reentrada e recupera\u00e7\u00e3o de um ve\u00edculo espacial da miss\u00e3o Phoenix 2.1, com a janela prevista para o segundo semestre de 2026; hor\u00e1rios e coordenadas de recupera\u00e7\u00e3o ser\u00e3o confirmados mais perto do voo.\" \/>\n<meta property=\"og:url\" content=\"https:\/\/portaltela.pt\/noticias\/2026\/03\/09\/be-acores-exige-esclarecimentos-sobre-atividade-espacial-em-santa-maria\/\" \/>\n<meta property=\"og:site_name\" content=\"Portal Tela Portugal\" \/>\n<meta property=\"article:published_time\" content=\"2026-03-09T19:00:40+00:00\" \/>\n<meta name=\"author\" content=\"Telinha\" \/>\n<meta name=\"twitter:card\" content=\"summary_large_image\" \/>\n<meta name=\"twitter:label1\" content=\"Escrito por\" \/>\n\t<meta name=\"twitter:data1\" content=\"Telinha\" \/>\n\t<meta name=\"twitter:label2\" content=\"Tempo estimado de leitura\" \/>\n\t<meta name=\"twitter:data2\" content=\"2 minutos\" \/>\n<script type=\"application\/ld+json\" class=\"yoast-schema-graph\">{\"@context\":\"https:\/\/schema.org\",\"@graph\":[{\"@type\":\"Article\",\"@id\":\"https:\/\/portaltela.pt\/noticias\/2026\/03\/09\/be-acores-exige-esclarecimentos-sobre-atividade-espacial-em-santa-maria\/#article\",\"isPartOf\":{\"@id\":\"https:\/\/portaltela.pt\/noticias\/2026\/03\/09\/be-acores-exige-esclarecimentos-sobre-atividade-espacial-em-santa-maria\/\"},\"author\":{\"name\":\"Telinha\",\"@id\":\"https:\/\/portaltela.pt\/#\/schema\/person\/c4278d4a6028830caff9ee44b42d32ed\"},\"headline\":\"BE A\u00e7ores exige esclarecimentos sobre atividade espacial em Santa Maria\",\"datePublished\":\"2026-03-09T19:00:40+00:00\",\"mainEntityOfPage\":{\"@id\":\"https:\/\/portaltela.pt\/noticias\/2026\/03\/09\/be-acores-exige-esclarecimentos-sobre-atividade-espacial-em-santa-maria\/\"},\"wordCount\":321,\"image\":{\"@id\":\"https:\/\/portaltela.pt\/noticias\/2026\/03\/09\/be-acores-exige-esclarecimentos-sobre-atividade-espacial-em-santa-maria\/#primaryimage\"},\"thumbnailUrl\":\"https:\/\/portaltela.pt\/s.01k8rhncp4jt1\/2026\/03\/img_1500x1000uu2022-06-05-17-06-18-1156520.jpg\",\"keywords\":[\"A\u00e7ores\",\"aeron\u00e1utica\",\"Ag\u00eancia Espacial Portuguesa\",\"infraestruturas\",\"investiga\u00e7\u00e3o\",\"licenciamento ambiental\"],\"articleSection\":[\"Not\u00edcias\",\"Tecnologia\"],\"inLanguage\":\"pt-PT\"},{\"@type\":\"WebPage\",\"@id\":\"https:\/\/portaltela.pt\/noticias\/2026\/03\/09\/be-acores-exige-esclarecimentos-sobre-atividade-espacial-em-santa-maria\/\",\"url\":\"https:\/\/portaltela.pt\/noticias\/2026\/03\/09\/be-acores-exige-esclarecimentos-sobre-atividade-espacial-em-santa-maria\/\",\"name\":\"BE A\u00e7ores exige esclarecimentos sobre atividade espacial em Santa Maria - Portal Tela Portugal\",\"isPartOf\":{\"@id\":\"https:\/\/portaltela.pt\/#website\"},\"primaryImageOfPage\":{\"@id\":\"https:\/\/portaltela.pt\/noticias\/2026\/03\/09\/be-acores-exige-esclarecimentos-sobre-atividade-espacial-em-santa-maria\/#primaryimage\"},\"image\":{\"@id\":\"https:\/\/portaltela.pt\/noticias\/2026\/03\/09\/be-acores-exige-esclarecimentos-sobre-atividade-espacial-em-santa-maria\/#primaryimage\"},\"thumbnailUrl\":\"https:\/\/portaltela.pt\/s.01k8rhncp4jt1\/2026\/03\/img_1500x1000uu2022-06-05-17-06-18-1156520.jpg\",\"datePublished\":\"2026-03-09T19:00:40+00:00\",\"author\":{\"@id\":\"https:\/\/portaltela.pt\/#\/schema\/person\/c4278d4a6028830caff9ee44b42d32ed\"},\"breadcrumb\":{\"@id\":\"https:\/\/portaltela.pt\/noticias\/2026\/03\/09\/be-acores-exige-esclarecimentos-sobre-atividade-espacial-em-santa-maria\/#breadcrumb\"},\"inLanguage\":\"pt-PT\",\"potentialAction\":[{\"@type\":\"ReadAction\",\"target\":[\"https:\/\/portaltela.pt\/noticias\/2026\/03\/09\/be-acores-exige-esclarecimentos-sobre-atividade-espacial-em-santa-maria\/\"]}]},{\"@type\":\"ImageObject\",\"inLanguage\":\"pt-PT\",\"@id\":\"https:\/\/portaltela.pt\/noticias\/2026\/03\/09\/be-acores-exige-esclarecimentos-sobre-atividade-espacial-em-santa-maria\/#primaryimage\",\"url\":\"https:\/\/portaltela.pt\/s.01k8rhncp4jt1\/2026\/03\/img_1500x1000uu2022-06-05-17-06-18-1156520.jpg\",\"contentUrl\":\"https:\/\/portaltela.pt\/s.01k8rhncp4jt1\/2026\/03\/img_1500x1000uu2022-06-05-17-06-18-1156520.jpg\",\"width\":796,\"height\":448,\"caption\":\"Ilha de Santa Maria, A\u00e7ores\"},{\"@type\":\"BreadcrumbList\",\"@id\":\"https:\/\/portaltela.pt\/noticias\/2026\/03\/09\/be-acores-exige-esclarecimentos-sobre-atividade-espacial-em-santa-maria\/#breadcrumb\",\"itemListElement\":[{\"@type\":\"ListItem\",\"position\":1,\"name\":\"In\u00edcio\",\"item\":\"https:\/\/portaltela.pt\/\"},{\"@type\":\"ListItem\",\"position\":2,\"name\":\"BE A\u00e7ores exige esclarecimentos sobre atividade espacial em Santa Maria\"}]},{\"@type\":\"WebSite\",\"@id\":\"https:\/\/portaltela.pt\/#website\",\"url\":\"https:\/\/portaltela.pt\/\",\"name\":\"Portal Tela Portugal\",\"description\":\"\",\"potentialAction\":[{\"@type\":\"SearchAction\",\"target\":{\"@type\":\"EntryPoint\",\"urlTemplate\":\"https:\/\/portaltela.pt\/?s={search_term_string}\"},\"query-input\":{\"@type\":\"PropertyValueSpecification\",\"valueRequired\":true,\"valueName\":\"search_term_string\"}}],\"inLanguage\":\"pt-PT\"},{\"@type\":\"Person\",\"@id\":\"https:\/\/portaltela.pt\/#\/schema\/person\/c4278d4a6028830caff9ee44b42d32ed\",\"name\":\"Telinha\",\"image\":{\"@type\":\"ImageObject\",\"inLanguage\":\"pt-PT\",\"@id\":\"https:\/\/portaltela.pt\/s.01k8rhncp4jt1\/2025\/11\/talking-bot-125x125.png\",\"url\":\"https:\/\/portaltela.pt\/s.01k8rhncp4jt1\/2025\/11\/talking-bot-125x125.png\",\"contentUrl\":\"https:\/\/portaltela.pt\/s.01k8rhncp4jt1\/2025\/11\/talking-bot-125x125.png\",\"caption\":\"Telinha\"},\"sameAs\":[\"https:\/\/portaltela.pt\/\"],\"url\":\"https:\/\/portaltela.pt\/por\/367410592786\/\"}]}<\/script>\n<!-- \/ Yoast SEO plugin. -->","yoast_head_json":{"title":"BE A\u00e7ores exige esclarecimentos sobre atividade espacial em Santa Maria - Portal Tela Portugal","robots":{"index":"index","follow":"follow","max-snippet":"max-snippet:-1","max-image-preview":"max-image-preview:large","max-video-preview":"max-video-preview:-1"},"og_locale":"pt_PT","og_type":"article","og_title":"BE A\u00e7ores exige esclarecimentos sobre atividade espacial em Santa Maria - Portal Tela Portugal","og_description":"O BE\/A\u00e7ores questiona o Governo Regional sobre se j\u00e1 foram realizados estudos econ\u00f3mico-financeiros e de impacto ambiental referentes \u00e0s atividades de acesso e retorno de ve\u00edculos espaciais na ilha de Santa Maria. O requerimento, citado pelo BE, refere que se aproximam lan\u00e7amentos de teste de voos suborbitais, o lan\u00e7amento do ve\u00edculo Perun, pela SpaceForest, e a reentrada do Phoenix 2.1, pela ATMOS Space Cargo, e pergunta pelo conte\u00fado ou prazos desses estudos. O BE defende que a popula\u00e7\u00e3o de Santa Maria seja permanentemente informada sobre o desenvolvimento das atividades espaciais e pergunta se haver\u00e1 nova sess\u00e3o de esclarecimentos junto dos residentes sobre o porto espacial. Em agosto de 2025, a Ag\u00eancia Nacional de Comunica\u00e7\u00f5es e a Ag\u00eancia Espacial Portuguesa atribu\u00edram ao Atlantic Spaceport Consortium a primeira licen\u00e7a de opera\u00e7\u00e3o de um centro de lan\u00e7amento na Malbusca, que n\u00e3o abrange as opera\u00e7\u00f5es de lan\u00e7amento em si, que carecem de licenciamento espec\u00edfico. A Ag\u00eancia Espacial Portuguesa informou que Portugal concedeu a ATMOS Space Cargo a primeira licen\u00e7a comercial para a reentrada e recupera\u00e7\u00e3o de um ve\u00edculo espacial da miss\u00e3o Phoenix 2.1, com a janela prevista para o segundo semestre de 2026; hor\u00e1rios e coordenadas de recupera\u00e7\u00e3o ser\u00e3o confirmados mais perto do voo.","og_url":"https:\/\/portaltela.pt\/noticias\/2026\/03\/09\/be-acores-exige-esclarecimentos-sobre-atividade-espacial-em-santa-maria\/","og_site_name":"Portal Tela Portugal","article_published_time":"2026-03-09T19:00:40+00:00","author":"Telinha","twitter_card":"summary_large_image","twitter_misc":{"Escrito por":"Telinha","Tempo estimado de leitura":"2 minutos"},"schema":{"@context":"https:\/\/schema.org","@graph":[{"@type":"Article","@id":"https:\/\/portaltela.pt\/noticias\/2026\/03\/09\/be-acores-exige-esclarecimentos-sobre-atividade-espacial-em-santa-maria\/#article","isPartOf":{"@id":"https:\/\/portaltela.pt\/noticias\/2026\/03\/09\/be-acores-exige-esclarecimentos-sobre-atividade-espacial-em-santa-maria\/"},"author":{"name":"Telinha","@id":"https:\/\/portaltela.pt\/#\/schema\/person\/c4278d4a6028830caff9ee44b42d32ed"},"headline":"BE A\u00e7ores exige esclarecimentos sobre atividade espacial em Santa Maria","datePublished":"2026-03-09T19:00:40+00:00","mainEntityOfPage":{"@id":"https:\/\/portaltela.pt\/noticias\/2026\/03\/09\/be-acores-exige-esclarecimentos-sobre-atividade-espacial-em-santa-maria\/"},"wordCount":321,"image":{"@id":"https:\/\/portaltela.pt\/noticias\/2026\/03\/09\/be-acores-exige-esclarecimentos-sobre-atividade-espacial-em-santa-maria\/#primaryimage"},"thumbnailUrl":"https:\/\/portaltela.pt\/s.01k8rhncp4jt1\/2026\/03\/img_1500x1000uu2022-06-05-17-06-18-1156520.jpg","keywords":["A\u00e7ores","aeron\u00e1utica","Ag\u00eancia Espacial Portuguesa","infraestruturas","investiga\u00e7\u00e3o","licenciamento ambiental"],"articleSection":["Not\u00edcias","Tecnologia"],"inLanguage":"pt-PT"},{"@type":"WebPage","@id":"https:\/\/portaltela.pt\/noticias\/2026\/03\/09\/be-acores-exige-esclarecimentos-sobre-atividade-espacial-em-santa-maria\/","url":"https:\/\/portaltela.pt\/noticias\/2026\/03\/09\/be-acores-exige-esclarecimentos-sobre-atividade-espacial-em-santa-maria\/","name":"BE A\u00e7ores exige esclarecimentos sobre atividade espacial em Santa Maria - Portal Tela Portugal","isPartOf":{"@id":"https:\/\/portaltela.pt\/#website"},"primaryImageOfPage":{"@id":"https:\/\/portaltela.pt\/noticias\/2026\/03\/09\/be-acores-exige-esclarecimentos-sobre-atividade-espacial-em-santa-maria\/#primaryimage"},"image":{"@id":"https:\/\/portaltela.pt\/noticias\/2026\/03\/09\/be-acores-exige-esclarecimentos-sobre-atividade-espacial-em-santa-maria\/#primaryimage"},"thumbnailUrl":"https:\/\/portaltela.pt\/s.01k8rhncp4jt1\/2026\/03\/img_1500x1000uu2022-06-05-17-06-18-1156520.jpg","datePublished":"2026-03-09T19:00:40+00:00","author":{"@id":"https:\/\/portaltela.pt\/#\/schema\/person\/c4278d4a6028830caff9ee44b42d32ed"},"breadcrumb":{"@id":"https:\/\/portaltela.pt\/noticias\/2026\/03\/09\/be-acores-exige-esclarecimentos-sobre-atividade-espacial-em-santa-maria\/#breadcrumb"},"inLanguage":"pt-PT","potentialAction":[{"@type":"ReadAction","target":["https:\/\/portaltela.pt\/noticias\/2026\/03\/09\/be-acores-exige-esclarecimentos-sobre-atividade-espacial-em-santa-maria\/"]}]},{"@type":"ImageObject","inLanguage":"pt-PT","@id":"https:\/\/portaltela.pt\/noticias\/2026\/03\/09\/be-acores-exige-esclarecimentos-sobre-atividade-espacial-em-santa-maria\/#primaryimage","url":"https:\/\/portaltela.pt\/s.01k8rhncp4jt1\/2026\/03\/img_1500x1000uu2022-06-05-17-06-18-1156520.jpg","contentUrl":"https:\/\/portaltela.pt\/s.01k8rhncp4jt1\/2026\/03\/img_1500x1000uu2022-06-05-17-06-18-1156520.jpg","width":796,"height":448,"caption":"Ilha de Santa Maria, A\u00e7ores"},{"@type":"BreadcrumbList","@id":"https:\/\/portaltela.pt\/noticias\/2026\/03\/09\/be-acores-exige-esclarecimentos-sobre-atividade-espacial-em-santa-maria\/#breadcrumb","itemListElement":[{"@type":"ListItem","position":1,"name":"In\u00edcio","item":"https:\/\/portaltela.pt\/"},{"@type":"ListItem","position":2,"name":"BE A\u00e7ores exige esclarecimentos sobre atividade espacial em Santa Maria"}]},{"@type":"WebSite","@id":"https:\/\/portaltela.pt\/#website","url":"https:\/\/portaltela.pt\/","name":"Portal Tela Portugal","description":"","potentialAction":[{"@type":"SearchAction","target":{"@type":"EntryPoint","urlTemplate":"https:\/\/portaltela.pt\/?s={search_term_string}"},"query-input":{"@type":"PropertyValueSpecification","valueRequired":true,"valueName":"search_term_string"}}],"inLanguage":"pt-PT"},{"@type":"Person","@id":"https:\/\/portaltela.pt\/#\/schema\/person\/c4278d4a6028830caff9ee44b42d32ed","name":"Telinha","image":{"@type":"ImageObject","inLanguage":"pt-PT","@id":"https:\/\/portaltela.pt\/s.01k8rhncp4jt1\/2025\/11\/talking-bot-125x125.png","url":"https:\/\/portaltela.pt\/s.01k8rhncp4jt1\/2025\/11\/talking-bot-125x125.png","contentUrl":"https:\/\/portaltela.pt\/s.01k8rhncp4jt1\/2025\/11\/talking-bot-125x125.png","caption":"Telinha"},"sameAs":["https:\/\/portaltela.pt\/"],"url":"https:\/\/portaltela.pt\/por\/367410592786\/"}]}},"_links":{"self":[{"href":"https:\/\/portaltela.pt\/api\/wp\/v2\/posts\/403858","targetHints":{"allow":["GET"]}}],"collection":[{"href":"https:\/\/portaltela.pt\/api\/wp\/v2\/posts"}],"about":[{"href":"https:\/\/portaltela.pt\/api\/wp\/v2\/types\/post"}],"author":[{"embeddable":true,"href":"https:\/\/portaltela.pt\/api\/wp\/v2\/users\/2"}],"replies":[{"embeddable":true,"href":"https:\/\/portaltela.pt\/api\/wp\/v2\/comments?post=403858"}],"version-history":[{"count":0,"href":"https:\/\/portaltela.pt\/api\/wp\/v2\/posts\/403858\/revisions"}],"wp:featuredmedia":[{"embeddable":true,"href":"https:\/\/portaltela.pt\/api\/wp\/v2\/media\/403859"}],"wp:attachment":[{"href":"https:\/\/portaltela.pt\/api\/wp\/v2\/media?parent=403858"}],"wp:term":[{"taxonomy":"category","embeddable":true,"href":"https:\/\/portaltela.pt\/api\/wp\/v2\/categories?post=403858"},{"taxonomy":"post_tag","embeddable":true,"href":"https:\/\/portaltela.pt\/api\/wp\/v2\/tags?post=403858"}],"curies":[{"name":"wp","href":"https:\/\/api.w.org\/{rel}","templated":true}]}}