{"id":403852,"date":"2026-03-09T15:49:00","date_gmt":"2026-03-09T18:49:00","guid":{"rendered":"https:\/\/portaltela.pt\/noticias\/2026\/03\/09\/imagens-sugerem-envolvimento-dos-eua-num-ataque-a-escola-no-irao\/"},"modified":"2026-03-09T15:49:00","modified_gmt":"2026-03-09T18:49:00","slug":"imagens-sugerem-envolvimento-dos-eua-num-ataque-a-escola-no-irao","status":"publish","type":"post","link":"https:\/\/portaltela.pt\/geopolitica\/2026\/03\/09\/imagens-sugerem-envolvimento-dos-eua-num-ataque-a-escola-no-irao\/","title":{"rendered":"Imagens sugerem envolvimento dos EUA num ataque a escola no Ir\u00e3o"},"content":{"rendered":"<p>O ataque a uma escola prim\u00e1ria feminina em Minab, no sul do Ir\u00e3o, provocou a morte de cerca de 175 pessoas, entre estudantes e funcion\u00e1rias, no dia 28 de fevereiro. O ataque aconteceu num complexo pr\u00f3ximo da escola Shajarah Tayyebeh.<\/p>\n<p>A acusa\u00e7\u00e3o de responsabilidade recai sobre os Estados Unidos, segundo an\u00e1lises de imagens, v\u00eddeos e dados de sat\u00e9lite divulgados por v\u00e1rios \u00f3rg\u00e3os internacionais. O The New York Times baseia-se em v\u00eddeos da Mehr News, ag\u00eancia semi-oficial iraniana, para sustentar que m\u00edsseis de cruzeiro Tomahawk atingiram infraestruturas do complexo militar da Marinha da Guarda Revolucion\u00e1ria, adjacente ao recinto escolar.<\/p>\n<p>O Pent\u00e1gono confirmou que Minab esteve entre as localiza\u00e7\u00f5es atingidas nos bombardeamentos iniciais, refor\u00e7ando o foco da ofensiva na regi\u00e3o. As fontes citadas sublinham que os Tomahawk s\u00e3o empregados pelos EUA neste conflito, o que sustenta a linha de apura\u00e7\u00e3o apresentada pela imprensa internacional.<\/p>\n<h3>Acusa\u00e7\u00f5es e contextos<\/h3>\n<p>As informa\u00e7\u00f5es sobre a autoria permanecem em investiga\u00e7\u00e3o aberta, com diversas leituras contradit\u00f3rias entre meios ocidentais e fontes iranianas. A apura\u00e7\u00e3o envolve imagens de sat\u00e9lite, v\u00eddeos de c\u00e2maras e declara\u00e7\u00f5es oficiais, sem conclus\u00e3o formal at\u00e9 ao momento.<\/p>\n","protected":false},"excerpt":{"rendered":"<ul>\n<li>Ataque a uma escola prim\u00e1ria feminina em Minab, no sul do Ir\u00e3o, no dia 28 de fevereiro, deixou cerca de 175 mortos.<\/li>\n<li>An\u00e1lises de imagens, v\u00eddeos eSat\u00e9lites realizados por \u00f3rg\u00e3os internacionais sugerem que os Estados Unidos foram os respons\u00e1veis.<\/li>\n<li>O The New York Times, com base em v\u00eddeos da Mehr News, indica que m\u00edsseis de cruzeiro Tomahawk atingiram infraestruturas de um complexo militar da Marinha da Guarda Revolucion\u00e1ria, junto \u00e0 escola Shajarah Tayyebeh.<\/li>\n<li>O Pent\u00e1gono j\u00e1 confirmou que Minab foi uma das localidades visadas nos bombardeamentos iniciais.<\/li>\n<li>As informa\u00e7\u00f5es s\u00e3o provenientes de fontes de imprensa internacionais e ve\u00edculos oficiais iranianos, sem confirma\u00e7\u00e3o independente adicional apresentada.<\/li>\n<\/ul>\n","protected":false},"author":2,"featured_media":403853,"comment_status":"closed","ping_status":"closed","sticky":false,"template":"","format":"standard","meta":{"footnotes":""},"categories":[6814],"tags":[2792,1600,62,3327,1036,4989],"class_list":["post-403852","post","type-post","status-publish","format-standard","has-post-thumbnail","hentry","category-geopolitica","tag-conflito-internacional","tag-estados-unidos","tag-guerra","tag-iran","tag-satelites","tag-terrorismo"],"yoast_head":"<!-- This site is optimized with the Yoast SEO plugin v27.2 - https:\/\/yoast.com\/product\/yoast-seo-wordpress\/ -->\n<title>Imagens sugerem envolvimento dos EUA num ataque a escola no Ir\u00e3o - Portal Tela Portugal<\/title>\n<meta name=\"robots\" content=\"index, follow, max-snippet:-1, max-image-preview:large, max-video-preview:-1\" \/>\n<meta property=\"og:locale\" content=\"pt_PT\" \/>\n<meta property=\"og:type\" content=\"article\" \/>\n<meta property=\"og:title\" content=\"Imagens sugerem envolvimento dos EUA num ataque a escola no Ir\u00e3o - Portal Tela Portugal\" \/>\n<meta property=\"og:description\" content=\"Ataque a uma escola prim\u00e1ria feminina em Minab, no sul do Ir\u00e3o, no dia 28 de fevereiro, deixou cerca de 175 mortos. An\u00e1lises de imagens, v\u00eddeos eSat\u00e9lites realizados por \u00f3rg\u00e3os internacionais sugerem que os Estados Unidos foram os respons\u00e1veis. O The New York Times, com base em v\u00eddeos da Mehr News, indica que m\u00edsseis de cruzeiro Tomahawk atingiram infraestruturas de um complexo militar da Marinha da Guarda Revolucion\u00e1ria, junto \u00e0 escola Shajarah Tayyebeh. O Pent\u00e1gono j\u00e1 confirmou que Minab foi uma das localidades visadas nos bombardeamentos iniciais. As informa\u00e7\u00f5es s\u00e3o provenientes de fontes de imprensa internacionais e ve\u00edculos oficiais iranianos, sem confirma\u00e7\u00e3o independente adicional apresentada.\" \/>\n<meta property=\"og:url\" content=\"https:\/\/portaltela.pt\/noticias\/2026\/03\/09\/imagens-sugerem-envolvimento-dos-eua-num-ataque-a-escola-no-irao\/\" \/>\n<meta property=\"og:site_name\" content=\"Portal Tela Portugal\" \/>\n<meta property=\"article:published_time\" content=\"2026-03-09T18:49:00+00:00\" \/>\n<meta name=\"author\" content=\"Telinha\" \/>\n<meta name=\"twitter:card\" content=\"summary_large_image\" \/>\n<meta name=\"twitter:label1\" content=\"Escrito por\" \/>\n\t<meta name=\"twitter:data1\" content=\"Telinha\" \/>\n\t<meta name=\"twitter:label2\" content=\"Tempo estimado de leitura\" \/>\n\t<meta name=\"twitter:data2\" content=\"1 minuto\" \/>\n<script type=\"application\/ld+json\" class=\"yoast-schema-graph\">{\"@context\":\"https:\/\/schema.org\",\"@graph\":[{\"@type\":\"Article\",\"@id\":\"https:\/\/portaltela.pt\/noticias\/2026\/03\/09\/imagens-sugerem-envolvimento-dos-eua-num-ataque-a-escola-no-irao\/#article\",\"isPartOf\":{\"@id\":\"https:\/\/portaltela.pt\/noticias\/2026\/03\/09\/imagens-sugerem-envolvimento-dos-eua-num-ataque-a-escola-no-irao\/\"},\"author\":{\"name\":\"Telinha\",\"@id\":\"https:\/\/portaltela.pt\/#\/schema\/person\/c4278d4a6028830caff9ee44b42d32ed\"},\"headline\":\"Imagens sugerem envolvimento dos EUA num ataque a escola no Ir\u00e3o\",\"datePublished\":\"2026-03-09T18:49:00+00:00\",\"mainEntityOfPage\":{\"@id\":\"https:\/\/portaltela.pt\/noticias\/2026\/03\/09\/imagens-sugerem-envolvimento-dos-eua-num-ataque-a-escola-no-irao\/\"},\"wordCount\":222,\"image\":{\"@id\":\"https:\/\/portaltela.pt\/noticias\/2026\/03\/09\/imagens-sugerem-envolvimento-dos-eua-num-ataque-a-escola-no-irao\/#primaryimage\"},\"thumbnailUrl\":\"https:\/\/portaltela.pt\/s.01k8rhncp4jt1\/2026\/03\/dc697f33-a359-462e-a4b5-d76312251fc1_1200x675.jpg\",\"keywords\":[\"conflito internacional\",\"Estados Unidos\",\"guerra\",\"\u00cdr\u00e1n\",\"sat\u00e9lites\",\"terrorismo\"],\"articleSection\":[\"Geopol\u00edtica\"],\"inLanguage\":\"pt-PT\"},{\"@type\":\"WebPage\",\"@id\":\"https:\/\/portaltela.pt\/noticias\/2026\/03\/09\/imagens-sugerem-envolvimento-dos-eua-num-ataque-a-escola-no-irao\/\",\"url\":\"https:\/\/portaltela.pt\/noticias\/2026\/03\/09\/imagens-sugerem-envolvimento-dos-eua-num-ataque-a-escola-no-irao\/\",\"name\":\"Imagens sugerem envolvimento dos EUA num ataque a escola no Ir\u00e3o - Portal Tela Portugal\",\"isPartOf\":{\"@id\":\"https:\/\/portaltela.pt\/#website\"},\"primaryImageOfPage\":{\"@id\":\"https:\/\/portaltela.pt\/noticias\/2026\/03\/09\/imagens-sugerem-envolvimento-dos-eua-num-ataque-a-escola-no-irao\/#primaryimage\"},\"image\":{\"@id\":\"https:\/\/portaltela.pt\/noticias\/2026\/03\/09\/imagens-sugerem-envolvimento-dos-eua-num-ataque-a-escola-no-irao\/#primaryimage\"},\"thumbnailUrl\":\"https:\/\/portaltela.pt\/s.01k8rhncp4jt1\/2026\/03\/dc697f33-a359-462e-a4b5-d76312251fc1_1200x675.jpg\",\"datePublished\":\"2026-03-09T18:49:00+00:00\",\"author\":{\"@id\":\"https:\/\/portaltela.pt\/#\/schema\/person\/c4278d4a6028830caff9ee44b42d32ed\"},\"breadcrumb\":{\"@id\":\"https:\/\/portaltela.pt\/noticias\/2026\/03\/09\/imagens-sugerem-envolvimento-dos-eua-num-ataque-a-escola-no-irao\/#breadcrumb\"},\"inLanguage\":\"pt-PT\",\"potentialAction\":[{\"@type\":\"ReadAction\",\"target\":[\"https:\/\/portaltela.pt\/noticias\/2026\/03\/09\/imagens-sugerem-envolvimento-dos-eua-num-ataque-a-escola-no-irao\/\"]}]},{\"@type\":\"ImageObject\",\"inLanguage\":\"pt-PT\",\"@id\":\"https:\/\/portaltela.pt\/noticias\/2026\/03\/09\/imagens-sugerem-envolvimento-dos-eua-num-ataque-a-escola-no-irao\/#primaryimage\",\"url\":\"https:\/\/portaltela.pt\/s.01k8rhncp4jt1\/2026\/03\/dc697f33-a359-462e-a4b5-d76312251fc1_1200x675.jpg\",\"contentUrl\":\"https:\/\/portaltela.pt\/s.01k8rhncp4jt1\/2026\/03\/dc697f33-a359-462e-a4b5-d76312251fc1_1200x675.jpg\",\"width\":796,\"height\":448,\"caption\":\"Mulheres em luto durante funeral de crian\u00e7as mortas em bombardeamento \u00e0 escola em Minab\"},{\"@type\":\"BreadcrumbList\",\"@id\":\"https:\/\/portaltela.pt\/noticias\/2026\/03\/09\/imagens-sugerem-envolvimento-dos-eua-num-ataque-a-escola-no-irao\/#breadcrumb\",\"itemListElement\":[{\"@type\":\"ListItem\",\"position\":1,\"name\":\"In\u00edcio\",\"item\":\"https:\/\/portaltela.pt\/\"},{\"@type\":\"ListItem\",\"position\":2,\"name\":\"Imagens sugerem envolvimento dos EUA num ataque a escola no Ir\u00e3o\"}]},{\"@type\":\"WebSite\",\"@id\":\"https:\/\/portaltela.pt\/#website\",\"url\":\"https:\/\/portaltela.pt\/\",\"name\":\"Portal Tela Portugal\",\"description\":\"\",\"potentialAction\":[{\"@type\":\"SearchAction\",\"target\":{\"@type\":\"EntryPoint\",\"urlTemplate\":\"https:\/\/portaltela.pt\/?s={search_term_string}\"},\"query-input\":{\"@type\":\"PropertyValueSpecification\",\"valueRequired\":true,\"valueName\":\"search_term_string\"}}],\"inLanguage\":\"pt-PT\"},{\"@type\":\"Person\",\"@id\":\"https:\/\/portaltela.pt\/#\/schema\/person\/c4278d4a6028830caff9ee44b42d32ed\",\"name\":\"Telinha\",\"image\":{\"@type\":\"ImageObject\",\"inLanguage\":\"pt-PT\",\"@id\":\"https:\/\/portaltela.pt\/s.01k8rhncp4jt1\/2025\/11\/talking-bot-125x125.png\",\"url\":\"https:\/\/portaltela.pt\/s.01k8rhncp4jt1\/2025\/11\/talking-bot-125x125.png\",\"contentUrl\":\"https:\/\/portaltela.pt\/s.01k8rhncp4jt1\/2025\/11\/talking-bot-125x125.png\",\"caption\":\"Telinha\"},\"sameAs\":[\"https:\/\/portaltela.pt\/\"],\"url\":\"https:\/\/portaltela.pt\/por\/367410592786\/\"}]}<\/script>\n<!-- \/ Yoast SEO plugin. -->","yoast_head_json":{"title":"Imagens sugerem envolvimento dos EUA num ataque a escola no Ir\u00e3o - Portal Tela Portugal","robots":{"index":"index","follow":"follow","max-snippet":"max-snippet:-1","max-image-preview":"max-image-preview:large","max-video-preview":"max-video-preview:-1"},"og_locale":"pt_PT","og_type":"article","og_title":"Imagens sugerem envolvimento dos EUA num ataque a escola no Ir\u00e3o - Portal Tela Portugal","og_description":"Ataque a uma escola prim\u00e1ria feminina em Minab, no sul do Ir\u00e3o, no dia 28 de fevereiro, deixou cerca de 175 mortos. An\u00e1lises de imagens, v\u00eddeos eSat\u00e9lites realizados por \u00f3rg\u00e3os internacionais sugerem que os Estados Unidos foram os respons\u00e1veis. O The New York Times, com base em v\u00eddeos da Mehr News, indica que m\u00edsseis de cruzeiro Tomahawk atingiram infraestruturas de um complexo militar da Marinha da Guarda Revolucion\u00e1ria, junto \u00e0 escola Shajarah Tayyebeh. O Pent\u00e1gono j\u00e1 confirmou que Minab foi uma das localidades visadas nos bombardeamentos iniciais. As informa\u00e7\u00f5es s\u00e3o provenientes de fontes de imprensa internacionais e ve\u00edculos oficiais iranianos, sem confirma\u00e7\u00e3o independente adicional apresentada.","og_url":"https:\/\/portaltela.pt\/noticias\/2026\/03\/09\/imagens-sugerem-envolvimento-dos-eua-num-ataque-a-escola-no-irao\/","og_site_name":"Portal Tela Portugal","article_published_time":"2026-03-09T18:49:00+00:00","author":"Telinha","twitter_card":"summary_large_image","twitter_misc":{"Escrito por":"Telinha","Tempo estimado de leitura":"1 minuto"},"schema":{"@context":"https:\/\/schema.org","@graph":[{"@type":"Article","@id":"https:\/\/portaltela.pt\/noticias\/2026\/03\/09\/imagens-sugerem-envolvimento-dos-eua-num-ataque-a-escola-no-irao\/#article","isPartOf":{"@id":"https:\/\/portaltela.pt\/noticias\/2026\/03\/09\/imagens-sugerem-envolvimento-dos-eua-num-ataque-a-escola-no-irao\/"},"author":{"name":"Telinha","@id":"https:\/\/portaltela.pt\/#\/schema\/person\/c4278d4a6028830caff9ee44b42d32ed"},"headline":"Imagens sugerem envolvimento dos EUA num ataque a escola no Ir\u00e3o","datePublished":"2026-03-09T18:49:00+00:00","mainEntityOfPage":{"@id":"https:\/\/portaltela.pt\/noticias\/2026\/03\/09\/imagens-sugerem-envolvimento-dos-eua-num-ataque-a-escola-no-irao\/"},"wordCount":222,"image":{"@id":"https:\/\/portaltela.pt\/noticias\/2026\/03\/09\/imagens-sugerem-envolvimento-dos-eua-num-ataque-a-escola-no-irao\/#primaryimage"},"thumbnailUrl":"https:\/\/portaltela.pt\/s.01k8rhncp4jt1\/2026\/03\/dc697f33-a359-462e-a4b5-d76312251fc1_1200x675.jpg","keywords":["conflito internacional","Estados Unidos","guerra","\u00cdr\u00e1n","sat\u00e9lites","terrorismo"],"articleSection":["Geopol\u00edtica"],"inLanguage":"pt-PT"},{"@type":"WebPage","@id":"https:\/\/portaltela.pt\/noticias\/2026\/03\/09\/imagens-sugerem-envolvimento-dos-eua-num-ataque-a-escola-no-irao\/","url":"https:\/\/portaltela.pt\/noticias\/2026\/03\/09\/imagens-sugerem-envolvimento-dos-eua-num-ataque-a-escola-no-irao\/","name":"Imagens sugerem envolvimento dos EUA num ataque a escola no Ir\u00e3o - Portal Tela Portugal","isPartOf":{"@id":"https:\/\/portaltela.pt\/#website"},"primaryImageOfPage":{"@id":"https:\/\/portaltela.pt\/noticias\/2026\/03\/09\/imagens-sugerem-envolvimento-dos-eua-num-ataque-a-escola-no-irao\/#primaryimage"},"image":{"@id":"https:\/\/portaltela.pt\/noticias\/2026\/03\/09\/imagens-sugerem-envolvimento-dos-eua-num-ataque-a-escola-no-irao\/#primaryimage"},"thumbnailUrl":"https:\/\/portaltela.pt\/s.01k8rhncp4jt1\/2026\/03\/dc697f33-a359-462e-a4b5-d76312251fc1_1200x675.jpg","datePublished":"2026-03-09T18:49:00+00:00","author":{"@id":"https:\/\/portaltela.pt\/#\/schema\/person\/c4278d4a6028830caff9ee44b42d32ed"},"breadcrumb":{"@id":"https:\/\/portaltela.pt\/noticias\/2026\/03\/09\/imagens-sugerem-envolvimento-dos-eua-num-ataque-a-escola-no-irao\/#breadcrumb"},"inLanguage":"pt-PT","potentialAction":[{"@type":"ReadAction","target":["https:\/\/portaltela.pt\/noticias\/2026\/03\/09\/imagens-sugerem-envolvimento-dos-eua-num-ataque-a-escola-no-irao\/"]}]},{"@type":"ImageObject","inLanguage":"pt-PT","@id":"https:\/\/portaltela.pt\/noticias\/2026\/03\/09\/imagens-sugerem-envolvimento-dos-eua-num-ataque-a-escola-no-irao\/#primaryimage","url":"https:\/\/portaltela.pt\/s.01k8rhncp4jt1\/2026\/03\/dc697f33-a359-462e-a4b5-d76312251fc1_1200x675.jpg","contentUrl":"https:\/\/portaltela.pt\/s.01k8rhncp4jt1\/2026\/03\/dc697f33-a359-462e-a4b5-d76312251fc1_1200x675.jpg","width":796,"height":448,"caption":"Mulheres em luto durante funeral de crian\u00e7as mortas em bombardeamento \u00e0 escola em Minab"},{"@type":"BreadcrumbList","@id":"https:\/\/portaltela.pt\/noticias\/2026\/03\/09\/imagens-sugerem-envolvimento-dos-eua-num-ataque-a-escola-no-irao\/#breadcrumb","itemListElement":[{"@type":"ListItem","position":1,"name":"In\u00edcio","item":"https:\/\/portaltela.pt\/"},{"@type":"ListItem","position":2,"name":"Imagens sugerem envolvimento dos EUA num ataque a escola no Ir\u00e3o"}]},{"@type":"WebSite","@id":"https:\/\/portaltela.pt\/#website","url":"https:\/\/portaltela.pt\/","name":"Portal Tela Portugal","description":"","potentialAction":[{"@type":"SearchAction","target":{"@type":"EntryPoint","urlTemplate":"https:\/\/portaltela.pt\/?s={search_term_string}"},"query-input":{"@type":"PropertyValueSpecification","valueRequired":true,"valueName":"search_term_string"}}],"inLanguage":"pt-PT"},{"@type":"Person","@id":"https:\/\/portaltela.pt\/#\/schema\/person\/c4278d4a6028830caff9ee44b42d32ed","name":"Telinha","image":{"@type":"ImageObject","inLanguage":"pt-PT","@id":"https:\/\/portaltela.pt\/s.01k8rhncp4jt1\/2025\/11\/talking-bot-125x125.png","url":"https:\/\/portaltela.pt\/s.01k8rhncp4jt1\/2025\/11\/talking-bot-125x125.png","contentUrl":"https:\/\/portaltela.pt\/s.01k8rhncp4jt1\/2025\/11\/talking-bot-125x125.png","caption":"Telinha"},"sameAs":["https:\/\/portaltela.pt\/"],"url":"https:\/\/portaltela.pt\/por\/367410592786\/"}]}},"_links":{"self":[{"href":"https:\/\/portaltela.pt\/api\/wp\/v2\/posts\/403852","targetHints":{"allow":["GET"]}}],"collection":[{"href":"https:\/\/portaltela.pt\/api\/wp\/v2\/posts"}],"about":[{"href":"https:\/\/portaltela.pt\/api\/wp\/v2\/types\/post"}],"author":[{"embeddable":true,"href":"https:\/\/portaltela.pt\/api\/wp\/v2\/users\/2"}],"replies":[{"embeddable":true,"href":"https:\/\/portaltela.pt\/api\/wp\/v2\/comments?post=403852"}],"version-history":[{"count":0,"href":"https:\/\/portaltela.pt\/api\/wp\/v2\/posts\/403852\/revisions"}],"wp:featuredmedia":[{"embeddable":true,"href":"https:\/\/portaltela.pt\/api\/wp\/v2\/media\/403853"}],"wp:attachment":[{"href":"https:\/\/portaltela.pt\/api\/wp\/v2\/media?parent=403852"}],"wp:term":[{"taxonomy":"category","embeddable":true,"href":"https:\/\/portaltela.pt\/api\/wp\/v2\/categories?post=403852"},{"taxonomy":"post_tag","embeddable":true,"href":"https:\/\/portaltela.pt\/api\/wp\/v2\/tags?post=403852"}],"curies":[{"name":"wp","href":"https:\/\/api.w.org\/{rel}","templated":true}]}}