{"id":403847,"date":"2026-03-09T15:35:00","date_gmt":"2026-03-09T18:35:00","guid":{"rendered":"https:\/\/portaltela.pt\/noticias\/2026\/03\/09\/incendio-numa-fabrica-de-pellets-em-alcobaca-deixa-dois-feridos\/"},"modified":"2026-03-09T15:35:00","modified_gmt":"2026-03-09T18:35:00","slug":"incendio-numa-fabrica-de-pellets-em-alcobaca-deixa-dois-feridos","status":"publish","type":"post","link":"https:\/\/portaltela.pt\/noticias\/2026\/03\/09\/incendio-numa-fabrica-de-pellets-em-alcobaca-deixa-dois-feridos\/","title":{"rendered":"Inc\u00eandio numa f\u00e1brica de pellets em Alcoba\u00e7a deixa dois feridos"},"content":{"rendered":"<p>Foi registado um inc\u00eandio numa f\u00e1brica de pellets na zona industrial de Alcoba\u00e7a, que deixou dois trabalhadores feridos. O incidente ocorreu numa conduta da empresa, com ferimentos graves num homem de 42 anos e leves num outro de 32. Ambos foram transportados para o hospital de Leiria.<\/p>\n<p>O alerta foi dado \u00e0s 15:58. Os danos ficaram circunscritos \u00e0 zona da conduta, n\u00e3o tendo se registado preju\u00edzos alargados na instala\u00e7\u00e3o.<\/p>\n<p>No local estiveram 26 operacionais dos bombeiros de Alcoba\u00e7a, Pataias e Nazar\u00e9, apoiados por 10 viaturas. Contaram com a presen\u00e7a da VMER do hospital de Leiria e de apoio da GNR.<\/p>\n<h3>Desenvolvimento<\/h3>\n<p>As autoridades agiram de forma a controlar o fogo, que foi considerado resolvido \u00e0s 18:00. O objetivo foi evitar a propaga\u00e7\u00e3o e garantir a estabilidade da estrutura envolvida na opera\u00e7\u00e3o da f\u00e1brica.<\/p>\n","protected":false},"excerpt":{"rendered":"<ul>\n<li>Inc\u00eandio deflagrou numa conduta de uma f\u00e1brica de pellets na zona industrial de Alcoba\u00e7a, \u00e0s 15:58, com danos circunscritos a essa \u00e1rea.<\/li>\n<li>Dois trabalhadores ficaram feridos: um grave, com 42 anos, e outro leve, com 32 anos.<\/li>\n<li>Feridos foram transportados para o hospital de Leiria.<\/li>\n<li>O fogo ficou resolvido \u00e0s 18:00, com 26 operacionais dos bombeiros de Alcoba\u00e7a, Pataias e Nazar\u00e9, apoiados por 10 viaturas, e a VMER do hospital de Leiria.<\/li>\n<li>A presen\u00e7a de apoio incluiu a Guarda Nacional Republicana no local.<\/li>\n<\/ul>\n","protected":false},"author":2,"featured_media":403849,"comment_status":"closed","ping_status":"closed","sticky":false,"template":"","format":"standard","meta":{"footnotes":""},"categories":[6849,1],"tags":[2148,971,3449,3764,1438,1385],"class_list":["post-403847","post","type-post","status-publish","format-standard","has-post-thumbnail","hentry","category-acidentes","category-noticias","tag-alcobaca","tag-bombeiros","tag-feridos","tag-feridos-graves","tag-incendio","tag-leiria"],"yoast_head":"<!-- This site is optimized with the Yoast SEO plugin v27.2 - https:\/\/yoast.com\/product\/yoast-seo-wordpress\/ -->\n<title>Inc\u00eandio numa f\u00e1brica de pellets em Alcoba\u00e7a deixa dois feridos - Portal Tela Portugal<\/title>\n<meta name=\"robots\" content=\"index, follow, max-snippet:-1, max-image-preview:large, max-video-preview:-1\" \/>\n<meta property=\"og:locale\" content=\"pt_PT\" \/>\n<meta property=\"og:type\" content=\"article\" \/>\n<meta property=\"og:title\" content=\"Inc\u00eandio numa f\u00e1brica de pellets em Alcoba\u00e7a deixa dois feridos - Portal Tela Portugal\" \/>\n<meta property=\"og:description\" content=\"Inc\u00eandio deflagrou numa conduta de uma f\u00e1brica de pellets na zona industrial de Alcoba\u00e7a, \u00e0s 15:58, com danos circunscritos a essa \u00e1rea. Dois trabalhadores ficaram feridos: um grave, com 42 anos, e outro leve, com 32 anos. Feridos foram transportados para o hospital de Leiria. O fogo ficou resolvido \u00e0s 18:00, com 26 operacionais dos bombeiros de Alcoba\u00e7a, Pataias e Nazar\u00e9, apoiados por 10 viaturas, e a VMER do hospital de Leiria. A presen\u00e7a de apoio incluiu a Guarda Nacional Republicana no local.\" \/>\n<meta property=\"og:url\" content=\"https:\/\/portaltela.pt\/noticias\/2026\/03\/09\/incendio-numa-fabrica-de-pellets-em-alcobaca-deixa-dois-feridos\/\" \/>\n<meta property=\"og:site_name\" content=\"Portal Tela Portugal\" \/>\n<meta property=\"article:published_time\" content=\"2026-03-09T18:35:00+00:00\" \/>\n<meta name=\"author\" content=\"Telinha\" \/>\n<meta name=\"twitter:card\" content=\"summary_large_image\" \/>\n<meta name=\"twitter:label1\" content=\"Escrito por\" \/>\n\t<meta name=\"twitter:data1\" content=\"Telinha\" \/>\n\t<meta name=\"twitter:label2\" content=\"Tempo estimado de leitura\" \/>\n\t<meta name=\"twitter:data2\" content=\"1 minuto\" \/>\n<script type=\"application\/ld+json\" class=\"yoast-schema-graph\">{\"@context\":\"https:\/\/schema.org\",\"@graph\":[{\"@type\":\"Article\",\"@id\":\"https:\/\/portaltela.pt\/noticias\/2026\/03\/09\/incendio-numa-fabrica-de-pellets-em-alcobaca-deixa-dois-feridos\/#article\",\"isPartOf\":{\"@id\":\"https:\/\/portaltela.pt\/noticias\/2026\/03\/09\/incendio-numa-fabrica-de-pellets-em-alcobaca-deixa-dois-feridos\/\"},\"author\":{\"name\":\"Telinha\",\"@id\":\"https:\/\/portaltela.pt\/#\/schema\/person\/c4278d4a6028830caff9ee44b42d32ed\"},\"headline\":\"Inc\u00eandio numa f\u00e1brica de pellets em Alcoba\u00e7a deixa dois feridos\",\"datePublished\":\"2026-03-09T18:35:00+00:00\",\"mainEntityOfPage\":{\"@id\":\"https:\/\/portaltela.pt\/noticias\/2026\/03\/09\/incendio-numa-fabrica-de-pellets-em-alcobaca-deixa-dois-feridos\/\"},\"wordCount\":150,\"image\":{\"@id\":\"https:\/\/portaltela.pt\/noticias\/2026\/03\/09\/incendio-numa-fabrica-de-pellets-em-alcobaca-deixa-dois-feridos\/#primaryimage\"},\"thumbnailUrl\":\"https:\/\/portaltela.pt\/s.01k8rhncp4jt1\/2026\/03\/img_1500x1000uu2023-04-12-10-38-06-1322787.jpg\",\"keywords\":[\"Alcoba\u00e7a\",\"bombeiros\",\"feridos\",\"feridos graves\",\"inc\u00eandio\",\"Leiria\"],\"articleSection\":[\"Acidentes\",\"Not\u00edcias\"],\"inLanguage\":\"pt-PT\"},{\"@type\":\"WebPage\",\"@id\":\"https:\/\/portaltela.pt\/noticias\/2026\/03\/09\/incendio-numa-fabrica-de-pellets-em-alcobaca-deixa-dois-feridos\/\",\"url\":\"https:\/\/portaltela.pt\/noticias\/2026\/03\/09\/incendio-numa-fabrica-de-pellets-em-alcobaca-deixa-dois-feridos\/\",\"name\":\"Inc\u00eandio numa f\u00e1brica de pellets em Alcoba\u00e7a deixa dois feridos - Portal Tela Portugal\",\"isPartOf\":{\"@id\":\"https:\/\/portaltela.pt\/#website\"},\"primaryImageOfPage\":{\"@id\":\"https:\/\/portaltela.pt\/noticias\/2026\/03\/09\/incendio-numa-fabrica-de-pellets-em-alcobaca-deixa-dois-feridos\/#primaryimage\"},\"image\":{\"@id\":\"https:\/\/portaltela.pt\/noticias\/2026\/03\/09\/incendio-numa-fabrica-de-pellets-em-alcobaca-deixa-dois-feridos\/#primaryimage\"},\"thumbnailUrl\":\"https:\/\/portaltela.pt\/s.01k8rhncp4jt1\/2026\/03\/img_1500x1000uu2023-04-12-10-38-06-1322787.jpg\",\"datePublished\":\"2026-03-09T18:35:00+00:00\",\"author\":{\"@id\":\"https:\/\/portaltela.pt\/#\/schema\/person\/c4278d4a6028830caff9ee44b42d32ed\"},\"breadcrumb\":{\"@id\":\"https:\/\/portaltela.pt\/noticias\/2026\/03\/09\/incendio-numa-fabrica-de-pellets-em-alcobaca-deixa-dois-feridos\/#breadcrumb\"},\"inLanguage\":\"pt-PT\",\"potentialAction\":[{\"@type\":\"ReadAction\",\"target\":[\"https:\/\/portaltela.pt\/noticias\/2026\/03\/09\/incendio-numa-fabrica-de-pellets-em-alcobaca-deixa-dois-feridos\/\"]}]},{\"@type\":\"ImageObject\",\"inLanguage\":\"pt-PT\",\"@id\":\"https:\/\/portaltela.pt\/noticias\/2026\/03\/09\/incendio-numa-fabrica-de-pellets-em-alcobaca-deixa-dois-feridos\/#primaryimage\",\"url\":\"https:\/\/portaltela.pt\/s.01k8rhncp4jt1\/2026\/03\/img_1500x1000uu2023-04-12-10-38-06-1322787.jpg\",\"contentUrl\":\"https:\/\/portaltela.pt\/s.01k8rhncp4jt1\/2026\/03\/img_1500x1000uu2023-04-12-10-38-06-1322787.jpg\",\"width\":796,\"height\":448,\"caption\":\"Bombeiros\"},{\"@type\":\"BreadcrumbList\",\"@id\":\"https:\/\/portaltela.pt\/noticias\/2026\/03\/09\/incendio-numa-fabrica-de-pellets-em-alcobaca-deixa-dois-feridos\/#breadcrumb\",\"itemListElement\":[{\"@type\":\"ListItem\",\"position\":1,\"name\":\"In\u00edcio\",\"item\":\"https:\/\/portaltela.pt\/\"},{\"@type\":\"ListItem\",\"position\":2,\"name\":\"Inc\u00eandio numa f\u00e1brica de pellets em Alcoba\u00e7a deixa dois feridos\"}]},{\"@type\":\"WebSite\",\"@id\":\"https:\/\/portaltela.pt\/#website\",\"url\":\"https:\/\/portaltela.pt\/\",\"name\":\"Portal Tela Portugal\",\"description\":\"\",\"potentialAction\":[{\"@type\":\"SearchAction\",\"target\":{\"@type\":\"EntryPoint\",\"urlTemplate\":\"https:\/\/portaltela.pt\/?s={search_term_string}\"},\"query-input\":{\"@type\":\"PropertyValueSpecification\",\"valueRequired\":true,\"valueName\":\"search_term_string\"}}],\"inLanguage\":\"pt-PT\"},{\"@type\":\"Person\",\"@id\":\"https:\/\/portaltela.pt\/#\/schema\/person\/c4278d4a6028830caff9ee44b42d32ed\",\"name\":\"Telinha\",\"image\":{\"@type\":\"ImageObject\",\"inLanguage\":\"pt-PT\",\"@id\":\"https:\/\/portaltela.pt\/s.01k8rhncp4jt1\/2025\/11\/talking-bot-125x125.png\",\"url\":\"https:\/\/portaltela.pt\/s.01k8rhncp4jt1\/2025\/11\/talking-bot-125x125.png\",\"contentUrl\":\"https:\/\/portaltela.pt\/s.01k8rhncp4jt1\/2025\/11\/talking-bot-125x125.png\",\"caption\":\"Telinha\"},\"sameAs\":[\"https:\/\/portaltela.pt\/\"],\"url\":\"https:\/\/portaltela.pt\/por\/367410592786\/\"}]}<\/script>\n<!-- \/ Yoast SEO plugin. -->","yoast_head_json":{"title":"Inc\u00eandio numa f\u00e1brica de pellets em Alcoba\u00e7a deixa dois feridos - Portal Tela Portugal","robots":{"index":"index","follow":"follow","max-snippet":"max-snippet:-1","max-image-preview":"max-image-preview:large","max-video-preview":"max-video-preview:-1"},"og_locale":"pt_PT","og_type":"article","og_title":"Inc\u00eandio numa f\u00e1brica de pellets em Alcoba\u00e7a deixa dois feridos - Portal Tela Portugal","og_description":"Inc\u00eandio deflagrou numa conduta de uma f\u00e1brica de pellets na zona industrial de Alcoba\u00e7a, \u00e0s 15:58, com danos circunscritos a essa \u00e1rea. Dois trabalhadores ficaram feridos: um grave, com 42 anos, e outro leve, com 32 anos. Feridos foram transportados para o hospital de Leiria. O fogo ficou resolvido \u00e0s 18:00, com 26 operacionais dos bombeiros de Alcoba\u00e7a, Pataias e Nazar\u00e9, apoiados por 10 viaturas, e a VMER do hospital de Leiria. A presen\u00e7a de apoio incluiu a Guarda Nacional Republicana no local.","og_url":"https:\/\/portaltela.pt\/noticias\/2026\/03\/09\/incendio-numa-fabrica-de-pellets-em-alcobaca-deixa-dois-feridos\/","og_site_name":"Portal Tela Portugal","article_published_time":"2026-03-09T18:35:00+00:00","author":"Telinha","twitter_card":"summary_large_image","twitter_misc":{"Escrito por":"Telinha","Tempo estimado de leitura":"1 minuto"},"schema":{"@context":"https:\/\/schema.org","@graph":[{"@type":"Article","@id":"https:\/\/portaltela.pt\/noticias\/2026\/03\/09\/incendio-numa-fabrica-de-pellets-em-alcobaca-deixa-dois-feridos\/#article","isPartOf":{"@id":"https:\/\/portaltela.pt\/noticias\/2026\/03\/09\/incendio-numa-fabrica-de-pellets-em-alcobaca-deixa-dois-feridos\/"},"author":{"name":"Telinha","@id":"https:\/\/portaltela.pt\/#\/schema\/person\/c4278d4a6028830caff9ee44b42d32ed"},"headline":"Inc\u00eandio numa f\u00e1brica de pellets em Alcoba\u00e7a deixa dois feridos","datePublished":"2026-03-09T18:35:00+00:00","mainEntityOfPage":{"@id":"https:\/\/portaltela.pt\/noticias\/2026\/03\/09\/incendio-numa-fabrica-de-pellets-em-alcobaca-deixa-dois-feridos\/"},"wordCount":150,"image":{"@id":"https:\/\/portaltela.pt\/noticias\/2026\/03\/09\/incendio-numa-fabrica-de-pellets-em-alcobaca-deixa-dois-feridos\/#primaryimage"},"thumbnailUrl":"https:\/\/portaltela.pt\/s.01k8rhncp4jt1\/2026\/03\/img_1500x1000uu2023-04-12-10-38-06-1322787.jpg","keywords":["Alcoba\u00e7a","bombeiros","feridos","feridos graves","inc\u00eandio","Leiria"],"articleSection":["Acidentes","Not\u00edcias"],"inLanguage":"pt-PT"},{"@type":"WebPage","@id":"https:\/\/portaltela.pt\/noticias\/2026\/03\/09\/incendio-numa-fabrica-de-pellets-em-alcobaca-deixa-dois-feridos\/","url":"https:\/\/portaltela.pt\/noticias\/2026\/03\/09\/incendio-numa-fabrica-de-pellets-em-alcobaca-deixa-dois-feridos\/","name":"Inc\u00eandio numa f\u00e1brica de pellets em Alcoba\u00e7a deixa dois feridos - Portal Tela Portugal","isPartOf":{"@id":"https:\/\/portaltela.pt\/#website"},"primaryImageOfPage":{"@id":"https:\/\/portaltela.pt\/noticias\/2026\/03\/09\/incendio-numa-fabrica-de-pellets-em-alcobaca-deixa-dois-feridos\/#primaryimage"},"image":{"@id":"https:\/\/portaltela.pt\/noticias\/2026\/03\/09\/incendio-numa-fabrica-de-pellets-em-alcobaca-deixa-dois-feridos\/#primaryimage"},"thumbnailUrl":"https:\/\/portaltela.pt\/s.01k8rhncp4jt1\/2026\/03\/img_1500x1000uu2023-04-12-10-38-06-1322787.jpg","datePublished":"2026-03-09T18:35:00+00:00","author":{"@id":"https:\/\/portaltela.pt\/#\/schema\/person\/c4278d4a6028830caff9ee44b42d32ed"},"breadcrumb":{"@id":"https:\/\/portaltela.pt\/noticias\/2026\/03\/09\/incendio-numa-fabrica-de-pellets-em-alcobaca-deixa-dois-feridos\/#breadcrumb"},"inLanguage":"pt-PT","potentialAction":[{"@type":"ReadAction","target":["https:\/\/portaltela.pt\/noticias\/2026\/03\/09\/incendio-numa-fabrica-de-pellets-em-alcobaca-deixa-dois-feridos\/"]}]},{"@type":"ImageObject","inLanguage":"pt-PT","@id":"https:\/\/portaltela.pt\/noticias\/2026\/03\/09\/incendio-numa-fabrica-de-pellets-em-alcobaca-deixa-dois-feridos\/#primaryimage","url":"https:\/\/portaltela.pt\/s.01k8rhncp4jt1\/2026\/03\/img_1500x1000uu2023-04-12-10-38-06-1322787.jpg","contentUrl":"https:\/\/portaltela.pt\/s.01k8rhncp4jt1\/2026\/03\/img_1500x1000uu2023-04-12-10-38-06-1322787.jpg","width":796,"height":448,"caption":"Bombeiros"},{"@type":"BreadcrumbList","@id":"https:\/\/portaltela.pt\/noticias\/2026\/03\/09\/incendio-numa-fabrica-de-pellets-em-alcobaca-deixa-dois-feridos\/#breadcrumb","itemListElement":[{"@type":"ListItem","position":1,"name":"In\u00edcio","item":"https:\/\/portaltela.pt\/"},{"@type":"ListItem","position":2,"name":"Inc\u00eandio numa f\u00e1brica de pellets em Alcoba\u00e7a deixa dois feridos"}]},{"@type":"WebSite","@id":"https:\/\/portaltela.pt\/#website","url":"https:\/\/portaltela.pt\/","name":"Portal Tela Portugal","description":"","potentialAction":[{"@type":"SearchAction","target":{"@type":"EntryPoint","urlTemplate":"https:\/\/portaltela.pt\/?s={search_term_string}"},"query-input":{"@type":"PropertyValueSpecification","valueRequired":true,"valueName":"search_term_string"}}],"inLanguage":"pt-PT"},{"@type":"Person","@id":"https:\/\/portaltela.pt\/#\/schema\/person\/c4278d4a6028830caff9ee44b42d32ed","name":"Telinha","image":{"@type":"ImageObject","inLanguage":"pt-PT","@id":"https:\/\/portaltela.pt\/s.01k8rhncp4jt1\/2025\/11\/talking-bot-125x125.png","url":"https:\/\/portaltela.pt\/s.01k8rhncp4jt1\/2025\/11\/talking-bot-125x125.png","contentUrl":"https:\/\/portaltela.pt\/s.01k8rhncp4jt1\/2025\/11\/talking-bot-125x125.png","caption":"Telinha"},"sameAs":["https:\/\/portaltela.pt\/"],"url":"https:\/\/portaltela.pt\/por\/367410592786\/"}]}},"_links":{"self":[{"href":"https:\/\/portaltela.pt\/api\/wp\/v2\/posts\/403847","targetHints":{"allow":["GET"]}}],"collection":[{"href":"https:\/\/portaltela.pt\/api\/wp\/v2\/posts"}],"about":[{"href":"https:\/\/portaltela.pt\/api\/wp\/v2\/types\/post"}],"author":[{"embeddable":true,"href":"https:\/\/portaltela.pt\/api\/wp\/v2\/users\/2"}],"replies":[{"embeddable":true,"href":"https:\/\/portaltela.pt\/api\/wp\/v2\/comments?post=403847"}],"version-history":[{"count":0,"href":"https:\/\/portaltela.pt\/api\/wp\/v2\/posts\/403847\/revisions"}],"wp:featuredmedia":[{"embeddable":true,"href":"https:\/\/portaltela.pt\/api\/wp\/v2\/media\/403849"}],"wp:attachment":[{"href":"https:\/\/portaltela.pt\/api\/wp\/v2\/media?parent=403847"}],"wp:term":[{"taxonomy":"category","embeddable":true,"href":"https:\/\/portaltela.pt\/api\/wp\/v2\/categories?post=403847"},{"taxonomy":"post_tag","embeddable":true,"href":"https:\/\/portaltela.pt\/api\/wp\/v2\/tags?post=403847"}],"curies":[{"name":"wp","href":"https:\/\/api.w.org\/{rel}","templated":true}]}}