{"id":403840,"date":"2026-03-09T13:53:00","date_gmt":"2026-03-09T16:53:00","guid":{"rendered":"https:\/\/portaltela.pt\/noticias\/2026\/03\/09\/primeiro-ministro-sauda-novo-presidente-e-preve-cooperacao-institucional-leal\/"},"modified":"2026-03-09T13:53:00","modified_gmt":"2026-03-09T16:53:00","slug":"primeiro-ministro-sauda-novo-presidente-e-preve-cooperacao-institucional-leal","status":"publish","type":"post","link":"https:\/\/portaltela.pt\/noticias\/2026\/03\/09\/primeiro-ministro-sauda-novo-presidente-e-preve-cooperacao-institucional-leal\/","title":{"rendered":"Primeiro-ministro sa\u00fada novo Presidente e prev\u00ea coopera\u00e7\u00e3o institucional leal"},"content":{"rendered":"<p>O Primeiro-ministro saudou o novo Presidente da Rep\u00fablica, afirmando que espera uma coopera\u00e7\u00e3o institucional e pol\u00edtica leal entre os \u00f3rg\u00e3os de soberania. As declara\u00e7\u00f5es destacam uma vontade de trabalhar de forma conjunta para enfrentar desafios nacionais.<\/p>\n<p>Numa comunica\u00e7\u00e3o p\u00fablica, o l\u00edder do executivo expressou confian\u00e7a na continuidade de rela\u00e7\u00f5es institucionais est\u00e1veis, sem indicar diverg\u00eancias ou obst\u00e1culos. Os objetivos mencionados concentram-se em funcionamento adequado das institui\u00e7\u00f5es e di\u00e1logo entre poderes.<\/p>\n<p>Mais detalhes sobre as declara\u00e7\u00f5es e o contexto pol\u00edtico atual constam apenas para subscritores. A mat\u00e9ria permanece em atualiza\u00e7\u00e3o conforme novas informa\u00e7\u00f5es se tornam dispon\u00edveis.<\/p>\n","protected":false},"excerpt":{"rendered":"<ul>\n<li>O primeiro-ministro saudou o novo Presidente da Rep\u00fablica.<\/li>\n<li>Manifestou que h\u00e1 certeza de coopera\u00e7\u00e3o institucional e pol\u00edtica leal entre as partes.<\/li>\n<li>Assinalou compromisso com o funcionamento est\u00e1vel das institui\u00e7\u00f5es.<\/li>\n<li>O conte\u00fado completo est\u00e1 dispon\u00edvel apenas para subscritores.<\/li>\n<\/ul>\n","protected":false},"author":2,"featured_media":403846,"comment_status":"closed","ping_status":"closed","sticky":false,"template":"","format":"standard","meta":{"footnotes":""},"categories":[1],"tags":[4654,34,1144,2832,30,27],"class_list":["post-403840","post","type-post","status-publish","format-standard","has-post-thumbnail","hentry","category-noticias","tag-cooperacao-institucional","tag-governo","tag-instituicoes","tag-politica","tag-presidente","tag-relacoes-internacionais"],"yoast_head":"<!-- This site is optimized with the Yoast SEO plugin v27.2 - https:\/\/yoast.com\/product\/yoast-seo-wordpress\/ -->\n<title>Primeiro-ministro sa\u00fada novo Presidente e prev\u00ea coopera\u00e7\u00e3o institucional leal - Portal Tela Portugal<\/title>\n<meta name=\"robots\" content=\"index, follow, max-snippet:-1, max-image-preview:large, max-video-preview:-1\" \/>\n<meta property=\"og:locale\" content=\"pt_PT\" \/>\n<meta property=\"og:type\" content=\"article\" \/>\n<meta property=\"og:title\" content=\"Primeiro-ministro sa\u00fada novo Presidente e prev\u00ea coopera\u00e7\u00e3o institucional leal - Portal Tela Portugal\" \/>\n<meta property=\"og:description\" content=\"O primeiro-ministro saudou o novo Presidente da Rep\u00fablica. Manifestou que h\u00e1 certeza de coopera\u00e7\u00e3o institucional e pol\u00edtica leal entre as partes. Assinalou compromisso com o funcionamento est\u00e1vel das institui\u00e7\u00f5es. O conte\u00fado completo est\u00e1 dispon\u00edvel apenas para subscritores.\" \/>\n<meta property=\"og:url\" content=\"https:\/\/portaltela.pt\/noticias\/2026\/03\/09\/primeiro-ministro-sauda-novo-presidente-e-preve-cooperacao-institucional-leal\/\" \/>\n<meta property=\"og:site_name\" content=\"Portal Tela Portugal\" \/>\n<meta property=\"article:published_time\" content=\"2026-03-09T16:53:00+00:00\" \/>\n<meta name=\"author\" content=\"Telinha\" \/>\n<meta name=\"twitter:card\" content=\"summary_large_image\" \/>\n<meta name=\"twitter:label1\" content=\"Escrito por\" \/>\n\t<meta name=\"twitter:data1\" content=\"Telinha\" \/>\n\t<meta name=\"twitter:label2\" content=\"Tempo estimado de leitura\" \/>\n\t<meta name=\"twitter:data2\" content=\"1 minuto\" \/>\n<script type=\"application\/ld+json\" class=\"yoast-schema-graph\">{\"@context\":\"https:\/\/schema.org\",\"@graph\":[{\"@type\":\"Article\",\"@id\":\"https:\/\/portaltela.pt\/noticias\/2026\/03\/09\/primeiro-ministro-sauda-novo-presidente-e-preve-cooperacao-institucional-leal\/#article\",\"isPartOf\":{\"@id\":\"https:\/\/portaltela.pt\/noticias\/2026\/03\/09\/primeiro-ministro-sauda-novo-presidente-e-preve-cooperacao-institucional-leal\/\"},\"author\":{\"name\":\"Telinha\",\"@id\":\"https:\/\/portaltela.pt\/#\/schema\/person\/c4278d4a6028830caff9ee44b42d32ed\"},\"headline\":\"Primeiro-ministro sa\u00fada novo Presidente e prev\u00ea coopera\u00e7\u00e3o institucional leal\",\"datePublished\":\"2026-03-09T16:53:00+00:00\",\"mainEntityOfPage\":{\"@id\":\"https:\/\/portaltela.pt\/noticias\/2026\/03\/09\/primeiro-ministro-sauda-novo-presidente-e-preve-cooperacao-institucional-leal\/\"},\"wordCount\":126,\"image\":{\"@id\":\"https:\/\/portaltela.pt\/noticias\/2026\/03\/09\/primeiro-ministro-sauda-novo-presidente-e-preve-cooperacao-institucional-leal\/#primaryimage\"},\"thumbnailUrl\":\"https:\/\/portaltela.pt\/s.01k8rhncp4jt1\/2026\/03\/CACHE_780X1200_ANALOG_WATERMARKED_46716292_5442018_09032026120621.jpg\",\"keywords\":[\"coopera\u00e7\u00e3o institucional\",\"governo\",\"institui\u00e7\u00f5es\",\"pol\u00edtica\",\"presidente\",\"rela\u00e7\u00f5es internacionais\"],\"articleSection\":[\"Not\u00edcias\"],\"inLanguage\":\"pt-PT\"},{\"@type\":\"WebPage\",\"@id\":\"https:\/\/portaltela.pt\/noticias\/2026\/03\/09\/primeiro-ministro-sauda-novo-presidente-e-preve-cooperacao-institucional-leal\/\",\"url\":\"https:\/\/portaltela.pt\/noticias\/2026\/03\/09\/primeiro-ministro-sauda-novo-presidente-e-preve-cooperacao-institucional-leal\/\",\"name\":\"Primeiro-ministro sa\u00fada novo Presidente e prev\u00ea coopera\u00e7\u00e3o institucional leal - Portal Tela Portugal\",\"isPartOf\":{\"@id\":\"https:\/\/portaltela.pt\/#website\"},\"primaryImageOfPage\":{\"@id\":\"https:\/\/portaltela.pt\/noticias\/2026\/03\/09\/primeiro-ministro-sauda-novo-presidente-e-preve-cooperacao-institucional-leal\/#primaryimage\"},\"image\":{\"@id\":\"https:\/\/portaltela.pt\/noticias\/2026\/03\/09\/primeiro-ministro-sauda-novo-presidente-e-preve-cooperacao-institucional-leal\/#primaryimage\"},\"thumbnailUrl\":\"https:\/\/portaltela.pt\/s.01k8rhncp4jt1\/2026\/03\/CACHE_780X1200_ANALOG_WATERMARKED_46716292_5442018_09032026120621.jpg\",\"datePublished\":\"2026-03-09T16:53:00+00:00\",\"author\":{\"@id\":\"https:\/\/portaltela.pt\/#\/schema\/person\/c4278d4a6028830caff9ee44b42d32ed\"},\"breadcrumb\":{\"@id\":\"https:\/\/portaltela.pt\/noticias\/2026\/03\/09\/primeiro-ministro-sauda-novo-presidente-e-preve-cooperacao-institucional-leal\/#breadcrumb\"},\"inLanguage\":\"pt-PT\",\"potentialAction\":[{\"@type\":\"ReadAction\",\"target\":[\"https:\/\/portaltela.pt\/noticias\/2026\/03\/09\/primeiro-ministro-sauda-novo-presidente-e-preve-cooperacao-institucional-leal\/\"]}]},{\"@type\":\"ImageObject\",\"inLanguage\":\"pt-PT\",\"@id\":\"https:\/\/portaltela.pt\/noticias\/2026\/03\/09\/primeiro-ministro-sauda-novo-presidente-e-preve-cooperacao-institucional-leal\/#primaryimage\",\"url\":\"https:\/\/portaltela.pt\/s.01k8rhncp4jt1\/2026\/03\/CACHE_780X1200_ANALOG_WATERMARKED_46716292_5442018_09032026120621.jpg\",\"contentUrl\":\"https:\/\/portaltela.pt\/s.01k8rhncp4jt1\/2026\/03\/CACHE_780X1200_ANALOG_WATERMARKED_46716292_5442018_09032026120621.jpg\",\"width\":796,\"height\":448,\"caption\":\"Primeiro-ministro sa\u00fada o novo Presidente da Rep\u00fablica e diz-se certo de que haver\u00e1 coopera\u00e7\u00e3o institucional e pol\u00edtica leal\"},{\"@type\":\"BreadcrumbList\",\"@id\":\"https:\/\/portaltela.pt\/noticias\/2026\/03\/09\/primeiro-ministro-sauda-novo-presidente-e-preve-cooperacao-institucional-leal\/#breadcrumb\",\"itemListElement\":[{\"@type\":\"ListItem\",\"position\":1,\"name\":\"In\u00edcio\",\"item\":\"https:\/\/portaltela.pt\/\"},{\"@type\":\"ListItem\",\"position\":2,\"name\":\"Primeiro-ministro sa\u00fada novo Presidente e prev\u00ea coopera\u00e7\u00e3o institucional leal\"}]},{\"@type\":\"WebSite\",\"@id\":\"https:\/\/portaltela.pt\/#website\",\"url\":\"https:\/\/portaltela.pt\/\",\"name\":\"Portal Tela Portugal\",\"description\":\"\",\"potentialAction\":[{\"@type\":\"SearchAction\",\"target\":{\"@type\":\"EntryPoint\",\"urlTemplate\":\"https:\/\/portaltela.pt\/?s={search_term_string}\"},\"query-input\":{\"@type\":\"PropertyValueSpecification\",\"valueRequired\":true,\"valueName\":\"search_term_string\"}}],\"inLanguage\":\"pt-PT\"},{\"@type\":\"Person\",\"@id\":\"https:\/\/portaltela.pt\/#\/schema\/person\/c4278d4a6028830caff9ee44b42d32ed\",\"name\":\"Telinha\",\"image\":{\"@type\":\"ImageObject\",\"inLanguage\":\"pt-PT\",\"@id\":\"https:\/\/portaltela.pt\/s.01k8rhncp4jt1\/2025\/11\/talking-bot-125x125.png\",\"url\":\"https:\/\/portaltela.pt\/s.01k8rhncp4jt1\/2025\/11\/talking-bot-125x125.png\",\"contentUrl\":\"https:\/\/portaltela.pt\/s.01k8rhncp4jt1\/2025\/11\/talking-bot-125x125.png\",\"caption\":\"Telinha\"},\"sameAs\":[\"https:\/\/portaltela.pt\/\"],\"url\":\"https:\/\/portaltela.pt\/por\/367410592786\/\"}]}<\/script>\n<!-- \/ Yoast SEO plugin. -->","yoast_head_json":{"title":"Primeiro-ministro sa\u00fada novo Presidente e prev\u00ea coopera\u00e7\u00e3o institucional leal - Portal Tela Portugal","robots":{"index":"index","follow":"follow","max-snippet":"max-snippet:-1","max-image-preview":"max-image-preview:large","max-video-preview":"max-video-preview:-1"},"og_locale":"pt_PT","og_type":"article","og_title":"Primeiro-ministro sa\u00fada novo Presidente e prev\u00ea coopera\u00e7\u00e3o institucional leal - Portal Tela Portugal","og_description":"O primeiro-ministro saudou o novo Presidente da Rep\u00fablica. Manifestou que h\u00e1 certeza de coopera\u00e7\u00e3o institucional e pol\u00edtica leal entre as partes. Assinalou compromisso com o funcionamento est\u00e1vel das institui\u00e7\u00f5es. O conte\u00fado completo est\u00e1 dispon\u00edvel apenas para subscritores.","og_url":"https:\/\/portaltela.pt\/noticias\/2026\/03\/09\/primeiro-ministro-sauda-novo-presidente-e-preve-cooperacao-institucional-leal\/","og_site_name":"Portal Tela Portugal","article_published_time":"2026-03-09T16:53:00+00:00","author":"Telinha","twitter_card":"summary_large_image","twitter_misc":{"Escrito por":"Telinha","Tempo estimado de leitura":"1 minuto"},"schema":{"@context":"https:\/\/schema.org","@graph":[{"@type":"Article","@id":"https:\/\/portaltela.pt\/noticias\/2026\/03\/09\/primeiro-ministro-sauda-novo-presidente-e-preve-cooperacao-institucional-leal\/#article","isPartOf":{"@id":"https:\/\/portaltela.pt\/noticias\/2026\/03\/09\/primeiro-ministro-sauda-novo-presidente-e-preve-cooperacao-institucional-leal\/"},"author":{"name":"Telinha","@id":"https:\/\/portaltela.pt\/#\/schema\/person\/c4278d4a6028830caff9ee44b42d32ed"},"headline":"Primeiro-ministro sa\u00fada novo Presidente e prev\u00ea coopera\u00e7\u00e3o institucional leal","datePublished":"2026-03-09T16:53:00+00:00","mainEntityOfPage":{"@id":"https:\/\/portaltela.pt\/noticias\/2026\/03\/09\/primeiro-ministro-sauda-novo-presidente-e-preve-cooperacao-institucional-leal\/"},"wordCount":126,"image":{"@id":"https:\/\/portaltela.pt\/noticias\/2026\/03\/09\/primeiro-ministro-sauda-novo-presidente-e-preve-cooperacao-institucional-leal\/#primaryimage"},"thumbnailUrl":"https:\/\/portaltela.pt\/s.01k8rhncp4jt1\/2026\/03\/CACHE_780X1200_ANALOG_WATERMARKED_46716292_5442018_09032026120621.jpg","keywords":["coopera\u00e7\u00e3o institucional","governo","institui\u00e7\u00f5es","pol\u00edtica","presidente","rela\u00e7\u00f5es internacionais"],"articleSection":["Not\u00edcias"],"inLanguage":"pt-PT"},{"@type":"WebPage","@id":"https:\/\/portaltela.pt\/noticias\/2026\/03\/09\/primeiro-ministro-sauda-novo-presidente-e-preve-cooperacao-institucional-leal\/","url":"https:\/\/portaltela.pt\/noticias\/2026\/03\/09\/primeiro-ministro-sauda-novo-presidente-e-preve-cooperacao-institucional-leal\/","name":"Primeiro-ministro sa\u00fada novo Presidente e prev\u00ea coopera\u00e7\u00e3o institucional leal - Portal Tela Portugal","isPartOf":{"@id":"https:\/\/portaltela.pt\/#website"},"primaryImageOfPage":{"@id":"https:\/\/portaltela.pt\/noticias\/2026\/03\/09\/primeiro-ministro-sauda-novo-presidente-e-preve-cooperacao-institucional-leal\/#primaryimage"},"image":{"@id":"https:\/\/portaltela.pt\/noticias\/2026\/03\/09\/primeiro-ministro-sauda-novo-presidente-e-preve-cooperacao-institucional-leal\/#primaryimage"},"thumbnailUrl":"https:\/\/portaltela.pt\/s.01k8rhncp4jt1\/2026\/03\/CACHE_780X1200_ANALOG_WATERMARKED_46716292_5442018_09032026120621.jpg","datePublished":"2026-03-09T16:53:00+00:00","author":{"@id":"https:\/\/portaltela.pt\/#\/schema\/person\/c4278d4a6028830caff9ee44b42d32ed"},"breadcrumb":{"@id":"https:\/\/portaltela.pt\/noticias\/2026\/03\/09\/primeiro-ministro-sauda-novo-presidente-e-preve-cooperacao-institucional-leal\/#breadcrumb"},"inLanguage":"pt-PT","potentialAction":[{"@type":"ReadAction","target":["https:\/\/portaltela.pt\/noticias\/2026\/03\/09\/primeiro-ministro-sauda-novo-presidente-e-preve-cooperacao-institucional-leal\/"]}]},{"@type":"ImageObject","inLanguage":"pt-PT","@id":"https:\/\/portaltela.pt\/noticias\/2026\/03\/09\/primeiro-ministro-sauda-novo-presidente-e-preve-cooperacao-institucional-leal\/#primaryimage","url":"https:\/\/portaltela.pt\/s.01k8rhncp4jt1\/2026\/03\/CACHE_780X1200_ANALOG_WATERMARKED_46716292_5442018_09032026120621.jpg","contentUrl":"https:\/\/portaltela.pt\/s.01k8rhncp4jt1\/2026\/03\/CACHE_780X1200_ANALOG_WATERMARKED_46716292_5442018_09032026120621.jpg","width":796,"height":448,"caption":"Primeiro-ministro sa\u00fada o novo Presidente da Rep\u00fablica e diz-se certo de que haver\u00e1 coopera\u00e7\u00e3o institucional e pol\u00edtica leal"},{"@type":"BreadcrumbList","@id":"https:\/\/portaltela.pt\/noticias\/2026\/03\/09\/primeiro-ministro-sauda-novo-presidente-e-preve-cooperacao-institucional-leal\/#breadcrumb","itemListElement":[{"@type":"ListItem","position":1,"name":"In\u00edcio","item":"https:\/\/portaltela.pt\/"},{"@type":"ListItem","position":2,"name":"Primeiro-ministro sa\u00fada novo Presidente e prev\u00ea coopera\u00e7\u00e3o institucional leal"}]},{"@type":"WebSite","@id":"https:\/\/portaltela.pt\/#website","url":"https:\/\/portaltela.pt\/","name":"Portal Tela Portugal","description":"","potentialAction":[{"@type":"SearchAction","target":{"@type":"EntryPoint","urlTemplate":"https:\/\/portaltela.pt\/?s={search_term_string}"},"query-input":{"@type":"PropertyValueSpecification","valueRequired":true,"valueName":"search_term_string"}}],"inLanguage":"pt-PT"},{"@type":"Person","@id":"https:\/\/portaltela.pt\/#\/schema\/person\/c4278d4a6028830caff9ee44b42d32ed","name":"Telinha","image":{"@type":"ImageObject","inLanguage":"pt-PT","@id":"https:\/\/portaltela.pt\/s.01k8rhncp4jt1\/2025\/11\/talking-bot-125x125.png","url":"https:\/\/portaltela.pt\/s.01k8rhncp4jt1\/2025\/11\/talking-bot-125x125.png","contentUrl":"https:\/\/portaltela.pt\/s.01k8rhncp4jt1\/2025\/11\/talking-bot-125x125.png","caption":"Telinha"},"sameAs":["https:\/\/portaltela.pt\/"],"url":"https:\/\/portaltela.pt\/por\/367410592786\/"}]}},"_links":{"self":[{"href":"https:\/\/portaltela.pt\/api\/wp\/v2\/posts\/403840","targetHints":{"allow":["GET"]}}],"collection":[{"href":"https:\/\/portaltela.pt\/api\/wp\/v2\/posts"}],"about":[{"href":"https:\/\/portaltela.pt\/api\/wp\/v2\/types\/post"}],"author":[{"embeddable":true,"href":"https:\/\/portaltela.pt\/api\/wp\/v2\/users\/2"}],"replies":[{"embeddable":true,"href":"https:\/\/portaltela.pt\/api\/wp\/v2\/comments?post=403840"}],"version-history":[{"count":0,"href":"https:\/\/portaltela.pt\/api\/wp\/v2\/posts\/403840\/revisions"}],"wp:featuredmedia":[{"embeddable":true,"href":"https:\/\/portaltela.pt\/api\/wp\/v2\/media\/403846"}],"wp:attachment":[{"href":"https:\/\/portaltela.pt\/api\/wp\/v2\/media?parent=403840"}],"wp:term":[{"taxonomy":"category","embeddable":true,"href":"https:\/\/portaltela.pt\/api\/wp\/v2\/categories?post=403840"},{"taxonomy":"post_tag","embeddable":true,"href":"https:\/\/portaltela.pt\/api\/wp\/v2\/tags?post=403840"}],"curies":[{"name":"wp","href":"https:\/\/api.w.org\/{rel}","templated":true}]}}