{"id":403835,"date":"2026-03-09T15:22:00","date_gmt":"2026-03-09T18:22:00","guid":{"rendered":"https:\/\/portaltela.pt\/noticias\/2026\/03\/09\/aterro-sanitario-do-sotavento-algarvio-a-beira-do-colapso\/"},"modified":"2026-03-09T15:22:00","modified_gmt":"2026-03-09T18:22:00","slug":"aterro-sanitario-do-sotavento-algarvio-a-beira-do-colapso","status":"publish","type":"post","link":"https:\/\/portaltela.pt\/noticias\/2026\/03\/09\/aterro-sanitario-do-sotavento-algarvio-a-beira-do-colapso\/","title":{"rendered":"Aterro sanit\u00e1rio do Sotavento Algarvio \u00e0 beira do colapso"},"content":{"rendered":"<p>No aterro sanit\u00e1rio do sotavento algarvio, a capacidade atual est\u00e1 pr\u00f3xima do limite. S\u00f3 20% dos 150 mil toneladas de lixo recebidas anualmente passam pela triagem, enquanto a restante massa \u00e9 depositada sem tratamento adequado. A infraestrutura, situada na serra do Caldeir\u00e3o, enfrenta fim de vida e n\u00e3o h\u00e1 espa\u00e7o para expans\u00e3o sem alterar a \u00e1rea protegida.<\/p>\n<p>A expans\u00e3o prevista envolve mais 4,6 hectares em zona inserida na Rede Natura 2000, com status de Zona Especial de Conserva\u00e7\u00e3o e Zona de Prote\u00e7\u00e3o. O projeto \u00e9 alvo de discuss\u00e3o p\u00fablica ap\u00f3s a conclus\u00e3o da consulta ao Estudo de Impacte Ambiental, encerrada h\u00e1 cerca de um m\u00eas. A avalia\u00e7\u00e3o permanece sob an\u00e1lise das autoridades competentes.<\/p>\n<p>A Almargem afirma que a pr\u00e1tica atual \u00e9 ilegal e inaceit\u00e1vel, colocando em risco compromissos de Portugal com a Uni\u00e3o Europeia. A associa\u00e7\u00e3o aponta para o elevado registo de res\u00edduos sem triagem e para o estado de degrada\u00e7\u00e3o da infraestrutura, constru\u00edda h\u00e1 25 anos.<\/p>\n<p>Miguel Nunes, diretor da Algar, indica que o aterro pode colapsar entre cinco e seis anos se n\u00e3o houver solu\u00e7\u00f5es alternativas. Em debate promovido pela Causa P\u00fablica, Nunes responsabiliza a entidade reguladora pela defini\u00e7\u00e3o de investimentos, destacando que a decis\u00e3o final cabe a essa institui\u00e7\u00e3o.<\/p>\n<p>A taxa de res\u00edduos depositados sem triagem supera 80%, bem acima da m\u00e9dia nacional de cerca de 54%. Entidades locais e regionais s\u00e3o vistas como obligatory respons\u00e1veis pela gest\u00e3o do problema ambiental, social e sanit\u00e1rio da regi\u00e3o, segundo a Almargem.<\/p>\n<p>A associa\u00e7\u00e3o Zero, em parecer sobre a c\u00e9lula D da expans\u00e3o, sustenta que a documenta\u00e7\u00e3o de consulta p\u00fablica n\u00e3o demonstra tratamento pr\u00e9vio adequado para grande parte dos res\u00edduos urbanos. A Algar respondeu, em debate, que n\u00e3o \u00e9 poss\u00edvel oferecer servi\u00e7o de maior qualidade sem custos proporcionais, citando diferen\u00e7as de pr\u00e1tica entre Portugal e outros pa\u00edses.<\/p>\n<p>A assembleia municipal de Loul\u00e9 aprovou uma mo\u00e7\u00e3o que pede um plano concreto para o fim do aterro do sotavento algarvio. O texto ressalta que manter a atual estrat\u00e9gia de constru\u00e7\u00e3o de novas c\u00e9lulas agrava a press\u00e3o ambiental na Serra e questiona a efic\u00e1cia de um plano regional que n\u00e3o tenha sido implementado.<\/p>\n","protected":false},"excerpt":{"rendered":"<ul>\n<li>O aterro do sotavento algarvio recebe 150 mil toneladas de res\u00edduos por ano, e apenas cerca de 20% passam por triagem; 81,9% s\u00e3o depositados sem triagem.<\/li>\n<li>A infraestrutura est\u00e1 a chegar ao fim de vida, com planos de expans\u00e3o de mais 4,6 hectares numa \u00e1rea protegida da serra do Caldeir\u00e3o, inserida na Rede Natura 2000 (ZEC\/ZEP).<\/li>\n<li>A expira\u00e7\u00e3o da capacidade pode levar ao colapso da instala\u00e7\u00e3o em cinco a seis anos, a menos que surjam novas solu\u00e7\u00f5es; a decis\u00e3o de investimento depende da Entidade Reguladora dos Servi\u00e7os de \u00c1guas e Res\u00edduos (ERSAR).<\/li>\n<li>Associa\u00e7\u00f5es Almargem e Zero alertam para ilegalidade e riscos ambientais, sociais e sanit\u00e1rios, defendendo um plano regional para o encerramento do aterro.<\/li>\n<li>A assembleia municipal de Loul\u00e9 aprovou mo\u00e7\u00e3o pedindo um plano concreto para o fim do aterro, criticando a manuten\u00e7\u00e3o da situa\u00e7\u00e3o atual.<\/li>\n<\/ul>\n","protected":false},"author":2,"featured_media":403842,"comment_status":"closed","ping_status":"closed","sticky":false,"template":"","format":"standard","meta":{"footnotes":""},"categories":[1],"tags":[928,2667,45,645,6926,2182],"class_list":["post-403835","post","type-post","status-publish","format-standard","has-post-thumbnail","hentry","category-noticias","tag-algarve","tag-gestao-de-residuos","tag-meio-ambiente","tag-residuos","tag-zona-de-protecao","tag-zona-especial-de-conservacao"],"yoast_head":"<!-- This site is optimized with the Yoast SEO plugin v27.2 - https:\/\/yoast.com\/product\/yoast-seo-wordpress\/ -->\n<title>Aterro sanit\u00e1rio do Sotavento Algarvio \u00e0 beira do colapso - Portal Tela Portugal<\/title>\n<meta name=\"robots\" content=\"index, follow, max-snippet:-1, max-image-preview:large, max-video-preview:-1\" \/>\n<meta property=\"og:locale\" content=\"pt_PT\" \/>\n<meta property=\"og:type\" content=\"article\" \/>\n<meta property=\"og:title\" content=\"Aterro sanit\u00e1rio do Sotavento Algarvio \u00e0 beira do colapso - Portal Tela Portugal\" \/>\n<meta property=\"og:description\" content=\"O aterro do sotavento algarvio recebe 150 mil toneladas de res\u00edduos por ano, e apenas cerca de 20% passam por triagem; 81,9% s\u00e3o depositados sem triagem. A infraestrutura est\u00e1 a chegar ao fim de vida, com planos de expans\u00e3o de mais 4,6 hectares numa \u00e1rea protegida da serra do Caldeir\u00e3o, inserida na Rede Natura 2000 (ZEC\/ZEP). A expira\u00e7\u00e3o da capacidade pode levar ao colapso da instala\u00e7\u00e3o em cinco a seis anos, a menos que surjam novas solu\u00e7\u00f5es; a decis\u00e3o de investimento depende da Entidade Reguladora dos Servi\u00e7os de \u00c1guas e Res\u00edduos (ERSAR). Associa\u00e7\u00f5es Almargem e Zero alertam para ilegalidade e riscos ambientais, sociais e sanit\u00e1rios, defendendo um plano regional para o encerramento do aterro. A assembleia municipal de Loul\u00e9 aprovou mo\u00e7\u00e3o pedindo um plano concreto para o fim do aterro, criticando a manuten\u00e7\u00e3o da situa\u00e7\u00e3o atual.\" \/>\n<meta property=\"og:url\" content=\"https:\/\/portaltela.pt\/noticias\/2026\/03\/09\/aterro-sanitario-do-sotavento-algarvio-a-beira-do-colapso\/\" \/>\n<meta property=\"og:site_name\" content=\"Portal Tela Portugal\" \/>\n<meta property=\"article:published_time\" content=\"2026-03-09T18:22:00+00:00\" \/>\n<meta name=\"author\" content=\"Telinha\" \/>\n<meta name=\"twitter:card\" content=\"summary_large_image\" \/>\n<meta name=\"twitter:label1\" content=\"Escrito por\" \/>\n\t<meta name=\"twitter:data1\" content=\"Telinha\" \/>\n\t<meta name=\"twitter:label2\" content=\"Tempo estimado de leitura\" \/>\n\t<meta name=\"twitter:data2\" content=\"2 minutos\" \/>\n<script type=\"application\/ld+json\" class=\"yoast-schema-graph\">{\"@context\":\"https:\/\/schema.org\",\"@graph\":[{\"@type\":\"Article\",\"@id\":\"https:\/\/portaltela.pt\/noticias\/2026\/03\/09\/aterro-sanitario-do-sotavento-algarvio-a-beira-do-colapso\/#article\",\"isPartOf\":{\"@id\":\"https:\/\/portaltela.pt\/noticias\/2026\/03\/09\/aterro-sanitario-do-sotavento-algarvio-a-beira-do-colapso\/\"},\"author\":{\"name\":\"Telinha\",\"@id\":\"https:\/\/portaltela.pt\/#\/schema\/person\/c4278d4a6028830caff9ee44b42d32ed\"},\"headline\":\"Aterro sanit\u00e1rio do Sotavento Algarvio \u00e0 beira do colapso\",\"datePublished\":\"2026-03-09T18:22:00+00:00\",\"mainEntityOfPage\":{\"@id\":\"https:\/\/portaltela.pt\/noticias\/2026\/03\/09\/aterro-sanitario-do-sotavento-algarvio-a-beira-do-colapso\/\"},\"wordCount\":405,\"image\":{\"@id\":\"https:\/\/portaltela.pt\/noticias\/2026\/03\/09\/aterro-sanitario-do-sotavento-algarvio-a-beira-do-colapso\/#primaryimage\"},\"thumbnailUrl\":\"https:\/\/portaltela.pt\/s.01k8rhncp4jt1\/2026\/03\/2072916.jpg\",\"keywords\":[\"Algarve\",\"gest\u00e3o de res\u00edduos\",\"meio-ambiente\",\"res\u00edduos\",\"Zona de Prote\u00e7\u00e3o\",\"Zona Especial de Conserva\u00e7\u00e3o\"],\"articleSection\":[\"Not\u00edcias\"],\"inLanguage\":\"pt-PT\"},{\"@type\":\"WebPage\",\"@id\":\"https:\/\/portaltela.pt\/noticias\/2026\/03\/09\/aterro-sanitario-do-sotavento-algarvio-a-beira-do-colapso\/\",\"url\":\"https:\/\/portaltela.pt\/noticias\/2026\/03\/09\/aterro-sanitario-do-sotavento-algarvio-a-beira-do-colapso\/\",\"name\":\"Aterro sanit\u00e1rio do Sotavento Algarvio \u00e0 beira do colapso - Portal Tela Portugal\",\"isPartOf\":{\"@id\":\"https:\/\/portaltela.pt\/#website\"},\"primaryImageOfPage\":{\"@id\":\"https:\/\/portaltela.pt\/noticias\/2026\/03\/09\/aterro-sanitario-do-sotavento-algarvio-a-beira-do-colapso\/#primaryimage\"},\"image\":{\"@id\":\"https:\/\/portaltela.pt\/noticias\/2026\/03\/09\/aterro-sanitario-do-sotavento-algarvio-a-beira-do-colapso\/#primaryimage\"},\"thumbnailUrl\":\"https:\/\/portaltela.pt\/s.01k8rhncp4jt1\/2026\/03\/2072916.jpg\",\"datePublished\":\"2026-03-09T18:22:00+00:00\",\"author\":{\"@id\":\"https:\/\/portaltela.pt\/#\/schema\/person\/c4278d4a6028830caff9ee44b42d32ed\"},\"breadcrumb\":{\"@id\":\"https:\/\/portaltela.pt\/noticias\/2026\/03\/09\/aterro-sanitario-do-sotavento-algarvio-a-beira-do-colapso\/#breadcrumb\"},\"inLanguage\":\"pt-PT\",\"potentialAction\":[{\"@type\":\"ReadAction\",\"target\":[\"https:\/\/portaltela.pt\/noticias\/2026\/03\/09\/aterro-sanitario-do-sotavento-algarvio-a-beira-do-colapso\/\"]}]},{\"@type\":\"ImageObject\",\"inLanguage\":\"pt-PT\",\"@id\":\"https:\/\/portaltela.pt\/noticias\/2026\/03\/09\/aterro-sanitario-do-sotavento-algarvio-a-beira-do-colapso\/#primaryimage\",\"url\":\"https:\/\/portaltela.pt\/s.01k8rhncp4jt1\/2026\/03\/2072916.jpg\",\"contentUrl\":\"https:\/\/portaltela.pt\/s.01k8rhncp4jt1\/2026\/03\/2072916.jpg\",\"width\":796,\"height\":448,\"caption\":\"Os res\u00edduos v\u00e3o para o aterro sem tratamento\"},{\"@type\":\"BreadcrumbList\",\"@id\":\"https:\/\/portaltela.pt\/noticias\/2026\/03\/09\/aterro-sanitario-do-sotavento-algarvio-a-beira-do-colapso\/#breadcrumb\",\"itemListElement\":[{\"@type\":\"ListItem\",\"position\":1,\"name\":\"In\u00edcio\",\"item\":\"https:\/\/portaltela.pt\/\"},{\"@type\":\"ListItem\",\"position\":2,\"name\":\"Aterro sanit\u00e1rio do Sotavento Algarvio \u00e0 beira do colapso\"}]},{\"@type\":\"WebSite\",\"@id\":\"https:\/\/portaltela.pt\/#website\",\"url\":\"https:\/\/portaltela.pt\/\",\"name\":\"Portal Tela Portugal\",\"description\":\"\",\"potentialAction\":[{\"@type\":\"SearchAction\",\"target\":{\"@type\":\"EntryPoint\",\"urlTemplate\":\"https:\/\/portaltela.pt\/?s={search_term_string}\"},\"query-input\":{\"@type\":\"PropertyValueSpecification\",\"valueRequired\":true,\"valueName\":\"search_term_string\"}}],\"inLanguage\":\"pt-PT\"},{\"@type\":\"Person\",\"@id\":\"https:\/\/portaltela.pt\/#\/schema\/person\/c4278d4a6028830caff9ee44b42d32ed\",\"name\":\"Telinha\",\"image\":{\"@type\":\"ImageObject\",\"inLanguage\":\"pt-PT\",\"@id\":\"https:\/\/portaltela.pt\/s.01k8rhncp4jt1\/2025\/11\/talking-bot-125x125.png\",\"url\":\"https:\/\/portaltela.pt\/s.01k8rhncp4jt1\/2025\/11\/talking-bot-125x125.png\",\"contentUrl\":\"https:\/\/portaltela.pt\/s.01k8rhncp4jt1\/2025\/11\/talking-bot-125x125.png\",\"caption\":\"Telinha\"},\"sameAs\":[\"https:\/\/portaltela.pt\/\"],\"url\":\"https:\/\/portaltela.pt\/por\/367410592786\/\"}]}<\/script>\n<!-- \/ Yoast SEO plugin. -->","yoast_head_json":{"title":"Aterro sanit\u00e1rio do Sotavento Algarvio \u00e0 beira do colapso - Portal Tela Portugal","robots":{"index":"index","follow":"follow","max-snippet":"max-snippet:-1","max-image-preview":"max-image-preview:large","max-video-preview":"max-video-preview:-1"},"og_locale":"pt_PT","og_type":"article","og_title":"Aterro sanit\u00e1rio do Sotavento Algarvio \u00e0 beira do colapso - Portal Tela Portugal","og_description":"O aterro do sotavento algarvio recebe 150 mil toneladas de res\u00edduos por ano, e apenas cerca de 20% passam por triagem; 81,9% s\u00e3o depositados sem triagem. A infraestrutura est\u00e1 a chegar ao fim de vida, com planos de expans\u00e3o de mais 4,6 hectares numa \u00e1rea protegida da serra do Caldeir\u00e3o, inserida na Rede Natura 2000 (ZEC\/ZEP). A expira\u00e7\u00e3o da capacidade pode levar ao colapso da instala\u00e7\u00e3o em cinco a seis anos, a menos que surjam novas solu\u00e7\u00f5es; a decis\u00e3o de investimento depende da Entidade Reguladora dos Servi\u00e7os de \u00c1guas e Res\u00edduos (ERSAR). Associa\u00e7\u00f5es Almargem e Zero alertam para ilegalidade e riscos ambientais, sociais e sanit\u00e1rios, defendendo um plano regional para o encerramento do aterro. A assembleia municipal de Loul\u00e9 aprovou mo\u00e7\u00e3o pedindo um plano concreto para o fim do aterro, criticando a manuten\u00e7\u00e3o da situa\u00e7\u00e3o atual.","og_url":"https:\/\/portaltela.pt\/noticias\/2026\/03\/09\/aterro-sanitario-do-sotavento-algarvio-a-beira-do-colapso\/","og_site_name":"Portal Tela Portugal","article_published_time":"2026-03-09T18:22:00+00:00","author":"Telinha","twitter_card":"summary_large_image","twitter_misc":{"Escrito por":"Telinha","Tempo estimado de leitura":"2 minutos"},"schema":{"@context":"https:\/\/schema.org","@graph":[{"@type":"Article","@id":"https:\/\/portaltela.pt\/noticias\/2026\/03\/09\/aterro-sanitario-do-sotavento-algarvio-a-beira-do-colapso\/#article","isPartOf":{"@id":"https:\/\/portaltela.pt\/noticias\/2026\/03\/09\/aterro-sanitario-do-sotavento-algarvio-a-beira-do-colapso\/"},"author":{"name":"Telinha","@id":"https:\/\/portaltela.pt\/#\/schema\/person\/c4278d4a6028830caff9ee44b42d32ed"},"headline":"Aterro sanit\u00e1rio do Sotavento Algarvio \u00e0 beira do colapso","datePublished":"2026-03-09T18:22:00+00:00","mainEntityOfPage":{"@id":"https:\/\/portaltela.pt\/noticias\/2026\/03\/09\/aterro-sanitario-do-sotavento-algarvio-a-beira-do-colapso\/"},"wordCount":405,"image":{"@id":"https:\/\/portaltela.pt\/noticias\/2026\/03\/09\/aterro-sanitario-do-sotavento-algarvio-a-beira-do-colapso\/#primaryimage"},"thumbnailUrl":"https:\/\/portaltela.pt\/s.01k8rhncp4jt1\/2026\/03\/2072916.jpg","keywords":["Algarve","gest\u00e3o de res\u00edduos","meio-ambiente","res\u00edduos","Zona de Prote\u00e7\u00e3o","Zona Especial de Conserva\u00e7\u00e3o"],"articleSection":["Not\u00edcias"],"inLanguage":"pt-PT"},{"@type":"WebPage","@id":"https:\/\/portaltela.pt\/noticias\/2026\/03\/09\/aterro-sanitario-do-sotavento-algarvio-a-beira-do-colapso\/","url":"https:\/\/portaltela.pt\/noticias\/2026\/03\/09\/aterro-sanitario-do-sotavento-algarvio-a-beira-do-colapso\/","name":"Aterro sanit\u00e1rio do Sotavento Algarvio \u00e0 beira do colapso - Portal Tela Portugal","isPartOf":{"@id":"https:\/\/portaltela.pt\/#website"},"primaryImageOfPage":{"@id":"https:\/\/portaltela.pt\/noticias\/2026\/03\/09\/aterro-sanitario-do-sotavento-algarvio-a-beira-do-colapso\/#primaryimage"},"image":{"@id":"https:\/\/portaltela.pt\/noticias\/2026\/03\/09\/aterro-sanitario-do-sotavento-algarvio-a-beira-do-colapso\/#primaryimage"},"thumbnailUrl":"https:\/\/portaltela.pt\/s.01k8rhncp4jt1\/2026\/03\/2072916.jpg","datePublished":"2026-03-09T18:22:00+00:00","author":{"@id":"https:\/\/portaltela.pt\/#\/schema\/person\/c4278d4a6028830caff9ee44b42d32ed"},"breadcrumb":{"@id":"https:\/\/portaltela.pt\/noticias\/2026\/03\/09\/aterro-sanitario-do-sotavento-algarvio-a-beira-do-colapso\/#breadcrumb"},"inLanguage":"pt-PT","potentialAction":[{"@type":"ReadAction","target":["https:\/\/portaltela.pt\/noticias\/2026\/03\/09\/aterro-sanitario-do-sotavento-algarvio-a-beira-do-colapso\/"]}]},{"@type":"ImageObject","inLanguage":"pt-PT","@id":"https:\/\/portaltela.pt\/noticias\/2026\/03\/09\/aterro-sanitario-do-sotavento-algarvio-a-beira-do-colapso\/#primaryimage","url":"https:\/\/portaltela.pt\/s.01k8rhncp4jt1\/2026\/03\/2072916.jpg","contentUrl":"https:\/\/portaltela.pt\/s.01k8rhncp4jt1\/2026\/03\/2072916.jpg","width":796,"height":448,"caption":"Os res\u00edduos v\u00e3o para o aterro sem tratamento"},{"@type":"BreadcrumbList","@id":"https:\/\/portaltela.pt\/noticias\/2026\/03\/09\/aterro-sanitario-do-sotavento-algarvio-a-beira-do-colapso\/#breadcrumb","itemListElement":[{"@type":"ListItem","position":1,"name":"In\u00edcio","item":"https:\/\/portaltela.pt\/"},{"@type":"ListItem","position":2,"name":"Aterro sanit\u00e1rio do Sotavento Algarvio \u00e0 beira do colapso"}]},{"@type":"WebSite","@id":"https:\/\/portaltela.pt\/#website","url":"https:\/\/portaltela.pt\/","name":"Portal Tela Portugal","description":"","potentialAction":[{"@type":"SearchAction","target":{"@type":"EntryPoint","urlTemplate":"https:\/\/portaltela.pt\/?s={search_term_string}"},"query-input":{"@type":"PropertyValueSpecification","valueRequired":true,"valueName":"search_term_string"}}],"inLanguage":"pt-PT"},{"@type":"Person","@id":"https:\/\/portaltela.pt\/#\/schema\/person\/c4278d4a6028830caff9ee44b42d32ed","name":"Telinha","image":{"@type":"ImageObject","inLanguage":"pt-PT","@id":"https:\/\/portaltela.pt\/s.01k8rhncp4jt1\/2025\/11\/talking-bot-125x125.png","url":"https:\/\/portaltela.pt\/s.01k8rhncp4jt1\/2025\/11\/talking-bot-125x125.png","contentUrl":"https:\/\/portaltela.pt\/s.01k8rhncp4jt1\/2025\/11\/talking-bot-125x125.png","caption":"Telinha"},"sameAs":["https:\/\/portaltela.pt\/"],"url":"https:\/\/portaltela.pt\/por\/367410592786\/"}]}},"_links":{"self":[{"href":"https:\/\/portaltela.pt\/api\/wp\/v2\/posts\/403835","targetHints":{"allow":["GET"]}}],"collection":[{"href":"https:\/\/portaltela.pt\/api\/wp\/v2\/posts"}],"about":[{"href":"https:\/\/portaltela.pt\/api\/wp\/v2\/types\/post"}],"author":[{"embeddable":true,"href":"https:\/\/portaltela.pt\/api\/wp\/v2\/users\/2"}],"replies":[{"embeddable":true,"href":"https:\/\/portaltela.pt\/api\/wp\/v2\/comments?post=403835"}],"version-history":[{"count":0,"href":"https:\/\/portaltela.pt\/api\/wp\/v2\/posts\/403835\/revisions"}],"wp:featuredmedia":[{"embeddable":true,"href":"https:\/\/portaltela.pt\/api\/wp\/v2\/media\/403842"}],"wp:attachment":[{"href":"https:\/\/portaltela.pt\/api\/wp\/v2\/media?parent=403835"}],"wp:term":[{"taxonomy":"category","embeddable":true,"href":"https:\/\/portaltela.pt\/api\/wp\/v2\/categories?post=403835"},{"taxonomy":"post_tag","embeddable":true,"href":"https:\/\/portaltela.pt\/api\/wp\/v2\/tags?post=403835"}],"curies":[{"name":"wp","href":"https:\/\/api.w.org\/{rel}","templated":true}]}}