{"id":403811,"date":"2026-03-09T15:09:00","date_gmt":"2026-03-09T18:09:00","guid":{"rendered":"https:\/\/portaltela.pt\/noticias\/2026\/03\/09\/constitucional-diz-montenegro-entregou-recurso-sobre-spinumviva-fora-de-prazo\/"},"modified":"2026-03-09T15:09:00","modified_gmt":"2026-03-09T18:09:00","slug":"constitucional-diz-montenegro-entregou-recurso-sobre-spinumviva-fora-de-prazo","status":"publish","type":"post","link":"https:\/\/portaltela.pt\/noticias\/2026\/03\/09\/constitucional-diz-montenegro-entregou-recurso-sobre-spinumviva-fora-de-prazo\/","title":{"rendered":"Constitucional diz Montenegro entregou recurso sobre Spinumviva fora de prazo"},"content":{"rendered":"<p>O Tribunal Constitucional informou nesta segunda-feira que rejeitou o recurso de Lu\u00eds Montenegro sobre a divulga\u00e7\u00e3o dos clientes da consultora Spinumviva, por ter sido apresentado fora do prazo legal.<\/p>\n<p>A rejei\u00e7\u00e3o decorre do facto de o recurso ter sido apresentado fora do prazo, hip\u00f3tese em que o tribunal n\u00e3o analisa o m\u00e9rito da decis\u00e3o contestada.<\/p>\n<p>O texto explica ainda que a argumenta\u00e7\u00e3o apresentada n\u00e3o salvaguarda o cumprimento do prazo processual aplic\u00e1vel.<\/p>\n<p>Foi esclarecido que quem assinou o recurso foi o pr\u00f3prio primeiro-ministro, e n\u00e3o um advogado por ele indicado em representa\u00e7\u00e3o.<\/p>\n<p>O caso envolve a divulga\u00e7\u00e3o de clientes da Spinumviva e tem como contexto a atua\u00e7\u00e3o do Pal\u00e1cio Ratton no processo.<\/p>\n","protected":false},"excerpt":{"rendered":"<ul>\n<li>O Tribunal Constitucional rejeitou o recurso de Lu\u00eds Montenegro sobre a divulga\u00e7\u00e3o dos clientes da consultora Spinumviva.<\/li>\n<li>A decis\u00e3o baseia-se no facto de o recurso ter sido entregue fora do prazo legal.<\/li>\n<li>O TC esclareceu que quem assina o recurso \u00e9 o pr\u00f3prio primeiro-ministro, e n\u00e3o um advogado em sua representa\u00e7\u00e3o.<\/li>\n<li>Montenegro n\u00e3o concorda com a rejei\u00e7\u00e3o, que foi proferida pelos ju\u00edzes do Pal\u00e1cio Ratton.<\/li>\n<\/ul>\n","protected":false},"author":2,"featured_media":403816,"comment_status":"closed","ping_status":"closed","sticky":false,"template":"","format":"standard","meta":{"footnotes":""},"categories":[1],"tags":[4057,34,3439,3111,2832,6208],"class_list":["post-403811","post","type-post","status-publish","format-standard","has-post-thumbnail","hentry","category-noticias","tag-constituicao","tag-governo","tag-luis-montenegro","tag-montenegro","tag-politica","tag-tribunais"],"yoast_head":"<!-- This site is optimized with the Yoast SEO plugin v27.2 - https:\/\/yoast.com\/product\/yoast-seo-wordpress\/ -->\n<title>Constitucional diz Montenegro entregou recurso sobre Spinumviva fora de prazo - Portal Tela Portugal<\/title>\n<meta name=\"robots\" content=\"index, follow, max-snippet:-1, max-image-preview:large, max-video-preview:-1\" \/>\n<meta property=\"og:locale\" content=\"pt_PT\" \/>\n<meta property=\"og:type\" content=\"article\" \/>\n<meta property=\"og:title\" content=\"Constitucional diz Montenegro entregou recurso sobre Spinumviva fora de prazo - Portal Tela Portugal\" \/>\n<meta property=\"og:description\" content=\"O Tribunal Constitucional rejeitou o recurso de Lu\u00eds Montenegro sobre a divulga\u00e7\u00e3o dos clientes da consultora Spinumviva. A decis\u00e3o baseia-se no facto de o recurso ter sido entregue fora do prazo legal. O TC esclareceu que quem assina o recurso \u00e9 o pr\u00f3prio primeiro-ministro, e n\u00e3o um advogado em sua representa\u00e7\u00e3o. Montenegro n\u00e3o concorda com a rejei\u00e7\u00e3o, que foi proferida pelos ju\u00edzes do Pal\u00e1cio Ratton.\" \/>\n<meta property=\"og:url\" content=\"https:\/\/portaltela.pt\/noticias\/2026\/03\/09\/constitucional-diz-montenegro-entregou-recurso-sobre-spinumviva-fora-de-prazo\/\" \/>\n<meta property=\"og:site_name\" content=\"Portal Tela Portugal\" \/>\n<meta property=\"article:published_time\" content=\"2026-03-09T18:09:00+00:00\" \/>\n<meta name=\"author\" content=\"Telinha\" \/>\n<meta name=\"twitter:card\" content=\"summary_large_image\" \/>\n<meta name=\"twitter:label1\" content=\"Escrito por\" \/>\n\t<meta name=\"twitter:data1\" content=\"Telinha\" \/>\n\t<meta name=\"twitter:label2\" content=\"Tempo estimado de leitura\" \/>\n\t<meta name=\"twitter:data2\" content=\"1 minuto\" \/>\n<script type=\"application\/ld+json\" class=\"yoast-schema-graph\">{\"@context\":\"https:\/\/schema.org\",\"@graph\":[{\"@type\":\"Article\",\"@id\":\"https:\/\/portaltela.pt\/noticias\/2026\/03\/09\/constitucional-diz-montenegro-entregou-recurso-sobre-spinumviva-fora-de-prazo\/#article\",\"isPartOf\":{\"@id\":\"https:\/\/portaltela.pt\/noticias\/2026\/03\/09\/constitucional-diz-montenegro-entregou-recurso-sobre-spinumviva-fora-de-prazo\/\"},\"author\":{\"name\":\"Telinha\",\"@id\":\"https:\/\/portaltela.pt\/#\/schema\/person\/c4278d4a6028830caff9ee44b42d32ed\"},\"headline\":\"Constitucional diz Montenegro entregou recurso sobre Spinumviva fora de prazo\",\"datePublished\":\"2026-03-09T18:09:00+00:00\",\"mainEntityOfPage\":{\"@id\":\"https:\/\/portaltela.pt\/noticias\/2026\/03\/09\/constitucional-diz-montenegro-entregou-recurso-sobre-spinumviva-fora-de-prazo\/\"},\"wordCount\":137,\"image\":{\"@id\":\"https:\/\/portaltela.pt\/noticias\/2026\/03\/09\/constitucional-diz-montenegro-entregou-recurso-sobre-spinumviva-fora-de-prazo\/#primaryimage\"},\"thumbnailUrl\":\"https:\/\/portaltela.pt\/s.01k8rhncp4jt1\/2026\/03\/tpUHdbIMAGENStypeJPGshare1oBarraFacebook_Publico-11.jpg\",\"keywords\":[\"constitui\u00e7\u00e3o\",\"governo\",\"Lu\u00eds Montenegro\",\"Montenegro\",\"pol\u00edtica\",\"Tribunais\"],\"articleSection\":[\"Not\u00edcias\"],\"inLanguage\":\"pt-PT\"},{\"@type\":\"WebPage\",\"@id\":\"https:\/\/portaltela.pt\/noticias\/2026\/03\/09\/constitucional-diz-montenegro-entregou-recurso-sobre-spinumviva-fora-de-prazo\/\",\"url\":\"https:\/\/portaltela.pt\/noticias\/2026\/03\/09\/constitucional-diz-montenegro-entregou-recurso-sobre-spinumviva-fora-de-prazo\/\",\"name\":\"Constitucional diz Montenegro entregou recurso sobre Spinumviva fora de prazo - Portal Tela Portugal\",\"isPartOf\":{\"@id\":\"https:\/\/portaltela.pt\/#website\"},\"primaryImageOfPage\":{\"@id\":\"https:\/\/portaltela.pt\/noticias\/2026\/03\/09\/constitucional-diz-montenegro-entregou-recurso-sobre-spinumviva-fora-de-prazo\/#primaryimage\"},\"image\":{\"@id\":\"https:\/\/portaltela.pt\/noticias\/2026\/03\/09\/constitucional-diz-montenegro-entregou-recurso-sobre-spinumviva-fora-de-prazo\/#primaryimage\"},\"thumbnailUrl\":\"https:\/\/portaltela.pt\/s.01k8rhncp4jt1\/2026\/03\/tpUHdbIMAGENStypeJPGshare1oBarraFacebook_Publico-11.jpg\",\"datePublished\":\"2026-03-09T18:09:00+00:00\",\"author\":{\"@id\":\"https:\/\/portaltela.pt\/#\/schema\/person\/c4278d4a6028830caff9ee44b42d32ed\"},\"breadcrumb\":{\"@id\":\"https:\/\/portaltela.pt\/noticias\/2026\/03\/09\/constitucional-diz-montenegro-entregou-recurso-sobre-spinumviva-fora-de-prazo\/#breadcrumb\"},\"inLanguage\":\"pt-PT\",\"potentialAction\":[{\"@type\":\"ReadAction\",\"target\":[\"https:\/\/portaltela.pt\/noticias\/2026\/03\/09\/constitucional-diz-montenegro-entregou-recurso-sobre-spinumviva-fora-de-prazo\/\"]}]},{\"@type\":\"ImageObject\",\"inLanguage\":\"pt-PT\",\"@id\":\"https:\/\/portaltela.pt\/noticias\/2026\/03\/09\/constitucional-diz-montenegro-entregou-recurso-sobre-spinumviva-fora-de-prazo\/#primaryimage\",\"url\":\"https:\/\/portaltela.pt\/s.01k8rhncp4jt1\/2026\/03\/tpUHdbIMAGENStypeJPGshare1oBarraFacebook_Publico-11.jpg\",\"contentUrl\":\"https:\/\/portaltela.pt\/s.01k8rhncp4jt1\/2026\/03\/tpUHdbIMAGENStypeJPGshare1oBarraFacebook_Publico-11.jpg\",\"width\":1200,\"height\":630,\"caption\":\"O primeiro-ministro, Lu\u00eds Montenegro\"},{\"@type\":\"BreadcrumbList\",\"@id\":\"https:\/\/portaltela.pt\/noticias\/2026\/03\/09\/constitucional-diz-montenegro-entregou-recurso-sobre-spinumviva-fora-de-prazo\/#breadcrumb\",\"itemListElement\":[{\"@type\":\"ListItem\",\"position\":1,\"name\":\"In\u00edcio\",\"item\":\"https:\/\/portaltela.pt\/\"},{\"@type\":\"ListItem\",\"position\":2,\"name\":\"Constitucional diz Montenegro entregou recurso sobre Spinumviva fora de prazo\"}]},{\"@type\":\"WebSite\",\"@id\":\"https:\/\/portaltela.pt\/#website\",\"url\":\"https:\/\/portaltela.pt\/\",\"name\":\"Portal Tela Portugal\",\"description\":\"\",\"potentialAction\":[{\"@type\":\"SearchAction\",\"target\":{\"@type\":\"EntryPoint\",\"urlTemplate\":\"https:\/\/portaltela.pt\/?s={search_term_string}\"},\"query-input\":{\"@type\":\"PropertyValueSpecification\",\"valueRequired\":true,\"valueName\":\"search_term_string\"}}],\"inLanguage\":\"pt-PT\"},{\"@type\":\"Person\",\"@id\":\"https:\/\/portaltela.pt\/#\/schema\/person\/c4278d4a6028830caff9ee44b42d32ed\",\"name\":\"Telinha\",\"image\":{\"@type\":\"ImageObject\",\"inLanguage\":\"pt-PT\",\"@id\":\"https:\/\/portaltela.pt\/s.01k8rhncp4jt1\/2025\/11\/talking-bot-125x125.png\",\"url\":\"https:\/\/portaltela.pt\/s.01k8rhncp4jt1\/2025\/11\/talking-bot-125x125.png\",\"contentUrl\":\"https:\/\/portaltela.pt\/s.01k8rhncp4jt1\/2025\/11\/talking-bot-125x125.png\",\"caption\":\"Telinha\"},\"sameAs\":[\"https:\/\/portaltela.pt\/\"],\"url\":\"https:\/\/portaltela.pt\/por\/367410592786\/\"}]}<\/script>\n<!-- \/ Yoast SEO plugin. -->","yoast_head_json":{"title":"Constitucional diz Montenegro entregou recurso sobre Spinumviva fora de prazo - Portal Tela Portugal","robots":{"index":"index","follow":"follow","max-snippet":"max-snippet:-1","max-image-preview":"max-image-preview:large","max-video-preview":"max-video-preview:-1"},"og_locale":"pt_PT","og_type":"article","og_title":"Constitucional diz Montenegro entregou recurso sobre Spinumviva fora de prazo - Portal Tela Portugal","og_description":"O Tribunal Constitucional rejeitou o recurso de Lu\u00eds Montenegro sobre a divulga\u00e7\u00e3o dos clientes da consultora Spinumviva. A decis\u00e3o baseia-se no facto de o recurso ter sido entregue fora do prazo legal. O TC esclareceu que quem assina o recurso \u00e9 o pr\u00f3prio primeiro-ministro, e n\u00e3o um advogado em sua representa\u00e7\u00e3o. Montenegro n\u00e3o concorda com a rejei\u00e7\u00e3o, que foi proferida pelos ju\u00edzes do Pal\u00e1cio Ratton.","og_url":"https:\/\/portaltela.pt\/noticias\/2026\/03\/09\/constitucional-diz-montenegro-entregou-recurso-sobre-spinumviva-fora-de-prazo\/","og_site_name":"Portal Tela Portugal","article_published_time":"2026-03-09T18:09:00+00:00","author":"Telinha","twitter_card":"summary_large_image","twitter_misc":{"Escrito por":"Telinha","Tempo estimado de leitura":"1 minuto"},"schema":{"@context":"https:\/\/schema.org","@graph":[{"@type":"Article","@id":"https:\/\/portaltela.pt\/noticias\/2026\/03\/09\/constitucional-diz-montenegro-entregou-recurso-sobre-spinumviva-fora-de-prazo\/#article","isPartOf":{"@id":"https:\/\/portaltela.pt\/noticias\/2026\/03\/09\/constitucional-diz-montenegro-entregou-recurso-sobre-spinumviva-fora-de-prazo\/"},"author":{"name":"Telinha","@id":"https:\/\/portaltela.pt\/#\/schema\/person\/c4278d4a6028830caff9ee44b42d32ed"},"headline":"Constitucional diz Montenegro entregou recurso sobre Spinumviva fora de prazo","datePublished":"2026-03-09T18:09:00+00:00","mainEntityOfPage":{"@id":"https:\/\/portaltela.pt\/noticias\/2026\/03\/09\/constitucional-diz-montenegro-entregou-recurso-sobre-spinumviva-fora-de-prazo\/"},"wordCount":137,"image":{"@id":"https:\/\/portaltela.pt\/noticias\/2026\/03\/09\/constitucional-diz-montenegro-entregou-recurso-sobre-spinumviva-fora-de-prazo\/#primaryimage"},"thumbnailUrl":"https:\/\/portaltela.pt\/s.01k8rhncp4jt1\/2026\/03\/tpUHdbIMAGENStypeJPGshare1oBarraFacebook_Publico-11.jpg","keywords":["constitui\u00e7\u00e3o","governo","Lu\u00eds Montenegro","Montenegro","pol\u00edtica","Tribunais"],"articleSection":["Not\u00edcias"],"inLanguage":"pt-PT"},{"@type":"WebPage","@id":"https:\/\/portaltela.pt\/noticias\/2026\/03\/09\/constitucional-diz-montenegro-entregou-recurso-sobre-spinumviva-fora-de-prazo\/","url":"https:\/\/portaltela.pt\/noticias\/2026\/03\/09\/constitucional-diz-montenegro-entregou-recurso-sobre-spinumviva-fora-de-prazo\/","name":"Constitucional diz Montenegro entregou recurso sobre Spinumviva fora de prazo - Portal Tela Portugal","isPartOf":{"@id":"https:\/\/portaltela.pt\/#website"},"primaryImageOfPage":{"@id":"https:\/\/portaltela.pt\/noticias\/2026\/03\/09\/constitucional-diz-montenegro-entregou-recurso-sobre-spinumviva-fora-de-prazo\/#primaryimage"},"image":{"@id":"https:\/\/portaltela.pt\/noticias\/2026\/03\/09\/constitucional-diz-montenegro-entregou-recurso-sobre-spinumviva-fora-de-prazo\/#primaryimage"},"thumbnailUrl":"https:\/\/portaltela.pt\/s.01k8rhncp4jt1\/2026\/03\/tpUHdbIMAGENStypeJPGshare1oBarraFacebook_Publico-11.jpg","datePublished":"2026-03-09T18:09:00+00:00","author":{"@id":"https:\/\/portaltela.pt\/#\/schema\/person\/c4278d4a6028830caff9ee44b42d32ed"},"breadcrumb":{"@id":"https:\/\/portaltela.pt\/noticias\/2026\/03\/09\/constitucional-diz-montenegro-entregou-recurso-sobre-spinumviva-fora-de-prazo\/#breadcrumb"},"inLanguage":"pt-PT","potentialAction":[{"@type":"ReadAction","target":["https:\/\/portaltela.pt\/noticias\/2026\/03\/09\/constitucional-diz-montenegro-entregou-recurso-sobre-spinumviva-fora-de-prazo\/"]}]},{"@type":"ImageObject","inLanguage":"pt-PT","@id":"https:\/\/portaltela.pt\/noticias\/2026\/03\/09\/constitucional-diz-montenegro-entregou-recurso-sobre-spinumviva-fora-de-prazo\/#primaryimage","url":"https:\/\/portaltela.pt\/s.01k8rhncp4jt1\/2026\/03\/tpUHdbIMAGENStypeJPGshare1oBarraFacebook_Publico-11.jpg","contentUrl":"https:\/\/portaltela.pt\/s.01k8rhncp4jt1\/2026\/03\/tpUHdbIMAGENStypeJPGshare1oBarraFacebook_Publico-11.jpg","width":1200,"height":630,"caption":"O primeiro-ministro, Lu\u00eds Montenegro"},{"@type":"BreadcrumbList","@id":"https:\/\/portaltela.pt\/noticias\/2026\/03\/09\/constitucional-diz-montenegro-entregou-recurso-sobre-spinumviva-fora-de-prazo\/#breadcrumb","itemListElement":[{"@type":"ListItem","position":1,"name":"In\u00edcio","item":"https:\/\/portaltela.pt\/"},{"@type":"ListItem","position":2,"name":"Constitucional diz Montenegro entregou recurso sobre Spinumviva fora de prazo"}]},{"@type":"WebSite","@id":"https:\/\/portaltela.pt\/#website","url":"https:\/\/portaltela.pt\/","name":"Portal Tela Portugal","description":"","potentialAction":[{"@type":"SearchAction","target":{"@type":"EntryPoint","urlTemplate":"https:\/\/portaltela.pt\/?s={search_term_string}"},"query-input":{"@type":"PropertyValueSpecification","valueRequired":true,"valueName":"search_term_string"}}],"inLanguage":"pt-PT"},{"@type":"Person","@id":"https:\/\/portaltela.pt\/#\/schema\/person\/c4278d4a6028830caff9ee44b42d32ed","name":"Telinha","image":{"@type":"ImageObject","inLanguage":"pt-PT","@id":"https:\/\/portaltela.pt\/s.01k8rhncp4jt1\/2025\/11\/talking-bot-125x125.png","url":"https:\/\/portaltela.pt\/s.01k8rhncp4jt1\/2025\/11\/talking-bot-125x125.png","contentUrl":"https:\/\/portaltela.pt\/s.01k8rhncp4jt1\/2025\/11\/talking-bot-125x125.png","caption":"Telinha"},"sameAs":["https:\/\/portaltela.pt\/"],"url":"https:\/\/portaltela.pt\/por\/367410592786\/"}]}},"_links":{"self":[{"href":"https:\/\/portaltela.pt\/api\/wp\/v2\/posts\/403811","targetHints":{"allow":["GET"]}}],"collection":[{"href":"https:\/\/portaltela.pt\/api\/wp\/v2\/posts"}],"about":[{"href":"https:\/\/portaltela.pt\/api\/wp\/v2\/types\/post"}],"author":[{"embeddable":true,"href":"https:\/\/portaltela.pt\/api\/wp\/v2\/users\/2"}],"replies":[{"embeddable":true,"href":"https:\/\/portaltela.pt\/api\/wp\/v2\/comments?post=403811"}],"version-history":[{"count":0,"href":"https:\/\/portaltela.pt\/api\/wp\/v2\/posts\/403811\/revisions"}],"wp:featuredmedia":[{"embeddable":true,"href":"https:\/\/portaltela.pt\/api\/wp\/v2\/media\/403816"}],"wp:attachment":[{"href":"https:\/\/portaltela.pt\/api\/wp\/v2\/media?parent=403811"}],"wp:term":[{"taxonomy":"category","embeddable":true,"href":"https:\/\/portaltela.pt\/api\/wp\/v2\/categories?post=403811"},{"taxonomy":"post_tag","embeddable":true,"href":"https:\/\/portaltela.pt\/api\/wp\/v2\/tags?post=403811"}],"curies":[{"name":"wp","href":"https:\/\/api.w.org\/{rel}","templated":true}]}}