{"id":403740,"date":"2026-03-09T14:40:00","date_gmt":"2026-03-09T17:40:00","guid":{"rendered":"https:\/\/portaltela.pt\/noticias\/2026\/03\/09\/portugueses-pelo-mundo-regressa-a-rtp-em-curitiba\/"},"modified":"2026-03-09T14:40:00","modified_gmt":"2026-03-09T17:40:00","slug":"portugueses-pelo-mundo-regressa-a-rtp-em-curitiba","status":"publish","type":"post","link":"https:\/\/portaltela.pt\/noticias\/2026\/03\/09\/portugueses-pelo-mundo-regressa-a-rtp-em-curitiba\/","title":{"rendered":"Portugueses pelo Mundo regressa \u00e0 RTP em Curitiba"},"content":{"rendered":"<p>Em Curitiba, entre Afonsos e Capivaras, a nova temporada de Portugueses pelo Mundo &#8211; Comunidades chega \u00e0 RTP1 esta noite. O epis\u00f3dio de estreia acompanha a estreia de Paulo Moreira, guia improvisado portugu\u00eas com origem em Almada, j\u00e1 aos 54 anos, na cidade brasileira.<\/p>\n<p>A visita come\u00e7a na Rua XV de Novembro, o cal\u00e7ad\u00e3o com canteiros, e segue para o restaurante Afonsos. O percurso inclui \u00e1rvores do outono, um passeio em fam\u00edlia no parque Barigui e a observa\u00e7\u00e3o das capivaras, s\u00edmbolo local.<\/p>\n<h3>Participantes e percurso<\/h3>\n<p>Daniel Silva, 52 anos, nascido no Paran\u00e1, herdou o neg\u00f3cio de distribui\u00e7\u00e3o alimentar da fam\u00edlia. O epis\u00f3dio situa-se entre a Torre Panor\u00e2mica e o Museu Oscar Niemeyer, com uma conversa sobre as origens portuguesas.<\/p>\n<p>Gardpam, artista de rua, \u00e9 apresentado junto \u00e0 \u00d3pera do Arame, no entorno do Parque Jaime Lerner, destacando o peso da palavra saudade na comunidade.<\/p>\n<p>Am\u00e9lia Ferreira, 59 anos, licenciada em Mangualde, \u00e9 a \u201corgulhosa portuguesa\u201d que chega ao Mercado Municipal e depois revela o Jardim Bot\u00e2nico, onde fala do dia-a-dia da comunidade e da vida no restaurante Mercearia do Portugu\u00eas.<\/p>\n<h3>Registo e estreia<\/h3>\n<p>A terceira temporada de Portugueses pelo Mundo &#8211; Comunidades estreia na RTP1 nesta segunda-feira, \u00e0s 21h, ap\u00f3s o Telejornal, com uma grelha semanal de 12 epis\u00f3dios. Tamb\u00e9m fica dispon\u00edvel na RTP Play, com as temporadas anteriores. Pr\u00f3xima paragem: Durban, \u00c1frica do Sul, com bacalhau, desporto e mar.<\/p>\n","protected":false},"excerpt":{"rendered":"<ul>\n<li>A nova temporada de Portugueses pelo Mundo &#8211; Comunidades estreia hoje na RTP1, \u00e0s 21h, mantendo o formato semanal centrado nas comunidades portuguesas em cidades estrangeiras.<\/li>\n<li>Em Curitiba, o epis\u00f3dio \u00e9 guiado por Paulo Moreira, natural de Almada, que mostra a cidade desde a Rua XV de Novembro at\u00e9 o parque Barigui.<\/li>\n<li>O programa mostra diferentes perspetivas sobre a comunidade lusitana local, incluindo rec\u00e9m-chegados, portugueses de longa data e a segunda gera\u00e7\u00e3o.<\/li>\n<li>O roteiro passa pelo restaurante Afonsos, pela Torre Panor\u00e2mica, pelo Museu Oscar Niemeyer, pela \u00d3pera do Arame e pelo Jardim Bot\u00e2nico, com momentos de conviv\u00eancia e fala sobre saudade.<\/li>\n<li>A temporada, com cerca de uma d\u00fazia de epis\u00f3dios, fica dispon\u00edvel na RTP Play; a pr\u00f3xima paragem anunciada \u00e9 Durban, \u00c1frica do Sul, com bacalhau, desporto e mar.<\/li>\n<\/ul>\n","protected":false},"author":2,"featured_media":403745,"comment_status":"closed","ping_status":"closed","sticky":false,"template":"","format":"standard","meta":{"footnotes":""},"categories":[12,1],"tags":[2547,903,5548,145,1014,169],"class_list":["post-403740","post","type-post","status-publish","format-standard","has-post-thumbnail","hentry","category-entretenimento","category-noticias","tag-brasil","tag-comunidades","tag-comunidades-internacionais","tag-cultura","tag-portugal","tag-turismo"],"yoast_head":"<!-- This site is optimized with the Yoast SEO plugin v27.2 - https:\/\/yoast.com\/product\/yoast-seo-wordpress\/ -->\n<title>Portugueses pelo Mundo regressa \u00e0 RTP em Curitiba - Portal Tela Portugal<\/title>\n<meta name=\"robots\" content=\"index, follow, max-snippet:-1, max-image-preview:large, max-video-preview:-1\" \/>\n<meta property=\"og:locale\" content=\"pt_PT\" \/>\n<meta property=\"og:type\" content=\"article\" \/>\n<meta property=\"og:title\" content=\"Portugueses pelo Mundo regressa \u00e0 RTP em Curitiba - Portal Tela Portugal\" \/>\n<meta property=\"og:description\" content=\"A nova temporada de Portugueses pelo Mundo - Comunidades estreia hoje na RTP1, \u00e0s 21h, mantendo o formato semanal centrado nas comunidades portuguesas em cidades estrangeiras. Em Curitiba, o epis\u00f3dio \u00e9 guiado por Paulo Moreira, natural de Almada, que mostra a cidade desde a Rua XV de Novembro at\u00e9 o parque Barigui. O programa mostra diferentes perspetivas sobre a comunidade lusitana local, incluindo rec\u00e9m-chegados, portugueses de longa data e a segunda gera\u00e7\u00e3o. O roteiro passa pelo restaurante Afonsos, pela Torre Panor\u00e2mica, pelo Museu Oscar Niemeyer, pela \u00d3pera do Arame e pelo Jardim Bot\u00e2nico, com momentos de conviv\u00eancia e fala sobre saudade. A temporada, com cerca de uma d\u00fazia de epis\u00f3dios, fica dispon\u00edvel na RTP Play; a pr\u00f3xima paragem anunciada \u00e9 Durban, \u00c1frica do Sul, com bacalhau, desporto e mar.\" \/>\n<meta property=\"og:url\" content=\"https:\/\/portaltela.pt\/noticias\/2026\/03\/09\/portugueses-pelo-mundo-regressa-a-rtp-em-curitiba\/\" \/>\n<meta property=\"og:site_name\" content=\"Portal Tela Portugal\" \/>\n<meta property=\"article:published_time\" content=\"2026-03-09T17:40:00+00:00\" \/>\n<meta name=\"author\" content=\"Telinha\" \/>\n<meta name=\"twitter:card\" content=\"summary_large_image\" \/>\n<meta name=\"twitter:label1\" content=\"Escrito por\" \/>\n\t<meta name=\"twitter:data1\" content=\"Telinha\" \/>\n\t<meta name=\"twitter:label2\" content=\"Tempo estimado de leitura\" \/>\n\t<meta name=\"twitter:data2\" content=\"1 minuto\" \/>\n<script type=\"application\/ld+json\" class=\"yoast-schema-graph\">{\"@context\":\"https:\/\/schema.org\",\"@graph\":[{\"@type\":\"Article\",\"@id\":\"https:\/\/portaltela.pt\/noticias\/2026\/03\/09\/portugueses-pelo-mundo-regressa-a-rtp-em-curitiba\/#article\",\"isPartOf\":{\"@id\":\"https:\/\/portaltela.pt\/noticias\/2026\/03\/09\/portugueses-pelo-mundo-regressa-a-rtp-em-curitiba\/\"},\"author\":{\"name\":\"Telinha\",\"@id\":\"https:\/\/portaltela.pt\/#\/schema\/person\/c4278d4a6028830caff9ee44b42d32ed\"},\"headline\":\"Portugueses pelo Mundo regressa \u00e0 RTP em Curitiba\",\"datePublished\":\"2026-03-09T17:40:00+00:00\",\"mainEntityOfPage\":{\"@id\":\"https:\/\/portaltela.pt\/noticias\/2026\/03\/09\/portugueses-pelo-mundo-regressa-a-rtp-em-curitiba\/\"},\"wordCount\":250,\"image\":{\"@id\":\"https:\/\/portaltela.pt\/noticias\/2026\/03\/09\/portugueses-pelo-mundo-regressa-a-rtp-em-curitiba\/#primaryimage\"},\"thumbnailUrl\":\"https:\/\/portaltela.pt\/s.01k8rhncp4jt1\/2026\/03\/2072868.jpg\",\"keywords\":[\"Brasil\",\"comunidades\",\"comunidades internacionais\",\"cultura\",\"Portugal\",\"turismo\"],\"articleSection\":[\"Entretenimento\",\"Not\u00edcias\"],\"inLanguage\":\"pt-PT\"},{\"@type\":\"WebPage\",\"@id\":\"https:\/\/portaltela.pt\/noticias\/2026\/03\/09\/portugueses-pelo-mundo-regressa-a-rtp-em-curitiba\/\",\"url\":\"https:\/\/portaltela.pt\/noticias\/2026\/03\/09\/portugueses-pelo-mundo-regressa-a-rtp-em-curitiba\/\",\"name\":\"Portugueses pelo Mundo regressa \u00e0 RTP em Curitiba - Portal Tela Portugal\",\"isPartOf\":{\"@id\":\"https:\/\/portaltela.pt\/#website\"},\"primaryImageOfPage\":{\"@id\":\"https:\/\/portaltela.pt\/noticias\/2026\/03\/09\/portugueses-pelo-mundo-regressa-a-rtp-em-curitiba\/#primaryimage\"},\"image\":{\"@id\":\"https:\/\/portaltela.pt\/noticias\/2026\/03\/09\/portugueses-pelo-mundo-regressa-a-rtp-em-curitiba\/#primaryimage\"},\"thumbnailUrl\":\"https:\/\/portaltela.pt\/s.01k8rhncp4jt1\/2026\/03\/2072868.jpg\",\"datePublished\":\"2026-03-09T17:40:00+00:00\",\"author\":{\"@id\":\"https:\/\/portaltela.pt\/#\/schema\/person\/c4278d4a6028830caff9ee44b42d32ed\"},\"breadcrumb\":{\"@id\":\"https:\/\/portaltela.pt\/noticias\/2026\/03\/09\/portugueses-pelo-mundo-regressa-a-rtp-em-curitiba\/#breadcrumb\"},\"inLanguage\":\"pt-PT\",\"potentialAction\":[{\"@type\":\"ReadAction\",\"target\":[\"https:\/\/portaltela.pt\/noticias\/2026\/03\/09\/portugueses-pelo-mundo-regressa-a-rtp-em-curitiba\/\"]}]},{\"@type\":\"ImageObject\",\"inLanguage\":\"pt-PT\",\"@id\":\"https:\/\/portaltela.pt\/noticias\/2026\/03\/09\/portugueses-pelo-mundo-regressa-a-rtp-em-curitiba\/#primaryimage\",\"url\":\"https:\/\/portaltela.pt\/s.01k8rhncp4jt1\/2026\/03\/2072868.jpg\",\"contentUrl\":\"https:\/\/portaltela.pt\/s.01k8rhncp4jt1\/2026\/03\/2072868.jpg\",\"width\":796,\"height\":448,\"caption\":\"Paulo Moreira, um dos \\\"cicerones\\\" do primeiro epis\u00f3dio desta temporada\"},{\"@type\":\"BreadcrumbList\",\"@id\":\"https:\/\/portaltela.pt\/noticias\/2026\/03\/09\/portugueses-pelo-mundo-regressa-a-rtp-em-curitiba\/#breadcrumb\",\"itemListElement\":[{\"@type\":\"ListItem\",\"position\":1,\"name\":\"In\u00edcio\",\"item\":\"https:\/\/portaltela.pt\/\"},{\"@type\":\"ListItem\",\"position\":2,\"name\":\"Portugueses pelo Mundo regressa \u00e0 RTP em Curitiba\"}]},{\"@type\":\"WebSite\",\"@id\":\"https:\/\/portaltela.pt\/#website\",\"url\":\"https:\/\/portaltela.pt\/\",\"name\":\"Portal Tela Portugal\",\"description\":\"\",\"potentialAction\":[{\"@type\":\"SearchAction\",\"target\":{\"@type\":\"EntryPoint\",\"urlTemplate\":\"https:\/\/portaltela.pt\/?s={search_term_string}\"},\"query-input\":{\"@type\":\"PropertyValueSpecification\",\"valueRequired\":true,\"valueName\":\"search_term_string\"}}],\"inLanguage\":\"pt-PT\"},{\"@type\":\"Person\",\"@id\":\"https:\/\/portaltela.pt\/#\/schema\/person\/c4278d4a6028830caff9ee44b42d32ed\",\"name\":\"Telinha\",\"image\":{\"@type\":\"ImageObject\",\"inLanguage\":\"pt-PT\",\"@id\":\"https:\/\/portaltela.pt\/s.01k8rhncp4jt1\/2025\/11\/talking-bot-125x125.png\",\"url\":\"https:\/\/portaltela.pt\/s.01k8rhncp4jt1\/2025\/11\/talking-bot-125x125.png\",\"contentUrl\":\"https:\/\/portaltela.pt\/s.01k8rhncp4jt1\/2025\/11\/talking-bot-125x125.png\",\"caption\":\"Telinha\"},\"sameAs\":[\"https:\/\/portaltela.pt\/\"],\"url\":\"https:\/\/portaltela.pt\/por\/367410592786\/\"}]}<\/script>\n<!-- \/ Yoast SEO plugin. -->","yoast_head_json":{"title":"Portugueses pelo Mundo regressa \u00e0 RTP em Curitiba - Portal Tela Portugal","robots":{"index":"index","follow":"follow","max-snippet":"max-snippet:-1","max-image-preview":"max-image-preview:large","max-video-preview":"max-video-preview:-1"},"og_locale":"pt_PT","og_type":"article","og_title":"Portugueses pelo Mundo regressa \u00e0 RTP em Curitiba - Portal Tela Portugal","og_description":"A nova temporada de Portugueses pelo Mundo - Comunidades estreia hoje na RTP1, \u00e0s 21h, mantendo o formato semanal centrado nas comunidades portuguesas em cidades estrangeiras. Em Curitiba, o epis\u00f3dio \u00e9 guiado por Paulo Moreira, natural de Almada, que mostra a cidade desde a Rua XV de Novembro at\u00e9 o parque Barigui. O programa mostra diferentes perspetivas sobre a comunidade lusitana local, incluindo rec\u00e9m-chegados, portugueses de longa data e a segunda gera\u00e7\u00e3o. O roteiro passa pelo restaurante Afonsos, pela Torre Panor\u00e2mica, pelo Museu Oscar Niemeyer, pela \u00d3pera do Arame e pelo Jardim Bot\u00e2nico, com momentos de conviv\u00eancia e fala sobre saudade. A temporada, com cerca de uma d\u00fazia de epis\u00f3dios, fica dispon\u00edvel na RTP Play; a pr\u00f3xima paragem anunciada \u00e9 Durban, \u00c1frica do Sul, com bacalhau, desporto e mar.","og_url":"https:\/\/portaltela.pt\/noticias\/2026\/03\/09\/portugueses-pelo-mundo-regressa-a-rtp-em-curitiba\/","og_site_name":"Portal Tela Portugal","article_published_time":"2026-03-09T17:40:00+00:00","author":"Telinha","twitter_card":"summary_large_image","twitter_misc":{"Escrito por":"Telinha","Tempo estimado de leitura":"1 minuto"},"schema":{"@context":"https:\/\/schema.org","@graph":[{"@type":"Article","@id":"https:\/\/portaltela.pt\/noticias\/2026\/03\/09\/portugueses-pelo-mundo-regressa-a-rtp-em-curitiba\/#article","isPartOf":{"@id":"https:\/\/portaltela.pt\/noticias\/2026\/03\/09\/portugueses-pelo-mundo-regressa-a-rtp-em-curitiba\/"},"author":{"name":"Telinha","@id":"https:\/\/portaltela.pt\/#\/schema\/person\/c4278d4a6028830caff9ee44b42d32ed"},"headline":"Portugueses pelo Mundo regressa \u00e0 RTP em Curitiba","datePublished":"2026-03-09T17:40:00+00:00","mainEntityOfPage":{"@id":"https:\/\/portaltela.pt\/noticias\/2026\/03\/09\/portugueses-pelo-mundo-regressa-a-rtp-em-curitiba\/"},"wordCount":250,"image":{"@id":"https:\/\/portaltela.pt\/noticias\/2026\/03\/09\/portugueses-pelo-mundo-regressa-a-rtp-em-curitiba\/#primaryimage"},"thumbnailUrl":"https:\/\/portaltela.pt\/s.01k8rhncp4jt1\/2026\/03\/2072868.jpg","keywords":["Brasil","comunidades","comunidades internacionais","cultura","Portugal","turismo"],"articleSection":["Entretenimento","Not\u00edcias"],"inLanguage":"pt-PT"},{"@type":"WebPage","@id":"https:\/\/portaltela.pt\/noticias\/2026\/03\/09\/portugueses-pelo-mundo-regressa-a-rtp-em-curitiba\/","url":"https:\/\/portaltela.pt\/noticias\/2026\/03\/09\/portugueses-pelo-mundo-regressa-a-rtp-em-curitiba\/","name":"Portugueses pelo Mundo regressa \u00e0 RTP em Curitiba - Portal Tela Portugal","isPartOf":{"@id":"https:\/\/portaltela.pt\/#website"},"primaryImageOfPage":{"@id":"https:\/\/portaltela.pt\/noticias\/2026\/03\/09\/portugueses-pelo-mundo-regressa-a-rtp-em-curitiba\/#primaryimage"},"image":{"@id":"https:\/\/portaltela.pt\/noticias\/2026\/03\/09\/portugueses-pelo-mundo-regressa-a-rtp-em-curitiba\/#primaryimage"},"thumbnailUrl":"https:\/\/portaltela.pt\/s.01k8rhncp4jt1\/2026\/03\/2072868.jpg","datePublished":"2026-03-09T17:40:00+00:00","author":{"@id":"https:\/\/portaltela.pt\/#\/schema\/person\/c4278d4a6028830caff9ee44b42d32ed"},"breadcrumb":{"@id":"https:\/\/portaltela.pt\/noticias\/2026\/03\/09\/portugueses-pelo-mundo-regressa-a-rtp-em-curitiba\/#breadcrumb"},"inLanguage":"pt-PT","potentialAction":[{"@type":"ReadAction","target":["https:\/\/portaltela.pt\/noticias\/2026\/03\/09\/portugueses-pelo-mundo-regressa-a-rtp-em-curitiba\/"]}]},{"@type":"ImageObject","inLanguage":"pt-PT","@id":"https:\/\/portaltela.pt\/noticias\/2026\/03\/09\/portugueses-pelo-mundo-regressa-a-rtp-em-curitiba\/#primaryimage","url":"https:\/\/portaltela.pt\/s.01k8rhncp4jt1\/2026\/03\/2072868.jpg","contentUrl":"https:\/\/portaltela.pt\/s.01k8rhncp4jt1\/2026\/03\/2072868.jpg","width":796,"height":448,"caption":"Paulo Moreira, um dos \"cicerones\" do primeiro epis\u00f3dio desta temporada"},{"@type":"BreadcrumbList","@id":"https:\/\/portaltela.pt\/noticias\/2026\/03\/09\/portugueses-pelo-mundo-regressa-a-rtp-em-curitiba\/#breadcrumb","itemListElement":[{"@type":"ListItem","position":1,"name":"In\u00edcio","item":"https:\/\/portaltela.pt\/"},{"@type":"ListItem","position":2,"name":"Portugueses pelo Mundo regressa \u00e0 RTP em Curitiba"}]},{"@type":"WebSite","@id":"https:\/\/portaltela.pt\/#website","url":"https:\/\/portaltela.pt\/","name":"Portal Tela Portugal","description":"","potentialAction":[{"@type":"SearchAction","target":{"@type":"EntryPoint","urlTemplate":"https:\/\/portaltela.pt\/?s={search_term_string}"},"query-input":{"@type":"PropertyValueSpecification","valueRequired":true,"valueName":"search_term_string"}}],"inLanguage":"pt-PT"},{"@type":"Person","@id":"https:\/\/portaltela.pt\/#\/schema\/person\/c4278d4a6028830caff9ee44b42d32ed","name":"Telinha","image":{"@type":"ImageObject","inLanguage":"pt-PT","@id":"https:\/\/portaltela.pt\/s.01k8rhncp4jt1\/2025\/11\/talking-bot-125x125.png","url":"https:\/\/portaltela.pt\/s.01k8rhncp4jt1\/2025\/11\/talking-bot-125x125.png","contentUrl":"https:\/\/portaltela.pt\/s.01k8rhncp4jt1\/2025\/11\/talking-bot-125x125.png","caption":"Telinha"},"sameAs":["https:\/\/portaltela.pt\/"],"url":"https:\/\/portaltela.pt\/por\/367410592786\/"}]}},"_links":{"self":[{"href":"https:\/\/portaltela.pt\/api\/wp\/v2\/posts\/403740","targetHints":{"allow":["GET"]}}],"collection":[{"href":"https:\/\/portaltela.pt\/api\/wp\/v2\/posts"}],"about":[{"href":"https:\/\/portaltela.pt\/api\/wp\/v2\/types\/post"}],"author":[{"embeddable":true,"href":"https:\/\/portaltela.pt\/api\/wp\/v2\/users\/2"}],"replies":[{"embeddable":true,"href":"https:\/\/portaltela.pt\/api\/wp\/v2\/comments?post=403740"}],"version-history":[{"count":0,"href":"https:\/\/portaltela.pt\/api\/wp\/v2\/posts\/403740\/revisions"}],"wp:featuredmedia":[{"embeddable":true,"href":"https:\/\/portaltela.pt\/api\/wp\/v2\/media\/403745"}],"wp:attachment":[{"href":"https:\/\/portaltela.pt\/api\/wp\/v2\/media?parent=403740"}],"wp:term":[{"taxonomy":"category","embeddable":true,"href":"https:\/\/portaltela.pt\/api\/wp\/v2\/categories?post=403740"},{"taxonomy":"post_tag","embeddable":true,"href":"https:\/\/portaltela.pt\/api\/wp\/v2\/tags?post=403740"}],"curies":[{"name":"wp","href":"https:\/\/api.w.org\/{rel}","templated":true}]}}