{"id":403733,"date":"2026-03-09T14:29:00","date_gmt":"2026-03-09T17:29:00","guid":{"rendered":"https:\/\/portaltela.pt\/noticias\/2026\/03\/09\/cdu-de-merz-falha-primeiro-teste-eleitoral-do-ano\/"},"modified":"2026-03-09T14:29:00","modified_gmt":"2026-03-09T17:29:00","slug":"cdu-de-merz-falha-primeiro-teste-eleitoral-do-ano","status":"publish","type":"post","link":"https:\/\/portaltela.pt\/noticias\/politica\/2026\/03\/09\/cdu-de-merz-falha-primeiro-teste-eleitoral-do-ano\/","title":{"rendered":"CDU de Merz falha primeiro teste eleitoral do ano"},"content":{"rendered":"<p>Cem \u00d6zdemir, dos Verdes, pode tornar-se o primeiro chefe de governo de um Land alem\u00e3o com ascend\u00eancia turca, caso governe Baden-W\u00fcrttemberg. A CDU de Merz n\u00e3o conseguiu manter o impulso ap\u00f3s as elei\u00e7\u00f5es regionais, onde os Verdes venceram por margem pequena. A ideia de uma chefia de governo rotativa foi apresentada na bancada da CDU no Bundestag, por Jens Spahn, chefe do grupo parlamentar.<\/p>\n<p>Os Verdes recuperaram terreno na campanha e chegaram \u00e0 lideran\u00e7a com uma vit\u00f3ria estreita. A CDU apresentou a proposta de altern\u00e2ncia, argumentando que ajudaria a estabilidade no governo regional. Cem \u00d6zdemir j\u00e1 rejeitou publicamente a solu\u00e7\u00e3o, mantendo a prefer\u00eancia por um governo est\u00e1vel com os Verdes.<\/p>\n<h3>Proposta de partilha de poder<\/h3>\n<p>A ideia de uma chefia rotativa surgiu como resposta \u00e0 proximidade eleitoral entre Verdes e CDU. \u00d6zdemir afirmou que n\u00e3o aceita a solu\u00e7\u00e3o, destacando o objetivo de uma lideran\u00e7a est\u00e1vel para Baden-W\u00fcrttemberg. O desfecho continuar\u00e1 a depender das negocia\u00e7\u00f5es entre os vencedores e poss\u00edveis parceiros.<\/p>\n","protected":false},"excerpt":{"rendered":"<ul>\n<li>O CDU falha o primeiro teste eleitoral do ano no Baden-W\u00fcrttemberg, a prop\u00f3sito de uma vit\u00f3ria ajustada dos Verdes.<\/li>\n<li>Cem \u00d6zdemir, dos Verdes, pode tornar-se no primeiro chefe de governo de um Land alem\u00e3o com ascend\u00eancia turca.<\/li>\n<li>A CDU lan\u00e7ou a ideia de uma chefia de governo rotativa, apresentada por Jens Spahn, l\u00edder do grupo parlamentar no Bundestag.<\/li>\n<li>Os Verdes recuperaram terreno na campanha e venceram por uma margem estreita nas elei\u00e7\u00f5es do Estado.<\/li>\n<li>\u00d6zdemir j\u00e1 rejeitou publicamente a sugest\u00e3o de um governo de partilha rotativo.<\/li>\n<\/ul>\n","protected":false},"author":2,"featured_media":403735,"comment_status":"closed","ping_status":"closed","sticky":false,"template":"","format":"standard","meta":{"footnotes":""},"categories":[1,5],"tags":[1603,2143,68,34,1732,2832],"class_list":["post-403733","post","type-post","status-publish","format-standard","has-post-thumbnail","hentry","category-noticias","category-politica","tag-alemanha","tag-cdu","tag-eleicoes","tag-governo","tag-partidos","tag-politica"],"yoast_head":"<!-- This site is optimized with the Yoast SEO plugin v27.2 - https:\/\/yoast.com\/product\/yoast-seo-wordpress\/ -->\n<title>CDU de Merz falha primeiro teste eleitoral do ano - Portal Tela Portugal<\/title>\n<meta name=\"robots\" content=\"index, follow, max-snippet:-1, max-image-preview:large, max-video-preview:-1\" \/>\n<meta property=\"og:locale\" content=\"pt_PT\" \/>\n<meta property=\"og:type\" content=\"article\" \/>\n<meta property=\"og:title\" content=\"CDU de Merz falha primeiro teste eleitoral do ano - Portal Tela Portugal\" \/>\n<meta property=\"og:description\" content=\"O CDU falha o primeiro teste eleitoral do ano no Baden-W\u00fcrttemberg, a prop\u00f3sito de uma vit\u00f3ria ajustada dos Verdes. Cem \u00d6zdemir, dos Verdes, pode tornar-se no primeiro chefe de governo de um Land alem\u00e3o com ascend\u00eancia turca. A CDU lan\u00e7ou a ideia de uma chefia de governo rotativa, apresentada por Jens Spahn, l\u00edder do grupo parlamentar no Bundestag. Os Verdes recuperaram terreno na campanha e venceram por uma margem estreita nas elei\u00e7\u00f5es do Estado. \u00d6zdemir j\u00e1 rejeitou publicamente a sugest\u00e3o de um governo de partilha rotativo.\" \/>\n<meta property=\"og:url\" content=\"https:\/\/portaltela.pt\/noticias\/2026\/03\/09\/cdu-de-merz-falha-primeiro-teste-eleitoral-do-ano\/\" \/>\n<meta property=\"og:site_name\" content=\"Portal Tela Portugal\" \/>\n<meta property=\"article:published_time\" content=\"2026-03-09T17:29:00+00:00\" \/>\n<meta name=\"author\" content=\"Telinha\" \/>\n<meta name=\"twitter:card\" content=\"summary_large_image\" \/>\n<meta name=\"twitter:label1\" content=\"Escrito por\" \/>\n\t<meta name=\"twitter:data1\" content=\"Telinha\" \/>\n\t<meta name=\"twitter:label2\" content=\"Tempo estimado de leitura\" \/>\n\t<meta name=\"twitter:data2\" content=\"1 minuto\" \/>\n<script type=\"application\/ld+json\" class=\"yoast-schema-graph\">{\"@context\":\"https:\/\/schema.org\",\"@graph\":[{\"@type\":\"Article\",\"@id\":\"https:\/\/portaltela.pt\/noticias\/2026\/03\/09\/cdu-de-merz-falha-primeiro-teste-eleitoral-do-ano\/#article\",\"isPartOf\":{\"@id\":\"https:\/\/portaltela.pt\/noticias\/2026\/03\/09\/cdu-de-merz-falha-primeiro-teste-eleitoral-do-ano\/\"},\"author\":{\"name\":\"Telinha\",\"@id\":\"https:\/\/portaltela.pt\/#\/schema\/person\/c4278d4a6028830caff9ee44b42d32ed\"},\"headline\":\"CDU de Merz falha primeiro teste eleitoral do ano\",\"datePublished\":\"2026-03-09T17:29:00+00:00\",\"mainEntityOfPage\":{\"@id\":\"https:\/\/portaltela.pt\/noticias\/2026\/03\/09\/cdu-de-merz-falha-primeiro-teste-eleitoral-do-ano\/\"},\"wordCount\":186,\"image\":{\"@id\":\"https:\/\/portaltela.pt\/noticias\/2026\/03\/09\/cdu-de-merz-falha-primeiro-teste-eleitoral-do-ano\/#primaryimage\"},\"thumbnailUrl\":\"https:\/\/portaltela.pt\/s.01k8rhncp4jt1\/2026\/03\/2072871.jpg\",\"keywords\":[\"Alemanha\",\"CDU\",\"elei\u00e7\u00f5es\",\"governo\",\"partidos\",\"pol\u00edtica\"],\"articleSection\":[\"Not\u00edcias\",\"Pol\u00edtica\"],\"inLanguage\":\"pt-PT\"},{\"@type\":\"WebPage\",\"@id\":\"https:\/\/portaltela.pt\/noticias\/2026\/03\/09\/cdu-de-merz-falha-primeiro-teste-eleitoral-do-ano\/\",\"url\":\"https:\/\/portaltela.pt\/noticias\/2026\/03\/09\/cdu-de-merz-falha-primeiro-teste-eleitoral-do-ano\/\",\"name\":\"CDU de Merz falha primeiro teste eleitoral do ano - Portal Tela Portugal\",\"isPartOf\":{\"@id\":\"https:\/\/portaltela.pt\/#website\"},\"primaryImageOfPage\":{\"@id\":\"https:\/\/portaltela.pt\/noticias\/2026\/03\/09\/cdu-de-merz-falha-primeiro-teste-eleitoral-do-ano\/#primaryimage\"},\"image\":{\"@id\":\"https:\/\/portaltela.pt\/noticias\/2026\/03\/09\/cdu-de-merz-falha-primeiro-teste-eleitoral-do-ano\/#primaryimage\"},\"thumbnailUrl\":\"https:\/\/portaltela.pt\/s.01k8rhncp4jt1\/2026\/03\/2072871.jpg\",\"datePublished\":\"2026-03-09T17:29:00+00:00\",\"author\":{\"@id\":\"https:\/\/portaltela.pt\/#\/schema\/person\/c4278d4a6028830caff9ee44b42d32ed\"},\"breadcrumb\":{\"@id\":\"https:\/\/portaltela.pt\/noticias\/2026\/03\/09\/cdu-de-merz-falha-primeiro-teste-eleitoral-do-ano\/#breadcrumb\"},\"inLanguage\":\"pt-PT\",\"potentialAction\":[{\"@type\":\"ReadAction\",\"target\":[\"https:\/\/portaltela.pt\/noticias\/2026\/03\/09\/cdu-de-merz-falha-primeiro-teste-eleitoral-do-ano\/\"]}]},{\"@type\":\"ImageObject\",\"inLanguage\":\"pt-PT\",\"@id\":\"https:\/\/portaltela.pt\/noticias\/2026\/03\/09\/cdu-de-merz-falha-primeiro-teste-eleitoral-do-ano\/#primaryimage\",\"url\":\"https:\/\/portaltela.pt\/s.01k8rhncp4jt1\/2026\/03\/2072871.jpg\",\"contentUrl\":\"https:\/\/portaltela.pt\/s.01k8rhncp4jt1\/2026\/03\/2072871.jpg\",\"width\":796,\"height\":448,\"caption\":\"Cem \u00d6zdemir discursando na noite eleitoral no estado federado de Baden-W\u00fcrttemberg\"},{\"@type\":\"BreadcrumbList\",\"@id\":\"https:\/\/portaltela.pt\/noticias\/2026\/03\/09\/cdu-de-merz-falha-primeiro-teste-eleitoral-do-ano\/#breadcrumb\",\"itemListElement\":[{\"@type\":\"ListItem\",\"position\":1,\"name\":\"In\u00edcio\",\"item\":\"https:\/\/portaltela.pt\/\"},{\"@type\":\"ListItem\",\"position\":2,\"name\":\"CDU de Merz falha primeiro teste eleitoral do ano\"}]},{\"@type\":\"WebSite\",\"@id\":\"https:\/\/portaltela.pt\/#website\",\"url\":\"https:\/\/portaltela.pt\/\",\"name\":\"Portal Tela Portugal\",\"description\":\"\",\"potentialAction\":[{\"@type\":\"SearchAction\",\"target\":{\"@type\":\"EntryPoint\",\"urlTemplate\":\"https:\/\/portaltela.pt\/?s={search_term_string}\"},\"query-input\":{\"@type\":\"PropertyValueSpecification\",\"valueRequired\":true,\"valueName\":\"search_term_string\"}}],\"inLanguage\":\"pt-PT\"},{\"@type\":\"Person\",\"@id\":\"https:\/\/portaltela.pt\/#\/schema\/person\/c4278d4a6028830caff9ee44b42d32ed\",\"name\":\"Telinha\",\"image\":{\"@type\":\"ImageObject\",\"inLanguage\":\"pt-PT\",\"@id\":\"https:\/\/portaltela.pt\/s.01k8rhncp4jt1\/2025\/11\/talking-bot-125x125.png\",\"url\":\"https:\/\/portaltela.pt\/s.01k8rhncp4jt1\/2025\/11\/talking-bot-125x125.png\",\"contentUrl\":\"https:\/\/portaltela.pt\/s.01k8rhncp4jt1\/2025\/11\/talking-bot-125x125.png\",\"caption\":\"Telinha\"},\"sameAs\":[\"https:\/\/portaltela.pt\/\"],\"url\":\"https:\/\/portaltela.pt\/por\/367410592786\/\"}]}<\/script>\n<!-- \/ Yoast SEO plugin. -->","yoast_head_json":{"title":"CDU de Merz falha primeiro teste eleitoral do ano - Portal Tela Portugal","robots":{"index":"index","follow":"follow","max-snippet":"max-snippet:-1","max-image-preview":"max-image-preview:large","max-video-preview":"max-video-preview:-1"},"og_locale":"pt_PT","og_type":"article","og_title":"CDU de Merz falha primeiro teste eleitoral do ano - Portal Tela Portugal","og_description":"O CDU falha o primeiro teste eleitoral do ano no Baden-W\u00fcrttemberg, a prop\u00f3sito de uma vit\u00f3ria ajustada dos Verdes. Cem \u00d6zdemir, dos Verdes, pode tornar-se no primeiro chefe de governo de um Land alem\u00e3o com ascend\u00eancia turca. A CDU lan\u00e7ou a ideia de uma chefia de governo rotativa, apresentada por Jens Spahn, l\u00edder do grupo parlamentar no Bundestag. Os Verdes recuperaram terreno na campanha e venceram por uma margem estreita nas elei\u00e7\u00f5es do Estado. \u00d6zdemir j\u00e1 rejeitou publicamente a sugest\u00e3o de um governo de partilha rotativo.","og_url":"https:\/\/portaltela.pt\/noticias\/2026\/03\/09\/cdu-de-merz-falha-primeiro-teste-eleitoral-do-ano\/","og_site_name":"Portal Tela Portugal","article_published_time":"2026-03-09T17:29:00+00:00","author":"Telinha","twitter_card":"summary_large_image","twitter_misc":{"Escrito por":"Telinha","Tempo estimado de leitura":"1 minuto"},"schema":{"@context":"https:\/\/schema.org","@graph":[{"@type":"Article","@id":"https:\/\/portaltela.pt\/noticias\/2026\/03\/09\/cdu-de-merz-falha-primeiro-teste-eleitoral-do-ano\/#article","isPartOf":{"@id":"https:\/\/portaltela.pt\/noticias\/2026\/03\/09\/cdu-de-merz-falha-primeiro-teste-eleitoral-do-ano\/"},"author":{"name":"Telinha","@id":"https:\/\/portaltela.pt\/#\/schema\/person\/c4278d4a6028830caff9ee44b42d32ed"},"headline":"CDU de Merz falha primeiro teste eleitoral do ano","datePublished":"2026-03-09T17:29:00+00:00","mainEntityOfPage":{"@id":"https:\/\/portaltela.pt\/noticias\/2026\/03\/09\/cdu-de-merz-falha-primeiro-teste-eleitoral-do-ano\/"},"wordCount":186,"image":{"@id":"https:\/\/portaltela.pt\/noticias\/2026\/03\/09\/cdu-de-merz-falha-primeiro-teste-eleitoral-do-ano\/#primaryimage"},"thumbnailUrl":"https:\/\/portaltela.pt\/s.01k8rhncp4jt1\/2026\/03\/2072871.jpg","keywords":["Alemanha","CDU","elei\u00e7\u00f5es","governo","partidos","pol\u00edtica"],"articleSection":["Not\u00edcias","Pol\u00edtica"],"inLanguage":"pt-PT"},{"@type":"WebPage","@id":"https:\/\/portaltela.pt\/noticias\/2026\/03\/09\/cdu-de-merz-falha-primeiro-teste-eleitoral-do-ano\/","url":"https:\/\/portaltela.pt\/noticias\/2026\/03\/09\/cdu-de-merz-falha-primeiro-teste-eleitoral-do-ano\/","name":"CDU de Merz falha primeiro teste eleitoral do ano - Portal Tela Portugal","isPartOf":{"@id":"https:\/\/portaltela.pt\/#website"},"primaryImageOfPage":{"@id":"https:\/\/portaltela.pt\/noticias\/2026\/03\/09\/cdu-de-merz-falha-primeiro-teste-eleitoral-do-ano\/#primaryimage"},"image":{"@id":"https:\/\/portaltela.pt\/noticias\/2026\/03\/09\/cdu-de-merz-falha-primeiro-teste-eleitoral-do-ano\/#primaryimage"},"thumbnailUrl":"https:\/\/portaltela.pt\/s.01k8rhncp4jt1\/2026\/03\/2072871.jpg","datePublished":"2026-03-09T17:29:00+00:00","author":{"@id":"https:\/\/portaltela.pt\/#\/schema\/person\/c4278d4a6028830caff9ee44b42d32ed"},"breadcrumb":{"@id":"https:\/\/portaltela.pt\/noticias\/2026\/03\/09\/cdu-de-merz-falha-primeiro-teste-eleitoral-do-ano\/#breadcrumb"},"inLanguage":"pt-PT","potentialAction":[{"@type":"ReadAction","target":["https:\/\/portaltela.pt\/noticias\/2026\/03\/09\/cdu-de-merz-falha-primeiro-teste-eleitoral-do-ano\/"]}]},{"@type":"ImageObject","inLanguage":"pt-PT","@id":"https:\/\/portaltela.pt\/noticias\/2026\/03\/09\/cdu-de-merz-falha-primeiro-teste-eleitoral-do-ano\/#primaryimage","url":"https:\/\/portaltela.pt\/s.01k8rhncp4jt1\/2026\/03\/2072871.jpg","contentUrl":"https:\/\/portaltela.pt\/s.01k8rhncp4jt1\/2026\/03\/2072871.jpg","width":796,"height":448,"caption":"Cem \u00d6zdemir discursando na noite eleitoral no estado federado de Baden-W\u00fcrttemberg"},{"@type":"BreadcrumbList","@id":"https:\/\/portaltela.pt\/noticias\/2026\/03\/09\/cdu-de-merz-falha-primeiro-teste-eleitoral-do-ano\/#breadcrumb","itemListElement":[{"@type":"ListItem","position":1,"name":"In\u00edcio","item":"https:\/\/portaltela.pt\/"},{"@type":"ListItem","position":2,"name":"CDU de Merz falha primeiro teste eleitoral do ano"}]},{"@type":"WebSite","@id":"https:\/\/portaltela.pt\/#website","url":"https:\/\/portaltela.pt\/","name":"Portal Tela Portugal","description":"","potentialAction":[{"@type":"SearchAction","target":{"@type":"EntryPoint","urlTemplate":"https:\/\/portaltela.pt\/?s={search_term_string}"},"query-input":{"@type":"PropertyValueSpecification","valueRequired":true,"valueName":"search_term_string"}}],"inLanguage":"pt-PT"},{"@type":"Person","@id":"https:\/\/portaltela.pt\/#\/schema\/person\/c4278d4a6028830caff9ee44b42d32ed","name":"Telinha","image":{"@type":"ImageObject","inLanguage":"pt-PT","@id":"https:\/\/portaltela.pt\/s.01k8rhncp4jt1\/2025\/11\/talking-bot-125x125.png","url":"https:\/\/portaltela.pt\/s.01k8rhncp4jt1\/2025\/11\/talking-bot-125x125.png","contentUrl":"https:\/\/portaltela.pt\/s.01k8rhncp4jt1\/2025\/11\/talking-bot-125x125.png","caption":"Telinha"},"sameAs":["https:\/\/portaltela.pt\/"],"url":"https:\/\/portaltela.pt\/por\/367410592786\/"}]}},"_links":{"self":[{"href":"https:\/\/portaltela.pt\/api\/wp\/v2\/posts\/403733","targetHints":{"allow":["GET"]}}],"collection":[{"href":"https:\/\/portaltela.pt\/api\/wp\/v2\/posts"}],"about":[{"href":"https:\/\/portaltela.pt\/api\/wp\/v2\/types\/post"}],"author":[{"embeddable":true,"href":"https:\/\/portaltela.pt\/api\/wp\/v2\/users\/2"}],"replies":[{"embeddable":true,"href":"https:\/\/portaltela.pt\/api\/wp\/v2\/comments?post=403733"}],"version-history":[{"count":0,"href":"https:\/\/portaltela.pt\/api\/wp\/v2\/posts\/403733\/revisions"}],"wp:featuredmedia":[{"embeddable":true,"href":"https:\/\/portaltela.pt\/api\/wp\/v2\/media\/403735"}],"wp:attachment":[{"href":"https:\/\/portaltela.pt\/api\/wp\/v2\/media?parent=403733"}],"wp:term":[{"taxonomy":"category","embeddable":true,"href":"https:\/\/portaltela.pt\/api\/wp\/v2\/categories?post=403733"},{"taxonomy":"post_tag","embeddable":true,"href":"https:\/\/portaltela.pt\/api\/wp\/v2\/tags?post=403733"}],"curies":[{"name":"wp","href":"https:\/\/api.w.org\/{rel}","templated":true}]}}