{"id":403695,"date":"2026-03-09T14:29:44","date_gmt":"2026-03-09T17:29:44","guid":{"rendered":"https:\/\/portaltela.pt\/noticias\/2026\/03\/09\/alemao-max-kanter-vence-surpresa-na-segunda-etapa-do-paris-nice\/"},"modified":"2026-03-09T14:29:44","modified_gmt":"2026-03-09T17:29:44","slug":"alemao-max-kanter-vence-surpresa-na-segunda-etapa-do-paris-nice","status":"publish","type":"post","link":"https:\/\/portaltela.pt\/desporto\/futebol\/2026\/03\/09\/alemao-max-kanter-vence-surpresa-na-segunda-etapa-do-paris-nice\/","title":{"rendered":"Alem\u00e3o Max Kanter vence surpresa na segunda etapa do Paris-Nice"},"content":{"rendered":"<p>O ciclista alem\u00e3o Max Kanter venceu a segunda etapa do Paris-Nice ao sprint, mantendo a lideran\u00e7a da geral com Luke Lamperti. A corrida correu numa manh\u00e3 com 187 quil\u00f3metros entre \u00c9p\u00f4ne e Montargis, num percurso sem grandes dificuldades.<\/p>\n<p>Kanter, de 28 anos e da equipa XDS Astana, fez o primeiro triunfo de um piloto alem\u00e3o no WorldTour esta temporada. O neozeland\u00eas Laurence Pithie, da Red Bull-BORA-hansgrohe, terminou a cerca de 0,0 segundos, com o mesmo tempo do vencedor.<\/p>\n<p>O terceiro lugar ficou para Jasper Stuyven, da Soudal Quick-Step, que j\u00e1 se recuperou de doen\u00e7a que o tirou da Volta ao Algarve. Luke Lamperti ocupou a 5.\u00aa posi\u00e7\u00e3o e continua l\u00edder da classifica\u00e7\u00e3o geral.<\/p>\n<p>No pelot\u00e3o chegaram os favoritos \u00e0 geral e tamb\u00e9m Ivo Oliveira, o \u00fanico piloto de Portugal em prova, que concluiu na 47.\u00aa posi\u00e7\u00e3o. A etapa foi marcada por fugas de Casper Pedersen e Mathis Le Berre, apanhados a 59 km do final.<\/p>\n<p>Juan Ayuso, da Lidl-Trek, seguiu a t\u00e1ctica da Volta ao Algarve, conquistando quatro segundos de bonifica\u00e7\u00e3o no sprint interm\u00e9dio e subindo na geral. A etapa terminou com Kanter na frente e Lamperti a reter a amarela.<\/p>\n<p>No final, Lamperti est\u00e1 empatado em tempo com Vito Braet, que somou bonifica\u00e7\u00e3o no sprint interm\u00e9dio. Pithie sobe ao 3.\u00ba lugar, a seis segundos do l\u00edder. Ayuso \u00e9 agora 6.\u00ba, a oito segundos do amarelo.<\/p>\n<p>A terceira etapa, em contrarrel\u00f3gio por equipas, realiza-se amanh\u00e3, com 23,5 quil\u00f3metros entre Cosne-Cours-sur-Loire e Pouilly-sur-Loire. O percurso promete impacto na discuss\u00e3o da lideran\u00e7a.<\/p>\n","protected":false},"excerpt":{"rendered":"<ul>\n<li>O ciclista alem\u00e3o Max Kanter (XDS Astana) venceu ao sprint a segunda etapa do Paris-Nice, entre \u00c9p\u00f4ne e Montargis, com o tempo de 4:25.07 horas.<\/li>\n<li>O duelo pela vit\u00f3ria manteve Luke Lamperti (EF Education-EasyPost) na lideran\u00e7a da classifica\u00e7\u00e3o geral, empatado em tempo com Vito Braet (Lotto Intermarch\u00e9).<\/li>\n<li>Laurence Pithie (Red Bull-BORA-hansgrohe) foi o 2.\u00ba, Jasper Stuyven (Soudal Quick-Step) ficou em 3.\u00ba, e Lamperti foi o 5.\u00ba na etapa sem grandes dificuldades.<\/li>\n<li>Juan Ayuso (Lidl-Trek) recebeu quatro segundos de bonifica\u00e7\u00e3o no sprint interm\u00e9dio e \u00e9 agora sexto na geral, a oito segundos do l\u00edder, com a terceira etapa a incluir um contrarrel\u00f3gio por equipas.<\/li>\n<li>O est\u00e1gio ficou marcado por quedas perto do final e por ataques isolados, com Daan Hoole (Decathlon) a abrir brevemente dist\u00e2ncia antes de ser alcan\u00e7ado na aproxima\u00e7\u00e3o a Montargis.<\/li>\n<\/ul>\n","protected":false},"author":2,"featured_media":403701,"comment_status":"closed","ping_status":"closed","sticky":false,"template":"","format":"standard","meta":{"footnotes":""},"categories":[21,24],"tags":[923,3504,6250,81,1014,5902],"class_list":["post-403695","post","type-post","status-publish","format-standard","has-post-thumbnail","hentry","category-desporto","category-futebol","tag-ciclismo","tag-corridas","tag-fugas","tag-internacionais","tag-portugal","tag-world-tour"],"yoast_head":"<!-- This site is optimized with the Yoast SEO plugin v27.2 - https:\/\/yoast.com\/product\/yoast-seo-wordpress\/ -->\n<title>Alem\u00e3o Max Kanter vence surpresa na segunda etapa do Paris-Nice - Portal Tela Portugal<\/title>\n<meta name=\"robots\" content=\"index, follow, max-snippet:-1, max-image-preview:large, max-video-preview:-1\" \/>\n<meta property=\"og:locale\" content=\"pt_PT\" \/>\n<meta property=\"og:type\" content=\"article\" \/>\n<meta property=\"og:title\" content=\"Alem\u00e3o Max Kanter vence surpresa na segunda etapa do Paris-Nice - Portal Tela Portugal\" \/>\n<meta property=\"og:description\" content=\"O ciclista alem\u00e3o Max Kanter (XDS Astana) venceu ao sprint a segunda etapa do Paris-Nice, entre \u00c9p\u00f4ne e Montargis, com o tempo de 4:25.07 horas. O duelo pela vit\u00f3ria manteve Luke Lamperti (EF Education-EasyPost) na lideran\u00e7a da classifica\u00e7\u00e3o geral, empatado em tempo com Vito Braet (Lotto Intermarch\u00e9). Laurence Pithie (Red Bull-BORA-hansgrohe) foi o 2.\u00ba, Jasper Stuyven (Soudal Quick-Step) ficou em 3.\u00ba, e Lamperti foi o 5.\u00ba na etapa sem grandes dificuldades. Juan Ayuso (Lidl-Trek) recebeu quatro segundos de bonifica\u00e7\u00e3o no sprint interm\u00e9dio e \u00e9 agora sexto na geral, a oito segundos do l\u00edder, com a terceira etapa a incluir um contrarrel\u00f3gio por equipas. O est\u00e1gio ficou marcado por quedas perto do final e por ataques isolados, com Daan Hoole (Decathlon) a abrir brevemente dist\u00e2ncia antes de ser alcan\u00e7ado na aproxima\u00e7\u00e3o a Montargis.\" \/>\n<meta property=\"og:url\" content=\"https:\/\/portaltela.pt\/noticias\/2026\/03\/09\/alemao-max-kanter-vence-surpresa-na-segunda-etapa-do-paris-nice\/\" \/>\n<meta property=\"og:site_name\" content=\"Portal Tela Portugal\" \/>\n<meta property=\"article:published_time\" content=\"2026-03-09T17:29:44+00:00\" \/>\n<meta name=\"author\" content=\"Telinha\" \/>\n<meta name=\"twitter:card\" content=\"summary_large_image\" \/>\n<meta name=\"twitter:label1\" content=\"Escrito por\" \/>\n\t<meta name=\"twitter:data1\" content=\"Telinha\" \/>\n\t<meta name=\"twitter:label2\" content=\"Tempo estimado de leitura\" \/>\n\t<meta name=\"twitter:data2\" content=\"1 minuto\" \/>\n<script type=\"application\/ld+json\" class=\"yoast-schema-graph\">{\"@context\":\"https:\/\/schema.org\",\"@graph\":[{\"@type\":\"Article\",\"@id\":\"https:\/\/portaltela.pt\/noticias\/2026\/03\/09\/alemao-max-kanter-vence-surpresa-na-segunda-etapa-do-paris-nice\/#article\",\"isPartOf\":{\"@id\":\"https:\/\/portaltela.pt\/noticias\/2026\/03\/09\/alemao-max-kanter-vence-surpresa-na-segunda-etapa-do-paris-nice\/\"},\"author\":{\"name\":\"Telinha\",\"@id\":\"https:\/\/portaltela.pt\/#\/schema\/person\/c4278d4a6028830caff9ee44b42d32ed\"},\"headline\":\"Alem\u00e3o Max Kanter vence surpresa na segunda etapa do Paris-Nice\",\"datePublished\":\"2026-03-09T17:29:44+00:00\",\"mainEntityOfPage\":{\"@id\":\"https:\/\/portaltela.pt\/noticias\/2026\/03\/09\/alemao-max-kanter-vence-surpresa-na-segunda-etapa-do-paris-nice\/\"},\"wordCount\":273,\"image\":{\"@id\":\"https:\/\/portaltela.pt\/noticias\/2026\/03\/09\/alemao-max-kanter-vence-surpresa-na-segunda-etapa-do-paris-nice\/#primaryimage\"},\"thumbnailUrl\":\"https:\/\/portaltela.pt\/s.01k8rhncp4jt1\/2026\/03\/img_920x518uu2026-03-09-17-29-12-2425876.jpg\",\"keywords\":[\"ciclismo\",\"corridas\",\"fugas\",\"internacionais\",\"Portugal\",\"World Tour\"],\"articleSection\":[\"Desporto\",\"Futebol\"],\"inLanguage\":\"pt-PT\"},{\"@type\":\"WebPage\",\"@id\":\"https:\/\/portaltela.pt\/noticias\/2026\/03\/09\/alemao-max-kanter-vence-surpresa-na-segunda-etapa-do-paris-nice\/\",\"url\":\"https:\/\/portaltela.pt\/noticias\/2026\/03\/09\/alemao-max-kanter-vence-surpresa-na-segunda-etapa-do-paris-nice\/\",\"name\":\"Alem\u00e3o Max Kanter vence surpresa na segunda etapa do Paris-Nice - Portal Tela Portugal\",\"isPartOf\":{\"@id\":\"https:\/\/portaltela.pt\/#website\"},\"primaryImageOfPage\":{\"@id\":\"https:\/\/portaltela.pt\/noticias\/2026\/03\/09\/alemao-max-kanter-vence-surpresa-na-segunda-etapa-do-paris-nice\/#primaryimage\"},\"image\":{\"@id\":\"https:\/\/portaltela.pt\/noticias\/2026\/03\/09\/alemao-max-kanter-vence-surpresa-na-segunda-etapa-do-paris-nice\/#primaryimage\"},\"thumbnailUrl\":\"https:\/\/portaltela.pt\/s.01k8rhncp4jt1\/2026\/03\/img_920x518uu2026-03-09-17-29-12-2425876.jpg\",\"datePublished\":\"2026-03-09T17:29:44+00:00\",\"author\":{\"@id\":\"https:\/\/portaltela.pt\/#\/schema\/person\/c4278d4a6028830caff9ee44b42d32ed\"},\"breadcrumb\":{\"@id\":\"https:\/\/portaltela.pt\/noticias\/2026\/03\/09\/alemao-max-kanter-vence-surpresa-na-segunda-etapa-do-paris-nice\/#breadcrumb\"},\"inLanguage\":\"pt-PT\",\"potentialAction\":[{\"@type\":\"ReadAction\",\"target\":[\"https:\/\/portaltela.pt\/noticias\/2026\/03\/09\/alemao-max-kanter-vence-surpresa-na-segunda-etapa-do-paris-nice\/\"]}]},{\"@type\":\"ImageObject\",\"inLanguage\":\"pt-PT\",\"@id\":\"https:\/\/portaltela.pt\/noticias\/2026\/03\/09\/alemao-max-kanter-vence-surpresa-na-segunda-etapa-do-paris-nice\/#primaryimage\",\"url\":\"https:\/\/portaltela.pt\/s.01k8rhncp4jt1\/2026\/03\/img_920x518uu2026-03-09-17-29-12-2425876.jpg\",\"contentUrl\":\"https:\/\/portaltela.pt\/s.01k8rhncp4jt1\/2026\/03\/img_920x518uu2026-03-09-17-29-12-2425876.jpg\",\"width\":920,\"height\":518,\"caption\":\"Max Kanter vence etapa em Paris-Nice\"},{\"@type\":\"BreadcrumbList\",\"@id\":\"https:\/\/portaltela.pt\/noticias\/2026\/03\/09\/alemao-max-kanter-vence-surpresa-na-segunda-etapa-do-paris-nice\/#breadcrumb\",\"itemListElement\":[{\"@type\":\"ListItem\",\"position\":1,\"name\":\"In\u00edcio\",\"item\":\"https:\/\/portaltela.pt\/\"},{\"@type\":\"ListItem\",\"position\":2,\"name\":\"Alem\u00e3o Max Kanter vence surpresa na segunda etapa do Paris-Nice\"}]},{\"@type\":\"WebSite\",\"@id\":\"https:\/\/portaltela.pt\/#website\",\"url\":\"https:\/\/portaltela.pt\/\",\"name\":\"Portal Tela Portugal\",\"description\":\"\",\"potentialAction\":[{\"@type\":\"SearchAction\",\"target\":{\"@type\":\"EntryPoint\",\"urlTemplate\":\"https:\/\/portaltela.pt\/?s={search_term_string}\"},\"query-input\":{\"@type\":\"PropertyValueSpecification\",\"valueRequired\":true,\"valueName\":\"search_term_string\"}}],\"inLanguage\":\"pt-PT\"},{\"@type\":\"Person\",\"@id\":\"https:\/\/portaltela.pt\/#\/schema\/person\/c4278d4a6028830caff9ee44b42d32ed\",\"name\":\"Telinha\",\"image\":{\"@type\":\"ImageObject\",\"inLanguage\":\"pt-PT\",\"@id\":\"https:\/\/portaltela.pt\/s.01k8rhncp4jt1\/2025\/11\/talking-bot-125x125.png\",\"url\":\"https:\/\/portaltela.pt\/s.01k8rhncp4jt1\/2025\/11\/talking-bot-125x125.png\",\"contentUrl\":\"https:\/\/portaltela.pt\/s.01k8rhncp4jt1\/2025\/11\/talking-bot-125x125.png\",\"caption\":\"Telinha\"},\"sameAs\":[\"https:\/\/portaltela.pt\/\"],\"url\":\"https:\/\/portaltela.pt\/por\/367410592786\/\"}]}<\/script>\n<!-- \/ Yoast SEO plugin. -->","yoast_head_json":{"title":"Alem\u00e3o Max Kanter vence surpresa na segunda etapa do Paris-Nice - Portal Tela Portugal","robots":{"index":"index","follow":"follow","max-snippet":"max-snippet:-1","max-image-preview":"max-image-preview:large","max-video-preview":"max-video-preview:-1"},"og_locale":"pt_PT","og_type":"article","og_title":"Alem\u00e3o Max Kanter vence surpresa na segunda etapa do Paris-Nice - Portal Tela Portugal","og_description":"O ciclista alem\u00e3o Max Kanter (XDS Astana) venceu ao sprint a segunda etapa do Paris-Nice, entre \u00c9p\u00f4ne e Montargis, com o tempo de 4:25.07 horas. O duelo pela vit\u00f3ria manteve Luke Lamperti (EF Education-EasyPost) na lideran\u00e7a da classifica\u00e7\u00e3o geral, empatado em tempo com Vito Braet (Lotto Intermarch\u00e9). Laurence Pithie (Red Bull-BORA-hansgrohe) foi o 2.\u00ba, Jasper Stuyven (Soudal Quick-Step) ficou em 3.\u00ba, e Lamperti foi o 5.\u00ba na etapa sem grandes dificuldades. Juan Ayuso (Lidl-Trek) recebeu quatro segundos de bonifica\u00e7\u00e3o no sprint interm\u00e9dio e \u00e9 agora sexto na geral, a oito segundos do l\u00edder, com a terceira etapa a incluir um contrarrel\u00f3gio por equipas. O est\u00e1gio ficou marcado por quedas perto do final e por ataques isolados, com Daan Hoole (Decathlon) a abrir brevemente dist\u00e2ncia antes de ser alcan\u00e7ado na aproxima\u00e7\u00e3o a Montargis.","og_url":"https:\/\/portaltela.pt\/noticias\/2026\/03\/09\/alemao-max-kanter-vence-surpresa-na-segunda-etapa-do-paris-nice\/","og_site_name":"Portal Tela Portugal","article_published_time":"2026-03-09T17:29:44+00:00","author":"Telinha","twitter_card":"summary_large_image","twitter_misc":{"Escrito por":"Telinha","Tempo estimado de leitura":"1 minuto"},"schema":{"@context":"https:\/\/schema.org","@graph":[{"@type":"Article","@id":"https:\/\/portaltela.pt\/noticias\/2026\/03\/09\/alemao-max-kanter-vence-surpresa-na-segunda-etapa-do-paris-nice\/#article","isPartOf":{"@id":"https:\/\/portaltela.pt\/noticias\/2026\/03\/09\/alemao-max-kanter-vence-surpresa-na-segunda-etapa-do-paris-nice\/"},"author":{"name":"Telinha","@id":"https:\/\/portaltela.pt\/#\/schema\/person\/c4278d4a6028830caff9ee44b42d32ed"},"headline":"Alem\u00e3o Max Kanter vence surpresa na segunda etapa do Paris-Nice","datePublished":"2026-03-09T17:29:44+00:00","mainEntityOfPage":{"@id":"https:\/\/portaltela.pt\/noticias\/2026\/03\/09\/alemao-max-kanter-vence-surpresa-na-segunda-etapa-do-paris-nice\/"},"wordCount":273,"image":{"@id":"https:\/\/portaltela.pt\/noticias\/2026\/03\/09\/alemao-max-kanter-vence-surpresa-na-segunda-etapa-do-paris-nice\/#primaryimage"},"thumbnailUrl":"https:\/\/portaltela.pt\/s.01k8rhncp4jt1\/2026\/03\/img_920x518uu2026-03-09-17-29-12-2425876.jpg","keywords":["ciclismo","corridas","fugas","internacionais","Portugal","World Tour"],"articleSection":["Desporto","Futebol"],"inLanguage":"pt-PT"},{"@type":"WebPage","@id":"https:\/\/portaltela.pt\/noticias\/2026\/03\/09\/alemao-max-kanter-vence-surpresa-na-segunda-etapa-do-paris-nice\/","url":"https:\/\/portaltela.pt\/noticias\/2026\/03\/09\/alemao-max-kanter-vence-surpresa-na-segunda-etapa-do-paris-nice\/","name":"Alem\u00e3o Max Kanter vence surpresa na segunda etapa do Paris-Nice - Portal Tela Portugal","isPartOf":{"@id":"https:\/\/portaltela.pt\/#website"},"primaryImageOfPage":{"@id":"https:\/\/portaltela.pt\/noticias\/2026\/03\/09\/alemao-max-kanter-vence-surpresa-na-segunda-etapa-do-paris-nice\/#primaryimage"},"image":{"@id":"https:\/\/portaltela.pt\/noticias\/2026\/03\/09\/alemao-max-kanter-vence-surpresa-na-segunda-etapa-do-paris-nice\/#primaryimage"},"thumbnailUrl":"https:\/\/portaltela.pt\/s.01k8rhncp4jt1\/2026\/03\/img_920x518uu2026-03-09-17-29-12-2425876.jpg","datePublished":"2026-03-09T17:29:44+00:00","author":{"@id":"https:\/\/portaltela.pt\/#\/schema\/person\/c4278d4a6028830caff9ee44b42d32ed"},"breadcrumb":{"@id":"https:\/\/portaltela.pt\/noticias\/2026\/03\/09\/alemao-max-kanter-vence-surpresa-na-segunda-etapa-do-paris-nice\/#breadcrumb"},"inLanguage":"pt-PT","potentialAction":[{"@type":"ReadAction","target":["https:\/\/portaltela.pt\/noticias\/2026\/03\/09\/alemao-max-kanter-vence-surpresa-na-segunda-etapa-do-paris-nice\/"]}]},{"@type":"ImageObject","inLanguage":"pt-PT","@id":"https:\/\/portaltela.pt\/noticias\/2026\/03\/09\/alemao-max-kanter-vence-surpresa-na-segunda-etapa-do-paris-nice\/#primaryimage","url":"https:\/\/portaltela.pt\/s.01k8rhncp4jt1\/2026\/03\/img_920x518uu2026-03-09-17-29-12-2425876.jpg","contentUrl":"https:\/\/portaltela.pt\/s.01k8rhncp4jt1\/2026\/03\/img_920x518uu2026-03-09-17-29-12-2425876.jpg","width":920,"height":518,"caption":"Max Kanter vence etapa em Paris-Nice"},{"@type":"BreadcrumbList","@id":"https:\/\/portaltela.pt\/noticias\/2026\/03\/09\/alemao-max-kanter-vence-surpresa-na-segunda-etapa-do-paris-nice\/#breadcrumb","itemListElement":[{"@type":"ListItem","position":1,"name":"In\u00edcio","item":"https:\/\/portaltela.pt\/"},{"@type":"ListItem","position":2,"name":"Alem\u00e3o Max Kanter vence surpresa na segunda etapa do Paris-Nice"}]},{"@type":"WebSite","@id":"https:\/\/portaltela.pt\/#website","url":"https:\/\/portaltela.pt\/","name":"Portal Tela Portugal","description":"","potentialAction":[{"@type":"SearchAction","target":{"@type":"EntryPoint","urlTemplate":"https:\/\/portaltela.pt\/?s={search_term_string}"},"query-input":{"@type":"PropertyValueSpecification","valueRequired":true,"valueName":"search_term_string"}}],"inLanguage":"pt-PT"},{"@type":"Person","@id":"https:\/\/portaltela.pt\/#\/schema\/person\/c4278d4a6028830caff9ee44b42d32ed","name":"Telinha","image":{"@type":"ImageObject","inLanguage":"pt-PT","@id":"https:\/\/portaltela.pt\/s.01k8rhncp4jt1\/2025\/11\/talking-bot-125x125.png","url":"https:\/\/portaltela.pt\/s.01k8rhncp4jt1\/2025\/11\/talking-bot-125x125.png","contentUrl":"https:\/\/portaltela.pt\/s.01k8rhncp4jt1\/2025\/11\/talking-bot-125x125.png","caption":"Telinha"},"sameAs":["https:\/\/portaltela.pt\/"],"url":"https:\/\/portaltela.pt\/por\/367410592786\/"}]}},"_links":{"self":[{"href":"https:\/\/portaltela.pt\/api\/wp\/v2\/posts\/403695","targetHints":{"allow":["GET"]}}],"collection":[{"href":"https:\/\/portaltela.pt\/api\/wp\/v2\/posts"}],"about":[{"href":"https:\/\/portaltela.pt\/api\/wp\/v2\/types\/post"}],"author":[{"embeddable":true,"href":"https:\/\/portaltela.pt\/api\/wp\/v2\/users\/2"}],"replies":[{"embeddable":true,"href":"https:\/\/portaltela.pt\/api\/wp\/v2\/comments?post=403695"}],"version-history":[{"count":0,"href":"https:\/\/portaltela.pt\/api\/wp\/v2\/posts\/403695\/revisions"}],"wp:featuredmedia":[{"embeddable":true,"href":"https:\/\/portaltela.pt\/api\/wp\/v2\/media\/403701"}],"wp:attachment":[{"href":"https:\/\/portaltela.pt\/api\/wp\/v2\/media?parent=403695"}],"wp:term":[{"taxonomy":"category","embeddable":true,"href":"https:\/\/portaltela.pt\/api\/wp\/v2\/categories?post=403695"},{"taxonomy":"post_tag","embeddable":true,"href":"https:\/\/portaltela.pt\/api\/wp\/v2\/tags?post=403695"}],"curies":[{"name":"wp","href":"https:\/\/api.w.org\/{rel}","templated":true}]}}