{"id":403682,"date":"2026-03-09T14:01:00","date_gmt":"2026-03-09T17:01:00","guid":{"rendered":"https:\/\/portaltela.pt\/noticias\/2026\/03\/09\/jornalistas-da-now-agredidos-em-gaia-sindicato-exige-justica-exemplar\/"},"modified":"2026-03-09T14:01:00","modified_gmt":"2026-03-09T17:01:00","slug":"jornalistas-da-now-agredidos-em-gaia-sindicato-exige-justica-exemplar","status":"publish","type":"post","link":"https:\/\/portaltela.pt\/justica\/2026\/03\/09\/jornalistas-da-now-agredidos-em-gaia-sindicato-exige-justica-exemplar\/","title":{"rendered":"Jornalistas da NOW agredidos em Gaia; sindicato exige justi\u00e7a exemplar"},"content":{"rendered":"<p>O programa Rep\u00f3rter S\u00e1bado, da NOW, foi alvo de agress\u00f5es no fim de semana, em Gaia, ap\u00f3s a emiss\u00e3o de uma investiga\u00e7\u00e3o sobre uma alegada ag\u00eancia de modelos falsa, a Passarela, que ter\u00e1 provocado a viol\u00eancia.<\/p>\n<p>A equipa de reportagem foi atacada na Avenida da Rep\u00fablica, com as imagens a mostrarem agress\u00f5es e amea\u00e7as. O agressor j\u00e1 foi identificado pelas pr\u00f3prias imagens, segundo o Sindicato dos Jornalistas.<\/p>\n<p>O SJ pediu uma a\u00e7\u00e3o r\u00e1pida e exemplar por parte das autoridades, destacando que os atos violentos contra jornalistas s\u00e3o crimes p\u00fablicos no C\u00f3digo Penal portugu\u00eas e, por isso, merecem rigorosa interven\u00e7\u00e3o do Minist\u00e9rio P\u00fablico.<\/p>\n<p>Em comunicado enviado \u00e0s reda\u00e7\u00f5es, o sindicato sublinhou que a viol\u00eancia contra profissionais de imprensa fere a liberdade de express\u00e3o e o direito \u00e0 informa\u00e7\u00e3o, valores consagrados na Constitui\u00e7\u00e3o.<\/p>\n<h3>Rea\u00e7\u00e3o do Sindicato dos Jornalistas<\/h3>\n<p>O SJ defende que a behandelda\u00e7\u00e3o do caso deve ser c\u00e9lere, com responsabiliza\u00e7\u00e3o adequada, para preservar o estado de direito e a transpar\u00eancia das investiga\u00e7\u00f5es.<\/p>\n","protected":false},"excerpt":{"rendered":"<ul>\n<li>A equipa do programa Rep\u00f3rter S\u00e1bado, da NOW, foi alvo de agress\u00f5es em Gaia, no fim de semana, na sequ\u00eancia de uma investiga\u00e7\u00e3o a uma alegada falsa ag\u00eancia de modelos, a Passarela.<\/li>\n<li>O Sindicato dos Jornalistas exige uma a\u00e7\u00e3o r\u00e1pida e exemplar das autoridades, j\u00e1 que as imagens identificam o agressor e evidenciam a gravidade das agress\u00f5es e amea\u00e7as.<\/li>\n<li>O SJ lembra que ataques contra jornalistas no exerc\u00edcio da profiss\u00e3o s\u00e3o crime p\u00fablico, equiparados a agress\u00f5es contra titulares de cargos p\u00fablicos.<\/li>\n<li>O Minist\u00e9rio P\u00fablico deve promover o competente procedimento criminal independentemente de queixa.<\/li>\n<li>A viol\u00eancia contra jornalistas \u00e9 vista como uma afronta \u00e0 liberdade de imprensa e ao direito \u00e0 informa\u00e7\u00e3o, princ\u00edpios da Constitui\u00e7\u00e3o da Rep\u00fablica Portuguesa.<\/li>\n<\/ul>\n","protected":false},"author":2,"featured_media":403687,"comment_status":"closed","ping_status":"closed","sticky":false,"template":"","format":"standard","meta":{"footnotes":""},"categories":[6907,6815],"tags":[4230,4057,147,1761,5707,3512],"class_list":["post-403682","post","type-post","status-publish","format-standard","has-post-thumbnail","hentry","category-crime","category-justica","tag-codigo-penal","tag-constituicao","tag-crime","tag-gaia","tag-jornalistas","tag-liberdade-de-imprensa"],"yoast_head":"<!-- This site is optimized with the Yoast SEO plugin v27.2 - https:\/\/yoast.com\/product\/yoast-seo-wordpress\/ -->\n<title>Jornalistas da NOW agredidos em Gaia; sindicato exige justi\u00e7a exemplar - Portal Tela Portugal<\/title>\n<meta name=\"robots\" content=\"index, follow, max-snippet:-1, max-image-preview:large, max-video-preview:-1\" \/>\n<meta property=\"og:locale\" content=\"pt_PT\" \/>\n<meta property=\"og:type\" content=\"article\" \/>\n<meta property=\"og:title\" content=\"Jornalistas da NOW agredidos em Gaia; sindicato exige justi\u00e7a exemplar - Portal Tela Portugal\" \/>\n<meta property=\"og:description\" content=\"A equipa do programa Rep\u00f3rter S\u00e1bado, da NOW, foi alvo de agress\u00f5es em Gaia, no fim de semana, na sequ\u00eancia de uma investiga\u00e7\u00e3o a uma alegada falsa ag\u00eancia de modelos, a Passarela. O Sindicato dos Jornalistas exige uma a\u00e7\u00e3o r\u00e1pida e exemplar das autoridades, j\u00e1 que as imagens identificam o agressor e evidenciam a gravidade das agress\u00f5es e amea\u00e7as. O SJ lembra que ataques contra jornalistas no exerc\u00edcio da profiss\u00e3o s\u00e3o crime p\u00fablico, equiparados a agress\u00f5es contra titulares de cargos p\u00fablicos. O Minist\u00e9rio P\u00fablico deve promover o competente procedimento criminal independentemente de queixa. A viol\u00eancia contra jornalistas \u00e9 vista como uma afronta \u00e0 liberdade de imprensa e ao direito \u00e0 informa\u00e7\u00e3o, princ\u00edpios da Constitui\u00e7\u00e3o da Rep\u00fablica Portuguesa.\" \/>\n<meta property=\"og:url\" content=\"https:\/\/portaltela.pt\/noticias\/2026\/03\/09\/jornalistas-da-now-agredidos-em-gaia-sindicato-exige-justica-exemplar\/\" \/>\n<meta property=\"og:site_name\" content=\"Portal Tela Portugal\" \/>\n<meta property=\"article:published_time\" content=\"2026-03-09T17:01:00+00:00\" \/>\n<meta name=\"author\" content=\"Telinha\" \/>\n<meta name=\"twitter:card\" content=\"summary_large_image\" \/>\n<meta name=\"twitter:label1\" content=\"Escrito por\" \/>\n\t<meta name=\"twitter:data1\" content=\"Telinha\" \/>\n\t<meta name=\"twitter:label2\" content=\"Tempo estimado de leitura\" \/>\n\t<meta name=\"twitter:data2\" content=\"1 minuto\" \/>\n<script type=\"application\/ld+json\" class=\"yoast-schema-graph\">{\"@context\":\"https:\/\/schema.org\",\"@graph\":[{\"@type\":\"Article\",\"@id\":\"https:\/\/portaltela.pt\/noticias\/2026\/03\/09\/jornalistas-da-now-agredidos-em-gaia-sindicato-exige-justica-exemplar\/#article\",\"isPartOf\":{\"@id\":\"https:\/\/portaltela.pt\/noticias\/2026\/03\/09\/jornalistas-da-now-agredidos-em-gaia-sindicato-exige-justica-exemplar\/\"},\"author\":{\"name\":\"Telinha\",\"@id\":\"https:\/\/portaltela.pt\/#\/schema\/person\/c4278d4a6028830caff9ee44b42d32ed\"},\"headline\":\"Jornalistas da NOW agredidos em Gaia; sindicato exige justi\u00e7a exemplar\",\"datePublished\":\"2026-03-09T17:01:00+00:00\",\"mainEntityOfPage\":{\"@id\":\"https:\/\/portaltela.pt\/noticias\/2026\/03\/09\/jornalistas-da-now-agredidos-em-gaia-sindicato-exige-justica-exemplar\/\"},\"wordCount\":203,\"image\":{\"@id\":\"https:\/\/portaltela.pt\/noticias\/2026\/03\/09\/jornalistas-da-now-agredidos-em-gaia-sindicato-exige-justica-exemplar\/#primaryimage\"},\"thumbnailUrl\":\"https:\/\/portaltela.pt\/s.01k8rhncp4jt1\/2026\/03\/image-587.jpg\",\"keywords\":[\"C\u00f3digo Penal\",\"constitui\u00e7\u00e3o\",\"crime\",\"Gaia\",\"jornalistas\",\"liberdade de imprensa\"],\"articleSection\":[\"Crime\",\"Justi\u00e7a\"],\"inLanguage\":\"pt-PT\"},{\"@type\":\"WebPage\",\"@id\":\"https:\/\/portaltela.pt\/noticias\/2026\/03\/09\/jornalistas-da-now-agredidos-em-gaia-sindicato-exige-justica-exemplar\/\",\"url\":\"https:\/\/portaltela.pt\/noticias\/2026\/03\/09\/jornalistas-da-now-agredidos-em-gaia-sindicato-exige-justica-exemplar\/\",\"name\":\"Jornalistas da NOW agredidos em Gaia; sindicato exige justi\u00e7a exemplar - Portal Tela Portugal\",\"isPartOf\":{\"@id\":\"https:\/\/portaltela.pt\/#website\"},\"primaryImageOfPage\":{\"@id\":\"https:\/\/portaltela.pt\/noticias\/2026\/03\/09\/jornalistas-da-now-agredidos-em-gaia-sindicato-exige-justica-exemplar\/#primaryimage\"},\"image\":{\"@id\":\"https:\/\/portaltela.pt\/noticias\/2026\/03\/09\/jornalistas-da-now-agredidos-em-gaia-sindicato-exige-justica-exemplar\/#primaryimage\"},\"thumbnailUrl\":\"https:\/\/portaltela.pt\/s.01k8rhncp4jt1\/2026\/03\/image-587.jpg\",\"datePublished\":\"2026-03-09T17:01:00+00:00\",\"author\":{\"@id\":\"https:\/\/portaltela.pt\/#\/schema\/person\/c4278d4a6028830caff9ee44b42d32ed\"},\"breadcrumb\":{\"@id\":\"https:\/\/portaltela.pt\/noticias\/2026\/03\/09\/jornalistas-da-now-agredidos-em-gaia-sindicato-exige-justica-exemplar\/#breadcrumb\"},\"inLanguage\":\"pt-PT\",\"potentialAction\":[{\"@type\":\"ReadAction\",\"target\":[\"https:\/\/portaltela.pt\/noticias\/2026\/03\/09\/jornalistas-da-now-agredidos-em-gaia-sindicato-exige-justica-exemplar\/\"]}]},{\"@type\":\"ImageObject\",\"inLanguage\":\"pt-PT\",\"@id\":\"https:\/\/portaltela.pt\/noticias\/2026\/03\/09\/jornalistas-da-now-agredidos-em-gaia-sindicato-exige-justica-exemplar\/#primaryimage\",\"url\":\"https:\/\/portaltela.pt\/s.01k8rhncp4jt1\/2026\/03\/image-587.jpg\",\"contentUrl\":\"https:\/\/portaltela.pt\/s.01k8rhncp4jt1\/2026\/03\/image-587.jpg\",\"width\":796,\"height\":448,\"caption\":\"As agress\u00f5es aconteceram na Avenida da Rep\u00fablica, em Gaia\"},{\"@type\":\"BreadcrumbList\",\"@id\":\"https:\/\/portaltela.pt\/noticias\/2026\/03\/09\/jornalistas-da-now-agredidos-em-gaia-sindicato-exige-justica-exemplar\/#breadcrumb\",\"itemListElement\":[{\"@type\":\"ListItem\",\"position\":1,\"name\":\"In\u00edcio\",\"item\":\"https:\/\/portaltela.pt\/\"},{\"@type\":\"ListItem\",\"position\":2,\"name\":\"Jornalistas da NOW agredidos em Gaia; sindicato exige justi\u00e7a exemplar\"}]},{\"@type\":\"WebSite\",\"@id\":\"https:\/\/portaltela.pt\/#website\",\"url\":\"https:\/\/portaltela.pt\/\",\"name\":\"Portal Tela Portugal\",\"description\":\"\",\"potentialAction\":[{\"@type\":\"SearchAction\",\"target\":{\"@type\":\"EntryPoint\",\"urlTemplate\":\"https:\/\/portaltela.pt\/?s={search_term_string}\"},\"query-input\":{\"@type\":\"PropertyValueSpecification\",\"valueRequired\":true,\"valueName\":\"search_term_string\"}}],\"inLanguage\":\"pt-PT\"},{\"@type\":\"Person\",\"@id\":\"https:\/\/portaltela.pt\/#\/schema\/person\/c4278d4a6028830caff9ee44b42d32ed\",\"name\":\"Telinha\",\"image\":{\"@type\":\"ImageObject\",\"inLanguage\":\"pt-PT\",\"@id\":\"https:\/\/portaltela.pt\/s.01k8rhncp4jt1\/2025\/11\/talking-bot-125x125.png\",\"url\":\"https:\/\/portaltela.pt\/s.01k8rhncp4jt1\/2025\/11\/talking-bot-125x125.png\",\"contentUrl\":\"https:\/\/portaltela.pt\/s.01k8rhncp4jt1\/2025\/11\/talking-bot-125x125.png\",\"caption\":\"Telinha\"},\"sameAs\":[\"https:\/\/portaltela.pt\/\"],\"url\":\"https:\/\/portaltela.pt\/por\/367410592786\/\"}]}<\/script>\n<!-- \/ Yoast SEO plugin. -->","yoast_head_json":{"title":"Jornalistas da NOW agredidos em Gaia; sindicato exige justi\u00e7a exemplar - Portal Tela Portugal","robots":{"index":"index","follow":"follow","max-snippet":"max-snippet:-1","max-image-preview":"max-image-preview:large","max-video-preview":"max-video-preview:-1"},"og_locale":"pt_PT","og_type":"article","og_title":"Jornalistas da NOW agredidos em Gaia; sindicato exige justi\u00e7a exemplar - Portal Tela Portugal","og_description":"A equipa do programa Rep\u00f3rter S\u00e1bado, da NOW, foi alvo de agress\u00f5es em Gaia, no fim de semana, na sequ\u00eancia de uma investiga\u00e7\u00e3o a uma alegada falsa ag\u00eancia de modelos, a Passarela. O Sindicato dos Jornalistas exige uma a\u00e7\u00e3o r\u00e1pida e exemplar das autoridades, j\u00e1 que as imagens identificam o agressor e evidenciam a gravidade das agress\u00f5es e amea\u00e7as. O SJ lembra que ataques contra jornalistas no exerc\u00edcio da profiss\u00e3o s\u00e3o crime p\u00fablico, equiparados a agress\u00f5es contra titulares de cargos p\u00fablicos. O Minist\u00e9rio P\u00fablico deve promover o competente procedimento criminal independentemente de queixa. A viol\u00eancia contra jornalistas \u00e9 vista como uma afronta \u00e0 liberdade de imprensa e ao direito \u00e0 informa\u00e7\u00e3o, princ\u00edpios da Constitui\u00e7\u00e3o da Rep\u00fablica Portuguesa.","og_url":"https:\/\/portaltela.pt\/noticias\/2026\/03\/09\/jornalistas-da-now-agredidos-em-gaia-sindicato-exige-justica-exemplar\/","og_site_name":"Portal Tela Portugal","article_published_time":"2026-03-09T17:01:00+00:00","author":"Telinha","twitter_card":"summary_large_image","twitter_misc":{"Escrito por":"Telinha","Tempo estimado de leitura":"1 minuto"},"schema":{"@context":"https:\/\/schema.org","@graph":[{"@type":"Article","@id":"https:\/\/portaltela.pt\/noticias\/2026\/03\/09\/jornalistas-da-now-agredidos-em-gaia-sindicato-exige-justica-exemplar\/#article","isPartOf":{"@id":"https:\/\/portaltela.pt\/noticias\/2026\/03\/09\/jornalistas-da-now-agredidos-em-gaia-sindicato-exige-justica-exemplar\/"},"author":{"name":"Telinha","@id":"https:\/\/portaltela.pt\/#\/schema\/person\/c4278d4a6028830caff9ee44b42d32ed"},"headline":"Jornalistas da NOW agredidos em Gaia; sindicato exige justi\u00e7a exemplar","datePublished":"2026-03-09T17:01:00+00:00","mainEntityOfPage":{"@id":"https:\/\/portaltela.pt\/noticias\/2026\/03\/09\/jornalistas-da-now-agredidos-em-gaia-sindicato-exige-justica-exemplar\/"},"wordCount":203,"image":{"@id":"https:\/\/portaltela.pt\/noticias\/2026\/03\/09\/jornalistas-da-now-agredidos-em-gaia-sindicato-exige-justica-exemplar\/#primaryimage"},"thumbnailUrl":"https:\/\/portaltela.pt\/s.01k8rhncp4jt1\/2026\/03\/image-587.jpg","keywords":["C\u00f3digo Penal","constitui\u00e7\u00e3o","crime","Gaia","jornalistas","liberdade de imprensa"],"articleSection":["Crime","Justi\u00e7a"],"inLanguage":"pt-PT"},{"@type":"WebPage","@id":"https:\/\/portaltela.pt\/noticias\/2026\/03\/09\/jornalistas-da-now-agredidos-em-gaia-sindicato-exige-justica-exemplar\/","url":"https:\/\/portaltela.pt\/noticias\/2026\/03\/09\/jornalistas-da-now-agredidos-em-gaia-sindicato-exige-justica-exemplar\/","name":"Jornalistas da NOW agredidos em Gaia; sindicato exige justi\u00e7a exemplar - Portal Tela Portugal","isPartOf":{"@id":"https:\/\/portaltela.pt\/#website"},"primaryImageOfPage":{"@id":"https:\/\/portaltela.pt\/noticias\/2026\/03\/09\/jornalistas-da-now-agredidos-em-gaia-sindicato-exige-justica-exemplar\/#primaryimage"},"image":{"@id":"https:\/\/portaltela.pt\/noticias\/2026\/03\/09\/jornalistas-da-now-agredidos-em-gaia-sindicato-exige-justica-exemplar\/#primaryimage"},"thumbnailUrl":"https:\/\/portaltela.pt\/s.01k8rhncp4jt1\/2026\/03\/image-587.jpg","datePublished":"2026-03-09T17:01:00+00:00","author":{"@id":"https:\/\/portaltela.pt\/#\/schema\/person\/c4278d4a6028830caff9ee44b42d32ed"},"breadcrumb":{"@id":"https:\/\/portaltela.pt\/noticias\/2026\/03\/09\/jornalistas-da-now-agredidos-em-gaia-sindicato-exige-justica-exemplar\/#breadcrumb"},"inLanguage":"pt-PT","potentialAction":[{"@type":"ReadAction","target":["https:\/\/portaltela.pt\/noticias\/2026\/03\/09\/jornalistas-da-now-agredidos-em-gaia-sindicato-exige-justica-exemplar\/"]}]},{"@type":"ImageObject","inLanguage":"pt-PT","@id":"https:\/\/portaltela.pt\/noticias\/2026\/03\/09\/jornalistas-da-now-agredidos-em-gaia-sindicato-exige-justica-exemplar\/#primaryimage","url":"https:\/\/portaltela.pt\/s.01k8rhncp4jt1\/2026\/03\/image-587.jpg","contentUrl":"https:\/\/portaltela.pt\/s.01k8rhncp4jt1\/2026\/03\/image-587.jpg","width":796,"height":448,"caption":"As agress\u00f5es aconteceram na Avenida da Rep\u00fablica, em Gaia"},{"@type":"BreadcrumbList","@id":"https:\/\/portaltela.pt\/noticias\/2026\/03\/09\/jornalistas-da-now-agredidos-em-gaia-sindicato-exige-justica-exemplar\/#breadcrumb","itemListElement":[{"@type":"ListItem","position":1,"name":"In\u00edcio","item":"https:\/\/portaltela.pt\/"},{"@type":"ListItem","position":2,"name":"Jornalistas da NOW agredidos em Gaia; sindicato exige justi\u00e7a exemplar"}]},{"@type":"WebSite","@id":"https:\/\/portaltela.pt\/#website","url":"https:\/\/portaltela.pt\/","name":"Portal Tela Portugal","description":"","potentialAction":[{"@type":"SearchAction","target":{"@type":"EntryPoint","urlTemplate":"https:\/\/portaltela.pt\/?s={search_term_string}"},"query-input":{"@type":"PropertyValueSpecification","valueRequired":true,"valueName":"search_term_string"}}],"inLanguage":"pt-PT"},{"@type":"Person","@id":"https:\/\/portaltela.pt\/#\/schema\/person\/c4278d4a6028830caff9ee44b42d32ed","name":"Telinha","image":{"@type":"ImageObject","inLanguage":"pt-PT","@id":"https:\/\/portaltela.pt\/s.01k8rhncp4jt1\/2025\/11\/talking-bot-125x125.png","url":"https:\/\/portaltela.pt\/s.01k8rhncp4jt1\/2025\/11\/talking-bot-125x125.png","contentUrl":"https:\/\/portaltela.pt\/s.01k8rhncp4jt1\/2025\/11\/talking-bot-125x125.png","caption":"Telinha"},"sameAs":["https:\/\/portaltela.pt\/"],"url":"https:\/\/portaltela.pt\/por\/367410592786\/"}]}},"_links":{"self":[{"href":"https:\/\/portaltela.pt\/api\/wp\/v2\/posts\/403682","targetHints":{"allow":["GET"]}}],"collection":[{"href":"https:\/\/portaltela.pt\/api\/wp\/v2\/posts"}],"about":[{"href":"https:\/\/portaltela.pt\/api\/wp\/v2\/types\/post"}],"author":[{"embeddable":true,"href":"https:\/\/portaltela.pt\/api\/wp\/v2\/users\/2"}],"replies":[{"embeddable":true,"href":"https:\/\/portaltela.pt\/api\/wp\/v2\/comments?post=403682"}],"version-history":[{"count":0,"href":"https:\/\/portaltela.pt\/api\/wp\/v2\/posts\/403682\/revisions"}],"wp:featuredmedia":[{"embeddable":true,"href":"https:\/\/portaltela.pt\/api\/wp\/v2\/media\/403687"}],"wp:attachment":[{"href":"https:\/\/portaltela.pt\/api\/wp\/v2\/media?parent=403682"}],"wp:term":[{"taxonomy":"category","embeddable":true,"href":"https:\/\/portaltela.pt\/api\/wp\/v2\/categories?post=403682"},{"taxonomy":"post_tag","embeddable":true,"href":"https:\/\/portaltela.pt\/api\/wp\/v2\/tags?post=403682"}],"curies":[{"name":"wp","href":"https:\/\/api.w.org\/{rel}","templated":true}]}}