{"id":403675,"date":"2026-03-09T14:02:41","date_gmt":"2026-03-09T17:02:41","guid":{"rendered":"https:\/\/portaltela.pt\/noticias\/2026\/03\/09\/trio-detido-pela-pj-por-extorsao-de-35-mil-euros-a-empresario-de-oeiras\/"},"modified":"2026-03-09T14:02:41","modified_gmt":"2026-03-09T17:02:41","slug":"trio-detido-pela-pj-por-extorsao-de-35-mil-euros-a-empresario-de-oeiras","status":"publish","type":"post","link":"https:\/\/portaltela.pt\/noticias\/internacional\/2026\/03\/09\/trio-detido-pela-pj-por-extorsao-de-35-mil-euros-a-empresario-de-oeiras\/","title":{"rendered":"Trio detido pela PJ por extors\u00e3o de 35 mil euros a empres\u00e1rio de Oeiras"},"content":{"rendered":"<p>A Pol\u00edcia Judici\u00e1ria deteve hoje um trio suspeito de extors\u00e3o a um empres\u00e1rio de Oeiras, no valor de 35 mil euros, durante uma opera\u00e7\u00e3o coordenada pela PJ. A a\u00e7\u00e3o ocorreu nos \u00faltimos dias e envolveu dilig\u00eancias estrat\u00e9gicas para recolher ind\u00edcios.<\/p>\n<p>De acordo com a investiga\u00e7\u00e3o, os suspeitos teriam pressionado a v\u00edtima para entregar o dinheiro em v\u00e1rias fases, recorrendo a contactos e supostas garantias de prote\u00e7\u00e3o. As autoridades n\u00e3o divulgaram detalhes operacionais.<\/p>\n<p>A PJ realizou buscas domicili\u00e1rias e efetuou a apreens\u00e3o de documenta\u00e7\u00e3o relevante para o caso. A identidade dos detidos n\u00e3o foi anunciada pela autoridade, que mant\u00e9m o sigilo de dados pessoais.<\/p>\n<p>O empres\u00e1rio n\u00e3o teve a identidade tornada p\u00fablica. Fontes pr\u00f3ximas \u00e0 investiga\u00e7\u00e3o indicam que o montante visado representa a soma do alegado crime de extors\u00e3o. O inqu\u00e9rito prossegue para esclarecer circunst\u00e2ncias e participa\u00e7\u00e3o de cada involved.<\/p>\n<p>A Pol\u00edcia Judici\u00e1ria confirmou as deten\u00e7\u00f5es e informou que os detidos v\u00e3o a primeiro interrogat\u00f3rio judicial. O processo permanece sob segredo de justi\u00e7a, sem indica\u00e7\u00e3o de prazos para novas informa\u00e7\u00f5es.<\/p>\n<p>Fonte: Pol\u00edcia Judici\u00e1ria<\/p>\n","protected":false},"excerpt":{"rendered":"<ul>\n<li>A Pol\u00edcia Judici\u00e1ria deteve um trio por extors\u00e3o de 35 mil euros a um empres\u00e1rio de Oeiras; dois operacionais e um mandante foram identificados.<\/li>\n<li>O crime ocorreu num restaurante no m\u00eas passado, segundo as informa\u00e7\u00f5es dispon\u00edveis.<\/li>\n<li>A investiga\u00e7\u00e3o continua para esclarecer todos os detalhes do caso e os pap\u00e9is de cada suspeito.<\/li>\n<li>A opera\u00e7\u00e3o envolveu dilig\u00eancias de investiga\u00e7\u00e3o e coordena\u00e7\u00e3o entre entidades policiais competentes.<\/li>\n<li>N\u00e3o foram divulgados nomes nem informa\u00e7\u00f5es adicionais que possam identificar pessoas envolvidas.<\/li>\n<\/ul>\n","protected":false},"author":2,"featured_media":403677,"comment_status":"closed","ping_status":"closed","sticky":false,"template":"","format":"standard","meta":{"footnotes":""},"categories":[4,1],"tags":[147,2876,4068,215,1198,1802],"class_list":["post-403675","post","type-post","status-publish","format-standard","has-post-thumbnail","hentry","category-internacional","category-noticias","tag-crime","tag-detencoes","tag-extorsao","tag-investigacao","tag-oeiras","tag-policia-judiciaria"],"yoast_head":"<!-- This site is optimized with the Yoast SEO plugin v27.2 - https:\/\/yoast.com\/product\/yoast-seo-wordpress\/ -->\n<title>Trio detido pela PJ por extors\u00e3o de 35 mil euros a empres\u00e1rio de Oeiras - Portal Tela Portugal<\/title>\n<meta name=\"robots\" content=\"index, follow, max-snippet:-1, max-image-preview:large, max-video-preview:-1\" \/>\n<meta property=\"og:locale\" content=\"pt_PT\" \/>\n<meta property=\"og:type\" content=\"article\" \/>\n<meta property=\"og:title\" content=\"Trio detido pela PJ por extors\u00e3o de 35 mil euros a empres\u00e1rio de Oeiras - Portal Tela Portugal\" \/>\n<meta property=\"og:description\" content=\"A Pol\u00edcia Judici\u00e1ria deteve um trio por extors\u00e3o de 35 mil euros a um empres\u00e1rio de Oeiras; dois operacionais e um mandante foram identificados. O crime ocorreu num restaurante no m\u00eas passado, segundo as informa\u00e7\u00f5es dispon\u00edveis. A investiga\u00e7\u00e3o continua para esclarecer todos os detalhes do caso e os pap\u00e9is de cada suspeito. A opera\u00e7\u00e3o envolveu dilig\u00eancias de investiga\u00e7\u00e3o e coordena\u00e7\u00e3o entre entidades policiais competentes. N\u00e3o foram divulgados nomes nem informa\u00e7\u00f5es adicionais que possam identificar pessoas envolvidas.\" \/>\n<meta property=\"og:url\" content=\"https:\/\/portaltela.pt\/noticias\/2026\/03\/09\/trio-detido-pela-pj-por-extorsao-de-35-mil-euros-a-empresario-de-oeiras\/\" \/>\n<meta property=\"og:site_name\" content=\"Portal Tela Portugal\" \/>\n<meta property=\"article:published_time\" content=\"2026-03-09T17:02:41+00:00\" \/>\n<meta name=\"author\" content=\"Telinha\" \/>\n<meta name=\"twitter:card\" content=\"summary_large_image\" \/>\n<meta name=\"twitter:label1\" content=\"Escrito por\" \/>\n\t<meta name=\"twitter:data1\" content=\"Telinha\" \/>\n\t<meta name=\"twitter:label2\" content=\"Tempo estimado de leitura\" \/>\n\t<meta name=\"twitter:data2\" content=\"1 minuto\" \/>\n<script type=\"application\/ld+json\" class=\"yoast-schema-graph\">{\"@context\":\"https:\/\/schema.org\",\"@graph\":[{\"@type\":\"Article\",\"@id\":\"https:\/\/portaltela.pt\/noticias\/2026\/03\/09\/trio-detido-pela-pj-por-extorsao-de-35-mil-euros-a-empresario-de-oeiras\/#article\",\"isPartOf\":{\"@id\":\"https:\/\/portaltela.pt\/noticias\/2026\/03\/09\/trio-detido-pela-pj-por-extorsao-de-35-mil-euros-a-empresario-de-oeiras\/\"},\"author\":{\"name\":\"Telinha\",\"@id\":\"https:\/\/portaltela.pt\/#\/schema\/person\/c4278d4a6028830caff9ee44b42d32ed\"},\"headline\":\"Trio detido pela PJ por extors\u00e3o de 35 mil euros a empres\u00e1rio de Oeiras\",\"datePublished\":\"2026-03-09T17:02:41+00:00\",\"mainEntityOfPage\":{\"@id\":\"https:\/\/portaltela.pt\/noticias\/2026\/03\/09\/trio-detido-pela-pj-por-extorsao-de-35-mil-euros-a-empresario-de-oeiras\/\"},\"wordCount\":223,\"image\":{\"@id\":\"https:\/\/portaltela.pt\/noticias\/2026\/03\/09\/trio-detido-pela-pj-por-extorsao-de-35-mil-euros-a-empresario-de-oeiras\/#primaryimage\"},\"thumbnailUrl\":\"https:\/\/portaltela.pt\/s.01k8rhncp4jt1\/2026\/03\/img_400x516uu2026-03-09-00-43-00-2271202.jpg\",\"keywords\":[\"crime\",\"deten\u00e7\u00f5es\",\"extors\u00e3o\",\"investiga\u00e7\u00e3o\",\"Oeiras\",\"Pol\u00edcia Judici\u00e1ria\"],\"articleSection\":[\"Internacional\",\"Not\u00edcias\"],\"inLanguage\":\"pt-PT\"},{\"@type\":\"WebPage\",\"@id\":\"https:\/\/portaltela.pt\/noticias\/2026\/03\/09\/trio-detido-pela-pj-por-extorsao-de-35-mil-euros-a-empresario-de-oeiras\/\",\"url\":\"https:\/\/portaltela.pt\/noticias\/2026\/03\/09\/trio-detido-pela-pj-por-extorsao-de-35-mil-euros-a-empresario-de-oeiras\/\",\"name\":\"Trio detido pela PJ por extors\u00e3o de 35 mil euros a empres\u00e1rio de Oeiras - Portal Tela Portugal\",\"isPartOf\":{\"@id\":\"https:\/\/portaltela.pt\/#website\"},\"primaryImageOfPage\":{\"@id\":\"https:\/\/portaltela.pt\/noticias\/2026\/03\/09\/trio-detido-pela-pj-por-extorsao-de-35-mil-euros-a-empresario-de-oeiras\/#primaryimage\"},\"image\":{\"@id\":\"https:\/\/portaltela.pt\/noticias\/2026\/03\/09\/trio-detido-pela-pj-por-extorsao-de-35-mil-euros-a-empresario-de-oeiras\/#primaryimage\"},\"thumbnailUrl\":\"https:\/\/portaltela.pt\/s.01k8rhncp4jt1\/2026\/03\/img_400x516uu2026-03-09-00-43-00-2271202.jpg\",\"datePublished\":\"2026-03-09T17:02:41+00:00\",\"author\":{\"@id\":\"https:\/\/portaltela.pt\/#\/schema\/person\/c4278d4a6028830caff9ee44b42d32ed\"},\"breadcrumb\":{\"@id\":\"https:\/\/portaltela.pt\/noticias\/2026\/03\/09\/trio-detido-pela-pj-por-extorsao-de-35-mil-euros-a-empresario-de-oeiras\/#breadcrumb\"},\"inLanguage\":\"pt-PT\",\"potentialAction\":[{\"@type\":\"ReadAction\",\"target\":[\"https:\/\/portaltela.pt\/noticias\/2026\/03\/09\/trio-detido-pela-pj-por-extorsao-de-35-mil-euros-a-empresario-de-oeiras\/\"]}]},{\"@type\":\"ImageObject\",\"inLanguage\":\"pt-PT\",\"@id\":\"https:\/\/portaltela.pt\/noticias\/2026\/03\/09\/trio-detido-pela-pj-por-extorsao-de-35-mil-euros-a-empresario-de-oeiras\/#primaryimage\",\"url\":\"https:\/\/portaltela.pt\/s.01k8rhncp4jt1\/2026\/03\/img_400x516uu2026-03-09-00-43-00-2271202.jpg\",\"contentUrl\":\"https:\/\/portaltela.pt\/s.01k8rhncp4jt1\/2026\/03\/img_400x516uu2026-03-09-00-43-00-2271202.jpg\",\"width\":796,\"height\":448,\"caption\":\"Capa do jornal\"},{\"@type\":\"BreadcrumbList\",\"@id\":\"https:\/\/portaltela.pt\/noticias\/2026\/03\/09\/trio-detido-pela-pj-por-extorsao-de-35-mil-euros-a-empresario-de-oeiras\/#breadcrumb\",\"itemListElement\":[{\"@type\":\"ListItem\",\"position\":1,\"name\":\"In\u00edcio\",\"item\":\"https:\/\/portaltela.pt\/\"},{\"@type\":\"ListItem\",\"position\":2,\"name\":\"Trio detido pela PJ por extors\u00e3o de 35 mil euros a empres\u00e1rio de Oeiras\"}]},{\"@type\":\"WebSite\",\"@id\":\"https:\/\/portaltela.pt\/#website\",\"url\":\"https:\/\/portaltela.pt\/\",\"name\":\"Portal Tela Portugal\",\"description\":\"\",\"potentialAction\":[{\"@type\":\"SearchAction\",\"target\":{\"@type\":\"EntryPoint\",\"urlTemplate\":\"https:\/\/portaltela.pt\/?s={search_term_string}\"},\"query-input\":{\"@type\":\"PropertyValueSpecification\",\"valueRequired\":true,\"valueName\":\"search_term_string\"}}],\"inLanguage\":\"pt-PT\"},{\"@type\":\"Person\",\"@id\":\"https:\/\/portaltela.pt\/#\/schema\/person\/c4278d4a6028830caff9ee44b42d32ed\",\"name\":\"Telinha\",\"image\":{\"@type\":\"ImageObject\",\"inLanguage\":\"pt-PT\",\"@id\":\"https:\/\/portaltela.pt\/s.01k8rhncp4jt1\/2025\/11\/talking-bot-125x125.png\",\"url\":\"https:\/\/portaltela.pt\/s.01k8rhncp4jt1\/2025\/11\/talking-bot-125x125.png\",\"contentUrl\":\"https:\/\/portaltela.pt\/s.01k8rhncp4jt1\/2025\/11\/talking-bot-125x125.png\",\"caption\":\"Telinha\"},\"sameAs\":[\"https:\/\/portaltela.pt\/\"],\"url\":\"https:\/\/portaltela.pt\/por\/367410592786\/\"}]}<\/script>\n<!-- \/ Yoast SEO plugin. -->","yoast_head_json":{"title":"Trio detido pela PJ por extors\u00e3o de 35 mil euros a empres\u00e1rio de Oeiras - Portal Tela Portugal","robots":{"index":"index","follow":"follow","max-snippet":"max-snippet:-1","max-image-preview":"max-image-preview:large","max-video-preview":"max-video-preview:-1"},"og_locale":"pt_PT","og_type":"article","og_title":"Trio detido pela PJ por extors\u00e3o de 35 mil euros a empres\u00e1rio de Oeiras - Portal Tela Portugal","og_description":"A Pol\u00edcia Judici\u00e1ria deteve um trio por extors\u00e3o de 35 mil euros a um empres\u00e1rio de Oeiras; dois operacionais e um mandante foram identificados. O crime ocorreu num restaurante no m\u00eas passado, segundo as informa\u00e7\u00f5es dispon\u00edveis. A investiga\u00e7\u00e3o continua para esclarecer todos os detalhes do caso e os pap\u00e9is de cada suspeito. A opera\u00e7\u00e3o envolveu dilig\u00eancias de investiga\u00e7\u00e3o e coordena\u00e7\u00e3o entre entidades policiais competentes. N\u00e3o foram divulgados nomes nem informa\u00e7\u00f5es adicionais que possam identificar pessoas envolvidas.","og_url":"https:\/\/portaltela.pt\/noticias\/2026\/03\/09\/trio-detido-pela-pj-por-extorsao-de-35-mil-euros-a-empresario-de-oeiras\/","og_site_name":"Portal Tela Portugal","article_published_time":"2026-03-09T17:02:41+00:00","author":"Telinha","twitter_card":"summary_large_image","twitter_misc":{"Escrito por":"Telinha","Tempo estimado de leitura":"1 minuto"},"schema":{"@context":"https:\/\/schema.org","@graph":[{"@type":"Article","@id":"https:\/\/portaltela.pt\/noticias\/2026\/03\/09\/trio-detido-pela-pj-por-extorsao-de-35-mil-euros-a-empresario-de-oeiras\/#article","isPartOf":{"@id":"https:\/\/portaltela.pt\/noticias\/2026\/03\/09\/trio-detido-pela-pj-por-extorsao-de-35-mil-euros-a-empresario-de-oeiras\/"},"author":{"name":"Telinha","@id":"https:\/\/portaltela.pt\/#\/schema\/person\/c4278d4a6028830caff9ee44b42d32ed"},"headline":"Trio detido pela PJ por extors\u00e3o de 35 mil euros a empres\u00e1rio de Oeiras","datePublished":"2026-03-09T17:02:41+00:00","mainEntityOfPage":{"@id":"https:\/\/portaltela.pt\/noticias\/2026\/03\/09\/trio-detido-pela-pj-por-extorsao-de-35-mil-euros-a-empresario-de-oeiras\/"},"wordCount":223,"image":{"@id":"https:\/\/portaltela.pt\/noticias\/2026\/03\/09\/trio-detido-pela-pj-por-extorsao-de-35-mil-euros-a-empresario-de-oeiras\/#primaryimage"},"thumbnailUrl":"https:\/\/portaltela.pt\/s.01k8rhncp4jt1\/2026\/03\/img_400x516uu2026-03-09-00-43-00-2271202.jpg","keywords":["crime","deten\u00e7\u00f5es","extors\u00e3o","investiga\u00e7\u00e3o","Oeiras","Pol\u00edcia Judici\u00e1ria"],"articleSection":["Internacional","Not\u00edcias"],"inLanguage":"pt-PT"},{"@type":"WebPage","@id":"https:\/\/portaltela.pt\/noticias\/2026\/03\/09\/trio-detido-pela-pj-por-extorsao-de-35-mil-euros-a-empresario-de-oeiras\/","url":"https:\/\/portaltela.pt\/noticias\/2026\/03\/09\/trio-detido-pela-pj-por-extorsao-de-35-mil-euros-a-empresario-de-oeiras\/","name":"Trio detido pela PJ por extors\u00e3o de 35 mil euros a empres\u00e1rio de Oeiras - Portal Tela Portugal","isPartOf":{"@id":"https:\/\/portaltela.pt\/#website"},"primaryImageOfPage":{"@id":"https:\/\/portaltela.pt\/noticias\/2026\/03\/09\/trio-detido-pela-pj-por-extorsao-de-35-mil-euros-a-empresario-de-oeiras\/#primaryimage"},"image":{"@id":"https:\/\/portaltela.pt\/noticias\/2026\/03\/09\/trio-detido-pela-pj-por-extorsao-de-35-mil-euros-a-empresario-de-oeiras\/#primaryimage"},"thumbnailUrl":"https:\/\/portaltela.pt\/s.01k8rhncp4jt1\/2026\/03\/img_400x516uu2026-03-09-00-43-00-2271202.jpg","datePublished":"2026-03-09T17:02:41+00:00","author":{"@id":"https:\/\/portaltela.pt\/#\/schema\/person\/c4278d4a6028830caff9ee44b42d32ed"},"breadcrumb":{"@id":"https:\/\/portaltela.pt\/noticias\/2026\/03\/09\/trio-detido-pela-pj-por-extorsao-de-35-mil-euros-a-empresario-de-oeiras\/#breadcrumb"},"inLanguage":"pt-PT","potentialAction":[{"@type":"ReadAction","target":["https:\/\/portaltela.pt\/noticias\/2026\/03\/09\/trio-detido-pela-pj-por-extorsao-de-35-mil-euros-a-empresario-de-oeiras\/"]}]},{"@type":"ImageObject","inLanguage":"pt-PT","@id":"https:\/\/portaltela.pt\/noticias\/2026\/03\/09\/trio-detido-pela-pj-por-extorsao-de-35-mil-euros-a-empresario-de-oeiras\/#primaryimage","url":"https:\/\/portaltela.pt\/s.01k8rhncp4jt1\/2026\/03\/img_400x516uu2026-03-09-00-43-00-2271202.jpg","contentUrl":"https:\/\/portaltela.pt\/s.01k8rhncp4jt1\/2026\/03\/img_400x516uu2026-03-09-00-43-00-2271202.jpg","width":796,"height":448,"caption":"Capa do jornal"},{"@type":"BreadcrumbList","@id":"https:\/\/portaltela.pt\/noticias\/2026\/03\/09\/trio-detido-pela-pj-por-extorsao-de-35-mil-euros-a-empresario-de-oeiras\/#breadcrumb","itemListElement":[{"@type":"ListItem","position":1,"name":"In\u00edcio","item":"https:\/\/portaltela.pt\/"},{"@type":"ListItem","position":2,"name":"Trio detido pela PJ por extors\u00e3o de 35 mil euros a empres\u00e1rio de Oeiras"}]},{"@type":"WebSite","@id":"https:\/\/portaltela.pt\/#website","url":"https:\/\/portaltela.pt\/","name":"Portal Tela Portugal","description":"","potentialAction":[{"@type":"SearchAction","target":{"@type":"EntryPoint","urlTemplate":"https:\/\/portaltela.pt\/?s={search_term_string}"},"query-input":{"@type":"PropertyValueSpecification","valueRequired":true,"valueName":"search_term_string"}}],"inLanguage":"pt-PT"},{"@type":"Person","@id":"https:\/\/portaltela.pt\/#\/schema\/person\/c4278d4a6028830caff9ee44b42d32ed","name":"Telinha","image":{"@type":"ImageObject","inLanguage":"pt-PT","@id":"https:\/\/portaltela.pt\/s.01k8rhncp4jt1\/2025\/11\/talking-bot-125x125.png","url":"https:\/\/portaltela.pt\/s.01k8rhncp4jt1\/2025\/11\/talking-bot-125x125.png","contentUrl":"https:\/\/portaltela.pt\/s.01k8rhncp4jt1\/2025\/11\/talking-bot-125x125.png","caption":"Telinha"},"sameAs":["https:\/\/portaltela.pt\/"],"url":"https:\/\/portaltela.pt\/por\/367410592786\/"}]}},"_links":{"self":[{"href":"https:\/\/portaltela.pt\/api\/wp\/v2\/posts\/403675","targetHints":{"allow":["GET"]}}],"collection":[{"href":"https:\/\/portaltela.pt\/api\/wp\/v2\/posts"}],"about":[{"href":"https:\/\/portaltela.pt\/api\/wp\/v2\/types\/post"}],"author":[{"embeddable":true,"href":"https:\/\/portaltela.pt\/api\/wp\/v2\/users\/2"}],"replies":[{"embeddable":true,"href":"https:\/\/portaltela.pt\/api\/wp\/v2\/comments?post=403675"}],"version-history":[{"count":0,"href":"https:\/\/portaltela.pt\/api\/wp\/v2\/posts\/403675\/revisions"}],"wp:featuredmedia":[{"embeddable":true,"href":"https:\/\/portaltela.pt\/api\/wp\/v2\/media\/403677"}],"wp:attachment":[{"href":"https:\/\/portaltela.pt\/api\/wp\/v2\/media?parent=403675"}],"wp:term":[{"taxonomy":"category","embeddable":true,"href":"https:\/\/portaltela.pt\/api\/wp\/v2\/categories?post=403675"},{"taxonomy":"post_tag","embeddable":true,"href":"https:\/\/portaltela.pt\/api\/wp\/v2\/tags?post=403675"}],"curies":[{"name":"wp","href":"https:\/\/api.w.org\/{rel}","templated":true}]}}