{"id":403661,"date":"2026-03-09T13:42:00","date_gmt":"2026-03-09T16:42:00","guid":{"rendered":"https:\/\/portaltela.pt\/noticias\/2026\/03\/09\/aped-alerta-espaco-para-acomodar-choques-abruptos-e-limitado\/"},"modified":"2026-03-09T13:42:00","modified_gmt":"2026-03-09T16:42:00","slug":"aped-alerta-espaco-para-acomodar-choques-abruptos-e-limitado","status":"publish","type":"post","link":"https:\/\/portaltela.pt\/noticias\/economia\/2026\/03\/09\/aped-alerta-espaco-para-acomodar-choques-abruptos-e-limitado\/","title":{"rendered":"APED alerta: espa\u00e7o para acomodar choques abruptos \u00e9 limitado"},"content":{"rendered":"<p>A APED alerta que o espa\u00e7o para absorver choques abruptos na cadeia de abastecimento \u00e9 muito limitado. A associa\u00e7\u00e3o diz que n\u00e3o h\u00e1 margem para acomodar o aumento dos custos ao longo de toda a cadeia, especialmente no retalho alimentar.<\/p>\n<p>Segundo a APED, margens do setor se mant\u00eam entre 2% e 3%, o que torna dif\u00edcil absorver press\u00f5es de custos desde fertilizantes at\u00e9 energia. O aumento repentino de energia pode refletir-se nos pre\u00e7os finais dos bens, particularmente dos alimentares.<\/p>\n<p>A war no M\u00e9dio Oriente j\u00e1 empurra o petr\u00f3leo acima de 100 d\u00f3lares e pressiona o g\u00e1s natural, o que aumenta as preocupa\u00e7\u00f5es com infla\u00e7\u00e3o e custos log\u00edsticos. A APED refor\u00e7a que, se o espa\u00e7o a\u00e9reo, as rotas mar\u00edtimas e a navega\u00e7\u00e3o ficarem restritos, os custos da distribui\u00e7\u00e3o sobem ainda mais.<\/p>\n<p>A associa\u00e7\u00e3o cita impactos potenciais na energia, mat\u00e9rias-primas e transporte, que podem provocar um choque inflacionista ao longo da cadeia. O efeito previsto \u00e9 transmiss\u00e3o de custos para os consumidores.<\/p>\n<p>A APED, liderada por Gon\u00e7alo Lobo Xavier, sublinha que o setor vai apostar em efici\u00eancia, log\u00edstica e digitaliza\u00e7\u00e3o para mitigar impactos. N\u00e3o define um caminho \u00fanico, apenas aponta tend\u00eancias de gest\u00e3o para as empresas.<\/p>\n<p>O Governo j\u00e1 adotou medidas limitadas, incluindo a redu\u00e7\u00e3o do ISP sobre combust\u00edveis. O primeiro-ministro, Lu\u00eds Montenegro, afirmou que monitorizava a situa\u00e7\u00e3o mundial antes de decidir novas a\u00e7\u00f5es, em coordena\u00e7\u00e3o com outros pa\u00edses.<\/p>\n","protected":false},"excerpt":{"rendered":"<ul>\n<li>A Associa\u00e7\u00e3o Portuguesa de Empresas de Distribui\u00e7\u00e3o (APED) alerta que as margens no retalho s\u00e3o curtas e n\u00e3o h\u00e1 capacidade para absorver integralmente o aumento de custos ao longo da cadeia de valor.<\/li>\n<li>O encarecimento da energia e, neste caso, de fertilizantes, tende a repercutir no pre\u00e7o dos bens, especialmente os alimentares, segundo a APED.<\/li>\n<li>O setor teme prolongamento ou agravamento do conflito, impactos nos mercados de energia e mat\u00e9rias-primas, transporte e cadeias de abastecimento, com poss\u00edvel choque inflacionista.<\/li>\n<li>A APED aponta margens do retalho alimentar entre 2% e 3%, o que torna dif\u00edcil gerir o desempenho sem repassar custos aos consumidores.<\/li>\n<li>O Governo anunciou apenas a redu\u00e7\u00e3o do Imposto sobre osProdutos Petrol\u00edferos (ISP) aplic\u00e1vel aos combust\u00edveis; por enquanto, acompanha a situa\u00e7\u00e3o mundial antes de decidir novas medidas.<\/li>\n<\/ul>\n","protected":false},"author":2,"featured_media":403663,"comment_status":"closed","ping_status":"closed","sticky":false,"template":"","format":"standard","meta":{"footnotes":""},"categories":[2,6735],"tags":[6115,4729,174,1676,961,1044],"class_list":["post-403661","post","type-post","status-publish","format-standard","has-post-thumbnail","hentry","category-economia","category-negocios","tag-_economia","tag-abastecimento-de-energia","tag-energia","tag-inflacao","tag-logistica","tag-retalho"],"yoast_head":"<!-- This site is optimized with the Yoast SEO plugin v27.2 - https:\/\/yoast.com\/product\/yoast-seo-wordpress\/ -->\n<title>APED alerta: espa\u00e7o para acomodar choques abruptos \u00e9 limitado - Portal Tela Portugal<\/title>\n<meta name=\"robots\" content=\"index, follow, max-snippet:-1, max-image-preview:large, max-video-preview:-1\" \/>\n<meta property=\"og:locale\" content=\"pt_PT\" \/>\n<meta property=\"og:type\" content=\"article\" \/>\n<meta property=\"og:title\" content=\"APED alerta: espa\u00e7o para acomodar choques abruptos \u00e9 limitado - Portal Tela Portugal\" \/>\n<meta property=\"og:description\" content=\"A Associa\u00e7\u00e3o Portuguesa de Empresas de Distribui\u00e7\u00e3o (APED) alerta que as margens no retalho s\u00e3o curtas e n\u00e3o h\u00e1 capacidade para absorver integralmente o aumento de custos ao longo da cadeia de valor. O encarecimento da energia e, neste caso, de fertilizantes, tende a repercutir no pre\u00e7o dos bens, especialmente os alimentares, segundo a APED. O setor teme prolongamento ou agravamento do conflito, impactos nos mercados de energia e mat\u00e9rias-primas, transporte e cadeias de abastecimento, com poss\u00edvel choque inflacionista. A APED aponta margens do retalho alimentar entre 2% e 3%, o que torna dif\u00edcil gerir o desempenho sem repassar custos aos consumidores. O Governo anunciou apenas a redu\u00e7\u00e3o do Imposto sobre osProdutos Petrol\u00edferos (ISP) aplic\u00e1vel aos combust\u00edveis; por enquanto, acompanha a situa\u00e7\u00e3o mundial antes de decidir novas medidas.\" \/>\n<meta property=\"og:url\" content=\"https:\/\/portaltela.pt\/noticias\/2026\/03\/09\/aped-alerta-espaco-para-acomodar-choques-abruptos-e-limitado\/\" \/>\n<meta property=\"og:site_name\" content=\"Portal Tela Portugal\" \/>\n<meta property=\"article:published_time\" content=\"2026-03-09T16:42:00+00:00\" \/>\n<meta name=\"author\" content=\"Telinha\" \/>\n<meta name=\"twitter:card\" content=\"summary_large_image\" \/>\n<meta name=\"twitter:label1\" content=\"Escrito por\" \/>\n\t<meta name=\"twitter:data1\" content=\"Telinha\" \/>\n\t<meta name=\"twitter:label2\" content=\"Tempo estimado de leitura\" \/>\n\t<meta name=\"twitter:data2\" content=\"1 minuto\" \/>\n<script type=\"application\/ld+json\" class=\"yoast-schema-graph\">{\"@context\":\"https:\/\/schema.org\",\"@graph\":[{\"@type\":\"Article\",\"@id\":\"https:\/\/portaltela.pt\/noticias\/2026\/03\/09\/aped-alerta-espaco-para-acomodar-choques-abruptos-e-limitado\/#article\",\"isPartOf\":{\"@id\":\"https:\/\/portaltela.pt\/noticias\/2026\/03\/09\/aped-alerta-espaco-para-acomodar-choques-abruptos-e-limitado\/\"},\"author\":{\"name\":\"Telinha\",\"@id\":\"https:\/\/portaltela.pt\/#\/schema\/person\/c4278d4a6028830caff9ee44b42d32ed\"},\"headline\":\"APED alerta: espa\u00e7o para acomodar choques abruptos \u00e9 limitado\",\"datePublished\":\"2026-03-09T16:42:00+00:00\",\"mainEntityOfPage\":{\"@id\":\"https:\/\/portaltela.pt\/noticias\/2026\/03\/09\/aped-alerta-espaco-para-acomodar-choques-abruptos-e-limitado\/\"},\"wordCount\":268,\"image\":{\"@id\":\"https:\/\/portaltela.pt\/noticias\/2026\/03\/09\/aped-alerta-espaco-para-acomodar-choques-abruptos-e-limitado\/#primaryimage\"},\"thumbnailUrl\":\"https:\/\/portaltela.pt\/s.01k8rhncp4jt1\/2026\/03\/2072840.jpg\",\"keywords\":[\"_economia\",\"abastecimento de energia\",\"energia\",\"infla\u00e7\u00e3o\",\"Log\u00edstica\",\"retalho\"],\"articleSection\":[\"Economia\",\"Neg\u00f3cios\"],\"inLanguage\":\"pt-PT\"},{\"@type\":\"WebPage\",\"@id\":\"https:\/\/portaltela.pt\/noticias\/2026\/03\/09\/aped-alerta-espaco-para-acomodar-choques-abruptos-e-limitado\/\",\"url\":\"https:\/\/portaltela.pt\/noticias\/2026\/03\/09\/aped-alerta-espaco-para-acomodar-choques-abruptos-e-limitado\/\",\"name\":\"APED alerta: espa\u00e7o para acomodar choques abruptos \u00e9 limitado - Portal Tela Portugal\",\"isPartOf\":{\"@id\":\"https:\/\/portaltela.pt\/#website\"},\"primaryImageOfPage\":{\"@id\":\"https:\/\/portaltela.pt\/noticias\/2026\/03\/09\/aped-alerta-espaco-para-acomodar-choques-abruptos-e-limitado\/#primaryimage\"},\"image\":{\"@id\":\"https:\/\/portaltela.pt\/noticias\/2026\/03\/09\/aped-alerta-espaco-para-acomodar-choques-abruptos-e-limitado\/#primaryimage\"},\"thumbnailUrl\":\"https:\/\/portaltela.pt\/s.01k8rhncp4jt1\/2026\/03\/2072840.jpg\",\"datePublished\":\"2026-03-09T16:42:00+00:00\",\"author\":{\"@id\":\"https:\/\/portaltela.pt\/#\/schema\/person\/c4278d4a6028830caff9ee44b42d32ed\"},\"breadcrumb\":{\"@id\":\"https:\/\/portaltela.pt\/noticias\/2026\/03\/09\/aped-alerta-espaco-para-acomodar-choques-abruptos-e-limitado\/#breadcrumb\"},\"inLanguage\":\"pt-PT\",\"potentialAction\":[{\"@type\":\"ReadAction\",\"target\":[\"https:\/\/portaltela.pt\/noticias\/2026\/03\/09\/aped-alerta-espaco-para-acomodar-choques-abruptos-e-limitado\/\"]}]},{\"@type\":\"ImageObject\",\"inLanguage\":\"pt-PT\",\"@id\":\"https:\/\/portaltela.pt\/noticias\/2026\/03\/09\/aped-alerta-espaco-para-acomodar-choques-abruptos-e-limitado\/#primaryimage\",\"url\":\"https:\/\/portaltela.pt\/s.01k8rhncp4jt1\/2026\/03\/2072840.jpg\",\"contentUrl\":\"https:\/\/portaltela.pt\/s.01k8rhncp4jt1\/2026\/03\/2072840.jpg\",\"width\":796,\"height\":448,\"caption\":\"Pre\u00e7o de bens, sobretudo alimentares, dever\u00e1 subir com guerra no M\u00e9dio Oriente, tal a import\u00e2ncia de fertilizantes e transportes\"},{\"@type\":\"BreadcrumbList\",\"@id\":\"https:\/\/portaltela.pt\/noticias\/2026\/03\/09\/aped-alerta-espaco-para-acomodar-choques-abruptos-e-limitado\/#breadcrumb\",\"itemListElement\":[{\"@type\":\"ListItem\",\"position\":1,\"name\":\"In\u00edcio\",\"item\":\"https:\/\/portaltela.pt\/\"},{\"@type\":\"ListItem\",\"position\":2,\"name\":\"APED alerta: espa\u00e7o para acomodar choques abruptos \u00e9 limitado\"}]},{\"@type\":\"WebSite\",\"@id\":\"https:\/\/portaltela.pt\/#website\",\"url\":\"https:\/\/portaltela.pt\/\",\"name\":\"Portal Tela Portugal\",\"description\":\"\",\"potentialAction\":[{\"@type\":\"SearchAction\",\"target\":{\"@type\":\"EntryPoint\",\"urlTemplate\":\"https:\/\/portaltela.pt\/?s={search_term_string}\"},\"query-input\":{\"@type\":\"PropertyValueSpecification\",\"valueRequired\":true,\"valueName\":\"search_term_string\"}}],\"inLanguage\":\"pt-PT\"},{\"@type\":\"Person\",\"@id\":\"https:\/\/portaltela.pt\/#\/schema\/person\/c4278d4a6028830caff9ee44b42d32ed\",\"name\":\"Telinha\",\"image\":{\"@type\":\"ImageObject\",\"inLanguage\":\"pt-PT\",\"@id\":\"https:\/\/portaltela.pt\/s.01k8rhncp4jt1\/2025\/11\/talking-bot-125x125.png\",\"url\":\"https:\/\/portaltela.pt\/s.01k8rhncp4jt1\/2025\/11\/talking-bot-125x125.png\",\"contentUrl\":\"https:\/\/portaltela.pt\/s.01k8rhncp4jt1\/2025\/11\/talking-bot-125x125.png\",\"caption\":\"Telinha\"},\"sameAs\":[\"https:\/\/portaltela.pt\/\"],\"url\":\"https:\/\/portaltela.pt\/por\/367410592786\/\"}]}<\/script>\n<!-- \/ Yoast SEO plugin. -->","yoast_head_json":{"title":"APED alerta: espa\u00e7o para acomodar choques abruptos \u00e9 limitado - Portal Tela Portugal","robots":{"index":"index","follow":"follow","max-snippet":"max-snippet:-1","max-image-preview":"max-image-preview:large","max-video-preview":"max-video-preview:-1"},"og_locale":"pt_PT","og_type":"article","og_title":"APED alerta: espa\u00e7o para acomodar choques abruptos \u00e9 limitado - Portal Tela Portugal","og_description":"A Associa\u00e7\u00e3o Portuguesa de Empresas de Distribui\u00e7\u00e3o (APED) alerta que as margens no retalho s\u00e3o curtas e n\u00e3o h\u00e1 capacidade para absorver integralmente o aumento de custos ao longo da cadeia de valor. O encarecimento da energia e, neste caso, de fertilizantes, tende a repercutir no pre\u00e7o dos bens, especialmente os alimentares, segundo a APED. O setor teme prolongamento ou agravamento do conflito, impactos nos mercados de energia e mat\u00e9rias-primas, transporte e cadeias de abastecimento, com poss\u00edvel choque inflacionista. A APED aponta margens do retalho alimentar entre 2% e 3%, o que torna dif\u00edcil gerir o desempenho sem repassar custos aos consumidores. O Governo anunciou apenas a redu\u00e7\u00e3o do Imposto sobre osProdutos Petrol\u00edferos (ISP) aplic\u00e1vel aos combust\u00edveis; por enquanto, acompanha a situa\u00e7\u00e3o mundial antes de decidir novas medidas.","og_url":"https:\/\/portaltela.pt\/noticias\/2026\/03\/09\/aped-alerta-espaco-para-acomodar-choques-abruptos-e-limitado\/","og_site_name":"Portal Tela Portugal","article_published_time":"2026-03-09T16:42:00+00:00","author":"Telinha","twitter_card":"summary_large_image","twitter_misc":{"Escrito por":"Telinha","Tempo estimado de leitura":"1 minuto"},"schema":{"@context":"https:\/\/schema.org","@graph":[{"@type":"Article","@id":"https:\/\/portaltela.pt\/noticias\/2026\/03\/09\/aped-alerta-espaco-para-acomodar-choques-abruptos-e-limitado\/#article","isPartOf":{"@id":"https:\/\/portaltela.pt\/noticias\/2026\/03\/09\/aped-alerta-espaco-para-acomodar-choques-abruptos-e-limitado\/"},"author":{"name":"Telinha","@id":"https:\/\/portaltela.pt\/#\/schema\/person\/c4278d4a6028830caff9ee44b42d32ed"},"headline":"APED alerta: espa\u00e7o para acomodar choques abruptos \u00e9 limitado","datePublished":"2026-03-09T16:42:00+00:00","mainEntityOfPage":{"@id":"https:\/\/portaltela.pt\/noticias\/2026\/03\/09\/aped-alerta-espaco-para-acomodar-choques-abruptos-e-limitado\/"},"wordCount":268,"image":{"@id":"https:\/\/portaltela.pt\/noticias\/2026\/03\/09\/aped-alerta-espaco-para-acomodar-choques-abruptos-e-limitado\/#primaryimage"},"thumbnailUrl":"https:\/\/portaltela.pt\/s.01k8rhncp4jt1\/2026\/03\/2072840.jpg","keywords":["_economia","abastecimento de energia","energia","infla\u00e7\u00e3o","Log\u00edstica","retalho"],"articleSection":["Economia","Neg\u00f3cios"],"inLanguage":"pt-PT"},{"@type":"WebPage","@id":"https:\/\/portaltela.pt\/noticias\/2026\/03\/09\/aped-alerta-espaco-para-acomodar-choques-abruptos-e-limitado\/","url":"https:\/\/portaltela.pt\/noticias\/2026\/03\/09\/aped-alerta-espaco-para-acomodar-choques-abruptos-e-limitado\/","name":"APED alerta: espa\u00e7o para acomodar choques abruptos \u00e9 limitado - Portal Tela Portugal","isPartOf":{"@id":"https:\/\/portaltela.pt\/#website"},"primaryImageOfPage":{"@id":"https:\/\/portaltela.pt\/noticias\/2026\/03\/09\/aped-alerta-espaco-para-acomodar-choques-abruptos-e-limitado\/#primaryimage"},"image":{"@id":"https:\/\/portaltela.pt\/noticias\/2026\/03\/09\/aped-alerta-espaco-para-acomodar-choques-abruptos-e-limitado\/#primaryimage"},"thumbnailUrl":"https:\/\/portaltela.pt\/s.01k8rhncp4jt1\/2026\/03\/2072840.jpg","datePublished":"2026-03-09T16:42:00+00:00","author":{"@id":"https:\/\/portaltela.pt\/#\/schema\/person\/c4278d4a6028830caff9ee44b42d32ed"},"breadcrumb":{"@id":"https:\/\/portaltela.pt\/noticias\/2026\/03\/09\/aped-alerta-espaco-para-acomodar-choques-abruptos-e-limitado\/#breadcrumb"},"inLanguage":"pt-PT","potentialAction":[{"@type":"ReadAction","target":["https:\/\/portaltela.pt\/noticias\/2026\/03\/09\/aped-alerta-espaco-para-acomodar-choques-abruptos-e-limitado\/"]}]},{"@type":"ImageObject","inLanguage":"pt-PT","@id":"https:\/\/portaltela.pt\/noticias\/2026\/03\/09\/aped-alerta-espaco-para-acomodar-choques-abruptos-e-limitado\/#primaryimage","url":"https:\/\/portaltela.pt\/s.01k8rhncp4jt1\/2026\/03\/2072840.jpg","contentUrl":"https:\/\/portaltela.pt\/s.01k8rhncp4jt1\/2026\/03\/2072840.jpg","width":796,"height":448,"caption":"Pre\u00e7o de bens, sobretudo alimentares, dever\u00e1 subir com guerra no M\u00e9dio Oriente, tal a import\u00e2ncia de fertilizantes e transportes"},{"@type":"BreadcrumbList","@id":"https:\/\/portaltela.pt\/noticias\/2026\/03\/09\/aped-alerta-espaco-para-acomodar-choques-abruptos-e-limitado\/#breadcrumb","itemListElement":[{"@type":"ListItem","position":1,"name":"In\u00edcio","item":"https:\/\/portaltela.pt\/"},{"@type":"ListItem","position":2,"name":"APED alerta: espa\u00e7o para acomodar choques abruptos \u00e9 limitado"}]},{"@type":"WebSite","@id":"https:\/\/portaltela.pt\/#website","url":"https:\/\/portaltela.pt\/","name":"Portal Tela Portugal","description":"","potentialAction":[{"@type":"SearchAction","target":{"@type":"EntryPoint","urlTemplate":"https:\/\/portaltela.pt\/?s={search_term_string}"},"query-input":{"@type":"PropertyValueSpecification","valueRequired":true,"valueName":"search_term_string"}}],"inLanguage":"pt-PT"},{"@type":"Person","@id":"https:\/\/portaltela.pt\/#\/schema\/person\/c4278d4a6028830caff9ee44b42d32ed","name":"Telinha","image":{"@type":"ImageObject","inLanguage":"pt-PT","@id":"https:\/\/portaltela.pt\/s.01k8rhncp4jt1\/2025\/11\/talking-bot-125x125.png","url":"https:\/\/portaltela.pt\/s.01k8rhncp4jt1\/2025\/11\/talking-bot-125x125.png","contentUrl":"https:\/\/portaltela.pt\/s.01k8rhncp4jt1\/2025\/11\/talking-bot-125x125.png","caption":"Telinha"},"sameAs":["https:\/\/portaltela.pt\/"],"url":"https:\/\/portaltela.pt\/por\/367410592786\/"}]}},"_links":{"self":[{"href":"https:\/\/portaltela.pt\/api\/wp\/v2\/posts\/403661","targetHints":{"allow":["GET"]}}],"collection":[{"href":"https:\/\/portaltela.pt\/api\/wp\/v2\/posts"}],"about":[{"href":"https:\/\/portaltela.pt\/api\/wp\/v2\/types\/post"}],"author":[{"embeddable":true,"href":"https:\/\/portaltela.pt\/api\/wp\/v2\/users\/2"}],"replies":[{"embeddable":true,"href":"https:\/\/portaltela.pt\/api\/wp\/v2\/comments?post=403661"}],"version-history":[{"count":0,"href":"https:\/\/portaltela.pt\/api\/wp\/v2\/posts\/403661\/revisions"}],"wp:featuredmedia":[{"embeddable":true,"href":"https:\/\/portaltela.pt\/api\/wp\/v2\/media\/403663"}],"wp:attachment":[{"href":"https:\/\/portaltela.pt\/api\/wp\/v2\/media?parent=403661"}],"wp:term":[{"taxonomy":"category","embeddable":true,"href":"https:\/\/portaltela.pt\/api\/wp\/v2\/categories?post=403661"},{"taxonomy":"post_tag","embeddable":true,"href":"https:\/\/portaltela.pt\/api\/wp\/v2\/tags?post=403661"}],"curies":[{"name":"wp","href":"https:\/\/api.w.org\/{rel}","templated":true}]}}