{"id":403652,"date":"2026-03-09T13:48:00","date_gmt":"2026-03-09T16:48:00","guid":{"rendered":"https:\/\/portaltela.pt\/noticias\/2026\/03\/09\/organizadores-movem-acao-judicial-contra-a-federacao-portuguesa-de-atletismo\/"},"modified":"2026-03-09T13:48:00","modified_gmt":"2026-03-09T16:48:00","slug":"organizadores-movem-acao-judicial-contra-a-federacao-portuguesa-de-atletismo","status":"publish","type":"post","link":"https:\/\/portaltela.pt\/desporto\/futebol\/2026\/03\/09\/organizadores-movem-acao-judicial-contra-a-federacao-portuguesa-de-atletismo\/","title":{"rendered":"Organizadores movem a\u00e7\u00e3o judicial contra a Federa\u00e7\u00e3o Portuguesa de Atletismo"},"content":{"rendered":"<p>Um grupo de organizadores de provas de corrida em Portugal avan\u00e7ou com uma a\u00e7\u00e3o judicial contra a Federa\u00e7\u00e3o Portuguesa de Atletismo (FPA), contestando a imposi\u00e7\u00e3o de novas taxas e regras para a organiza\u00e7\u00e3o de eventos no pa\u00eds. A a\u00e7\u00e3o envolve organizadores de grande relev\u00e2ncia no panorama nacional, citando-se nomes como Carlos Moia, Jorge Teixeira, Hugo Sousa e Ant\u00f3nio Campos. A medida surge na sequ\u00eancia de altera\u00e7\u00f5es promovidas pela FPA que passam a exigir mais custos e processos de homologa\u00e7\u00e3o para as provas.<\/p>\n<p>A iniciativa \u00e9 acompanhada de um parecer jur\u00eddico elaborado pelo professor M\u00e1rio Aroso de Almeida, catedr\u00e1tico de Direito Administrativo da Universidade Cat\u00f3lica. O documento, descrito como extenso e fundamentado, analisa a legalidade das medidas defendidas pela federa\u00e7\u00e3o e sustenta a avalia\u00e7\u00e3o dos organizadores.<\/p>\n<h3>Parecer jur\u00eddico e peti\u00e7\u00e3o no Parlamento<\/h3>\n<p>Al\u00e9m da a\u00e7\u00e3o judicial, foi apresentada uma peti\u00e7\u00e3o no Parlamento destinada a contestar as novas taxas e o regime de homologa\u00e7\u00e3o. A mobiliza\u00e7\u00e3o busca travar a implementa\u00e7\u00e3o das medidas e alertar para impactos nos organizadores e no calend\u00e1rio de eventos desportivos do pa\u00eds. As consequ\u00eancias para as provas locais ainda est\u00e3o por compor.<\/p>\n","protected":false},"excerpt":{"rendered":"<ul>\n<li>Um grupo de organizadores de provas de corrida em Portugal moveu uma a\u00e7\u00e3o judicial contra a Federa\u00e7\u00e3o Portuguesa de Atletismo, contestando novas taxas e regras aplicadas \u00e0 organiza\u00e7\u00e3o de eventos.<\/li>\n<li>A disputa envolve a imposi\u00e7\u00e3o de taxas e de processos de homologa\u00e7\u00e3o para eventos de atletismo no pa\u00eds.<\/li>\n<li>Entre os organizadores citados est\u00e3o Carlos Moia, Jorge Teixeira, Hugo Sousa e Ant\u00f3nio Campos.<\/li>\n<li>A a\u00e7\u00e3o \u00e9 acompanhada por um parecer jur\u00eddico elaborado pelo professor M\u00e1rio Aroso de Almeida, catedr\u00e1tico de Direito Administrativo da Universidade Cat\u00f3lica.<\/li>\n<li>A iniciativa j\u00e1 gerou uma peti\u00e7\u00e3o no Parlamento, referida pela fonte aminhacorrida.<\/li>\n<\/ul>\n","protected":false},"author":2,"featured_media":403657,"comment_status":"closed","ping_status":"closed","sticky":false,"template":"","format":"standard","meta":{"footnotes":""},"categories":[21,24],"tags":[137,152,6337,4566,399,6208],"class_list":["post-403652","post","type-post","status-publish","format-standard","has-post-thumbnail","hentry","category-desporto","category-futebol","tag-atletismo","tag-desporto","tag-direito","tag-federacao-portuguesa-de-atletismo","tag-organizacao-desportiva","tag-tribunais"],"yoast_head":"<!-- This site is optimized with the Yoast SEO plugin v27.2 - https:\/\/yoast.com\/product\/yoast-seo-wordpress\/ -->\n<title>Organizadores movem a\u00e7\u00e3o judicial contra a Federa\u00e7\u00e3o Portuguesa de Atletismo - Portal Tela Portugal<\/title>\n<meta name=\"robots\" content=\"index, follow, max-snippet:-1, max-image-preview:large, max-video-preview:-1\" \/>\n<meta property=\"og:locale\" content=\"pt_PT\" \/>\n<meta property=\"og:type\" content=\"article\" \/>\n<meta property=\"og:title\" content=\"Organizadores movem a\u00e7\u00e3o judicial contra a Federa\u00e7\u00e3o Portuguesa de Atletismo - Portal Tela Portugal\" \/>\n<meta property=\"og:description\" content=\"Um grupo de organizadores de provas de corrida em Portugal moveu uma a\u00e7\u00e3o judicial contra a Federa\u00e7\u00e3o Portuguesa de Atletismo, contestando novas taxas e regras aplicadas \u00e0 organiza\u00e7\u00e3o de eventos. A disputa envolve a imposi\u00e7\u00e3o de taxas e de processos de homologa\u00e7\u00e3o para eventos de atletismo no pa\u00eds. Entre os organizadores citados est\u00e3o Carlos Moia, Jorge Teixeira, Hugo Sousa e Ant\u00f3nio Campos. A a\u00e7\u00e3o \u00e9 acompanhada por um parecer jur\u00eddico elaborado pelo professor M\u00e1rio Aroso de Almeida, catedr\u00e1tico de Direito Administrativo da Universidade Cat\u00f3lica. A iniciativa j\u00e1 gerou uma peti\u00e7\u00e3o no Parlamento, referida pela fonte aminhacorrida.\" \/>\n<meta property=\"og:url\" content=\"https:\/\/portaltela.pt\/noticias\/2026\/03\/09\/organizadores-movem-acao-judicial-contra-a-federacao-portuguesa-de-atletismo\/\" \/>\n<meta property=\"og:site_name\" content=\"Portal Tela Portugal\" \/>\n<meta property=\"article:published_time\" content=\"2026-03-09T16:48:00+00:00\" \/>\n<meta name=\"author\" content=\"Telinha\" \/>\n<meta name=\"twitter:card\" content=\"summary_large_image\" \/>\n<meta name=\"twitter:label1\" content=\"Escrito por\" \/>\n\t<meta name=\"twitter:data1\" content=\"Telinha\" \/>\n\t<meta name=\"twitter:label2\" content=\"Tempo estimado de leitura\" \/>\n\t<meta name=\"twitter:data2\" content=\"1 minuto\" \/>\n<script type=\"application\/ld+json\" class=\"yoast-schema-graph\">{\"@context\":\"https:\/\/schema.org\",\"@graph\":[{\"@type\":\"Article\",\"@id\":\"https:\/\/portaltela.pt\/noticias\/2026\/03\/09\/organizadores-movem-acao-judicial-contra-a-federacao-portuguesa-de-atletismo\/#article\",\"isPartOf\":{\"@id\":\"https:\/\/portaltela.pt\/noticias\/2026\/03\/09\/organizadores-movem-acao-judicial-contra-a-federacao-portuguesa-de-atletismo\/\"},\"author\":{\"name\":\"Telinha\",\"@id\":\"https:\/\/portaltela.pt\/#\/schema\/person\/c4278d4a6028830caff9ee44b42d32ed\"},\"headline\":\"Organizadores movem a\u00e7\u00e3o judicial contra a Federa\u00e7\u00e3o Portuguesa de Atletismo\",\"datePublished\":\"2026-03-09T16:48:00+00:00\",\"mainEntityOfPage\":{\"@id\":\"https:\/\/portaltela.pt\/noticias\/2026\/03\/09\/organizadores-movem-acao-judicial-contra-a-federacao-portuguesa-de-atletismo\/\"},\"wordCount\":225,\"image\":{\"@id\":\"https:\/\/portaltela.pt\/noticias\/2026\/03\/09\/organizadores-movem-acao-judicial-contra-a-federacao-portuguesa-de-atletismo\/#primaryimage\"},\"thumbnailUrl\":\"https:\/\/portaltela.pt\/s.01k8rhncp4jt1\/2026\/03\/img_920x518uu2026-03-09-16-47-49-2425863.jpg\",\"keywords\":[\"atletismo\",\"desporto\",\"direito\",\"Federa\u00e7\u00e3o Portuguesa de Atletismo\",\"organiza\u00e7\u00e3o desportiva\",\"Tribunais\"],\"articleSection\":[\"Desporto\",\"Futebol\"],\"inLanguage\":\"pt-PT\"},{\"@type\":\"WebPage\",\"@id\":\"https:\/\/portaltela.pt\/noticias\/2026\/03\/09\/organizadores-movem-acao-judicial-contra-a-federacao-portuguesa-de-atletismo\/\",\"url\":\"https:\/\/portaltela.pt\/noticias\/2026\/03\/09\/organizadores-movem-acao-judicial-contra-a-federacao-portuguesa-de-atletismo\/\",\"name\":\"Organizadores movem a\u00e7\u00e3o judicial contra a Federa\u00e7\u00e3o Portuguesa de Atletismo - Portal Tela Portugal\",\"isPartOf\":{\"@id\":\"https:\/\/portaltela.pt\/#website\"},\"primaryImageOfPage\":{\"@id\":\"https:\/\/portaltela.pt\/noticias\/2026\/03\/09\/organizadores-movem-acao-judicial-contra-a-federacao-portuguesa-de-atletismo\/#primaryimage\"},\"image\":{\"@id\":\"https:\/\/portaltela.pt\/noticias\/2026\/03\/09\/organizadores-movem-acao-judicial-contra-a-federacao-portuguesa-de-atletismo\/#primaryimage\"},\"thumbnailUrl\":\"https:\/\/portaltela.pt\/s.01k8rhncp4jt1\/2026\/03\/img_920x518uu2026-03-09-16-47-49-2425863.jpg\",\"datePublished\":\"2026-03-09T16:48:00+00:00\",\"author\":{\"@id\":\"https:\/\/portaltela.pt\/#\/schema\/person\/c4278d4a6028830caff9ee44b42d32ed\"},\"breadcrumb\":{\"@id\":\"https:\/\/portaltela.pt\/noticias\/2026\/03\/09\/organizadores-movem-acao-judicial-contra-a-federacao-portuguesa-de-atletismo\/#breadcrumb\"},\"inLanguage\":\"pt-PT\",\"potentialAction\":[{\"@type\":\"ReadAction\",\"target\":[\"https:\/\/portaltela.pt\/noticias\/2026\/03\/09\/organizadores-movem-acao-judicial-contra-a-federacao-portuguesa-de-atletismo\/\"]}]},{\"@type\":\"ImageObject\",\"inLanguage\":\"pt-PT\",\"@id\":\"https:\/\/portaltela.pt\/noticias\/2026\/03\/09\/organizadores-movem-acao-judicial-contra-a-federacao-portuguesa-de-atletismo\/#primaryimage\",\"url\":\"https:\/\/portaltela.pt\/s.01k8rhncp4jt1\/2026\/03\/img_920x518uu2026-03-09-16-47-49-2425863.jpg\",\"contentUrl\":\"https:\/\/portaltela.pt\/s.01k8rhncp4jt1\/2026\/03\/img_920x518uu2026-03-09-16-47-49-2425863.jpg\",\"width\":796,\"height\":448,\"caption\":\"Organizadores contra medidas da FPA\"},{\"@type\":\"BreadcrumbList\",\"@id\":\"https:\/\/portaltela.pt\/noticias\/2026\/03\/09\/organizadores-movem-acao-judicial-contra-a-federacao-portuguesa-de-atletismo\/#breadcrumb\",\"itemListElement\":[{\"@type\":\"ListItem\",\"position\":1,\"name\":\"In\u00edcio\",\"item\":\"https:\/\/portaltela.pt\/\"},{\"@type\":\"ListItem\",\"position\":2,\"name\":\"Organizadores movem a\u00e7\u00e3o judicial contra a Federa\u00e7\u00e3o Portuguesa de Atletismo\"}]},{\"@type\":\"WebSite\",\"@id\":\"https:\/\/portaltela.pt\/#website\",\"url\":\"https:\/\/portaltela.pt\/\",\"name\":\"Portal Tela Portugal\",\"description\":\"\",\"potentialAction\":[{\"@type\":\"SearchAction\",\"target\":{\"@type\":\"EntryPoint\",\"urlTemplate\":\"https:\/\/portaltela.pt\/?s={search_term_string}\"},\"query-input\":{\"@type\":\"PropertyValueSpecification\",\"valueRequired\":true,\"valueName\":\"search_term_string\"}}],\"inLanguage\":\"pt-PT\"},{\"@type\":\"Person\",\"@id\":\"https:\/\/portaltela.pt\/#\/schema\/person\/c4278d4a6028830caff9ee44b42d32ed\",\"name\":\"Telinha\",\"image\":{\"@type\":\"ImageObject\",\"inLanguage\":\"pt-PT\",\"@id\":\"https:\/\/portaltela.pt\/s.01k8rhncp4jt1\/2025\/11\/talking-bot-125x125.png\",\"url\":\"https:\/\/portaltela.pt\/s.01k8rhncp4jt1\/2025\/11\/talking-bot-125x125.png\",\"contentUrl\":\"https:\/\/portaltela.pt\/s.01k8rhncp4jt1\/2025\/11\/talking-bot-125x125.png\",\"caption\":\"Telinha\"},\"sameAs\":[\"https:\/\/portaltela.pt\/\"],\"url\":\"https:\/\/portaltela.pt\/por\/367410592786\/\"}]}<\/script>\n<!-- \/ Yoast SEO plugin. -->","yoast_head_json":{"title":"Organizadores movem a\u00e7\u00e3o judicial contra a Federa\u00e7\u00e3o Portuguesa de Atletismo - Portal Tela Portugal","robots":{"index":"index","follow":"follow","max-snippet":"max-snippet:-1","max-image-preview":"max-image-preview:large","max-video-preview":"max-video-preview:-1"},"og_locale":"pt_PT","og_type":"article","og_title":"Organizadores movem a\u00e7\u00e3o judicial contra a Federa\u00e7\u00e3o Portuguesa de Atletismo - Portal Tela Portugal","og_description":"Um grupo de organizadores de provas de corrida em Portugal moveu uma a\u00e7\u00e3o judicial contra a Federa\u00e7\u00e3o Portuguesa de Atletismo, contestando novas taxas e regras aplicadas \u00e0 organiza\u00e7\u00e3o de eventos. A disputa envolve a imposi\u00e7\u00e3o de taxas e de processos de homologa\u00e7\u00e3o para eventos de atletismo no pa\u00eds. Entre os organizadores citados est\u00e3o Carlos Moia, Jorge Teixeira, Hugo Sousa e Ant\u00f3nio Campos. A a\u00e7\u00e3o \u00e9 acompanhada por um parecer jur\u00eddico elaborado pelo professor M\u00e1rio Aroso de Almeida, catedr\u00e1tico de Direito Administrativo da Universidade Cat\u00f3lica. A iniciativa j\u00e1 gerou uma peti\u00e7\u00e3o no Parlamento, referida pela fonte aminhacorrida.","og_url":"https:\/\/portaltela.pt\/noticias\/2026\/03\/09\/organizadores-movem-acao-judicial-contra-a-federacao-portuguesa-de-atletismo\/","og_site_name":"Portal Tela Portugal","article_published_time":"2026-03-09T16:48:00+00:00","author":"Telinha","twitter_card":"summary_large_image","twitter_misc":{"Escrito por":"Telinha","Tempo estimado de leitura":"1 minuto"},"schema":{"@context":"https:\/\/schema.org","@graph":[{"@type":"Article","@id":"https:\/\/portaltela.pt\/noticias\/2026\/03\/09\/organizadores-movem-acao-judicial-contra-a-federacao-portuguesa-de-atletismo\/#article","isPartOf":{"@id":"https:\/\/portaltela.pt\/noticias\/2026\/03\/09\/organizadores-movem-acao-judicial-contra-a-federacao-portuguesa-de-atletismo\/"},"author":{"name":"Telinha","@id":"https:\/\/portaltela.pt\/#\/schema\/person\/c4278d4a6028830caff9ee44b42d32ed"},"headline":"Organizadores movem a\u00e7\u00e3o judicial contra a Federa\u00e7\u00e3o Portuguesa de Atletismo","datePublished":"2026-03-09T16:48:00+00:00","mainEntityOfPage":{"@id":"https:\/\/portaltela.pt\/noticias\/2026\/03\/09\/organizadores-movem-acao-judicial-contra-a-federacao-portuguesa-de-atletismo\/"},"wordCount":225,"image":{"@id":"https:\/\/portaltela.pt\/noticias\/2026\/03\/09\/organizadores-movem-acao-judicial-contra-a-federacao-portuguesa-de-atletismo\/#primaryimage"},"thumbnailUrl":"https:\/\/portaltela.pt\/s.01k8rhncp4jt1\/2026\/03\/img_920x518uu2026-03-09-16-47-49-2425863.jpg","keywords":["atletismo","desporto","direito","Federa\u00e7\u00e3o Portuguesa de Atletismo","organiza\u00e7\u00e3o desportiva","Tribunais"],"articleSection":["Desporto","Futebol"],"inLanguage":"pt-PT"},{"@type":"WebPage","@id":"https:\/\/portaltela.pt\/noticias\/2026\/03\/09\/organizadores-movem-acao-judicial-contra-a-federacao-portuguesa-de-atletismo\/","url":"https:\/\/portaltela.pt\/noticias\/2026\/03\/09\/organizadores-movem-acao-judicial-contra-a-federacao-portuguesa-de-atletismo\/","name":"Organizadores movem a\u00e7\u00e3o judicial contra a Federa\u00e7\u00e3o Portuguesa de Atletismo - Portal Tela Portugal","isPartOf":{"@id":"https:\/\/portaltela.pt\/#website"},"primaryImageOfPage":{"@id":"https:\/\/portaltela.pt\/noticias\/2026\/03\/09\/organizadores-movem-acao-judicial-contra-a-federacao-portuguesa-de-atletismo\/#primaryimage"},"image":{"@id":"https:\/\/portaltela.pt\/noticias\/2026\/03\/09\/organizadores-movem-acao-judicial-contra-a-federacao-portuguesa-de-atletismo\/#primaryimage"},"thumbnailUrl":"https:\/\/portaltela.pt\/s.01k8rhncp4jt1\/2026\/03\/img_920x518uu2026-03-09-16-47-49-2425863.jpg","datePublished":"2026-03-09T16:48:00+00:00","author":{"@id":"https:\/\/portaltela.pt\/#\/schema\/person\/c4278d4a6028830caff9ee44b42d32ed"},"breadcrumb":{"@id":"https:\/\/portaltela.pt\/noticias\/2026\/03\/09\/organizadores-movem-acao-judicial-contra-a-federacao-portuguesa-de-atletismo\/#breadcrumb"},"inLanguage":"pt-PT","potentialAction":[{"@type":"ReadAction","target":["https:\/\/portaltela.pt\/noticias\/2026\/03\/09\/organizadores-movem-acao-judicial-contra-a-federacao-portuguesa-de-atletismo\/"]}]},{"@type":"ImageObject","inLanguage":"pt-PT","@id":"https:\/\/portaltela.pt\/noticias\/2026\/03\/09\/organizadores-movem-acao-judicial-contra-a-federacao-portuguesa-de-atletismo\/#primaryimage","url":"https:\/\/portaltela.pt\/s.01k8rhncp4jt1\/2026\/03\/img_920x518uu2026-03-09-16-47-49-2425863.jpg","contentUrl":"https:\/\/portaltela.pt\/s.01k8rhncp4jt1\/2026\/03\/img_920x518uu2026-03-09-16-47-49-2425863.jpg","width":796,"height":448,"caption":"Organizadores contra medidas da FPA"},{"@type":"BreadcrumbList","@id":"https:\/\/portaltela.pt\/noticias\/2026\/03\/09\/organizadores-movem-acao-judicial-contra-a-federacao-portuguesa-de-atletismo\/#breadcrumb","itemListElement":[{"@type":"ListItem","position":1,"name":"In\u00edcio","item":"https:\/\/portaltela.pt\/"},{"@type":"ListItem","position":2,"name":"Organizadores movem a\u00e7\u00e3o judicial contra a Federa\u00e7\u00e3o Portuguesa de Atletismo"}]},{"@type":"WebSite","@id":"https:\/\/portaltela.pt\/#website","url":"https:\/\/portaltela.pt\/","name":"Portal Tela Portugal","description":"","potentialAction":[{"@type":"SearchAction","target":{"@type":"EntryPoint","urlTemplate":"https:\/\/portaltela.pt\/?s={search_term_string}"},"query-input":{"@type":"PropertyValueSpecification","valueRequired":true,"valueName":"search_term_string"}}],"inLanguage":"pt-PT"},{"@type":"Person","@id":"https:\/\/portaltela.pt\/#\/schema\/person\/c4278d4a6028830caff9ee44b42d32ed","name":"Telinha","image":{"@type":"ImageObject","inLanguage":"pt-PT","@id":"https:\/\/portaltela.pt\/s.01k8rhncp4jt1\/2025\/11\/talking-bot-125x125.png","url":"https:\/\/portaltela.pt\/s.01k8rhncp4jt1\/2025\/11\/talking-bot-125x125.png","contentUrl":"https:\/\/portaltela.pt\/s.01k8rhncp4jt1\/2025\/11\/talking-bot-125x125.png","caption":"Telinha"},"sameAs":["https:\/\/portaltela.pt\/"],"url":"https:\/\/portaltela.pt\/por\/367410592786\/"}]}},"_links":{"self":[{"href":"https:\/\/portaltela.pt\/api\/wp\/v2\/posts\/403652","targetHints":{"allow":["GET"]}}],"collection":[{"href":"https:\/\/portaltela.pt\/api\/wp\/v2\/posts"}],"about":[{"href":"https:\/\/portaltela.pt\/api\/wp\/v2\/types\/post"}],"author":[{"embeddable":true,"href":"https:\/\/portaltela.pt\/api\/wp\/v2\/users\/2"}],"replies":[{"embeddable":true,"href":"https:\/\/portaltela.pt\/api\/wp\/v2\/comments?post=403652"}],"version-history":[{"count":0,"href":"https:\/\/portaltela.pt\/api\/wp\/v2\/posts\/403652\/revisions"}],"wp:featuredmedia":[{"embeddable":true,"href":"https:\/\/portaltela.pt\/api\/wp\/v2\/media\/403657"}],"wp:attachment":[{"href":"https:\/\/portaltela.pt\/api\/wp\/v2\/media?parent=403652"}],"wp:term":[{"taxonomy":"category","embeddable":true,"href":"https:\/\/portaltela.pt\/api\/wp\/v2\/categories?post=403652"},{"taxonomy":"post_tag","embeddable":true,"href":"https:\/\/portaltela.pt\/api\/wp\/v2\/tags?post=403652"}],"curies":[{"name":"wp","href":"https:\/\/api.w.org\/{rel}","templated":true}]}}