{"id":403622,"date":"2026-03-09T13:17:47","date_gmt":"2026-03-09T16:17:47","guid":{"rendered":"https:\/\/portaltela.pt\/noticias\/2026\/03\/09\/matosinhos-recebe-campeonato-do-mundo-de-tenis-de-praia\/"},"modified":"2026-03-09T15:02:00","modified_gmt":"2026-03-09T18:02:00","slug":"matosinhos-recebe-campeonato-do-mundo-de-tenis-de-praia","status":"publish","type":"post","link":"https:\/\/portaltela.pt\/desporto\/copa-do-mundo\/2026\/03\/09\/matosinhos-recebe-campeonato-do-mundo-de-tenis-de-praia\/","title":{"rendered":"Matosinhos recebe Campeonato do Mundo de t\u00e9nis de praia"},"content":{"rendered":"<p>Em Matosinhos realiza-se o Campeonato do Mundo de t\u00e9nis de praia entre 7 e 13 de setembro de 2026, a primeira edi\u00e7\u00e3o fora de It\u00e1lia. A competi\u00e7\u00e3o acontece na mesma cidade que acolheu o Sand Series em 2025, num local ainda por definir, com o Algarve a confirmar-se como destino do Sand Series em junho, segundo a Federa\u00e7\u00e3o Internacional de T\u00e9nis (ITF).<\/p>\n<p>O evento, que conta com prize-money recorde, distribui 115 mil d\u00f3lares em pr\u00e9mios: 100 mil d\u00f3lares para as provas de pares masculinos e femininos e 15 mil para os pares mistos. A organiza\u00e7\u00e3o continua a apostar num formato de alto n\u00edvel, repetindo o modelo que trouxe grande visibilidade \u00e0 modalidade.<\/p>\n<h3>Estrutura e participa\u00e7\u00e3o<\/h3>\n<p>A Federa\u00e7\u00e3o Portuguesa de T\u00e9nis afirma o orgulho de receber o Mundial de t\u00e9nis de praia, corroborando a experi\u00eancia adquirida com a organiza\u00e7\u00e3o da etapa europeia do Sand Series em 2025. A dire\u00e7\u00e3o ressalta que o Mundial s\u00e9nior ser\u00e1 acompanhado por uma competi\u00e7\u00e3o de juniores, com provas masculinas, femininas e mistas, na mesma semana.<\/p>\n<p>Os vencedores sub-18 poder\u00e3o qualificar-se para as ITF Beach Tennis Tour Finals, que marcam a passagem para as fronteiras dos rankings mundiais. Entre os inscritos, destacam-se os detentores dos t\u00edtulos de 2025, Elizaveta Kudinova e Anastasiia Semenova, bem como Nicolas Gianotti e Mattia Spoto, que v\u00e3o tentar defender os cetros.<\/p>\n","protected":false},"excerpt":{"rendered":"<ul>\n<li>O Campeonato do Mundo de t\u00e9nis de praia realiza\u2011se em Matosinhos, de 7 a 13 de setembro de 2026, pela primeira vez fora de It\u00e1lia.<\/li>\n<li>O Sand Series regressa a Portugal em junho, com localiza\u00e7\u00e3o no Algarve, conforme confirmado pela Federa\u00e7\u00e3o Internacional de T\u00e9nis.<\/li>\n<li>Em Matosinhos Arena, onde j\u00e1 se disputou o Sand Series em 2025, o evento ter\u00e1 prize\u2011money recorde de 115 mil d\u00f3lares, com 100 mil para os pares masculinos e femininos e 15 mil para pares mistos.<\/li>\n<li>Al\u00e9m do Mundial s\u00e9nior, a mesma semana conta com a competi\u00e7\u00e3o de juniores, com vagas para as ITF Beach Tennis Tour Finals para os sub\u201118.<\/li>\n<li>Os melhores jogadores do mundo estar\u00e3o presentes, entre eles os atuais campe\u00f5es Elizaveta Kudinova\/Anastasiia Semenova e Nicolas Gianotti\/Mattia Spoto.<\/li>\n<\/ul>\n","protected":false},"author":2,"featured_media":403624,"comment_status":"closed","ping_status":"closed","sticky":false,"template":"","format":"standard","meta":{"footnotes":""},"categories":[6695,21],"tags":[6359],"class_list":["post-403622","post","type-post","status-publish","format-standard","has-post-thumbnail","hentry","category-copa-do-mundo","category-desporto","tag-ultimas-da-copa-do-mundo"],"yoast_head":"<!-- This site is optimized with the Yoast SEO plugin v27.2 - https:\/\/yoast.com\/product\/yoast-seo-wordpress\/ -->\n<title>Matosinhos recebe Campeonato do Mundo de t\u00e9nis de praia - Portal Tela Portugal<\/title>\n<meta name=\"robots\" content=\"index, follow, max-snippet:-1, max-image-preview:large, max-video-preview:-1\" \/>\n<meta property=\"og:locale\" content=\"pt_PT\" \/>\n<meta property=\"og:type\" content=\"article\" \/>\n<meta property=\"og:title\" content=\"Matosinhos recebe Campeonato do Mundo de t\u00e9nis de praia - Portal Tela Portugal\" \/>\n<meta property=\"og:description\" content=\"O Campeonato do Mundo de t\u00e9nis de praia realiza\u2011se em Matosinhos, de 7 a 13 de setembro de 2026, pela primeira vez fora de It\u00e1lia. O Sand Series regressa a Portugal em junho, com localiza\u00e7\u00e3o no Algarve, conforme confirmado pela Federa\u00e7\u00e3o Internacional de T\u00e9nis. Em Matosinhos Arena, onde j\u00e1 se disputou o Sand Series em 2025, o evento ter\u00e1 prize\u2011money recorde de 115 mil d\u00f3lares, com 100 mil para os pares masculinos e femininos e 15 mil para pares mistos. Al\u00e9m do Mundial s\u00e9nior, a mesma semana conta com a competi\u00e7\u00e3o de juniores, com vagas para as ITF Beach Tennis Tour Finals para os sub\u201118. Os melhores jogadores do mundo estar\u00e3o presentes, entre eles os atuais campe\u00f5es Elizaveta Kudinova\/Anastasiia Semenova e Nicolas Gianotti\/Mattia Spoto.\" \/>\n<meta property=\"og:url\" content=\"https:\/\/portaltela.pt\/desporto\/copa-do-mundo\/2026\/03\/09\/matosinhos-recebe-campeonato-do-mundo-de-tenis-de-praia\/\" \/>\n<meta property=\"og:site_name\" content=\"Portal Tela Portugal\" \/>\n<meta property=\"article:published_time\" content=\"2026-03-09T16:17:47+00:00\" \/>\n<meta property=\"article:modified_time\" content=\"2026-03-09T18:02:00+00:00\" \/>\n<meta property=\"og:image\" content=\"https:\/\/portaltela.pt\/s.01k8rhncp4jt1\/2026\/03\/img_920x518uu2026-03-09-16-17-42-2425854.jpg\" \/>\n\t<meta property=\"og:image:width\" content=\"796\" \/>\n\t<meta property=\"og:image:height\" content=\"448\" \/>\n\t<meta property=\"og:image:type\" content=\"image\/jpeg\" \/>\n<meta name=\"author\" content=\"Telinha\" \/>\n<meta name=\"twitter:card\" content=\"summary_large_image\" \/>\n<meta name=\"twitter:label1\" content=\"Escrito por\" \/>\n\t<meta name=\"twitter:data1\" content=\"Telinha\" \/>\n\t<meta name=\"twitter:label2\" content=\"Tempo estimado de leitura\" \/>\n\t<meta name=\"twitter:data2\" content=\"1 minuto\" \/>\n<script type=\"application\/ld+json\" class=\"yoast-schema-graph\">{\"@context\":\"https:\/\/schema.org\",\"@graph\":[{\"@type\":\"Article\",\"@id\":\"https:\/\/portaltela.pt\/desporto\/copa-do-mundo\/2026\/03\/09\/matosinhos-recebe-campeonato-do-mundo-de-tenis-de-praia\/#article\",\"isPartOf\":{\"@id\":\"https:\/\/portaltela.pt\/desporto\/copa-do-mundo\/2026\/03\/09\/matosinhos-recebe-campeonato-do-mundo-de-tenis-de-praia\/\"},\"author\":{\"name\":\"Telinha\",\"@id\":\"https:\/\/portaltela.pt\/#\/schema\/person\/c4278d4a6028830caff9ee44b42d32ed\"},\"headline\":\"Matosinhos recebe Campeonato do Mundo de t\u00e9nis de praia\",\"datePublished\":\"2026-03-09T16:17:47+00:00\",\"dateModified\":\"2026-03-09T18:02:00+00:00\",\"mainEntityOfPage\":{\"@id\":\"https:\/\/portaltela.pt\/desporto\/copa-do-mundo\/2026\/03\/09\/matosinhos-recebe-campeonato-do-mundo-de-tenis-de-praia\/\"},\"wordCount\":242,\"image\":{\"@id\":\"https:\/\/portaltela.pt\/desporto\/copa-do-mundo\/2026\/03\/09\/matosinhos-recebe-campeonato-do-mundo-de-tenis-de-praia\/#primaryimage\"},\"thumbnailUrl\":\"https:\/\/portaltela.pt\/s.01k8rhncp4jt1\/2026\/03\/img_920x518uu2026-03-09-16-17-42-2425854.jpg\",\"keywords\":[\"\u00daltimas da Copa do Mundo\"],\"articleSection\":[\"Copa do Mundo\",\"Desporto\"],\"inLanguage\":\"pt-PT\"},{\"@type\":\"WebPage\",\"@id\":\"https:\/\/portaltela.pt\/desporto\/copa-do-mundo\/2026\/03\/09\/matosinhos-recebe-campeonato-do-mundo-de-tenis-de-praia\/\",\"url\":\"https:\/\/portaltela.pt\/desporto\/copa-do-mundo\/2026\/03\/09\/matosinhos-recebe-campeonato-do-mundo-de-tenis-de-praia\/\",\"name\":\"Matosinhos recebe Campeonato do Mundo de t\u00e9nis de praia - Portal Tela Portugal\",\"isPartOf\":{\"@id\":\"https:\/\/portaltela.pt\/#website\"},\"primaryImageOfPage\":{\"@id\":\"https:\/\/portaltela.pt\/desporto\/copa-do-mundo\/2026\/03\/09\/matosinhos-recebe-campeonato-do-mundo-de-tenis-de-praia\/#primaryimage\"},\"image\":{\"@id\":\"https:\/\/portaltela.pt\/desporto\/copa-do-mundo\/2026\/03\/09\/matosinhos-recebe-campeonato-do-mundo-de-tenis-de-praia\/#primaryimage\"},\"thumbnailUrl\":\"https:\/\/portaltela.pt\/s.01k8rhncp4jt1\/2026\/03\/img_920x518uu2026-03-09-16-17-42-2425854.jpg\",\"datePublished\":\"2026-03-09T16:17:47+00:00\",\"dateModified\":\"2026-03-09T18:02:00+00:00\",\"author\":{\"@id\":\"https:\/\/portaltela.pt\/#\/schema\/person\/c4278d4a6028830caff9ee44b42d32ed\"},\"breadcrumb\":{\"@id\":\"https:\/\/portaltela.pt\/desporto\/copa-do-mundo\/2026\/03\/09\/matosinhos-recebe-campeonato-do-mundo-de-tenis-de-praia\/#breadcrumb\"},\"inLanguage\":\"pt-PT\",\"potentialAction\":[{\"@type\":\"ReadAction\",\"target\":[\"https:\/\/portaltela.pt\/desporto\/copa-do-mundo\/2026\/03\/09\/matosinhos-recebe-campeonato-do-mundo-de-tenis-de-praia\/\"]}]},{\"@type\":\"ImageObject\",\"inLanguage\":\"pt-PT\",\"@id\":\"https:\/\/portaltela.pt\/desporto\/copa-do-mundo\/2026\/03\/09\/matosinhos-recebe-campeonato-do-mundo-de-tenis-de-praia\/#primaryimage\",\"url\":\"https:\/\/portaltela.pt\/s.01k8rhncp4jt1\/2026\/03\/img_920x518uu2026-03-09-16-17-42-2425854.jpg\",\"contentUrl\":\"https:\/\/portaltela.pt\/s.01k8rhncp4jt1\/2026\/03\/img_920x518uu2026-03-09-16-17-42-2425854.jpg\",\"width\":796,\"height\":448,\"caption\":\"Matosinhos recebe Campeonato do Mundo de t\u00e9nis de praia\"},{\"@type\":\"BreadcrumbList\",\"@id\":\"https:\/\/portaltela.pt\/desporto\/copa-do-mundo\/2026\/03\/09\/matosinhos-recebe-campeonato-do-mundo-de-tenis-de-praia\/#breadcrumb\",\"itemListElement\":[{\"@type\":\"ListItem\",\"position\":1,\"name\":\"In\u00edcio\",\"item\":\"https:\/\/portaltela.pt\/\"},{\"@type\":\"ListItem\",\"position\":2,\"name\":\"Matosinhos recebe Campeonato do Mundo de t\u00e9nis de praia\"}]},{\"@type\":\"WebSite\",\"@id\":\"https:\/\/portaltela.pt\/#website\",\"url\":\"https:\/\/portaltela.pt\/\",\"name\":\"Portal Tela Portugal\",\"description\":\"\",\"potentialAction\":[{\"@type\":\"SearchAction\",\"target\":{\"@type\":\"EntryPoint\",\"urlTemplate\":\"https:\/\/portaltela.pt\/?s={search_term_string}\"},\"query-input\":{\"@type\":\"PropertyValueSpecification\",\"valueRequired\":true,\"valueName\":\"search_term_string\"}}],\"inLanguage\":\"pt-PT\"},{\"@type\":\"Person\",\"@id\":\"https:\/\/portaltela.pt\/#\/schema\/person\/c4278d4a6028830caff9ee44b42d32ed\",\"name\":\"Telinha\",\"image\":{\"@type\":\"ImageObject\",\"inLanguage\":\"pt-PT\",\"@id\":\"https:\/\/portaltela.pt\/s.01k8rhncp4jt1\/2025\/11\/talking-bot-125x125.png\",\"url\":\"https:\/\/portaltela.pt\/s.01k8rhncp4jt1\/2025\/11\/talking-bot-125x125.png\",\"contentUrl\":\"https:\/\/portaltela.pt\/s.01k8rhncp4jt1\/2025\/11\/talking-bot-125x125.png\",\"caption\":\"Telinha\"},\"sameAs\":[\"https:\/\/portaltela.pt\/\"],\"url\":\"https:\/\/portaltela.pt\/por\/367410592786\/\"}]}<\/script>\n<!-- \/ Yoast SEO plugin. -->","yoast_head_json":{"title":"Matosinhos recebe Campeonato do Mundo de t\u00e9nis de praia - Portal Tela Portugal","robots":{"index":"index","follow":"follow","max-snippet":"max-snippet:-1","max-image-preview":"max-image-preview:large","max-video-preview":"max-video-preview:-1"},"og_locale":"pt_PT","og_type":"article","og_title":"Matosinhos recebe Campeonato do Mundo de t\u00e9nis de praia - Portal Tela Portugal","og_description":"O Campeonato do Mundo de t\u00e9nis de praia realiza\u2011se em Matosinhos, de 7 a 13 de setembro de 2026, pela primeira vez fora de It\u00e1lia. O Sand Series regressa a Portugal em junho, com localiza\u00e7\u00e3o no Algarve, conforme confirmado pela Federa\u00e7\u00e3o Internacional de T\u00e9nis. Em Matosinhos Arena, onde j\u00e1 se disputou o Sand Series em 2025, o evento ter\u00e1 prize\u2011money recorde de 115 mil d\u00f3lares, com 100 mil para os pares masculinos e femininos e 15 mil para pares mistos. Al\u00e9m do Mundial s\u00e9nior, a mesma semana conta com a competi\u00e7\u00e3o de juniores, com vagas para as ITF Beach Tennis Tour Finals para os sub\u201118. Os melhores jogadores do mundo estar\u00e3o presentes, entre eles os atuais campe\u00f5es Elizaveta Kudinova\/Anastasiia Semenova e Nicolas Gianotti\/Mattia Spoto.","og_url":"https:\/\/portaltela.pt\/desporto\/copa-do-mundo\/2026\/03\/09\/matosinhos-recebe-campeonato-do-mundo-de-tenis-de-praia\/","og_site_name":"Portal Tela Portugal","article_published_time":"2026-03-09T16:17:47+00:00","article_modified_time":"2026-03-09T18:02:00+00:00","og_image":[{"width":796,"height":448,"url":"https:\/\/portaltela.pt\/s.01k8rhncp4jt1\/2026\/03\/img_920x518uu2026-03-09-16-17-42-2425854.jpg","type":"image\/jpeg"}],"author":"Telinha","twitter_card":"summary_large_image","twitter_misc":{"Escrito por":"Telinha","Tempo estimado de leitura":"1 minuto"},"schema":{"@context":"https:\/\/schema.org","@graph":[{"@type":"Article","@id":"https:\/\/portaltela.pt\/desporto\/copa-do-mundo\/2026\/03\/09\/matosinhos-recebe-campeonato-do-mundo-de-tenis-de-praia\/#article","isPartOf":{"@id":"https:\/\/portaltela.pt\/desporto\/copa-do-mundo\/2026\/03\/09\/matosinhos-recebe-campeonato-do-mundo-de-tenis-de-praia\/"},"author":{"name":"Telinha","@id":"https:\/\/portaltela.pt\/#\/schema\/person\/c4278d4a6028830caff9ee44b42d32ed"},"headline":"Matosinhos recebe Campeonato do Mundo de t\u00e9nis de praia","datePublished":"2026-03-09T16:17:47+00:00","dateModified":"2026-03-09T18:02:00+00:00","mainEntityOfPage":{"@id":"https:\/\/portaltela.pt\/desporto\/copa-do-mundo\/2026\/03\/09\/matosinhos-recebe-campeonato-do-mundo-de-tenis-de-praia\/"},"wordCount":242,"image":{"@id":"https:\/\/portaltela.pt\/desporto\/copa-do-mundo\/2026\/03\/09\/matosinhos-recebe-campeonato-do-mundo-de-tenis-de-praia\/#primaryimage"},"thumbnailUrl":"https:\/\/portaltela.pt\/s.01k8rhncp4jt1\/2026\/03\/img_920x518uu2026-03-09-16-17-42-2425854.jpg","keywords":["\u00daltimas da Copa do Mundo"],"articleSection":["Copa do Mundo","Desporto"],"inLanguage":"pt-PT"},{"@type":"WebPage","@id":"https:\/\/portaltela.pt\/desporto\/copa-do-mundo\/2026\/03\/09\/matosinhos-recebe-campeonato-do-mundo-de-tenis-de-praia\/","url":"https:\/\/portaltela.pt\/desporto\/copa-do-mundo\/2026\/03\/09\/matosinhos-recebe-campeonato-do-mundo-de-tenis-de-praia\/","name":"Matosinhos recebe Campeonato do Mundo de t\u00e9nis de praia - Portal Tela Portugal","isPartOf":{"@id":"https:\/\/portaltela.pt\/#website"},"primaryImageOfPage":{"@id":"https:\/\/portaltela.pt\/desporto\/copa-do-mundo\/2026\/03\/09\/matosinhos-recebe-campeonato-do-mundo-de-tenis-de-praia\/#primaryimage"},"image":{"@id":"https:\/\/portaltela.pt\/desporto\/copa-do-mundo\/2026\/03\/09\/matosinhos-recebe-campeonato-do-mundo-de-tenis-de-praia\/#primaryimage"},"thumbnailUrl":"https:\/\/portaltela.pt\/s.01k8rhncp4jt1\/2026\/03\/img_920x518uu2026-03-09-16-17-42-2425854.jpg","datePublished":"2026-03-09T16:17:47+00:00","dateModified":"2026-03-09T18:02:00+00:00","author":{"@id":"https:\/\/portaltela.pt\/#\/schema\/person\/c4278d4a6028830caff9ee44b42d32ed"},"breadcrumb":{"@id":"https:\/\/portaltela.pt\/desporto\/copa-do-mundo\/2026\/03\/09\/matosinhos-recebe-campeonato-do-mundo-de-tenis-de-praia\/#breadcrumb"},"inLanguage":"pt-PT","potentialAction":[{"@type":"ReadAction","target":["https:\/\/portaltela.pt\/desporto\/copa-do-mundo\/2026\/03\/09\/matosinhos-recebe-campeonato-do-mundo-de-tenis-de-praia\/"]}]},{"@type":"ImageObject","inLanguage":"pt-PT","@id":"https:\/\/portaltela.pt\/desporto\/copa-do-mundo\/2026\/03\/09\/matosinhos-recebe-campeonato-do-mundo-de-tenis-de-praia\/#primaryimage","url":"https:\/\/portaltela.pt\/s.01k8rhncp4jt1\/2026\/03\/img_920x518uu2026-03-09-16-17-42-2425854.jpg","contentUrl":"https:\/\/portaltela.pt\/s.01k8rhncp4jt1\/2026\/03\/img_920x518uu2026-03-09-16-17-42-2425854.jpg","width":796,"height":448,"caption":"Matosinhos recebe Campeonato do Mundo de t\u00e9nis de praia"},{"@type":"BreadcrumbList","@id":"https:\/\/portaltela.pt\/desporto\/copa-do-mundo\/2026\/03\/09\/matosinhos-recebe-campeonato-do-mundo-de-tenis-de-praia\/#breadcrumb","itemListElement":[{"@type":"ListItem","position":1,"name":"In\u00edcio","item":"https:\/\/portaltela.pt\/"},{"@type":"ListItem","position":2,"name":"Matosinhos recebe Campeonato do Mundo de t\u00e9nis de praia"}]},{"@type":"WebSite","@id":"https:\/\/portaltela.pt\/#website","url":"https:\/\/portaltela.pt\/","name":"Portal Tela Portugal","description":"","potentialAction":[{"@type":"SearchAction","target":{"@type":"EntryPoint","urlTemplate":"https:\/\/portaltela.pt\/?s={search_term_string}"},"query-input":{"@type":"PropertyValueSpecification","valueRequired":true,"valueName":"search_term_string"}}],"inLanguage":"pt-PT"},{"@type":"Person","@id":"https:\/\/portaltela.pt\/#\/schema\/person\/c4278d4a6028830caff9ee44b42d32ed","name":"Telinha","image":{"@type":"ImageObject","inLanguage":"pt-PT","@id":"https:\/\/portaltela.pt\/s.01k8rhncp4jt1\/2025\/11\/talking-bot-125x125.png","url":"https:\/\/portaltela.pt\/s.01k8rhncp4jt1\/2025\/11\/talking-bot-125x125.png","contentUrl":"https:\/\/portaltela.pt\/s.01k8rhncp4jt1\/2025\/11\/talking-bot-125x125.png","caption":"Telinha"},"sameAs":["https:\/\/portaltela.pt\/"],"url":"https:\/\/portaltela.pt\/por\/367410592786\/"}]}},"_links":{"self":[{"href":"https:\/\/portaltela.pt\/api\/wp\/v2\/posts\/403622","targetHints":{"allow":["GET"]}}],"collection":[{"href":"https:\/\/portaltela.pt\/api\/wp\/v2\/posts"}],"about":[{"href":"https:\/\/portaltela.pt\/api\/wp\/v2\/types\/post"}],"author":[{"embeddable":true,"href":"https:\/\/portaltela.pt\/api\/wp\/v2\/users\/2"}],"replies":[{"embeddable":true,"href":"https:\/\/portaltela.pt\/api\/wp\/v2\/comments?post=403622"}],"version-history":[{"count":0,"href":"https:\/\/portaltela.pt\/api\/wp\/v2\/posts\/403622\/revisions"}],"wp:featuredmedia":[{"embeddable":true,"href":"https:\/\/portaltela.pt\/api\/wp\/v2\/media\/403624"}],"wp:attachment":[{"href":"https:\/\/portaltela.pt\/api\/wp\/v2\/media?parent=403622"}],"wp:term":[{"taxonomy":"category","embeddable":true,"href":"https:\/\/portaltela.pt\/api\/wp\/v2\/categories?post=403622"},{"taxonomy":"post_tag","embeddable":true,"href":"https:\/\/portaltela.pt\/api\/wp\/v2\/tags?post=403622"}],"curies":[{"name":"wp","href":"https:\/\/api.w.org\/{rel}","templated":true}]}}